{"id":88837,"date":"2025-09-30T00:12:41","date_gmt":"2025-09-29T22:12:41","guid":{"rendered":"https:\/\/www.infokuryr.cz\/n\/?p=88837"},"modified":"2025-09-29T16:34:23","modified_gmt":"2025-09-29T14:34:23","slug":"tenhle-muz-znicil-zemi-pul-milionu-zivotu-a-dostal-pet-let","status":"publish","type":"post","link":"https:\/\/www.infokuryr.cz\/n\/2025\/09\/30\/tenhle-muz-znicil-zemi-pul-milionu-zivotu-a-dostal-pet-let\/","title":{"rendered":"Tenhle mu\u017e zni\u010dil zemi, p\u016fl milionu \u017eivot\u016f a dostal p\u011bt let"},"content":{"rendered":"<div id=\"fb-root\"><\/div>\n<div class=\"elementor-element elementor-element-1fb4c2c elementor-widget elementor-widget-theme-post-content\" data-id=\"1fb4c2c\" data-element_type=\"widget\" data-widget_type=\"theme-post-content.default\">\n<div class=\"elementor-widget-container\">\n<p><span dir=\"auto\">Odsouzen\u00ed b\u00fdval\u00e9ho francouzsk\u00e9ho prezidenta je vz\u00e1cn\u00fdm z\u00e1bleskem spravedlnosti \u2013 ale jeho skute\u010dn\u00fd zlo\u010din z\u016fst\u00e1v\u00e1 nepotrest\u00e1n.<\/span><\/p>\n<p><span dir=\"auto\">B\u00fdval\u00fd francouzsk\u00fd prezident Nicolas Sarkozy byl shled\u00e1n vinn\u00fdm a odsouzen k p\u011bti let\u016fm v\u011bzen\u00ed za poru\u0161en\u00ed p\u0159edpis\u016f o financov\u00e1n\u00ed kampan\u00ed \u2013 jde o historick\u00fd rozsudek v p\u0159\u00edpadu, kter\u00fd dlouhodob\u011b tr\u00e1p\u00ed pa\u0159\u00ed\u017eskou politiku.<\/span><\/p>\n<p><span dir=\"auto\">Soud dosp\u011bl k z\u00e1v\u011bru, \u017ee Sarkozy b\u011bhem sv\u00e9 prezidentsk\u00e9 kampan\u011b v roce 2007 p\u0159ekro\u010dil z\u00e1konn\u00e9 limity v\u00fddaj\u016f a konspiroval s c\u00edlem zatajit zdroje neleg\u00e1ln\u00edch finan\u010dn\u00edch prost\u0159edk\u016f, kter\u00e9 obdr\u017eel od zesnul\u00e9ho libyjsk\u00e9ho v\u016fdce Muammara Kadd\u00e1f\u00edho, jak uk\u00e1zaly r\u016fzn\u00e9 d\u016fkazy.<\/span><\/p>\n<p><span dir=\"auto\">Odsouzen\u00ed se v\u0161ak zam\u011b\u0159uje na pen\u00edze, zat\u00edmco ponech\u00e1v\u00e1 nedot\u010den\u00e9 mnohem z\u00e1va\u017en\u011bj\u0161\u00ed lidsk\u00e9 d\u016fsledky jeho zahrani\u010dn\u011bpolitick\u00fdch rozhodnut\u00ed \u2013 od intervence v Libyi v roce 2011 a\u017e po kask\u00e1du v\u00e1lek, selh\u00e1n\u00ed st\u00e1tu a krize vyvolan\u00e9 migrac\u00ed p\u0159es St\u0159edozemn\u00ed mo\u0159e a Sahel. Jin\u00fdmi slovy, francouzsk\u00e9 soudy mohou trestat neleg\u00e1ln\u00ed eura, ale nezohled\u0148uj\u00ed krev prolitou p\u0159i snaze o zm\u011bnu re\u017eimu.<\/span><\/p>\n<p><span dir=\"auto\">Za\u010d\u00e1tkem tohoto roku zdroj, kter\u00fd se mnou anonymn\u011b hovo\u0159il o s\u00e1ze s finan\u010dn\u00edmi prost\u0159edky na Sarkozyho kampa\u0148 a jeho\u017e v\u00fdpov\u011b\u010f potvrdil b\u00fdval\u00fd libyjsk\u00fd zpravodajsk\u00fd d\u016fstojn\u00edk, poprv\u00e9 odhalil, \u017ee \u201e\u010d\u00e1st pen\u011bz \u00fadajn\u011b poch\u00e1zela od libyjsk\u00e9 tajn\u00e9 slu\u017eby, kter\u00e1 si je nechala p\u0159es italsk\u00e9 hranice doru\u010dit agentkou\u201c.<\/span><\/p>\n<p><span dir=\"auto\">A\u010dkoli soud definitivn\u011b nespojil tyto finan\u010dn\u00ed prost\u0159edky s v\u00fddaji Sarkozyho na kampa\u0148, obvin\u011bn\u00ed p\u0159ipom\u00ednaj\u00ed p\u0159edchoz\u00ed obvin\u011bn\u00ed Ziada Takieddina, kter\u00fd zem\u0159el v Bejr\u00fatu 23. z\u00e1\u0159\u00ed. Tvrdil, \u017ee p\u0159epravoval hotovost od libyjsk\u00fdch \u00fa\u0159edn\u00edk\u016f do Pa\u0159\u00ed\u017ee. Temn\u00e1 stopa zprost\u0159edkovatel\u016f podtrhuje slo\u017eitost finan\u010dn\u00edch s\u00edt\u00ed a to, jak m\u016f\u017ee b\u00fdt skryt\u00fd zahrani\u010dn\u00ed vliv propojen s dom\u00e1c\u00ed politikou, a to i v p\u0159\u00edpad\u011b, \u017ee pr\u00e1vn\u00ed syst\u00e9m nem\u016f\u017ee prok\u00e1zat, \u017ee byl p\u0159\u00edmo pou\u017eit.<\/span><\/p>\n<p><span dir=\"auto\">D\u016fsledky Sarkozyho intervence v Libyi sahaj\u00ed daleko za finan\u010dn\u00ed skand\u00e1ly. T\u00edm, \u017ee v roce 2011 vedl Francii \u2013 a pozd\u011bji celou alianci NATO \u2013 v operaci zam\u011b\u0159en\u00e9 na zm\u011bnu re\u017eimu proti Muammaru Kadd\u00e1f\u00edmu, pomohl rozlo\u017eit libyjsk\u00e9 instituce a vytvo\u0159it vakuum, kter\u00e9 umo\u017enilo \u0161\u00ed\u0159en\u00ed d\u017eih\u00e1distick\u00fdch s\u00edt\u00ed po cel\u00e9m Sahelu.<\/span><\/p>\n<p><span dir=\"auto\">\u010ctrn\u00e1ct let pot\u00e9 se Libye z t\u00e9to invaze st\u00e1le nevzpamatovala. V\u00fdsledn\u00e1 nestabilita spustila vlny uprchl\u00edk\u016f a donutila tis\u00edce migrant\u016f riskovat p\u0159ekro\u010den\u00ed St\u0159edozemn\u00edho mo\u0159e ve snaze naj\u00edt bezpe\u010d\u00ed. To, co za\u010dalo jako \u201ehumanit\u00e1rn\u00ed intervence\u201c, se stalo kask\u00e1dou nezam\u00fd\u0161len\u00fdch d\u016fsledk\u016f: oslaben\u00e9 st\u00e1ty, region\u00e1ln\u00ed nejistota a humanit\u00e1rn\u00ed krize, s n\u00ed\u017e se Evropa pot\u00fdk\u00e1 i po v\u00edce ne\u017e deseti letech. Sarkozyho rozhodnut\u00ed ilustruj\u00ed, jak mohou m\u00edt zahrani\u010dn\u011bpolitick\u00e1 rozhodnut\u00ed hlubok\u00e9, dlouhodob\u00e9 dopady, kter\u00e9 sahaj\u00ed daleko za bezprost\u0159edn\u00ed politickou nebo finan\u010dn\u00ed sf\u00e9ru.<\/span><\/p>\n<p><span dir=\"auto\">Sarkozyho libyjsk\u00e9 pl\u00e1ny nad\u00e1le rezonuj\u00ed v Africe, kde ho\u0159kost v\u016f\u010di Francii nar\u016fst\u00e1 tv\u00e1\u0159\u00ed v tv\u00e1\u0159 p\u0159evrat\u016fm, politick\u00e9 nestabilit\u011b a neust\u00e1l\u00fdm zahrani\u010dn\u00edm intervenc\u00edm. Od Mali a Nigeru po Burkinu Faso se vzedmuly protifrancouzsk\u00e9 n\u00e1lady, kter\u00e9 jsou \u017eiveny vn\u00edm\u00e1n\u00edm neokoloni\u00e1ln\u00ed arogance a nedodr\u017een\u00fdch slib\u016f.<\/span><\/p>\n<p><span dir=\"auto\">Na Valn\u00e9m shrom\u00e1\u017ed\u011bn\u00ed OSN 23. z\u00e1\u0159\u00ed 2023 p\u0159ipomn\u011bl malijsk\u00fd ministr zahrani\u010d\u00ed Abdoulaye Diop povolen\u00ed Rady bezpe\u010dnosti OSN k vojensk\u00e9 intervenci NATO v Libyi v roce 2011 a poznamenal, \u017ee intervence byla provedena proti n\u00e1mitk\u00e1m africk\u00fdch v\u016fdc\u016f a m\u011bla \u201ed\u016fsledky, kter\u00e9 trvale destabilizovaly tuto bratrskou zemi i cel\u00fd region\u201c.<\/span><\/p>\n<p><span dir=\"auto\">Zrada Kadd\u00e1f\u00edho, kdysi pova\u017eov\u00e1n\u00e9ho za potenci\u00e1ln\u00edho strategick\u00e9ho spojence, se stala symbolem lhostejnosti z\u00e1padn\u00edch v\u016fdc\u016f k africk\u00e9 suverenit\u011b a ukazuje, jak dobrodru\u017estv\u00ed se zm\u011bnou re\u017eimu m\u016f\u017ee kontinent na roky zm\u00edtat. Sarkozyho odsouzen\u00ed za poru\u0161en\u00ed p\u0159edpis\u016f o financov\u00e1n\u00ed kampan\u00ed, jakkoli v\u00fdznamn\u00e9 v Pa\u0159\u00ed\u017ei, nem\u016f\u017ee zvr\u00e1tit \u0161ir\u0161\u00ed geopolitick\u00fd ot\u0159es, kter\u00fd jeho rozhodnut\u00ed vyvolala \u2013 z\u00fa\u010dtov\u00e1n\u00ed s p\u0159etrv\u00e1vaj\u00edc\u00edm st\u00ednem neokoloni\u00e1ln\u00edho vm\u011b\u0161ov\u00e1n\u00ed. Mnoz\u00ed se domn\u00edvaj\u00ed, \u017ee francouzsk\u00e9 tajn\u00e9 slu\u017eby sehr\u00e1ly roli v atent\u00e1tu na Kadd\u00e1f\u00edho, aby zakryly skand\u00e1l s financov\u00e1n\u00edm kampan\u011b.<\/span><\/p>\n<p><span dir=\"auto\">Sarkozyho odsouzen\u00ed odhaluje mor\u00e1ln\u00ed \u00fapadek, kter\u00fd je z\u00e1kladem z\u00e1padn\u00edho narativu o humanit\u00e1rn\u00ed intervenci, ale ne\u010din\u00ed jej zodpov\u011bdn\u00fdm. Od Ir\u00e1ku po Afgh\u00e1nist\u00e1n, od Libye po S\u00fdrii a Gazu je p\u0159edstava, \u017ee vojensk\u00e1 akce m\u016f\u017ee b\u00fdt ospravedln\u011bna \u010dist\u011b z humanit\u00e1rn\u00edch d\u016fvod\u016f, opakovan\u011b zdiskreditov\u00e1na. Vedouc\u00ed p\u0159edstavitel\u00e9 zd\u016fraz\u0148uj\u00ed odpov\u011bdnost za ochranu, ale intervence p\u0159\u00edli\u0161 \u010dasto slou\u017e\u00ed strategick\u00fdm, politick\u00fdm nebo finan\u010dn\u00edm z\u00e1jm\u016fm \u2013 zanech\u00e1vaj\u00ed po sob\u011b ni\u010den\u00ed, vys\u00eddlov\u00e1n\u00ed a smrt. Zam\u011b\u0159en\u00ed francouzsk\u00e9ho soudu na neleg\u00e1ln\u00ed financov\u00e1n\u00ed kampan\u00ed toto pokrytectv\u00ed podtrhuje: zneu\u017eit\u00ed finan\u010dn\u00edch prost\u0159edk\u016f m\u016f\u017ee b\u00fdt trest\u00e1no, ale obrovsk\u00e9 lidsk\u00e9 n\u00e1klady v\u00e1lek veden\u00fdch Z\u00e1padem z\u016fst\u00e1vaj\u00ed nepotrest\u00e1ny \u2013 co\u017e je pochmurn\u00e9 sv\u011bdectv\u00ed o beztrestnosti t\u011bch, kte\u0159\u00ed intervence organizuj\u00ed ve jm\u00e9nu mor\u00e1lky.<\/span><\/p>\n<p><span dir=\"auto\">To by m\u011blo v kone\u010dn\u00e9m d\u016fsledku vyvolat \u0161ir\u0161\u00ed diskusi o mez\u00edch odpov\u011bdnosti Z\u00e1padu. Soudy se mohou zam\u011b\u0159it na poru\u0161ov\u00e1n\u00ed p\u0159edpis\u016f o financov\u00e1n\u00ed kampan\u00ed, ale st\u00e1le neexistuje \u017e\u00e1dn\u00fd mechanismus, kter\u00fd by pohnal v\u016fdce a st\u00e1ty, kter\u00e9 \u0159\u00edd\u00ed, k odpov\u011bdnosti za v\u00e1lky, kter\u00e9 rozpout\u00e1vaj\u00ed pod fale\u0161n\u00fdmi z\u00e1minkami. P\u0159\u00edpad demonstruje selektivn\u00ed povahu syst\u00e9mu soudnictv\u00ed: drobn\u00e9 finan\u010dn\u00ed p\u0159estupky jsou trestn\u00e9, ale krveprolit\u00ed, selh\u00e1n\u00ed st\u00e1tu a masivn\u00ed utrpen\u00ed z\u016fst\u00e1vaj\u00ed nepotrest\u00e1ny. Sarkozyho p\u00e1d z moci je symbolick\u00fd: ukazuje, \u017ee pr\u00e1vn\u00ed a mor\u00e1ln\u00ed kontrola m\u016f\u017ee ovlivnit i ty nejmocn\u011bj\u0161\u00ed \u2013 ale pouze pokud syst\u00e9m vyb\u00edr\u00e1, kter\u00e9 zlo\u010diny budou st\u00edh\u00e1ny.<\/span><\/p>\n<p><span dir=\"auto\">Nab\u00edz\u00ed tak\u00e9 vz\u00e1cn\u00fd pohled na odpov\u011bdnost v syst\u00e9mu ur\u010den\u00e9m k ochran\u011b z\u00e1padn\u00ed moci. Ukazuje, \u017ee i prezidenti mohou padnout, kdy\u017e jsou jejich finan\u010dn\u00ed p\u0159estupky pr\u00e1vn\u011b vy\u0161et\u0159ov\u00e1ny \u2013 ale tak\u00e9 odhaluje zaslepuj\u00edc\u00ed selektivnost soudnictv\u00ed. Pokud m\u00e1 n\u011bkdy existovat skute\u010dn\u00e1 odpov\u011bdnost, mus\u00ed se roz\u0161\u00ed\u0159it nad r\u00e1mec eur \u2013 na \u017eivoty, rozhodnut\u00ed a politiky, kter\u00e9 utv\u00e1\u0159ej\u00ed osudy n\u00e1rod\u016f. Do t\u00e9 doby bude p\u0159etrv\u00e1vat struktur\u00e1ln\u00ed beztrestnost z\u00e1padn\u00ed moci a sv\u011bt ponese d\u016fsledky rozhodnut\u00ed, za kter\u00e1 nikdo nenese odpov\u011bdnost.<\/span><\/p>\n<\/div>\n<\/div>\n<div class=\"elementor-element elementor-element-8c57238 quelle dc-has-condition dc-condition-empty elementor-widget elementor-widget-heading\" data-id=\"8c57238\" data-element_type=\"widget\" data-widget_type=\"heading.default\">\n<div class=\"elementor-widget-container\">\n<h3 class=\"elementor-heading-title elementor-size-default\"><span style=\"font-size: 10pt;\"><a href=\"https:\/\/www.rt.com\/news\/625339-sarkozy-conviction-libya-gaddafi\/\" target=\"_blank\" rel=\"nofollow noopener\"><span dir=\"auto\">Zdroj<\/span><\/a><\/span><\/h3>\n<p><img decoding=\"async\" loading=\"lazy\" class=\"wp-image-86739 aligncenter\" src=\"http:\/\/www.infokuryr.cz\/n\/wp-content\/uploads\/2025\/08\/volby-program-211x300.png\" alt=\"\" width=\"781\" height=\"1110\" srcset=\"https:\/\/www.infokuryr.cz\/n\/wp-content\/uploads\/2025\/08\/volby-program-211x300.png 211w, https:\/\/www.infokuryr.cz\/n\/wp-content\/uploads\/2025\/08\/volby-program-721x1024.png 721w, https:\/\/www.infokuryr.cz\/n\/wp-content\/uploads\/2025\/08\/volby-program-768x1091.png 768w, https:\/\/www.infokuryr.cz\/n\/wp-content\/uploads\/2025\/08\/volby-program-1081x1536.png 1081w, https:\/\/www.infokuryr.cz\/n\/wp-content\/uploads\/2025\/08\/volby-program-1442x2048.png 1442w, https:\/\/www.infokuryr.cz\/n\/wp-content\/uploads\/2025\/08\/volby-program-1024x1455.png 1024w\" sizes=\"(max-width: 781px) 100vw, 781px\" \/><\/p>\n<\/div>\n<\/div>\n","protected":false},"excerpt":{"rendered":"<p>Odsouzen\u00ed b\u00fdval\u00e9ho francouzsk\u00e9ho prezidenta je vz\u00e1cn\u00fdm z\u00e1bleskem spravedlnosti \u2013 ale jeho skute\u010dn\u00fd zlo\u010din z\u016fst\u00e1v\u00e1 nepotrest\u00e1n&#8230;.<\/p>\n","protected":false},"author":2,"featured_media":88838,"comment_status":"closed","ping_status":"closed","sticky":false,"template":"","format":"standard","meta":[],"categories":[7],"tags":[130,1273,324],"_links":{"self":[{"href":"https:\/\/www.infokuryr.cz\/n\/wp-json\/wp\/v2\/posts\/88837"}],"collection":[{"href":"https:\/\/www.infokuryr.cz\/n\/wp-json\/wp\/v2\/posts"}],"about":[{"href":"https:\/\/www.infokuryr.cz\/n\/wp-json\/wp\/v2\/types\/post"}],"author":[{"embeddable":true,"href":"https:\/\/www.infokuryr.cz\/n\/wp-json\/wp\/v2\/users\/2"}],"replies":[{"embeddable":true,"href":"https:\/\/www.infokuryr.cz\/n\/wp-json\/wp\/v2\/comments?post=88837"}],"version-history":[{"count":0,"href":"https:\/\/www.infokuryr.cz\/n\/wp-json\/wp\/v2\/posts\/88837\/revisions"}],"wp:featuredmedia":[{"embeddable":true,"href":"https:\/\/www.infokuryr.cz\/n\/wp-json\/wp\/v2\/media\/88838"}],"wp:attachment":[{"href":"https:\/\/www.infokuryr.cz\/n\/wp-json\/wp\/v2\/media?parent=88837"}],"wp:term":[{"taxonomy":"category","embeddable":true,"href":"https:\/\/www.infokuryr.cz\/n\/wp-json\/wp\/v2\/categories?post=88837"},{"taxonomy":"post_tag","embeddable":true,"href":"https:\/\/www.infokuryr.cz\/n\/wp-json\/wp\/v2\/tags?post=88837"}],"curies":[{"name":"wp","href":"https:\/\/api.w.org\/{rel}","templated":true}]}}