{"id":88835,"date":"2025-09-30T00:11:15","date_gmt":"2025-09-29T22:11:15","guid":{"rendered":"https:\/\/www.infokuryr.cz\/n\/?p=88835"},"modified":"2025-09-29T16:32:29","modified_gmt":"2025-09-29T14:32:29","slug":"tyler-durden-trumpuv-21bodovy-plan-na-ukonceni-valky-v-gaze-byl-poprve-odhalen","status":"publish","type":"post","link":"https:\/\/www.infokuryr.cz\/n\/2025\/09\/30\/tyler-durden-trumpuv-21bodovy-plan-na-ukonceni-valky-v-gaze-byl-poprve-odhalen\/","title":{"rendered":"Tyler Durden: Trump\u016fv 21bodov\u00fd pl\u00e1n na ukon\u010den\u00ed v\u00e1lky v Gaze byl poprv\u00e9 odhalen"},"content":{"rendered":"<div id=\"fb-root\"><\/div>\n<div class=\"elementor-element elementor-element-1fb4c2c elementor-widget elementor-widget-theme-post-content\" data-id=\"1fb4c2c\" data-element_type=\"widget\" data-widget_type=\"theme-post-content.default\">\n<div class=\"elementor-widget-container\">\n<p><span dir=\"auto\">Izraelsk\u00e1 m\u00e9dia v sobotu zve\u0159ejnila to, co ozna\u010duj\u00ed za 21bodov\u00fd pl\u00e1n Trumpovy administrativy pro dosa\u017een\u00ed m\u00edru v p\u00e1smu Gazy po por\u00e1\u017ece Ham\u00e1su. Jde z velk\u00e9 \u010d\u00e1sti o pl\u00e1n \u201eden pot\u00e9\u201c, kter\u00fd nasti\u0148uje, jak bude p\u00e1smo Gazy v budoucnu spravov\u00e1no.<\/span><\/p>\n<p><span dir=\"auto\">Zd\u00e1 se, \u017ee pl\u00e1n povzbuzuje palestinsk\u00e9 civilisty k setrv\u00e1n\u00ed v zemi, ale pod novou, deradikalizovanou \u201ez\u00f3nou bez teroru\u201c a spr\u00e1vou. Zd\u00e1 se, \u017ee se jedn\u00e1 o nab\u00eddku, kter\u00e1 je v sou\u010dasn\u00e9 dob\u011b na stole, a mnoho jej\u00edch specifick\u00fdch aspekt\u016f pravd\u011bpodobn\u011b jedna \u010di druh\u00e1 strana odm\u00edtne.<\/span><\/p>\n<p><span dir=\"auto\">Nap\u0159\u00edklad Ham\u00e1s dal jasn\u011b najevo, \u017ee nebude vyjedn\u00e1vat o sv\u00e9m vlastn\u00edm z\u00e1niku, a z\u00e1rove\u0148 po\u017eaduje \u00fapln\u00e9 sta\u017een\u00ed izraelsk\u00e9 arm\u00e1dy p\u0159ed propu\u0161t\u011bn\u00edm v\u0161ech zb\u00fdvaj\u00edc\u00edch rukojm\u00edch. Premi\u00e9r Netanjahu v\u0161ak nad\u00e1le slibuje, \u017ee operace IDF neukon\u010d\u00ed, dokud nebude Ham\u00e1s zcela vym\u00fdcen.<\/span><\/p>\n<p><span dir=\"auto\">N\u011bkter\u00e9 aspekty pl\u00e1nu, v\u010detn\u011b budouc\u00edho Mezin\u00e1rodn\u00edho p\u0159echodn\u00e9ho \u00fa\u0159adu pro Gazu (GITA), byly odhaleny p\u0159ed n\u011bkolika dny, ale n\u00ed\u017ee je v\u0161ech dvacet jedna bod\u016f uvedeno poprv\u00e9 ve ve\u0159ejn\u011b zve\u0159ejn\u011bn\u00e9m n\u00e1vrhu. Do\u0161lo tak\u00e9 k tomuto v\u00fdznamn\u00e9mu v\u00fdvoji, kter\u00fd se vzhledem k sou\u010dasn\u00e9mu zu\u0159\u00edc\u00edmu boji zd\u00e1 neuv\u011b\u0159iteln\u011b optimistick\u00fd:<\/span><\/p>\n<p><strong><span dir=\"auto\">WASHINGTON POST: TRUMPOVA ADMINISTRATIVA PL\u00c1NUJE UKON\u010cIT V\u00c1LKU V GAZ\u011a OKAM\u017dIT\u00ddM ZASTAVEN\u00cdM V\u0160ECH VOJENSK\u00ddCH OPERAC\u00cd<\/span><\/strong><\/p>\n<p><span dir=\"auto\">Je pozoruhodn\u00e9, \u017ee se to zd\u00e1 b\u00fdt daleko od toho, co Trump po\u017eadoval v prvn\u00edch m\u011bs\u00edc\u00edch sv\u00e9ho \u00fa\u0159adov\u00e1n\u00ed, kter\u00e9 nezahrnovalo \u201epr\u00e1vo na n\u00e1vrat\u201c pro Palestince v Gaze a vychvalovalo budouc\u00ed rozvoj nemovitost\u00ed, kter\u00fd n\u011bkte\u0159\u00ed \u00fa\u0159edn\u00edci naz\u00fdvaj\u00ed \u201eBl\u00edzkov\u00fdchodn\u00ed rivi\u00e9ra\u201c.<\/span><\/p>\n<p><span dir=\"auto\">Pozoruhodn\u00e9 je tak\u00e9 to, \u017ee n\u00e1vrh pod dohledem Witkoffa po\u017eaduje propu\u0161t\u011bn\u00ed v\u0161ech izraelsk\u00fdch rukojm\u00edch b\u011bhem prvn\u00edch 48 hodin, a proto m\u00e1 evidentn\u011b ambici\u00f3zn\u00ed vizi, p\u0159esto\u017ee izraelsk\u00e1 strana a strana Ham\u00e1su spolu v sou\u010dasn\u00e9 dob\u011b po izraelsk\u00e9m \u00fatoku na Dauh\u00e1 tento m\u011bs\u00edc ani nemluv\u00ed.<\/span><\/p>\n<h3 class=\"wp-block-heading\"><span dir=\"auto\">Odhaleno: 21bodov\u00fd pl\u00e1n<\/span><\/h3>\n<p><span dir=\"auto\">Toto je obsah pl\u00e1nu,\u00a0parafr\u00e1zovan\u00fd den\u00edkem The\u00a0<\/span><em><span dir=\"auto\">Times of Israel na \u017e\u00e1dost d\u016fv\u011brn\u00fdch zdroj\u016f:<\/span><\/em><\/p>\n<ol>\n<li><span dir=\"auto\">Gaza bude deradikalizovanou z\u00f3nou bez teroru, kter\u00e1 nebude p\u0159edstavovat hrozbu pro sv\u00e9 sousedy.<\/span><\/li>\n<li><span dir=\"auto\">Gaza se p\u0159estavuje ve prosp\u011bch sv\u00fdch obyvatel.<\/span><\/li>\n<li><span dir=\"auto\">Pokud Izrael a Ham\u00e1s s n\u00e1vrhem souhlas\u00ed, v\u00e1lka okam\u017eit\u011b skon\u010d\u00ed, IDF ukon\u010d\u00ed ve\u0161ker\u00e9 operace a postupn\u011b se st\u00e1hne z P\u00e1sma.<\/span><\/li>\n<li><span dir=\"auto\">Do 48 hodin od ve\u0159ejn\u00e9ho p\u0159ijet\u00ed dohody Izraelem budou vr\u00e1ceni v\u0161ichni \u017eiv\u00ed i mrtv\u00ed rukojm\u00ed.<\/span><\/li>\n<li><span dir=\"auto\">Jakmile budou rukojm\u00ed vr\u00e1ceni, Izrael propust\u00ed n\u011bkolik stovek palestinsk\u00fdch bezpe\u010dnostn\u00edch v\u011bz\u0148\u016f odpyk\u00e1vaj\u00edc\u00edch do\u017eivotn\u00ed tresty, stejn\u011b jako v\u00edce ne\u017e 1 000 obyvatel Gazy zat\u010den\u00fdch od za\u010d\u00e1tku v\u00e1lky, spolu s t\u011bly n\u011bkolika stovek Palestinc\u016f.<\/span><\/li>\n<li><span dir=\"auto\">Jakmile budou rukojm\u00ed vr\u00e1ceni, \u010dlenov\u00e9 Ham\u00e1su, kte\u0159\u00ed se zav\u00e1\u017eou k m\u00edrov\u00e9mu sou\u017eit\u00ed, z\u00edskaj\u00ed amnestii, zat\u00edmco \u010dlen\u016fm, kte\u0159\u00ed si p\u0159ej\u00ed opustit p\u00e1smo Gazy, bude ud\u011blen bezpe\u010dn\u00fd pr\u016fchod do hostitelsk\u00fdch zem\u00ed.<\/span><\/li>\n<li><span dir=\"auto\">Jakmile bude t\u00e9to dohody dosa\u017eeno, bude pomoc do Gazy proudit tempem, kter\u00e9 nebude ni\u017e\u0161\u00edm ne\u017e standardy stanoven\u00e9 v dohod\u011b o rukojm\u00edch z ledna 2025, kter\u00e1 zahrnovala 600 humanit\u00e1rn\u00edch n\u00e1kladn\u00edch vozidel denn\u011b, rekonstrukci kritick\u00e9 infrastruktury a p\u0159\u00edstup k za\u0159\u00edzen\u00edm pro odkl\u00edzen\u00ed trosek.<\/span><\/li>\n<li><span dir=\"auto\">Pomoc je distribuov\u00e1na \u2013 bez zasahov\u00e1n\u00ed z kter\u00e9koli strany \u2013 Organizac\u00ed spojen\u00fdch n\u00e1rod\u016f a \u010cerven\u00fdm p\u016flm\u011bs\u00edcem, jako\u017e i dal\u0161\u00edmi mezin\u00e1rodn\u00edmi organizacemi, kter\u00e9 nejsou napojeny na Izrael ani Ham\u00e1s.<\/span><\/li>\n<li><span dir=\"auto\">Gazu bude spravovat do\u010dasn\u00e1 prozat\u00edmn\u00ed vl\u00e1da palestinsk\u00fdch technokrat\u016f, kter\u00e1 bude odpov\u011bdn\u00e1 za poskytov\u00e1n\u00ed ka\u017edodenn\u00edch slu\u017eeb obyvatel\u016fm P\u00e1sma. Komise bude pod dohledem nov\u00e9ho mezin\u00e1rodn\u00edho org\u00e1nu z\u0159\u00edzen\u00e9ho Spojen\u00fdmi st\u00e1ty ve spolupr\u00e1ci s arabsk\u00fdmi a evropsk\u00fdmi partnery. Tento org\u00e1n stanov\u00ed r\u00e1mec pro financov\u00e1n\u00ed obnovy Gazy, dokud Palestinsk\u00e1 samospr\u00e1va nedokon\u010d\u00ed sv\u016fj reformn\u00ed program.<\/span><\/li>\n<li><span dir=\"auto\">Bude vypracov\u00e1n ekonomick\u00fd pl\u00e1n na obnovu Gazy, kter\u00fd zajist\u00ed spolupr\u00e1ci odborn\u00edk\u016f se zku\u0161enostmi s v\u00fdstavbou modern\u00edch bl\u00edzkov\u00fdchodn\u00edch m\u011bst a zohledn\u00ed st\u00e1vaj\u00edc\u00ed pl\u00e1ny na p\u0159il\u00e1k\u00e1n\u00ed investic a vytv\u00e1\u0159en\u00ed pracovn\u00edch m\u00edst.<\/span><\/li>\n<li><span dir=\"auto\">Bude z\u0159\u00edzena ekonomick\u00e1 z\u00f3na se sn\u00ed\u017een\u00fdmi cly a p\u0159\u00edstupov\u00fdmi sazbami, o nich\u017e si z\u00fa\u010dastn\u011bn\u00e9 zem\u011b dohodnou.<\/span><\/li>\n<li><span dir=\"auto\">Nikdo nen\u00ed nucen opustit Gazu, ale ti, kte\u0159\u00ed cht\u011bj\u00ed odej\u00edt, se budou moci vr\u00e1tit. Obyvatel\u00e9 Gazy jsou nav\u00edc povzbuzov\u00e1ni k tomu, aby v P\u00e1smu z\u016fstali, a je jim d\u00e1na p\u0159\u00edle\u017eitost vybudovat si tam lep\u0161\u00ed budoucnost.<\/span><\/li>\n<li><span dir=\"auto\">Ham\u00e1s nebude hr\u00e1t \u017e\u00e1dnou roli ve spr\u00e1v\u011b Gazy. Bude existovat z\u00e1vazek zni\u010dit ve\u0161kerou \u00fato\u010dnou vojenskou infrastrukturu, v\u010detn\u011b tunel\u016f, a zastavit jejich v\u00fdstavbu. Nov\u00ed v\u016fdci Gazy se zav\u00e1\u017eou k m\u00edrov\u00e9mu sou\u017eit\u00ed se sv\u00fdmi sousedy.<\/span><\/li>\n<li><span dir=\"auto\">Region\u00e1ln\u00ed partne\u0159i poskytuj\u00ed bezpe\u010dnostn\u00ed z\u00e1ruku, aby zajistili, \u017ee Ham\u00e1s a dal\u0161\u00ed frakce v Gaze dodr\u017e\u00ed sv\u00e9 z\u00e1vazky a \u017ee Gaza p\u0159estane p\u0159edstavovat hrozbu pro Izrael nebo jeho vlastn\u00ed obyvatele.<\/span><\/li>\n<li><span dir=\"auto\">Spojen\u00e9 st\u00e1ty budou spolupracovat s arabsk\u00fdmi a dal\u0161\u00edmi mezin\u00e1rodn\u00edmi partnery na vytvo\u0159en\u00ed do\u010dasn\u00fdch mezin\u00e1rodn\u00edch stabiliza\u010dn\u00edch sil, kter\u00e9 budou okam\u017eit\u011b nasazeny do Gazy, aby dohl\u00ed\u017eely na bezpe\u010dnost v P\u00e1smu. Tyto s\u00edly vytvo\u0159\u00ed a vycvi\u010d\u00ed palestinsk\u00e9 policejn\u00ed s\u00edly, kter\u00e9 budou slou\u017eit jako dlouhodob\u00e1 agentura pro vnit\u0159n\u00ed bezpe\u010dnost.<\/span><\/li>\n<li><span dir=\"auto\">Izrael nebude ani okupovat, ani anektovat Gazu a IDF postupn\u011b p\u0159ed\u00e1 v sou\u010dasnosti okupovan\u00e9 \u00fazem\u00ed, jakmile n\u00e1hradn\u00ed bezpe\u010dnostn\u00ed s\u00edly v P\u00e1smu Gazy nastol\u00ed kontrolu a stabilitu.<\/span><\/li>\n<li><span dir=\"auto\">Pokud Ham\u00e1s tento n\u00e1vrh odlo\u017e\u00ed nebo jej odm\u00edtne, budou v\u00fd\u0161e uveden\u00e9 body realizov\u00e1ny v oblastech bez terorismu, kter\u00e9 IDF postupn\u011b p\u0159ed\u00e1 mezin\u00e1rodn\u00edm stabiliza\u010dn\u00edm sil\u00e1m.<\/span><\/li>\n<li><span dir=\"auto\">Izrael souhlas\u00ed se zdr\u017een\u00edm se budouc\u00edch \u00fatok\u016f v Kataru. USA a mezin\u00e1rodn\u00ed spole\u010denstv\u00ed uzn\u00e1vaj\u00ed d\u016fle\u017eitou zprost\u0159edkovatelskou roli Dauh\u00e1 v konfliktu v Gaze.<\/span><\/li>\n<li><span dir=\"auto\">Bude zaveden proces deradikalizace obyvatelstva. To bude zahrnovat mezin\u00e1bo\u017eensk\u00fd dialog zam\u011b\u0159en\u00fd na zm\u011bnu my\u0161len\u00ed a narativ\u016f v Izraeli a Gaze.<\/span><\/li>\n<li><span dir=\"auto\">Jakmile bude pokra\u010dovat rekonstrukce Gazy a bude realizov\u00e1n reformn\u00ed program Palestinsk\u00e9 samospr\u00e1vy, mohly by b\u00fdt spln\u011bny podm\u00ednky pro d\u016fv\u011bryhodnou cestu k palestinsk\u00e9mu st\u00e1tu, kter\u00fd bude uzn\u00e1v\u00e1n jako aspirace palestinsk\u00e9ho lidu.<\/span><\/li>\n<li><span dir=\"auto\">Spojen\u00e9 st\u00e1ty zah\u00e1j\u00ed dialog mezi Izraelem a Palestinci, aby se dohodli na politick\u00e9m horizontu pro m\u00edrov\u00e9 sou\u017eit\u00ed.<\/span><\/li>\n<\/ol>\n<\/div>\n<\/div>\n<div class=\"elementor-element elementor-element-8c57238 quelle dc-has-condition dc-condition-empty elementor-widget elementor-widget-heading\" data-id=\"8c57238\" data-element_type=\"widget\" data-widget_type=\"heading.default\">\n<div class=\"elementor-widget-container\">\n<h3 class=\"elementor-heading-title elementor-size-default\"><span style=\"font-size: 10pt;\"><a href=\"https:\/\/www.zerohedge.com\/geopolitical\/trumps-21-point-plan-ending-gaza-war-revealed-first-time\" target=\"_blank\" rel=\"nofollow noopener\"><span dir=\"auto\">Zdroj<\/span><\/a><\/span><\/h3>\n<p><img decoding=\"async\" loading=\"lazy\" class=\"wp-image-86739 aligncenter\" src=\"http:\/\/www.infokuryr.cz\/n\/wp-content\/uploads\/2025\/08\/volby-program-211x300.png\" alt=\"\" width=\"744\" height=\"1058\" srcset=\"https:\/\/www.infokuryr.cz\/n\/wp-content\/uploads\/2025\/08\/volby-program-211x300.png 211w, https:\/\/www.infokuryr.cz\/n\/wp-content\/uploads\/2025\/08\/volby-program-721x1024.png 721w, https:\/\/www.infokuryr.cz\/n\/wp-content\/uploads\/2025\/08\/volby-program-768x1091.png 768w, https:\/\/www.infokuryr.cz\/n\/wp-content\/uploads\/2025\/08\/volby-program-1081x1536.png 1081w, https:\/\/www.infokuryr.cz\/n\/wp-content\/uploads\/2025\/08\/volby-program-1442x2048.png 1442w, https:\/\/www.infokuryr.cz\/n\/wp-content\/uploads\/2025\/08\/volby-program-1024x1455.png 1024w\" sizes=\"(max-width: 744px) 100vw, 744px\" \/><\/p>\n<\/div>\n<\/div>\n","protected":false},"excerpt":{"rendered":"<p>Izraelsk\u00e1 m\u00e9dia v sobotu zve\u0159ejnila to, co ozna\u010duj\u00ed za 21bodov\u00fd pl\u00e1n Trumpovy administrativy pro dosa\u017een\u00ed&#8230;<\/p>\n","protected":false},"author":2,"featured_media":88836,"comment_status":"closed","ping_status":"closed","sticky":false,"template":"","format":"standard","meta":[],"categories":[7],"tags":[348,107,1505,452],"_links":{"self":[{"href":"https:\/\/www.infokuryr.cz\/n\/wp-json\/wp\/v2\/posts\/88835"}],"collection":[{"href":"https:\/\/www.infokuryr.cz\/n\/wp-json\/wp\/v2\/posts"}],"about":[{"href":"https:\/\/www.infokuryr.cz\/n\/wp-json\/wp\/v2\/types\/post"}],"author":[{"embeddable":true,"href":"https:\/\/www.infokuryr.cz\/n\/wp-json\/wp\/v2\/users\/2"}],"replies":[{"embeddable":true,"href":"https:\/\/www.infokuryr.cz\/n\/wp-json\/wp\/v2\/comments?post=88835"}],"version-history":[{"count":0,"href":"https:\/\/www.infokuryr.cz\/n\/wp-json\/wp\/v2\/posts\/88835\/revisions"}],"wp:featuredmedia":[{"embeddable":true,"href":"https:\/\/www.infokuryr.cz\/n\/wp-json\/wp\/v2\/media\/88836"}],"wp:attachment":[{"href":"https:\/\/www.infokuryr.cz\/n\/wp-json\/wp\/v2\/media?parent=88835"}],"wp:term":[{"taxonomy":"category","embeddable":true,"href":"https:\/\/www.infokuryr.cz\/n\/wp-json\/wp\/v2\/categories?post=88835"},{"taxonomy":"post_tag","embeddable":true,"href":"https:\/\/www.infokuryr.cz\/n\/wp-json\/wp\/v2\/tags?post=88835"}],"curies":[{"name":"wp","href":"https:\/\/api.w.org\/{rel}","templated":true}]}}