{"id":8881,"date":"2022-03-06T05:29:20","date_gmt":"2022-03-06T04:29:20","guid":{"rendered":"http:\/\/www.infokuryr.cz\/n\/?p=8881"},"modified":"2022-03-06T05:29:20","modified_gmt":"2022-03-06T04:29:20","slug":"nemecka-media-jsou-zdesena-polaci-a-madari-aktivne-pomahaji-bilym-ukrajinskym-uprchlikum","status":"publish","type":"post","link":"https:\/\/www.infokuryr.cz\/n\/2022\/03\/06\/nemecka-media-jsou-zdesena-polaci-a-madari-aktivne-pomahaji-bilym-ukrajinskym-uprchlikum\/","title":{"rendered":"N\u011bmeck\u00e1 media jsou zd\u011b\u0161en\u00e1. Pol\u00e1ci a Ma\u010fa\u0159i aktivn\u011b pom\u00e1haj\u00ed b\u00edl\u00fdm ukrajinsk\u00fdm uprchl\u00edk\u016fm"},"content":{"rendered":"<div id=\"fb-root\"><\/div>\n<h1 class=\"entry-title\"><span style=\"font-size: 18pt;\">\u010cern\u00ed \u201eUkrajinci\u201c jsou ale odm\u00edt\u00e1ni a mus\u00ed na slovensk\u00e9 hranice, kter\u00e9 jsou pro n\u011b d\u00edky bratislavsk\u00e9mu re\u017eimu otev\u0159eny doko\u0159\u00e1n<\/span><\/h1>\n<p>N\u011bmeck\u00e1\u00a0<a href=\"https:\/\/jungefreiheit.de\/debatte\/kommentar\/2022\/refugees-lobby-polen\/\">media jsou zd\u011b\u0161ena<\/a>\u00a0obr\u00e1zky z Polska a Ma\u010farska,\u00a0<strong>Ob\u011b zem\u011b se velmi aktivn\u011b zapojily do pomoci ukrajinsk\u00fdm uprchl\u00edk\u016fm, kte\u0159\u00ed kvapn\u011b opou\u0161t\u011bj\u00ed zemi. V naprost\u00e9 v\u011bt\u0161in\u011b se toti\u017e jedn\u00e1 o \u017eeny a d\u011bt\u00ed. Mu\u017ei Ukrajinci ( s v\u00fdjimkou \u017did\u016f a Cik\u00e1n\u016f) toti\u017e nemaj\u00ed ukrajinsk\u00fdmi \u00fa\u0159ady dovoleno opustit zemi. Na hranic\u00edch je dob\u0159e zorganizovan\u00e1 pomoc, v\u010detn\u011b ubytov\u00e1n\u00ed, stravy, l\u00e9ka\u0159sk\u00e9 pomoci atd. Do pomoci se aktivn\u011b a zcela spont\u00e1nn\u011b zapojilo i mnoho m\u00edstn\u00edch lid\u00ed.<\/strong><\/p>\n<p>To nezapad\u00e1 do obr\u00e1zku, kter\u00fd \u0161\u00ed\u0159ila l\u00e9ta n\u011bmeck\u00e1 media.\u00a0<strong>Jak zl\u00ed xenofobov\u00e9 a rasist\u00e9 z Polska, Ma\u010farska (d\u0159\u00edve i \u010cR) odm\u00edtaj\u00ed pom\u00e1hat uprchl\u00edk\u016fm, kte\u0159\u00ed byli do Evropy p\u0159iv\u00e1\u017eeni v r\u00e1mci projektu v\u00fdm\u011bny obyvatelstva a likvidace b\u00edl\u00e9 rasy.<\/strong><\/p>\n<p>\u010cesk\u00e9 a slovensk\u00e9 \u010dten\u00e1\u0159e nepot\u011b\u0161\u00ed, \u017ee\u00a0<strong>Pol\u00e1ci a Ma\u010fa\u0159i odm\u00edtaj\u00ed do zem\u011b pustit \u201e\u010dern\u00e9\u201c Ukrajince. Ty proto mus\u00ed neziskovky rychle p\u0159ev\u00e1\u017eet na slovenskou hranici, kterou jim liber\u00e1ln\u011b demokratick\u00fd l\u017ei re\u017eim v Bratislav\u011b otev\u0159el doko\u0159\u00e1n.\u00a0<\/strong>Na Ukrajin\u011b mimo jin\u00e9 p\u016fsob\u00ed i neslavn\u011b proslul\u00e1 pro imigrantsk\u00e1 neziskovka \u010clov\u011bk v t\u00edsni.\u00a0<strong>Podob\u011b se na n\u011b t\u011b\u0161\u00ed i protektor\u00e1tn\u00ed re\u017eim v Praze. Ten dokonce z obav reakce m\u00edstn\u00edho obyvatelstva preventivn\u011b vyhl\u00e1sil nouzov\u00fd stav, aby bylo mo\u017en\u00e9 p\u0159\u00edpadn\u00e9 projevy nespokojenosti ihned \u201eleg\u00e1ln\u011b\u201c potla\u010dit. Liber\u00e1ln\u011b demokratick\u00e1 totalita glob\u00e1ln\u00ed l\u017eidokracie se v b\u00fdval\u00e9m \u010ceskoslovensku projevila naplno.<\/strong><\/p>\n<figure class=\"wp-block-image size-full\"><img decoding=\"async\" loading=\"lazy\" class=\"wp-image-12437\" src=\"https:\/\/ceskavec.com\/wp-content\/uploads\/2022\/03\/Ukrajinec1.jpg\" sizes=\"(max-width: 600px) 100vw, 600px\" srcset=\"https:\/\/ceskavec.com\/wp-content\/uploads\/2022\/03\/Ukrajinec1.jpg 600w, https:\/\/ceskavec.com\/wp-content\/uploads\/2022\/03\/Ukrajinec1-300x166.jpg 300w\" alt=\"\" width=\"600\" height=\"331\" \/><figcaption>Na Slovensko a do \u010cech m\u00ed\u0159\u00ed tihle \u201eUkrajinci\u201c z kokosov\u00fdch ostrov\u016f kousek od Krymu\u00a0\ud83d\ude42<\/p>\n<p><a href=\"https:\/\/ceskavec.com\/2022\/03\/nemecka-media-jsou-zdesena-polaci-a-madari-aktivne-pomahaji-bilym-ukrajinskym-uprchlikum-cerni-ukrajinci-jsou-ale-odmitani-a-musi-na-slovenske-hranice-ktere-jsou-pro-ne-diky-bratislavskemu-rezi\">\u010cesk\u00e1 v\u011bc<\/p>\n<p><\/a><\/figcaption><\/figure>\n","protected":false},"excerpt":{"rendered":"<p>\u010cern\u00ed \u201eUkrajinci\u201c jsou ale odm\u00edt\u00e1ni a mus\u00ed na slovensk\u00e9 hranice, kter\u00e9 jsou pro n\u011b d\u00edky&#8230;<\/p>\n","protected":false},"author":2,"featured_media":8882,"comment_status":"closed","ping_status":"closed","sticky":false,"template":"","format":"standard","meta":[],"categories":[7],"tags":[78,31,203,1635,148],"_links":{"self":[{"href":"https:\/\/www.infokuryr.cz\/n\/wp-json\/wp\/v2\/posts\/8881"}],"collection":[{"href":"https:\/\/www.infokuryr.cz\/n\/wp-json\/wp\/v2\/posts"}],"about":[{"href":"https:\/\/www.infokuryr.cz\/n\/wp-json\/wp\/v2\/types\/post"}],"author":[{"embeddable":true,"href":"https:\/\/www.infokuryr.cz\/n\/wp-json\/wp\/v2\/users\/2"}],"replies":[{"embeddable":true,"href":"https:\/\/www.infokuryr.cz\/n\/wp-json\/wp\/v2\/comments?post=8881"}],"version-history":[{"count":0,"href":"https:\/\/www.infokuryr.cz\/n\/wp-json\/wp\/v2\/posts\/8881\/revisions"}],"wp:featuredmedia":[{"embeddable":true,"href":"https:\/\/www.infokuryr.cz\/n\/wp-json\/wp\/v2\/media\/8882"}],"wp:attachment":[{"href":"https:\/\/www.infokuryr.cz\/n\/wp-json\/wp\/v2\/media?parent=8881"}],"wp:term":[{"taxonomy":"category","embeddable":true,"href":"https:\/\/www.infokuryr.cz\/n\/wp-json\/wp\/v2\/categories?post=8881"},{"taxonomy":"post_tag","embeddable":true,"href":"https:\/\/www.infokuryr.cz\/n\/wp-json\/wp\/v2\/tags?post=8881"}],"curies":[{"name":"wp","href":"https:\/\/api.w.org\/{rel}","templated":true}]}}