{"id":88781,"date":"2025-09-29T00:12:54","date_gmt":"2025-09-28T22:12:54","guid":{"rendered":"https:\/\/www.infokuryr.cz\/n\/?p=88781"},"modified":"2025-09-28T14:34:56","modified_gmt":"2025-09-28T12:34:56","slug":"dansko-cvicny-let-airtaxi-v-kodani-se-stal-propagandou-dronu-nato","status":"publish","type":"post","link":"https:\/\/www.infokuryr.cz\/n\/2025\/09\/29\/dansko-cvicny-let-airtaxi-v-kodani-se-stal-propagandou-dronu-nato\/","title":{"rendered":"D\u00e1nsko: Cvi\u010dn\u00fd let AirTaxi v Kodani se stal propagandou dronu NATO"},"content":{"rendered":"<div id=\"fb-root\"><\/div>\n<p><strong><span dir=\"auto\">V z\u00e1\u0159\u00ed 2025 se D\u00e1nsko opakovan\u011b ocitlo v chaosu: N\u011bkolik leti\u0161\u0165 \u2013 v\u010detn\u011b Kodan\u011b a Osla \u2013 bylo uzav\u0159eno kv\u016fli \u00fadajn\u00fdm p\u0159elet\u016fm dron\u016f. M\u00e9dia a vl\u00e1dy okam\u017eit\u011b obvinily Rusko s tvrzen\u00edm, \u017ee se jednalo o \u201ehybridn\u00ed \u00fatok\u201c. Za panikou kolem dron\u016f, kter\u00e1 hraje roli ve v\u00e1le\u010dn\u00e9 propagand\u011b NATO, se v\u0161ak m\u016f\u017ee skr\u00fdvat mnohem ban\u00e1ln\u011bj\u0161\u00ed vysv\u011btlen\u00ed: cvi\u010dn\u00fd let d\u00e1nsk\u00e9 leteck\u00e9 \u0161koly.<\/span><\/strong><\/p>\n<p><span dir=\"auto\">K incidentu do\u0161lo 25. z\u00e1\u0159\u00ed 2025 na leti\u0161ti Kastrup v Kodani, kdy d\u00e1nsk\u00e1 policie uzav\u0159ela vzdu\u0161n\u00fd prostor po pozorov\u00e1n\u00ed neidentifikovan\u00fdch l\u00e9taj\u00edc\u00edch objekt\u016f. Incident vedl ke zru\u0161en\u00ed a odklon\u011bn\u00ed let\u016f, zat\u00edmco m\u00e9dia a \u00fa\u0159ady zpo\u010d\u00e1tku p\u0159edpokl\u00e1daly, \u017ee se do n\u011bj zapojily drony a podez\u0159\u00edvaly Rusko. Pozd\u011bji se uk\u00e1zalo, \u017ee v dan\u00e9 dob\u011b v oblasti let\u011bl cvi\u010dn\u00fd letoun leteck\u00e9 \u0161koly Copenhagen AirTaxi, co\u017e by mohlo vysv\u011btlovat pozorov\u00e1n\u00ed.<\/span><\/p>\n<p><span dir=\"auto\">Spole\u010dnost Copenhagen AirTaxi p\u016fsob\u00ed v oboru ji\u017e l\u00e9ta. Krom\u011b pravideln\u00fdch a charterov\u00fdch let\u016f provozuje renomovanou leteckou \u0161kolu se s\u00eddlem v Roskilde. Mnoho pilot\u016f zde absolvuje v\u00fdcvik a postupy jsou p\u0159\u00edsn\u011b zdokumentov\u00e1ny.\u00a0<\/span><strong><span dir=\"auto\">Podle\u00a0<\/span><a href=\"https:\/\/www.dronemag.no\/dansk-droneobservasjon-kan-ha-vaert-skolefly\/\" target=\"_blank\" rel=\"noreferrer noopener\"><span dir=\"auto\">zpr\u00e1v z odborn\u00fdch port\u00e1l\u016f<\/span><\/a><span dir=\"auto\">\u00a0se v oblasti nach\u00e1zelo jedno z jej\u00edch cvi\u010dn\u00fdch letadel p\u0159esn\u011b v dob\u011b \u00fadajn\u00e9ho pozorov\u00e1n\u00ed dronu.<\/span><\/strong><span dir=\"auto\">\u00a0Pozorovatel\u00e9 poukazuj\u00ed na to, \u017ee sv\u011btla a letov\u00e9 pohyby mal\u00e9ho cvi\u010dn\u00e9ho letadla lze za ur\u010dit\u00fdch podm\u00ednek viditelnosti snadno zam\u011bnit za dron.<\/span><\/p>\n<p><span dir=\"auto\">Toto vysv\u011btlen\u00ed je diskutov\u00e1no i na internetov\u00fdch f\u00f3rech a specializovan\u00fdch webov\u00fdch str\u00e1nk\u00e1ch. Video, kter\u00e9 bylo \u010dasto popisov\u00e1no jako dron, \u00fadajn\u011b sp\u00ed\u0161e odpov\u00edd\u00e1 mal\u00e9mu letadlu. Skute\u010dnost, \u017ee p\u0159\u00ed\u010dinou rozs\u00e1hl\u00e9 reakce mohl b\u00fdt cvi\u010dn\u00fd let, odpov\u00edd\u00e1 protich\u016fdn\u00fdm dojm\u016fm popisovan\u00fdm o\u010dit\u00fdmi sv\u011bdky. Zat\u00edmco n\u011bkter\u00e1 m\u00e9dia okam\u017eit\u011b hovo\u0159ila o \u201eoperac\u00edch rusk\u00fdch dron\u016f\u201c, p\u0159esv\u011bd\u010div\u00e9 d\u016fkazy, jako jsou radarov\u00e1 data nebo ov\u011b\u0159en\u00e9 sn\u00edmky, st\u00e1le chyb\u00ed.<\/span><\/p>\n<h3 id=\"h-nato-kriegspropaganda-ohne-journalistische-eigendenkleistung\" class=\"wp-block-heading\"><span dir=\"auto\">V\u00e1le\u010dn\u00e1 propaganda NATO bez novin\u00e1\u0159sk\u00e9 originality<\/span><\/h3>\n<p><strong><span dir=\"auto\">Zar\u00e1\u017eej\u00edc\u00ed je rychlost, s jakou m\u00e9dia p\u0159ijala ofici\u00e1ln\u00ed verzi.<\/span><\/strong><span dir=\"auto\">\u00a0My\u0161lenka operace rusk\u00fdch dron\u016f slou\u017e\u00ed dvoj\u00edmu geopolitick\u00e9mu \u00fa\u010delu: Dramatizuje situaci a posiluje obraz neviditeln\u00e9ho nep\u0159\u00edtele, kter\u00fd by mohl za\u00fato\u010dit ka\u017edou chv\u00edli. To usnad\u0148uje p\u0159\u00edpravu ve\u0159ejnosti na vojenskou akci, zv\u00fd\u0161en\u00fd dohled a dal\u0161\u00ed eskalaci. Ban\u00e1ln\u00ed cvi\u010dn\u00fd let by na druhou stranu tento sc\u00e9n\u00e1\u0159 hrozby okam\u017eit\u011b rozpt\u00fdlil.<\/span><\/p>\n<p><span dir=\"auto\">Ot\u00e1zkou z\u016fst\u00e1v\u00e1, pro\u010d se alternativn\u00ed vysv\u011btlen\u00ed, jako je verze s leteck\u00fdm tax\u00edkem, sotva zva\u017eovala. Zat\u00edm neexistuj\u00ed \u017e\u00e1dn\u00e9 n\u00e1znaky, \u017ee by \u00fa\u0159ady tuto mo\u017enost v\u00e1\u017en\u011b zkoumaly. Sp\u00ed\u0161e se zd\u00e1, \u017ee incident byl za\u010dlen\u011bn do narativu v\u0161udyp\u0159\u00edtomn\u00e9 hybridn\u00ed v\u00e1lky.\u00a0<\/span><strong><span dir=\"auto\">Cvi\u010dn\u00fd let tak mohl ne\u00famysln\u011b spustit mezin\u00e1rodn\u00ed hysterii kolem dron\u016f<\/span><\/strong><span dir=\"auto\">\u00a0, kter\u00e1 bez probl\u00e9m\u016f zapad\u00e1 do sou\u010dasn\u00e9 v\u00e1le\u010dn\u00e9 propagandy, je\u017e m\u00e1 jasn\u00fd c\u00edl: zahnat Evropu do v\u00e1lky na zni\u010den\u00ed proti Rusku \u2013 zat\u00edmco si zahrani\u010dn\u00ed mocnosti mnou ruce.<\/span><\/p>\n<p><img decoding=\"async\" loading=\"lazy\" class=\"alignnone size-full wp-image-1185\" src=\"http:\/\/www.infokuryr.cz\/n\/wp-content\/uploads\/2021\/04\/kuryr-podpis.png\" alt=\"\" width=\"84\" height=\"24\" \/><\/p>\n<p><img decoding=\"async\" loading=\"lazy\" class=\"wp-image-86927 aligncenter\" src=\"http:\/\/www.infokuryr.cz\/n\/wp-content\/uploads\/2025\/09\/letak-volby-2025-konference-3-212x300.png\" alt=\"\" width=\"857\" height=\"1213\" srcset=\"https:\/\/www.infokuryr.cz\/n\/wp-content\/uploads\/2025\/09\/letak-volby-2025-konference-3-212x300.png 212w, https:\/\/www.infokuryr.cz\/n\/wp-content\/uploads\/2025\/09\/letak-volby-2025-konference-3-724x1024.png 724w, https:\/\/www.infokuryr.cz\/n\/wp-content\/uploads\/2025\/09\/letak-volby-2025-konference-3-768x1086.png 768w, https:\/\/www.infokuryr.cz\/n\/wp-content\/uploads\/2025\/09\/letak-volby-2025-konference-3-1086x1536.png 1086w, https:\/\/www.infokuryr.cz\/n\/wp-content\/uploads\/2025\/09\/letak-volby-2025-konference-3-1448x2048.png 1448w, https:\/\/www.infokuryr.cz\/n\/wp-content\/uploads\/2025\/09\/letak-volby-2025-konference-3-1024x1448.png 1024w\" sizes=\"(max-width: 857px) 100vw, 857px\" \/><\/p>\n","protected":false},"excerpt":{"rendered":"<p>V z\u00e1\u0159\u00ed 2025 se D\u00e1nsko opakovan\u011b ocitlo v chaosu: N\u011bkolik leti\u0161\u0165 \u2013 v\u010detn\u011b Kodan\u011b a&#8230;<\/p>\n","protected":false},"author":2,"featured_media":88782,"comment_status":"closed","ping_status":"closed","sticky":false,"template":"","format":"standard","meta":[],"categories":[7],"tags":[500,2856,806],"_links":{"self":[{"href":"https:\/\/www.infokuryr.cz\/n\/wp-json\/wp\/v2\/posts\/88781"}],"collection":[{"href":"https:\/\/www.infokuryr.cz\/n\/wp-json\/wp\/v2\/posts"}],"about":[{"href":"https:\/\/www.infokuryr.cz\/n\/wp-json\/wp\/v2\/types\/post"}],"author":[{"embeddable":true,"href":"https:\/\/www.infokuryr.cz\/n\/wp-json\/wp\/v2\/users\/2"}],"replies":[{"embeddable":true,"href":"https:\/\/www.infokuryr.cz\/n\/wp-json\/wp\/v2\/comments?post=88781"}],"version-history":[{"count":0,"href":"https:\/\/www.infokuryr.cz\/n\/wp-json\/wp\/v2\/posts\/88781\/revisions"}],"wp:featuredmedia":[{"embeddable":true,"href":"https:\/\/www.infokuryr.cz\/n\/wp-json\/wp\/v2\/media\/88782"}],"wp:attachment":[{"href":"https:\/\/www.infokuryr.cz\/n\/wp-json\/wp\/v2\/media?parent=88781"}],"wp:term":[{"taxonomy":"category","embeddable":true,"href":"https:\/\/www.infokuryr.cz\/n\/wp-json\/wp\/v2\/categories?post=88781"},{"taxonomy":"post_tag","embeddable":true,"href":"https:\/\/www.infokuryr.cz\/n\/wp-json\/wp\/v2\/tags?post=88781"}],"curies":[{"name":"wp","href":"https:\/\/api.w.org\/{rel}","templated":true}]}}