{"id":88777,"date":"2025-09-28T06:07:06","date_gmt":"2025-09-28T04:07:06","guid":{"rendered":"https:\/\/www.infokuryr.cz\/n\/?p=88777"},"modified":"2025-09-28T06:07:06","modified_gmt":"2025-09-28T04:07:06","slug":"jaroslav-stefec-rada-ceske-biskupske-konference-pred-volbami-lze-a-stve","status":"publish","type":"post","link":"https:\/\/www.infokuryr.cz\/n\/2025\/09\/28\/jaroslav-stefec-rada-ceske-biskupske-konference-pred-volbami-lze-a-stve\/","title":{"rendered":"Jaroslav \u0160tefec: Rada \u010cesk\u00e9 biskupsk\u00e9 konference p\u0159ed volbami l\u017ee a \u0161tve"},"content":{"rendered":"<div id=\"fb-root\"><\/div>\n<p>Nev\u00edm, kter\u00e1 z komis\u00ed tzv. \u010cesk\u00e9 biskupsk\u00e9 konference, sboru biskup\u016f \u010cesk\u00e9 republiky, kter\u00e1 zastupuje v \u010cR p\u0159edev\u0161\u00edm z\u00e1jmy katolick\u00e9 c\u00edrkve, navrhla jej\u00ed St\u00e1l\u00e9 rad\u011b varovat p\u0159ed hnut\u00edm Sta\u010dilo zhruba p\u016fl mili\u00f3nu v\u011b\u0159\u00edc\u00edch, pravideln\u011b nav\u0161t\u011bvuj\u00edc\u00edch c\u00edrkevn\u00ed ob\u0159ady. S t\u00edm, \u017ee je \u201erizikem pro n\u00e1bo\u017eensk\u00e9 svobody v \u010cR\u201c.<\/p>\n<p>Kdo asi p\u0159esv\u011bd\u010dil tuhle partu, existuj\u00edc\u00ed de jure mimo pr\u00e1vn\u00ed \u0159\u00e1d \u010cR jako tzv.\u00a0\u201epr\u00e1vnick\u00e1 osoba na z\u00e1klad\u011b kanonick\u00e9ho pr\u00e1va\u201c, k\u00a0tomuto bezprecedentn\u00edmu z\u00e1sahu do pravidel demokratick\u00fdch voleb, vymezen\u00fdch \u010deskou \u00dastavou a\u00a0p\u0159\u00edslu\u0161n\u00fdmi z\u00e1kony? L\u017eiv\u00e1 tvrzen\u00ed v\u00a0jimi vydan\u00e9m prohl\u00e1\u0161en\u00ed jsou ostatn\u011b v\u00a0p\u0159\u00edm\u00e9m rozporu se z\u00e1konem 247\/1995 Sb., o\u00a0volb\u00e1ch do Parlamentu \u010cesk\u00e9 republiky, \u00a7 6, odstavec (5), v\u00a0n\u011bm\u017e se jasn\u011b prav\u00ed:<\/p>\n<p><strong><em>\u201eVolebn\u00ed kampa\u0148 mus\u00ed prob\u00edhat \u010destn\u011b a\u00a0poctiv\u011b, zejm\u00e9na nesm\u00ed b\u00fdt o\u00a0kandid\u00e1tech a\u00a0politick\u00fdch stran\u00e1ch nebo koalic\u00edch, na jejich\u017e kandid\u00e1tn\u00edch listin\u00e1ch jsou uvedeni, zve\u0159ej\u0148ov\u00e1ny nepravdiv\u00e9 \u00fadaje.\u201c<\/em><\/strong><\/p>\n<p>A\u00a0tvrzen\u00ed, uveden\u00e1 v\u00a0pamfletu s\u00a0n\u00e1zvem \u201eProhl\u00e1\u0161en\u00ed St\u00e1l\u00e9 rady \u010cesk\u00e9 biskupsk\u00e9 konference k\u00a0riziku omezen\u00ed n\u00e1bo\u017eensk\u00e9 svobody\u201c, jsou nejen nepravdiv\u00e1, ale dokonce p\u0159\u00edmo l\u017eiv\u00e1 a\u00a0p\u0159ekroucen\u00e1 tak, aby p\u016fsobila na v\u011b\u0159\u00edc\u00ed dojmem bezprost\u0159edn\u00edho ohro\u017een\u00ed jejich v\u00edry a\u00a0demokratick\u00fdch z\u00e1klad\u016f \u010desk\u00e9ho st\u00e1tu.<\/p>\n<p>Ch\u00e1pu, \u017ee i\u00a0c\u00edrkve mus\u00ed b\u00fdt z\u00a0n\u011b\u010deho \u017eivy a\u00a0vr\u00e1cen\u00e9 majetky a\u00a0miliardy, vypl\u00e1cen\u00e9 ka\u017edoro\u010dn\u011b na z\u00e1klad\u011b z\u00e1kona o\u00a0majetkov\u00e9m vyrovn\u00e1n\u00ed s\u00a0c\u00edrkvemi a\u00a0n\u00e1bo\u017eensk\u00fdmi spole\u010dnostmi jim nejsp\u00ed\u0161 nesta\u010d\u00ed. Ka\u017ed\u00e1 koruna p\u0159ijde vhod a\u00a0ve vypjat\u00e9m p\u0159edvolebn\u00edm obdob\u00ed je kdekdo ochoten pustit chlup. T\u00edm ale rozhodn\u011b nechci nazna\u010dit, \u017ee by za sd\u011blen\u00edm \u010cBK byly n\u011bjak\u00e9 zi\u0161tn\u00e9 \u00famysly. Je snad ka\u017ed\u00e9mu jasn\u00e9, \u017ee jde \u010dist\u011b a\u00a0jedin\u011b o\u00a0z\u00e1le\u017eitosti k\u0159es\u0165ansk\u00e9 v\u00edry a\u00a0kanonick\u00e9 pr\u00e1vo je p\u0159ece jednozna\u010dn\u011b nad\u0159azeno pr\u00e1vu pozemsk\u00e9mu. Samoz\u0159ejm\u011b jen podle m\u00edn\u011bn\u00ed p\u00e1n\u016f biskup\u016f, kte\u0159\u00ed si z\u0159ejm\u011b je\u0161t\u011b nestihli v\u0161imnout, \u017ee dokonce i\u00a0v\u00a0\u010desk\u00fdch zem\u00edch u\u017e skon\u010dil st\u0159edov\u011bk.<\/p>\n<p>\u00dazk\u00e9 spojen\u00ed parti\u010dky v\u00a0\u010dele \u010cBK s\u00a0osobou Daniela Hermana, \u201elaicizovan\u00e9ho\u201c kn\u011bze a\u00a0b\u00fdval\u00e9ho mluv\u010d\u00edho tohoto z\u00a0hlediska mnoha \u010desk\u00fdch ob\u010dan\u016f obskurn\u00edho spolku, je samoz\u0159ejm\u011b jen v\u011bc\u00ed \u010dir\u00e9 n\u00e1hody. Stejn\u011b jako je ur\u010dit\u011b jen v\u011bc\u00ed n\u00e1hody, \u017ee pan Herman je dlouholet\u00fdm \u010dlenem partaje KDU-\u010cSL, pevn\u00e9 to opory dezol\u00e1tn\u00edho Spolu a\u00a0bl\u00edzk\u00fdm kamar\u00e1d\u00ed\u010dkem \u010cechy jako st\u00e1t i\u00a0n\u00e1rod zu\u0159iv\u011b nen\u00e1vid\u011bj\u00edc\u00edho \u0161\u00e9fa n\u011bmeck\u00e9ho Landsma\u0161aftu Berndta Posselta. Tomu ostatn\u011b sv\u00e9ho \u010dasu nosil ta\u0161ku i\u00a0sou\u010dasn\u00fd premi\u00e9r Petr Fiala, jak dokl\u00e1d\u00e1 na internetu dostupn\u00fd sn\u00edmek, jeho\u017e pravost se nikdy nikdo ani nepokusil pop\u0159\u00edt.<\/p>\n<p>I p\u0159es velk\u00e9 mno\u017estv\u00ed v\u00fdhrad jsem si pln\u011b v\u011bdom v\u00fdznamu a d\u016fle\u017eitosti k\u0159es\u0165anstv\u00ed v historii Evropy i na\u0161\u00ed zem\u011b. K m\u00fdm bl\u00edzk\u00fdm p\u0159\u00e1tel\u016fm pat\u0159\u00ed i lid\u00e9 hluboce v\u011b\u0159\u00edc\u00ed, kte\u0159\u00ed pravideln\u011b nav\u0161t\u011bvuj\u00ed bohoslu\u017eby a naslouchaj\u00ed slov\u016fm sv\u00fdch duchovn\u00edch past\u00fd\u0159\u016f. P\u0159esto, nebo mo\u017en\u00e1 pr\u00e1v\u011b proto, mus\u00edm tento krok St\u00e1l\u00e9 rady \u010cBK nazvat t\u00edm, \u010d\u00edm ve skute\u010dnosti je \u2013 projevem nabub\u0159el\u00e9 arogance c\u00edrkevn\u00edch hodnost\u00e1\u0159\u016f a jejich p\u0159esv\u011bd\u010den\u00ed o vlastn\u00ed d\u016fle\u017eitosti a nad\u0159azenosti jejich k\u00e1non\u016f nad sv\u011btsk\u00fdmi z\u00e1kony.<\/p>\n<p>Pro n\u00e1s, laickou ve\u0159ejnost, je toto prohl\u00e1\u0161en\u00ed bohu\u017eel jen dal\u0161\u00edm d\u016fkazem, \u017ee c\u00edrkevn\u00edm p\u0159edstavitel\u016fm jde jen a\u00a0jen o\u00a0moc, pen\u00edze a\u00a0majetky a\u00a0n\u011bjak\u00e9 k\u0159es\u0165ansk\u00e9 hodnoty je vlastn\u011b v\u016fbec nezaj\u00edmaj\u00ed. Pokud by tomu tak nebylo, nutn\u011b by museli vyz\u00fdvat v\u011b\u0159\u00edc\u00ed v\u00a0prvn\u00ed \u0159ad\u011b k\u00a0tomu, aby nevolili strany, prosazuj\u00edc\u00ed LGBTQ+ agendu, gender, s\u0148atky homosexu\u00e1l\u016f a\u00a0podobn\u00e9 z\u00a0hlediska k\u0159es\u0165ansk\u00e9 v\u00edry \u201czvrhlosti\u201d. Ale ne, jdou jen po\u00a0t\u011bch, kte\u0159\u00ed jim cht\u011bj\u00ed s\u00e1hnout na jejich nezaslou\u017een\u00e9 prebendy. A\u0165 toti\u017e \u010dtu program Sta\u010dilo, jak ho \u010dtu, nikde tam nevid\u00edm ani omezov\u00e1n\u00ed svobody vyzn\u00e1n\u00ed, ani \u00fatoky na k\u0159es\u0165anskou v\u00edru. Sp\u00ed\u0161e naopak.<\/p>\n<p>Mo\u017en\u00e1 ale Rada \u010cBK vid\u00ed snahu omezit moc c\u00edrkv\u00ed v\u00a0jednozna\u010dn\u00e9m odm\u00edtnut\u00ed hnut\u00ed Sta\u010dilo podpo\u0159it tak zvan\u00fd Migra\u010dn\u00ed pakt EU. T\u0159eba u\u017e pod dojmem v\u0161eobj\u00edmaj\u00edc\u00ed pravdy, l\u00e1sky a\u00a0lidsk\u00fdch pr\u00e1v vn\u00edm\u00e1 isl\u00e1m ne jako konkurenci, ale jako bratrskou v\u00edru a\u00a0budouc\u00edho spojence.<\/p>\n<p>Nev\u00edm. M\u00e1m ale sp\u00ed\u0161 dojem, \u017ee hnut\u00ed sv\u00fdm postojem naopak br\u00e1n\u00ed k\u0159es\u0165anstv\u00ed jako z\u00e1klad evropsk\u00e9 civilizace a\u00a0sna\u017e\u00ed se zabr\u00e1nit muslimsk\u00fdm imigrant\u016fm, aby si v\u00a0na\u0161\u00ed zemi s\u00a0hlubok\u00fdmi k\u0159es\u0165ansk\u00fdmi ko\u0159eny d\u011blali, co je jen napadne. Stejn\u011b tak, jak to u\u017e dlouho d\u011blaj\u00ed v\u00a0N\u011bmecku, Belgii, Holandsku, Francii \u2026<\/p>\n<p>Pokud to vid\u00ed takhle, pak ano, maj\u00ed pravdu. Migra\u010dn\u00edmu paktu a\u00a0bez jak\u00e9koliv kontroly st\u00e1le rychleji rostouc\u00edmu vlivu isl\u00e1mu v\u00a0\u010cR toti\u017e \u0159\u00edk\u00e1me naprosto jednozna\u010dn\u011b a\u00a0definitivn\u011b STA\u010cILO!<\/p>\n<p><em>Jaroslav \u0160tefec,\u00a0<a href=\"https:\/\/www.facebook.com\/profile.php?id=100016828963330\">FB<\/a><\/em><\/p>\n<p><img decoding=\"async\" loading=\"lazy\" class=\"alignnone size-medium wp-image-13906\" src=\"http:\/\/www.infokuryr.cz\/n\/wp-content\/uploads\/2022\/08\/stefec-257x300.jpg\" alt=\"\" width=\"257\" height=\"300\" srcset=\"https:\/\/www.infokuryr.cz\/n\/wp-content\/uploads\/2022\/08\/stefec-257x300.jpg 257w, https:\/\/www.infokuryr.cz\/n\/wp-content\/uploads\/2022\/08\/stefec.jpg 557w\" sizes=\"(max-width: 257px) 100vw, 257px\" \/><\/p>\n<p><img decoding=\"async\" loading=\"lazy\" class=\"wp-image-86739 aligncenter\" src=\"http:\/\/www.infokuryr.cz\/n\/wp-content\/uploads\/2025\/08\/volby-program-211x300.png\" alt=\"\" width=\"870\" height=\"1237\" srcset=\"https:\/\/www.infokuryr.cz\/n\/wp-content\/uploads\/2025\/08\/volby-program-211x300.png 211w, https:\/\/www.infokuryr.cz\/n\/wp-content\/uploads\/2025\/08\/volby-program-721x1024.png 721w, https:\/\/www.infokuryr.cz\/n\/wp-content\/uploads\/2025\/08\/volby-program-768x1091.png 768w, https:\/\/www.infokuryr.cz\/n\/wp-content\/uploads\/2025\/08\/volby-program-1081x1536.png 1081w, https:\/\/www.infokuryr.cz\/n\/wp-content\/uploads\/2025\/08\/volby-program-1442x2048.png 1442w, https:\/\/www.infokuryr.cz\/n\/wp-content\/uploads\/2025\/08\/volby-program-1024x1455.png 1024w\" sizes=\"(max-width: 870px) 100vw, 870px\" \/><\/p>\n","protected":false},"excerpt":{"rendered":"<p>Nev\u00edm, kter\u00e1 z komis\u00ed tzv. \u010cesk\u00e9 biskupsk\u00e9 konference, sboru biskup\u016f \u010cesk\u00e9 republiky, kter\u00e1 zastupuje v&#8230;<\/p>\n","protected":false},"author":2,"featured_media":88778,"comment_status":"closed","ping_status":"closed","sticky":false,"template":"","format":"standard","meta":[],"categories":[6],"tags":[948,1295,3676,27],"_links":{"self":[{"href":"https:\/\/www.infokuryr.cz\/n\/wp-json\/wp\/v2\/posts\/88777"}],"collection":[{"href":"https:\/\/www.infokuryr.cz\/n\/wp-json\/wp\/v2\/posts"}],"about":[{"href":"https:\/\/www.infokuryr.cz\/n\/wp-json\/wp\/v2\/types\/post"}],"author":[{"embeddable":true,"href":"https:\/\/www.infokuryr.cz\/n\/wp-json\/wp\/v2\/users\/2"}],"replies":[{"embeddable":true,"href":"https:\/\/www.infokuryr.cz\/n\/wp-json\/wp\/v2\/comments?post=88777"}],"version-history":[{"count":0,"href":"https:\/\/www.infokuryr.cz\/n\/wp-json\/wp\/v2\/posts\/88777\/revisions"}],"wp:featuredmedia":[{"embeddable":true,"href":"https:\/\/www.infokuryr.cz\/n\/wp-json\/wp\/v2\/media\/88778"}],"wp:attachment":[{"href":"https:\/\/www.infokuryr.cz\/n\/wp-json\/wp\/v2\/media?parent=88777"}],"wp:term":[{"taxonomy":"category","embeddable":true,"href":"https:\/\/www.infokuryr.cz\/n\/wp-json\/wp\/v2\/categories?post=88777"},{"taxonomy":"post_tag","embeddable":true,"href":"https:\/\/www.infokuryr.cz\/n\/wp-json\/wp\/v2\/tags?post=88777"}],"curies":[{"name":"wp","href":"https:\/\/api.w.org\/{rel}","templated":true}]}}