{"id":88774,"date":"2025-09-28T05:59:18","date_gmt":"2025-09-28T03:59:18","guid":{"rendered":"https:\/\/www.infokuryr.cz\/n\/?p=88774"},"modified":"2025-09-28T05:59:18","modified_gmt":"2025-09-28T03:59:18","slug":"pavel-sik-kdo-je-ten-chytrejsi-co-voli-spravne","status":"publish","type":"post","link":"https:\/\/www.infokuryr.cz\/n\/2025\/09\/28\/pavel-sik-kdo-je-ten-chytrejsi-co-voli-spravne\/","title":{"rendered":"Pavel \u0160ik: Kdo je ten chyt\u0159ej\u0161\u00ed, co vol\u00ed spr\u00e1vn\u011b?"},"content":{"rendered":"<div id=\"fb-root\"><\/div>\n<p>Po\u0159\u00e1d sl\u00fdch\u00e1m o voli\u010d\u00edch opozice, \u017ee jsou to koblihy, flaztenci, sedl\u00e1ci nebo nevzd\u011blan\u00e1 fa\u0161oidn\u00ed sebranka. Spole\u010dn\u00fd jmenovatel je, \u017ee je to ta hloup\u011bj\u0161\u00ed \u010d\u00e1st n\u00e1roda.<\/p>\n<p>Na druh\u00e9 stran\u011b mi experti (ve ve\u0159ejnopr\u00e1vn\u00edch m\u00e9di\u00edch) velice \u010dasto vysv\u011btluj\u00ed, \u017ee voli\u010di sou\u010dasn\u00e9 vl\u00e1dn\u00ed sestavy jsou ti vzd\u011blan\u011bj\u0161\u00ed, \u00fasp\u011b\u0161n\u011bj\u0161\u00ed, s\u00a0v\u011bt\u0161\u00edm rozhledem a\u00a0\u017ee nepodl\u00e9haj\u00ed dezinformac\u00edm.<\/p>\n<p>Ale n\u011bco tady ne\u0161timuje. Fiala zcela v\u00e1\u017en\u011b \u0159ekne, \u017ee Babi\u0161 se vzd\u00e1 sv\u00e9 celo\u017eivotn\u00ed pr\u00e1ce, proto\u017ee \u010dek\u00e1 na l\u00e1kavou nab\u00eddku od Putina, Jure\u010dka v\u011b\u0159\u00ed tomu, \u017ee jsou v\u0161ichni spokojen\u00ed, proto\u017ee mu to \u0159ekli, Raku\u0161an tvrd\u00ed, \u017ee je b\u00edl\u00fd k\u016f\u0148 a dozimetr mu na krk jen n\u011bkdo pov\u011bsil, Decroix tvrd\u00ed, \u017ee st\u00e1tu za bitcoin nevznikla \u0161koda a \u017ee je v\u0161e vy\u0159e\u0161en\u00e9, Hlad\u00edk tvrd\u00ed, \u017ee \u010cesko se otepluje dvakr\u00e1t rychleji atd. atd..<\/p>\n<p>.. ov\u0161em korunku komunikaci pro inteligenty tohoto n\u00e1roda s\u00a0v\u011bt\u0161\u00edm rozhledem a\u00a0nepodl\u00e9haj\u00edc\u00ed dezinformac\u00edm, d\u00e1 zrovna ministr pro v\u011bdu, v\u00fdzkum a\u00a0inovace \u017den\u00ed\u0161ek, kter\u00fd se raduje nad t\u00edm, \u017ee rating \u010ceska je nyn\u00ed vy\u0161\u0161\u00ed ne\u017e rating Francie. Nemohl jsem tomu v\u011b\u0159it a\u00a0skute\u010dn\u011b to nen\u00ed fake. Je to jakoby kucha\u0159 jedn\u00e9 restaurace za\u010dal tvrdit, \u017ee on se vypracoval na nejlep\u0161\u00edho kucha\u0159e gul\u00e1\u0161\u016f ve m\u011bst\u011b, proto\u017ee t\u00e9 druh\u00e9 gul\u00e1\u0161ov\u00e9 restauraci ve m\u011bst\u011b vyho\u0159ela kuchy\u0148.<\/p>\n<p>\u010clov\u011bk, kter\u00fd m\u00e1 na starosti v\u011bdu a\u00a0v\u00fdzkum!, reprezentuje \u010cR v\u00a0oblasti mezin\u00e1rodn\u00ed v\u011bdeck\u00e9 spolupr\u00e1ce a\u00a0p\u0159ipravuje strategii v\u011bdy v\u00fdzkumu a\u00a0inovac\u00ed je opravdu schopn\u00fd napsat dezinformaci, \u017ee rating za Babi\u0161e klesal (p\u0159itom Moody ho zlep\u0161il) a\u00a0je schopn\u00fd zcela oto\u010dit p\u00e1d francouzsk\u00e9ho ratingu jako \u010desk\u00fd \u00fasp\u011bch, i\u00a0kdy\u017e se rating \u010ceska nezm\u011bnil?<\/p>\n<p>J\u00e1 prost\u011b pochybuju, \u017ee tyhle lidi m\u016f\u017ee volit ta inteligentn\u011bj\u0161\u00ed a vzd\u011blan\u011bj\u0161\u00ed \u010d\u00e1st n\u00e1roda a pova\u017euju to za dezinformaci. V\u017edy\u0165 tomu, co \u0159\u00edkaj\u00ed a tvrd\u00ed m\u016f\u017ee tleskat jen naprost\u00fd hlup\u00e1k.<\/p>\n<p>Bran\u00edm se tomu uv\u011b\u0159it i\u00a0proto, proto\u017ee pokud to tak je, jsme tot\u00e1ln\u011b v\u00a0pr..<\/p>\n<p><strong><em>Pavel \u0160ik<\/em><\/strong><\/p>\n<p><img decoding=\"async\" loading=\"lazy\" class=\"alignnone size-full wp-image-58655\" src=\"http:\/\/www.infokuryr.cz\/n\/wp-content\/uploads\/2024\/07\/pavel-sik.jpg\" alt=\"\" width=\"196\" height=\"188\" \/><\/p>\n<p><img decoding=\"async\" loading=\"lazy\" class=\"wp-image-86739 aligncenter\" src=\"http:\/\/www.infokuryr.cz\/n\/wp-content\/uploads\/2025\/08\/volby-program-211x300.png\" alt=\"\" width=\"927\" height=\"1318\" srcset=\"https:\/\/www.infokuryr.cz\/n\/wp-content\/uploads\/2025\/08\/volby-program-211x300.png 211w, https:\/\/www.infokuryr.cz\/n\/wp-content\/uploads\/2025\/08\/volby-program-721x1024.png 721w, https:\/\/www.infokuryr.cz\/n\/wp-content\/uploads\/2025\/08\/volby-program-768x1091.png 768w, https:\/\/www.infokuryr.cz\/n\/wp-content\/uploads\/2025\/08\/volby-program-1081x1536.png 1081w, https:\/\/www.infokuryr.cz\/n\/wp-content\/uploads\/2025\/08\/volby-program-1442x2048.png 1442w, https:\/\/www.infokuryr.cz\/n\/wp-content\/uploads\/2025\/08\/volby-program-1024x1455.png 1024w\" sizes=\"(max-width: 927px) 100vw, 927px\" \/><\/p>\n","protected":false},"excerpt":{"rendered":"<p>Po\u0159\u00e1d sl\u00fdch\u00e1m o voli\u010d\u00edch opozice, \u017ee jsou to koblihy, flaztenci, sedl\u00e1ci nebo nevzd\u011blan\u00e1 fa\u0161oidn\u00ed sebranka&#8230;.<\/p>\n","protected":false},"author":2,"featured_media":36142,"comment_status":"closed","ping_status":"closed","sticky":false,"template":"","format":"standard","meta":[],"categories":[6],"tags":[1503,707,27,1758],"_links":{"self":[{"href":"https:\/\/www.infokuryr.cz\/n\/wp-json\/wp\/v2\/posts\/88774"}],"collection":[{"href":"https:\/\/www.infokuryr.cz\/n\/wp-json\/wp\/v2\/posts"}],"about":[{"href":"https:\/\/www.infokuryr.cz\/n\/wp-json\/wp\/v2\/types\/post"}],"author":[{"embeddable":true,"href":"https:\/\/www.infokuryr.cz\/n\/wp-json\/wp\/v2\/users\/2"}],"replies":[{"embeddable":true,"href":"https:\/\/www.infokuryr.cz\/n\/wp-json\/wp\/v2\/comments?post=88774"}],"version-history":[{"count":0,"href":"https:\/\/www.infokuryr.cz\/n\/wp-json\/wp\/v2\/posts\/88774\/revisions"}],"wp:featuredmedia":[{"embeddable":true,"href":"https:\/\/www.infokuryr.cz\/n\/wp-json\/wp\/v2\/media\/36142"}],"wp:attachment":[{"href":"https:\/\/www.infokuryr.cz\/n\/wp-json\/wp\/v2\/media?parent=88774"}],"wp:term":[{"taxonomy":"category","embeddable":true,"href":"https:\/\/www.infokuryr.cz\/n\/wp-json\/wp\/v2\/categories?post=88774"},{"taxonomy":"post_tag","embeddable":true,"href":"https:\/\/www.infokuryr.cz\/n\/wp-json\/wp\/v2\/tags?post=88774"}],"curies":[{"name":"wp","href":"https:\/\/api.w.org\/{rel}","templated":true}]}}