{"id":88760,"date":"2025-09-28T05:32:38","date_gmt":"2025-09-28T03:32:38","guid":{"rendered":"https:\/\/www.infokuryr.cz\/n\/?p=88760"},"modified":"2025-09-28T05:32:38","modified_gmt":"2025-09-28T03:32:38","slug":"ustavni-zmeny-ani-na-slovensku-neni-prostor-pro-genderove-experimenty","status":"publish","type":"post","link":"https:\/\/www.infokuryr.cz\/n\/2025\/09\/28\/ustavni-zmeny-ani-na-slovensku-neni-prostor-pro-genderove-experimenty\/","title":{"rendered":"\u00dastavn\u00ed zm\u011bny: Ani na Slovensku nen\u00ed prostor pro genderov\u00e9 experimenty"},"content":{"rendered":"<div id=\"fb-root\"><\/div>\n<p><strong><span dir=\"auto\">Slovensko by se nem\u011blo st\u00e1t h\u0159i\u0161t\u011bm pro soci\u00e1ln\u00ed experimenty a ideologickou p\u0159ev\u00fdchovu. Vl\u00e1da premi\u00e9ra Roberta Fica to jasn\u011b dala najevo \u00fastavn\u00ed novelou.<\/span><\/strong><\/p>\n<p><span dir=\"auto\">Slovensk\u00fd parlament schv\u00e1lil s pot\u0159ebnou t\u0159\u00edp\u011btinovou v\u011bt\u0161inou \u0159adu \u00fastavn\u00edch dodatk\u016f, kter\u00e9 se setkaly s mal\u00fdm nad\u0161en\u00edm u levicov\u00e9ho, probuzen\u00e9ho establishmentu v Evropsk\u00e9 unii. Devades\u00e1t ze 150 \u010dlen\u016f parlamentu hlasovalo pro legislativn\u00ed bal\u00ed\u010dek, kter\u00fd nejen zakotvuje realitu dvou pohlav\u00ed, ale tak\u00e9 prosazuje jasn\u00e1 omezen\u00ed ideologick\u00e9 p\u0159ev\u00fdchovy: \u017e\u00e1dn\u00e1 sexu\u00e1ln\u00ed v\u00fdchova bez souhlasu rodi\u010d\u016f, \u017e\u00e1dn\u00e9 n\u00e1hradn\u00ed mate\u0159stv\u00ed a omezen\u00ed adopce ve prosp\u011bch tradi\u010dn\u00edch man\u017eelstv\u00ed. Z\u00e1rove\u0148 byla \u00fastava novelizov\u00e1na tak, aby zahrnovala princip \u201estejn\u00e9 odm\u011bny za stejnou pr\u00e1ci\u201c.<\/span><\/p>\n<p><span dir=\"auto\">Premi\u00e9r Fico ve sv\u00e9m projevu k poslanc\u016fm slovensk\u00e9ho parlamentu nenechal\u00a0<\/span><a href=\"https:\/\/newsnow.tasr.sk\/pm-fico-thanks-every-legislator-who-voted-for-changes-to-constitution\/\"><span dir=\"auto\">\u017e\u00e1dn\u00e9 pochybnosti<\/span><\/a><span dir=\"auto\">\u00a0o tom, \u017ee toto opat\u0159en\u00ed vn\u00edm\u00e1 nejen jako dom\u00e1c\u00ed politick\u00fd \u00fasp\u011bch, ale tak\u00e9 jako kulturn\u00ed obrannou bitvu: \u201eToto je \u0161t\u00edt, kter\u00fd jsme si vytvo\u0159ili. Liberalismus a progresivismus ni\u010d\u00ed Evropu. My ale ukazujeme, \u017ee nedovol\u00edme Bruselu diktovat, zda existuje t\u0159et\u00ed, \u010dtvrt\u00e9 nebo p\u00e1t\u00e9 pohlav\u00ed.\u201c Pod\u011bkoval tak\u00e9 opozi\u010dn\u00edm poslanc\u016fm, kte\u0159\u00ed tyto zm\u011bny podpo\u0159ili.<\/span><\/p>\n<figure class=\"wp-block-embed is-type-rich is-provider-twitter wp-block-embed-twitter\">\n<div class=\"wp-block-embed__wrapper\">\n<div class=\"twitter-tweet twitter-tweet-rendered\"><iframe id=\"twitter-widget-0\" class=\"\" title=\"X P\u0159\u00edsp\u011bvek\" src=\"https:\/\/platform.twitter.com\/embed\/Tweet.html?dnt=true&amp;embedId=twitter-widget-0&amp;features=eyJ0ZndfdGltZWxpbmVfbGlzdCI6eyJidWNrZXQiOltdLCJ2ZXJzaW9uIjpudWxsfSwidGZ3X2ZvbGxvd2VyX2NvdW50X3N1bnNldCI6eyJidWNrZXQiOnRydWUsInZlcnNpb24iOm51bGx9LCJ0ZndfdHdlZXRfZWRpdF9iYWNrZW5kIjp7ImJ1Y2tldCI6Im9uIiwidmVyc2lvbiI6bnVsbH0sInRmd19yZWZzcmNfc2Vzc2lvbiI6eyJidWNrZXQiOiJvbiIsInZlcnNpb24iOm51bGx9LCJ0ZndfZm9zbnJfc29mdF9pbnRlcnZlbnRpb25zX2VuYWJsZWQiOnsiYnVja2V0Ijoib24iLCJ2ZXJzaW9uIjpudWxsfSwidGZ3X21peGVkX21lZGlhXzE1ODk3Ijp7ImJ1Y2tldCI6InRyZWF0bWVudCIsInZlcnNpb24iOm51bGx9LCJ0ZndfZXhwZXJpbWVudHNfY29va2llX2V4cGlyYXRpb24iOnsiYnVja2V0IjoxMjA5NjAwLCJ2ZXJzaW9uIjpudWxsfSwidGZ3X3Nob3dfYmlyZHdhdGNoX3Bpdm90c19lbmFibGVkIjp7ImJ1Y2tldCI6Im9uIiwidmVyc2lvbiI6bnVsbH0sInRmd19kdXBsaWNhdGVfc2NyaWJlc190b19zZXR0aW5ncyI6eyJidWNrZXQiOiJvbiIsInZlcnNpb24iOm51bGx9LCJ0ZndfdXNlX3Byb2ZpbGVfaW1hZ2Vfc2hhcGVfZW5hYmxlZCI6eyJidWNrZXQiOiJvbiIsInZlcnNpb24iOm51bGx9LCJ0ZndfdmlkZW9faGxzX2R5bmFtaWNfbWFuaWZlc3RzXzE1MDgyIjp7ImJ1Y2tldCI6InRydWVfYml0cmF0ZSIsInZlcnNpb24iOm51bGx9LCJ0ZndfbGVnYWN5X3RpbWVsaW5lX3N1bnNldCI6eyJidWNrZXQiOnRydWUsInZlcnNpb24iOm51bGx9LCJ0ZndfdHdlZXRfZWRpdF9mcm9udGVuZCI6eyJidWNrZXQiOiJvbiIsInZlcnNpb24iOm51bGx9fQ%3D%3D&amp;frame=false&amp;hideCard=false&amp;hideThread=false&amp;id=1971581553638863286&amp;lang=cs&amp;origin=https%3A%2F%2Freport24.news%2Fverfassungsaenderungen-auch-in-der-slowakei-ist-kein-platz-fuer-gender-experimente%2F&amp;sessionId=74846ddd29be023b209d6346aaefb058317ad636&amp;theme=light&amp;widgetsVersion=2615f7e52b7e0%3A1702314776716&amp;width=550px\" frameborder=\"0\" scrolling=\"no\" allowfullscreen=\"allowfullscreen\" data-tweet-id=\"1971581553638863286\" data-mce-fragment=\"1\"><\/iframe><\/div>\n<\/div>\n<\/figure>\n<p><span dir=\"auto\">Jak se dalo o\u010dek\u00e1vat, ozvalo se mezin\u00e1rodn\u00ed pobou\u0159en\u00ed. Amnesty International\u00a0<\/span><a href=\"https:\/\/www.amnesty.org\/en\/latest\/news\/2025\/09\/slovakia-parliaments-approval-of-draconian-constitutional-amendments-is-a-step-towards-erosion-of-human-rights\/\"><span dir=\"auto\">hovo\u0159ila<\/span><\/a><span dir=\"auto\">\u00a0o \u201etemn\u00e9m dni\u201c a burcovala \u00fadajn\u00e9 poru\u0161ov\u00e1n\u00ed lidsk\u00fdch pr\u00e1v. Vyj\u00e1d\u0159il se i eurokratick\u00fd apar\u00e1t: Komisa\u0159 Rady Evropy pro lidsk\u00e1 pr\u00e1va Michael O&#8217;Flaherty p\u0159edem\u00a0<\/span><a href=\"https:\/\/www.coe.int\/en\/web\/commissioner\/-\/slovak-republic-parliament-should-not-adopt-constitutional-amendments-that-undermine-human-rights\"><span dir=\"auto\">varoval Slovensko<\/span><\/a><span dir=\"auto\"> p\u0159ed poru\u0161en\u00edm jeho \u201emezin\u00e1rodn\u00edch z\u00e1vazk\u016f\u201c. To ale neznamen\u00e1 nic men\u0161\u00edho ne\u017e povinnost pod\u0159\u00eddit se ideologick\u00e9 agend\u011b globalistick\u00fdch elit.<\/span><\/p>\n<p><span dir=\"auto\">Konzervativn\u00ed Evropa zdaleka nen\u00ed mrtv\u00e1. Slovensko je po Ma\u010farsku druhou zem\u00ed EU, kter\u00e1 uk\u00e1zala genderov\u00e9mu \u0161\u00edlenstv\u00ed \u010dervenou kartu. Kolik dal\u0161\u00edch zem\u00ed bude n\u00e1sledovat tento p\u0159\u00edklad a skoncuje s takov\u00fdmi soci\u00e1ln\u00edmi experimenty?<\/span><\/p>\n<p><img decoding=\"async\" loading=\"lazy\" class=\"alignnone size-full wp-image-1185\" src=\"http:\/\/www.infokuryr.cz\/n\/wp-content\/uploads\/2021\/04\/kuryr-podpis.png\" alt=\"\" width=\"84\" height=\"24\" \/><\/p>\n<p><img decoding=\"async\" loading=\"lazy\" class=\"wp-image-86927 aligncenter\" src=\"http:\/\/www.infokuryr.cz\/n\/wp-content\/uploads\/2025\/09\/letak-volby-2025-konference-3-212x300.png\" alt=\"\" width=\"833\" height=\"1179\" srcset=\"https:\/\/www.infokuryr.cz\/n\/wp-content\/uploads\/2025\/09\/letak-volby-2025-konference-3-212x300.png 212w, https:\/\/www.infokuryr.cz\/n\/wp-content\/uploads\/2025\/09\/letak-volby-2025-konference-3-724x1024.png 724w, https:\/\/www.infokuryr.cz\/n\/wp-content\/uploads\/2025\/09\/letak-volby-2025-konference-3-768x1086.png 768w, https:\/\/www.infokuryr.cz\/n\/wp-content\/uploads\/2025\/09\/letak-volby-2025-konference-3-1086x1536.png 1086w, https:\/\/www.infokuryr.cz\/n\/wp-content\/uploads\/2025\/09\/letak-volby-2025-konference-3-1448x2048.png 1448w, https:\/\/www.infokuryr.cz\/n\/wp-content\/uploads\/2025\/09\/letak-volby-2025-konference-3-1024x1448.png 1024w\" sizes=\"(max-width: 833px) 100vw, 833px\" \/><\/p>\n","protected":false},"excerpt":{"rendered":"<p>Slovensko by se nem\u011blo st\u00e1t h\u0159i\u0161t\u011bm pro soci\u00e1ln\u00ed experimenty a ideologickou p\u0159ev\u00fdchovu. Vl\u00e1da premi\u00e9ra Roberta&#8230;<\/p>\n","protected":false},"author":2,"featured_media":88761,"comment_status":"closed","ping_status":"closed","sticky":false,"template":"","format":"standard","meta":[],"categories":[7],"tags":[9821,2586,203],"_links":{"self":[{"href":"https:\/\/www.infokuryr.cz\/n\/wp-json\/wp\/v2\/posts\/88760"}],"collection":[{"href":"https:\/\/www.infokuryr.cz\/n\/wp-json\/wp\/v2\/posts"}],"about":[{"href":"https:\/\/www.infokuryr.cz\/n\/wp-json\/wp\/v2\/types\/post"}],"author":[{"embeddable":true,"href":"https:\/\/www.infokuryr.cz\/n\/wp-json\/wp\/v2\/users\/2"}],"replies":[{"embeddable":true,"href":"https:\/\/www.infokuryr.cz\/n\/wp-json\/wp\/v2\/comments?post=88760"}],"version-history":[{"count":0,"href":"https:\/\/www.infokuryr.cz\/n\/wp-json\/wp\/v2\/posts\/88760\/revisions"}],"wp:featuredmedia":[{"embeddable":true,"href":"https:\/\/www.infokuryr.cz\/n\/wp-json\/wp\/v2\/media\/88761"}],"wp:attachment":[{"href":"https:\/\/www.infokuryr.cz\/n\/wp-json\/wp\/v2\/media?parent=88760"}],"wp:term":[{"taxonomy":"category","embeddable":true,"href":"https:\/\/www.infokuryr.cz\/n\/wp-json\/wp\/v2\/categories?post=88760"},{"taxonomy":"post_tag","embeddable":true,"href":"https:\/\/www.infokuryr.cz\/n\/wp-json\/wp\/v2\/tags?post=88760"}],"curies":[{"name":"wp","href":"https:\/\/api.w.org\/{rel}","templated":true}]}}