{"id":88758,"date":"2025-09-28T05:30:44","date_gmt":"2025-09-28T03:30:44","guid":{"rendered":"https:\/\/www.infokuryr.cz\/n\/?p=88758"},"modified":"2025-09-28T05:30:44","modified_gmt":"2025-09-28T03:30:44","slug":"vystupni-dan-nemecke-represe-proti-odchodu-vysoce-uspesnych-lidi","status":"publish","type":"post","link":"https:\/\/www.infokuryr.cz\/n\/2025\/09\/28\/vystupni-dan-nemecke-represe-proti-odchodu-vysoce-uspesnych-lidi\/","title":{"rendered":"V\u00fdstupn\u00ed da\u0148: N\u011bmeck\u00e9 represe proti odchodu vysoce \u00fasp\u011b\u0161n\u00fdch lid\u00ed"},"content":{"rendered":"<div id=\"fb-root\"><\/div>\n<p><strong><span dir=\"auto\">Evropa ztr\u00e1c\u00ed sv\u00e9 \u0161pi\u010dkov\u00e9 pracovn\u00edky \u2013 a reakc\u00ed politick\u00e9 t\u0159\u00eddy nejsou reformy, ale represe. Ti, kdo odch\u00e1zej\u00ed, by m\u011bli platit. Ti, kdo z\u016fst\u00e1vaj\u00ed, by m\u011bli d\u00e1l d\u0159\u00edt a b\u00fdt finan\u010dn\u011b vy\u010derp\u00e1ni. Prost\u0159ednictv\u00edm \u201ev\u00fdstupn\u00ed dan\u011b\u201c se st\u00e1le v\u00edce vl\u00e1d v EU, v\u010detn\u011b N\u011bmecka, sna\u017e\u00ed omezit \u201edeportace\u201c.<\/span><\/strong><\/p>\n<p><span dir=\"auto\">St\u00e1le v\u00edce evropsk\u00fdch vl\u00e1d se sna\u017e\u00ed zabr\u00e1nit sv\u00fdm vysoce v\u00fdkonn\u00fdm zam\u011bstnanc\u016fm v \u00fat\u011bku do zahrani\u010d\u00ed. To je p\u0159\u00edpad i N\u011bmecka. D\u016fraz se v\u0161ak neklade na zlep\u0161ov\u00e1n\u00ed podm\u00ednek a poskytov\u00e1n\u00ed pozitivn\u00edch pob\u00eddek, ale sp\u00ed\u0161e na finan\u010dn\u00ed represi. Da\u0148\u00a0<\/span><a href=\"https:\/\/www.grantthornton.de\/themen\/wegzugsteuer\/\"><span dir=\"auto\">z odchodu<\/span><\/a><span dir=\"auto\">\u00a0m\u00e1 zt\u00ed\u017eit jejich \u00fat\u011bk ze zem\u011b. N\u011bmecko ji\u017e ka\u017edoro\u010dn\u011b opou\u0161t\u00ed statis\u00edce lid\u00ed. Nejde v\u0161ak jen o cizince vracej\u00edc\u00ed se do vlasti; roste po\u010det\u00a0<\/span><a href=\"https:\/\/archive.is\/saTp1\"><span dir=\"auto\">n\u011bmeck\u00fdch<\/span><\/a><span dir=\"auto\"> kvalifikovan\u00fdch pracovn\u00edk\u016f.<\/span><\/p>\n<p><span dir=\"auto\">D\u016fvody jsou z\u0159ejm\u00e9: neust\u00e1le rostouc\u00ed da\u0148ov\u00e9 b\u0159emeno a z\u00e1t\u011b\u017e soci\u00e1ln\u00edho zabezpe\u010den\u00ed, st\u00e1le ch\u00e1traj\u00edc\u00ed ve\u0159ejn\u00e1 infrastruktura a rostouc\u00ed omezen\u00ed. St\u00e1le m\u00e9n\u011b z toho, co firmy mus\u00ed utratit za sv\u00e9 zam\u011bstnance, se skute\u010dn\u011b dost\u00e1v\u00e1 na jejich \u00fa\u010dty. A vzhledem k tomu, jak byly systematicky ni\u010deny n\u011bmeck\u00e9 penzijn\u00ed fondy, si pravd\u011bpodobn\u011b mnoho lid\u00ed klade ot\u00e1zku, jak si mohou vytvo\u0159it dodate\u010dn\u00e9 soukrom\u00e9 rezervy, kdy\u017e jejich \u010dist\u00fd p\u0159\u00edjem kles\u00e1 oproti hrub\u00e9mu p\u0159\u00edjmu.<\/span><\/p>\n<figure class=\"wp-block-embed is-type-rich is-provider-twitter wp-block-embed-twitter\">\n<div class=\"wp-block-embed__wrapper\">\n<div class=\"twitter-tweet twitter-tweet-rendered\"><iframe id=\"twitter-widget-0\" class=\"\" title=\"X P\u0159\u00edsp\u011bvek\" src=\"https:\/\/platform.twitter.com\/embed\/Tweet.html?dnt=true&amp;embedId=twitter-widget-0&amp;features=eyJ0ZndfdGltZWxpbmVfbGlzdCI6eyJidWNrZXQiOltdLCJ2ZXJzaW9uIjpudWxsfSwidGZ3X2ZvbGxvd2VyX2NvdW50X3N1bnNldCI6eyJidWNrZXQiOnRydWUsInZlcnNpb24iOm51bGx9LCJ0ZndfdHdlZXRfZWRpdF9iYWNrZW5kIjp7ImJ1Y2tldCI6Im9uIiwidmVyc2lvbiI6bnVsbH0sInRmd19yZWZzcmNfc2Vzc2lvbiI6eyJidWNrZXQiOiJvbiIsInZlcnNpb24iOm51bGx9LCJ0ZndfZm9zbnJfc29mdF9pbnRlcnZlbnRpb25zX2VuYWJsZWQiOnsiYnVja2V0Ijoib24iLCJ2ZXJzaW9uIjpudWxsfSwidGZ3X21peGVkX21lZGlhXzE1ODk3Ijp7ImJ1Y2tldCI6InRyZWF0bWVudCIsInZlcnNpb24iOm51bGx9LCJ0ZndfZXhwZXJpbWVudHNfY29va2llX2V4cGlyYXRpb24iOnsiYnVja2V0IjoxMjA5NjAwLCJ2ZXJzaW9uIjpudWxsfSwidGZ3X3Nob3dfYmlyZHdhdGNoX3Bpdm90c19lbmFibGVkIjp7ImJ1Y2tldCI6Im9uIiwidmVyc2lvbiI6bnVsbH0sInRmd19kdXBsaWNhdGVfc2NyaWJlc190b19zZXR0aW5ncyI6eyJidWNrZXQiOiJvbiIsInZlcnNpb24iOm51bGx9LCJ0ZndfdXNlX3Byb2ZpbGVfaW1hZ2Vfc2hhcGVfZW5hYmxlZCI6eyJidWNrZXQiOiJvbiIsInZlcnNpb24iOm51bGx9LCJ0ZndfdmlkZW9faGxzX2R5bmFtaWNfbWFuaWZlc3RzXzE1MDgyIjp7ImJ1Y2tldCI6InRydWVfYml0cmF0ZSIsInZlcnNpb24iOm51bGx9LCJ0ZndfbGVnYWN5X3RpbWVsaW5lX3N1bnNldCI6eyJidWNrZXQiOnRydWUsInZlcnNpb24iOm51bGx9LCJ0ZndfdHdlZXRfZWRpdF9mcm9udGVuZCI6eyJidWNrZXQiOiJvbiIsInZlcnNpb24iOm51bGx9fQ%3D%3D&amp;frame=false&amp;hideCard=false&amp;hideThread=false&amp;id=1961743198331564107&amp;lang=cs&amp;origin=https%3A%2F%2Freport24.news%2Fwegzugsteuer-deutschlands-repressionen-gegen-die-flucht-der-leistungstraeger%2F&amp;sessionId=1458447864194611f940e9132d1ec45f47f1cbdf&amp;theme=light&amp;widgetsVersion=2615f7e52b7e0%3A1702314776716&amp;width=550px\" frameborder=\"0\" scrolling=\"no\" allowfullscreen=\"allowfullscreen\" data-tweet-id=\"1961743198331564107\" data-mce-fragment=\"1\"><\/iframe><\/div>\n<\/div>\n<\/figure>\n<p><span dir=\"auto\">\u010casto se zapom\u00edn\u00e1, \u017ee tento exodus se net\u00fdk\u00e1 jen lid\u00ed, ale i kapit\u00e1lu. Jen v roce 2023 emigrovalo p\u0159ibli\u017en\u011b 265 000 N\u011bmc\u016f, co\u017e opustilo zemi i obrovsk\u00e9 mno\u017estv\u00ed bohatstv\u00ed. Akademici, v\u00fdzkumn\u00edci, podnikatel\u00e9, digit\u00e1ln\u00ed nom\u00e1di \u2013 v\u0161ichni, kdo by mohli bohatstv\u00ed vytv\u00e1\u0159et, miz\u00ed. Nav\u00edc ka\u017ed\u00fd vysoce v\u00fdkonn\u00fd jedinec, kter\u00fd emigruje, znamen\u00e1 tak\u00e9 ztr\u00e1tu stovek tis\u00edc, ne-li v\u00edce ne\u017e milionu eur, na da\u0148ov\u00fdch a soci\u00e1ln\u00edch p\u0159\u00edjmech.<\/span><\/p>\n<p><span dir=\"auto\">Da\u0148ov\u00e9 represe nam\u00ed\u0159en\u00e9 proti t\u011bm, kte\u0159\u00ed doufaj\u00ed v lep\u0161\u00ed budoucnost v zahrani\u010d\u00ed, se jev\u00ed jako zoufal\u00fd pokus politik\u016f tuto vlnu zplo\u0161tit. D\u00e1valo by v\u011bt\u0161\u00ed smysl udr\u017eet kvalifikovan\u00e9 pracovn\u00edky v zemi vytvo\u0159en\u00edm lep\u0161\u00edch podm\u00ednek. Dokud v\u0161ak imigrace bude i nad\u00e1le p\u0159isp\u00edvat do syst\u00e9mu soci\u00e1ln\u00edho zabezpe\u010den\u00ed a t\u00edm zvy\u0161ovat finan\u010dn\u00ed z\u00e1t\u011b\u017e pro ty, kte\u0159\u00ed poskytuj\u00ed slu\u017eby, takov\u00e1 opat\u0159en\u00ed je neodrad\u00ed od toho, aby se obr\u00e1tili k N\u011bmecku (nebo Evropsk\u00e9 unii) z\u00e1dy.<\/span><\/p>\n<p><img decoding=\"async\" loading=\"lazy\" class=\"alignnone size-full wp-image-1185\" src=\"http:\/\/www.infokuryr.cz\/n\/wp-content\/uploads\/2021\/04\/kuryr-podpis.png\" alt=\"\" width=\"84\" height=\"24\" \/><\/p>\n<p><img decoding=\"async\" loading=\"lazy\" class=\"wp-image-86927 aligncenter\" src=\"http:\/\/www.infokuryr.cz\/n\/wp-content\/uploads\/2025\/09\/letak-volby-2025-konference-3-212x300.png\" alt=\"\" width=\"892\" height=\"1262\" srcset=\"https:\/\/www.infokuryr.cz\/n\/wp-content\/uploads\/2025\/09\/letak-volby-2025-konference-3-212x300.png 212w, https:\/\/www.infokuryr.cz\/n\/wp-content\/uploads\/2025\/09\/letak-volby-2025-konference-3-724x1024.png 724w, https:\/\/www.infokuryr.cz\/n\/wp-content\/uploads\/2025\/09\/letak-volby-2025-konference-3-768x1086.png 768w, https:\/\/www.infokuryr.cz\/n\/wp-content\/uploads\/2025\/09\/letak-volby-2025-konference-3-1086x1536.png 1086w, https:\/\/www.infokuryr.cz\/n\/wp-content\/uploads\/2025\/09\/letak-volby-2025-konference-3-1448x2048.png 1448w, https:\/\/www.infokuryr.cz\/n\/wp-content\/uploads\/2025\/09\/letak-volby-2025-konference-3-1024x1448.png 1024w\" sizes=\"(max-width: 892px) 100vw, 892px\" \/><\/p>\n","protected":false},"excerpt":{"rendered":"<p>Evropa ztr\u00e1c\u00ed sv\u00e9 \u0161pi\u010dkov\u00e9 pracovn\u00edky \u2013 a reakc\u00ed politick\u00e9 t\u0159\u00eddy nejsou reformy, ale represe. Ti,&#8230;<\/p>\n","protected":false},"author":2,"featured_media":88759,"comment_status":"closed","ping_status":"closed","sticky":false,"template":"","format":"standard","meta":[],"categories":[7],"tags":[936,84,3896],"_links":{"self":[{"href":"https:\/\/www.infokuryr.cz\/n\/wp-json\/wp\/v2\/posts\/88758"}],"collection":[{"href":"https:\/\/www.infokuryr.cz\/n\/wp-json\/wp\/v2\/posts"}],"about":[{"href":"https:\/\/www.infokuryr.cz\/n\/wp-json\/wp\/v2\/types\/post"}],"author":[{"embeddable":true,"href":"https:\/\/www.infokuryr.cz\/n\/wp-json\/wp\/v2\/users\/2"}],"replies":[{"embeddable":true,"href":"https:\/\/www.infokuryr.cz\/n\/wp-json\/wp\/v2\/comments?post=88758"}],"version-history":[{"count":0,"href":"https:\/\/www.infokuryr.cz\/n\/wp-json\/wp\/v2\/posts\/88758\/revisions"}],"wp:featuredmedia":[{"embeddable":true,"href":"https:\/\/www.infokuryr.cz\/n\/wp-json\/wp\/v2\/media\/88759"}],"wp:attachment":[{"href":"https:\/\/www.infokuryr.cz\/n\/wp-json\/wp\/v2\/media?parent=88758"}],"wp:term":[{"taxonomy":"category","embeddable":true,"href":"https:\/\/www.infokuryr.cz\/n\/wp-json\/wp\/v2\/categories?post=88758"},{"taxonomy":"post_tag","embeddable":true,"href":"https:\/\/www.infokuryr.cz\/n\/wp-json\/wp\/v2\/tags?post=88758"}],"curies":[{"name":"wp","href":"https:\/\/api.w.org\/{rel}","templated":true}]}}