{"id":88757,"date":"2025-09-28T00:25:54","date_gmt":"2025-09-27T22:25:54","guid":{"rendered":"https:\/\/www.infokuryr.cz\/n\/?p=88757"},"modified":"2025-09-27T13:13:05","modified_gmt":"2025-09-27T11:13:05","slug":"jana-markova-mame-tu-tak-pri-patku-potencialne-velky-a-vybusny-problem","status":"publish","type":"post","link":"https:\/\/www.infokuryr.cz\/n\/2025\/09\/28\/jana-markova-mame-tu-tak-pri-patku-potencialne-velky-a-vybusny-problem\/","title":{"rendered":"Jana Markov\u00e1: M\u00e1me tu tak p\u0159i p\u00e1tku potenci\u00e1ln\u011b velk\u00fd a v\u00fdbu\u0161n\u00fd probl\u00e9m"},"content":{"rendered":"<div id=\"fb-root\"><\/div>\n<p><strong>N\u00e1\u0161 polost\u00e1tn\u00ed \u010cEZ toti\u017e v\u00edce ne\u017e rok fungoval d\u00edky p\u016fj\u010dce, kter\u00e1 ale byla poskytnuta v rozporu s pravidly.<\/strong><\/p>\n<p>A nejedn\u00e1 se o p\u00e1r korun, ale o 3 miliardy eur, tedy p\u0159ibli\u017en\u011b 75 miliard korun. P\u016fj\u010dil mu je toti\u017e kdo? St\u00e1t!\u00a0<img decoding=\"async\" loading=\"lazy\" src=\"https:\/\/static.xx.fbcdn.net\/images\/emoji.php\/v9\/tce\/1\/16\/1f600.png\" alt=\"\ud83d\ude00\" width=\"16\" height=\"16\" \/>\u00a0A ten st\u00e1t je p\u016fj\u010dil \u010cEZu ani\u017e by o tom informoval nad\u0159\u00edzen\u00fd \u00fa\u0159ad v r\u00e1mci EU a t\u00edm se dopustil neleg\u00e1ln\u00edho jedn\u00e1n\u00ed. Inu nen\u00ed nad to, kdy\u017e si n\u011bco z EU schv\u00e1l\u00ed\u0161 a p\u0159ijme\u0161, ani\u017e v\u00ed\u0161 co.<\/p>\n<p>Ministerstvo financ\u00ed argumentuje t\u00edm, \u017ee tehdy hrozilo re\u00e1ln\u011b ohro\u017een\u00ed stability \u010cEZu. Nicm\u00e9n\u011b jak jsme si u ministerstva pod veden\u00edm Stanjury zykli, nic nen\u00ed tak jak vypad\u00e1, a tady zase n\u011bkdo d\u0159\u00edv jednal, ne\u017e myslel. \u010cEZ rozhodl o rekordn\u011b vysok\u00fdch dividend\u00e1ch pro akcion\u00e1\u0159e v dobr\u00e9 v\u00ed\u0159e, proto\u017ee spole\u010dnost m\u011bla ob\u0159\u00ed zisky a nebyl tak d\u016fvod je nevyplatit, jinak by akcion\u00e1\u0159i \u0159vali. Pak ale p\u0159i\u0161la v\u00e1lka na Ukrajin\u011b a energetick\u00e1 krize a najednou vypl\u00e1cen\u00ed dividend bylo velk\u00fd probl\u00e9m. A ministr tak p\u0159istoupil k obrovsk\u00e9 p\u016fj\u010dce, ani\u017e by ho zaj\u00edmaly d\u016fsledky. Hlavn\u011b, \u017ee americk\u00e9 d\u016fchodov\u00e9 fondy dostaly co m\u011bly. V\u0161e z na\u0161ich kapes a s ka\u017edou dal\u0161\u00ed slo\u017eenkou.<\/p>\n<p>A jeliko\u017e \u010cesko si v mezin\u00e1rodn\u00edch soudech a arbitr\u00e1\u017e\u00edch zrovna moc dob\u0159e nevede, vypad\u00e1 to, \u017ee mastn\u00e1 pokuta je u\u017e u n\u011bkoho na cest\u011b.<\/p>\n<p>A dal\u0161\u00ed v\u011bc, kter\u00e1 m\u011b znepokojuje, je to, velk\u00e1 to bude p\u00e1ka pro Brusel, jak dr\u017eet budouc\u00ed vl\u00e1du pod krkem, kdyby se moc cht\u011bla cukat ve v\u011bcech green dealu, migra\u010dn\u00edho paktu, nebo t\u0159eba \u0161m\u00edrovac\u00edho chat control. Stanjura n\u00e1m hodil na krk opr\u00e1tku a na p\u0159\u00ed\u0161t\u00ed vl\u00e1d\u011b bude, jak moc si ji nech\u00e1 ut\u00e1hnout.<\/p>\n<p>Tady je jasn\u011b vid\u011bt, \u017ee \u010cEZ m\u00e1 b\u00fdt st\u00e1tn\u00ed a \u017e\u00e1dn\u00e9 ohledy na \u017e\u00e1dn\u00e9 ciz\u00ed akcion\u00e1\u0159e se nemaj\u00ed br\u00e1t. Plat\u00edme nejdra\u017e\u0161\u00ed energie v Evrop\u011b, a je\u0161t\u011b n\u00e1m tu vl\u00e1dnou \u00fapln\u00ed neum\u011btelov\u00e9. Je\u0161t\u011b m\u011b napadlo, jestli to ov\u0161em nebyl z\u00e1m\u011br. To by asi smysl d\u00e1valo\u2026.<\/p>\n<p><a href=\"https:\/\/web.litterate.cz\/mame-tu-tak-pri-patku-potencialne-velky-a-vybusny-problem\/\">Jana Markov\u00e1<\/a><\/p>\n<p><img decoding=\"async\" loading=\"lazy\" class=\"alignnone size-full wp-image-34862\" src=\"http:\/\/www.infokuryr.cz\/n\/wp-content\/uploads\/2023\/08\/jana-markova.jpg\" alt=\"\" width=\"180\" height=\"180\" srcset=\"https:\/\/www.infokuryr.cz\/n\/wp-content\/uploads\/2023\/08\/jana-markova.jpg 180w, https:\/\/www.infokuryr.cz\/n\/wp-content\/uploads\/2023\/08\/jana-markova-150x150.jpg 150w\" sizes=\"(max-width: 180px) 100vw, 180px\" \/><\/p>\n<p><img decoding=\"async\" loading=\"lazy\" class=\"wp-image-86739 aligncenter\" src=\"http:\/\/www.infokuryr.cz\/n\/wp-content\/uploads\/2025\/08\/volby-program-211x300.png\" alt=\"\" width=\"860\" height=\"1223\" srcset=\"https:\/\/www.infokuryr.cz\/n\/wp-content\/uploads\/2025\/08\/volby-program-211x300.png 211w, https:\/\/www.infokuryr.cz\/n\/wp-content\/uploads\/2025\/08\/volby-program-721x1024.png 721w, https:\/\/www.infokuryr.cz\/n\/wp-content\/uploads\/2025\/08\/volby-program-768x1091.png 768w, https:\/\/www.infokuryr.cz\/n\/wp-content\/uploads\/2025\/08\/volby-program-1081x1536.png 1081w, https:\/\/www.infokuryr.cz\/n\/wp-content\/uploads\/2025\/08\/volby-program-1024x1455.png 1024w\" sizes=\"(max-width: 860px) 100vw, 860px\" \/><\/p>\n","protected":false},"excerpt":{"rendered":"<p>N\u00e1\u0161 polost\u00e1tn\u00ed \u010cEZ toti\u017e v\u00edce ne\u017e rok fungoval d\u00edky p\u016fj\u010dce, kter\u00e1 ale byla poskytnuta v&#8230;<\/p>\n","protected":false},"author":2,"featured_media":85261,"comment_status":"closed","ping_status":"closed","sticky":false,"template":"","format":"standard","meta":[],"categories":[6],"tags":[1298,285,460,99],"_links":{"self":[{"href":"https:\/\/www.infokuryr.cz\/n\/wp-json\/wp\/v2\/posts\/88757"}],"collection":[{"href":"https:\/\/www.infokuryr.cz\/n\/wp-json\/wp\/v2\/posts"}],"about":[{"href":"https:\/\/www.infokuryr.cz\/n\/wp-json\/wp\/v2\/types\/post"}],"author":[{"embeddable":true,"href":"https:\/\/www.infokuryr.cz\/n\/wp-json\/wp\/v2\/users\/2"}],"replies":[{"embeddable":true,"href":"https:\/\/www.infokuryr.cz\/n\/wp-json\/wp\/v2\/comments?post=88757"}],"version-history":[{"count":0,"href":"https:\/\/www.infokuryr.cz\/n\/wp-json\/wp\/v2\/posts\/88757\/revisions"}],"wp:featuredmedia":[{"embeddable":true,"href":"https:\/\/www.infokuryr.cz\/n\/wp-json\/wp\/v2\/media\/85261"}],"wp:attachment":[{"href":"https:\/\/www.infokuryr.cz\/n\/wp-json\/wp\/v2\/media?parent=88757"}],"wp:term":[{"taxonomy":"category","embeddable":true,"href":"https:\/\/www.infokuryr.cz\/n\/wp-json\/wp\/v2\/categories?post=88757"},{"taxonomy":"post_tag","embeddable":true,"href":"https:\/\/www.infokuryr.cz\/n\/wp-json\/wp\/v2\/tags?post=88757"}],"curies":[{"name":"wp","href":"https:\/\/api.w.org\/{rel}","templated":true}]}}