{"id":88755,"date":"2025-09-28T00:22:11","date_gmt":"2025-09-27T22:22:11","guid":{"rendered":"https:\/\/www.infokuryr.cz\/n\/?p=88755"},"modified":"2025-09-27T13:06:59","modified_gmt":"2025-09-27T11:06:59","slug":"jedinecna-generace-ktera-se-prizpusobila-zmene-nasi-rodice-prarodice-a-mozna-i-my","status":"publish","type":"post","link":"https:\/\/www.infokuryr.cz\/n\/2025\/09\/28\/jedinecna-generace-ktera-se-prizpusobila-zmene-nasi-rodice-prarodice-a-mozna-i-my\/","title":{"rendered":"Jedine\u010dn\u00e1 generace, kter\u00e1 se p\u0159izp\u016fsobila zm\u011bn\u011b. Na\u0161i rodi\u010de, prarodi\u010de a mo\u017en\u00e1 i my"},"content":{"rendered":"<div id=\"fb-root\"><\/div>\n<p>Mnoho jich u\u017e zem\u0159elo a t\u011bm, kte\u0159\u00ed jsou st\u00e1le zde, se \u0159\u00edk\u00e1 ti \u201estar\u0161\u00ed\u201c.\u00a0<strong>Narodili se ve 40-50-60 letech<\/strong>. Vyr\u016fstali v 50-60-70 letech. Studovali v 60-70-80 letech. Pro\u017eili spolu 70-80-90 l\u00e9ta. Vdaly, o\u017eenili se a objevovali sv\u011bt, v 70-80-90 letech. Za\u017eili dobrodru\u017estv\u00ed 80-90 let.<\/p>\n<p>P\u0159ehoupli se do roku 2000. V roce 2010 byli u\u017e ti \u201emoud\u0159ej\u0161\u00ed\u201c. A v roce 2020 \u0161li d\u00e1l.<span id=\"more-60422\"><\/span><\/p>\n<p>Uk\u00e1zalo se, pro\u0161li OSMI r\u016fzn\u00fdmi desetilet\u00edmi\u2026<\/p>\n<p>DV\u011a r\u016fzn\u00e1 stolet\u00ed\u2026<\/p>\n<p>DV\u011a r\u016fzn\u00e1 tis\u00edcilet\u00ed\u2026<\/p>\n<p>P\u0159e\u0161li od telefonu s oper\u00e1torem pro d\u00e1lkov\u00e9 hovory a placen\u00fdch telefonn\u00edch budek, k videohovor\u016fm po cel\u00e9m sv\u011bt\u011b.<\/p>\n<p>P\u0159e\u0161li od \u010dernob\u00edl\u00fdch sn\u00edmk\u016f k YouTube, od vinyl\u016f k online hudb\u011b, od ru\u010dn\u011b psan\u00fdch dopis\u016f na e-maily a WhatsApp.<\/p>\n<p>Od \u017eiv\u00fdch her v r\u00e1diu a \u010dernob\u00edl\u00e9 televize, k barevn\u00e9 a pot\u00e9 k HD 3D.<\/p>\n<p>Chodili do videop\u016fj\u010dovny a te\u010f se d\u00edvaj\u00ed na Netflix.<\/p>\n<p>Poznali prvn\u00ed po\u010d\u00edta\u010de, d\u011brn\u00e9 \u0161t\u00edtky, magnetofonov\u00e9 p\u00e1sky, disky a te\u010f maj\u00ed gigabajty a megabajty v chytr\u00fdch telefonech.<\/p>\n<p>Cel\u00e9 d\u011btstv\u00ed nosili kra\u0165asy, potom kalhoty do zvonu a minisukn\u011b, boty na jehl\u00e1ch i na platform\u011b, kombin\u00e9zy a modr\u00e9 d\u017e\u00edny.<\/p>\n<p>Vyhnuli se d\u011btsk\u00e9 paral\u00fdze, meningitid\u011b, obrn\u011b, tuberkul\u00f3ze, prase\u010d\u00ed ch\u0159ipce.<\/p>\n<p>M\u011bli prvn\u00ed kole\u010dkov\u00e9 brusle se 4 kole\u010dky, t\u0159\u00edkolku, kolo, moped, auto na benz\u00edn nebo naftu a te\u010f jezd\u00ed hybridy nebo elektrick\u00fdmi auty.<\/p>\n<p>Hr\u00e1li \u010dlov\u011b\u010de nezlob se, \u0161achy, d\u00e1mu, pr\u0161\u00ed, kuli\u010dky a monopoly.<\/p>\n<p>Te\u010f je tady candy crush na jejich smartphonech.<\/p>\n<p>Hodn\u011b \u010detli.<\/p>\n<p>Tancovali na z\u00e1bav\u00e1ch a diskot\u00e9k\u00e1ch.<\/p>\n<p>Jezdili na \u010dundry, na chmel, na brambory a venku si pekli bu\u0159ty na klacku.<\/p>\n<p>N\u00e1bo\u017eenstv\u00ed spolu\u017e\u00e1k\u016f nebylo p\u0159edm\u011btem jejich spor\u016f a diskuz\u00ed.<\/p>\n<p>Pili vodu ze studny a z kohoutku, limon\u00e1du ze sklen\u011bn\u00fdch lahv\u00ed. Zeleninu a ovoce na tal\u00ed\u0159i m\u011bli v\u017edy \u010derstvou.<\/p>\n<p><strong>Ano, hodn\u011b toho za\u017eili, ale jak\u00fd kr\u00e1sn\u00fd \u017eivot m\u011bli!<\/strong><\/p>\n<p><strong>Mohli bychom je popsat jako \u201eb\u00fdval\u00e9 ro\u010dn\u00edky\u201c, lidi, kte\u0159\u00ed se narodili v 40-50-60 letech, kte\u0159\u00ed m\u011bli analogov\u00e9 d\u011btstv\u00ed a digit\u00e1ln\u00ed dosp\u011blost.<\/strong><\/p>\n<p>M\u011bli bychom mluvit o biologick\u00e9 revoluci.<\/p>\n<p>Byli sv\u011bdky ud\u00e1losti molekul\u00e1rn\u00ed biologie: byly objeveny molekuly \u017eivota DNA, RNA atd.<\/p>\n<p>Kdy\u017e vid\u00edte v\u0161e, co z toho vze\u0161lo: genov\u00e1 terapie, genov\u00e9 otisky prst\u016f a jin\u00e9, tak pokrok je ohromuj\u00edc\u00ed!<\/p>\n<p>Tak n\u011bjak ONI \u201evid\u011bli v\u0161echno\u201c!<\/p>\n<p>Tato generace doslova \u017eila a byla sv\u011bdkem daleko v\u00edce, ne\u017e jak\u00e1koliv jin\u00e1 v ka\u017ed\u00e9 dimenzi \u017eivota.<\/p>\n<p>Je to generace, kter\u00e1 se doslova p\u0159izp\u016fsobila \u201eZM\u011aN\u011a\u201c.<\/p>\n<p>Velk\u00e1 gratulace t\u00e9to velmi speci\u00e1ln\u00ed generaci, kter\u00e1 nav\u017edy z\u016fstane JEDINE\u010cN\u00c1.<\/p>\n<p>Jsou to na\u0161i rodi\u010de, prarodi\u010de a mo\u017en\u00e1 i my. [<a href=\"https:\/\/www.facebook.com\/dasa.danadova\/posts\/3243631779118594\" target=\"_blank\" rel=\"noopener\">zdroj<\/a>]<\/p>\n<p><span style=\"font-size: 10pt;\"><a href=\"https:\/\/www.nespokojeny.cz\/jedinecna-generace-ktera-se-prizpusobila-zmene-nasi-rodice-prarodice-a-mozna-i-my\/\">NESPOKOJEN\u00dd<\/a><\/span><\/p>\n<p><img decoding=\"async\" loading=\"lazy\" class=\"wp-image-86739 aligncenter\" src=\"http:\/\/www.infokuryr.cz\/n\/wp-content\/uploads\/2025\/08\/volby-program-211x300.png\" alt=\"\" width=\"855\" height=\"1216\" srcset=\"https:\/\/www.infokuryr.cz\/n\/wp-content\/uploads\/2025\/08\/volby-program-211x300.png 211w, https:\/\/www.infokuryr.cz\/n\/wp-content\/uploads\/2025\/08\/volby-program-721x1024.png 721w, https:\/\/www.infokuryr.cz\/n\/wp-content\/uploads\/2025\/08\/volby-program-768x1091.png 768w, https:\/\/www.infokuryr.cz\/n\/wp-content\/uploads\/2025\/08\/volby-program-1081x1536.png 1081w, https:\/\/www.infokuryr.cz\/n\/wp-content\/uploads\/2025\/08\/volby-program-1024x1455.png 1024w\" sizes=\"(max-width: 855px) 100vw, 855px\" \/><\/p>\n","protected":false},"excerpt":{"rendered":"<p>Mnoho jich u\u017e zem\u0159elo a t\u011bm, kte\u0159\u00ed jsou st\u00e1le zde, se \u0159\u00edk\u00e1 ti \u201estar\u0161\u00ed\u201c.\u00a0Narodili se&#8230;<\/p>\n","protected":false},"author":2,"featured_media":88756,"comment_status":"closed","ping_status":"closed","sticky":false,"template":"","format":"standard","meta":[],"categories":[6],"tags":[591,1503,9820,1107],"_links":{"self":[{"href":"https:\/\/www.infokuryr.cz\/n\/wp-json\/wp\/v2\/posts\/88755"}],"collection":[{"href":"https:\/\/www.infokuryr.cz\/n\/wp-json\/wp\/v2\/posts"}],"about":[{"href":"https:\/\/www.infokuryr.cz\/n\/wp-json\/wp\/v2\/types\/post"}],"author":[{"embeddable":true,"href":"https:\/\/www.infokuryr.cz\/n\/wp-json\/wp\/v2\/users\/2"}],"replies":[{"embeddable":true,"href":"https:\/\/www.infokuryr.cz\/n\/wp-json\/wp\/v2\/comments?post=88755"}],"version-history":[{"count":0,"href":"https:\/\/www.infokuryr.cz\/n\/wp-json\/wp\/v2\/posts\/88755\/revisions"}],"wp:featuredmedia":[{"embeddable":true,"href":"https:\/\/www.infokuryr.cz\/n\/wp-json\/wp\/v2\/media\/88756"}],"wp:attachment":[{"href":"https:\/\/www.infokuryr.cz\/n\/wp-json\/wp\/v2\/media?parent=88755"}],"wp:term":[{"taxonomy":"category","embeddable":true,"href":"https:\/\/www.infokuryr.cz\/n\/wp-json\/wp\/v2\/categories?post=88755"},{"taxonomy":"post_tag","embeddable":true,"href":"https:\/\/www.infokuryr.cz\/n\/wp-json\/wp\/v2\/tags?post=88755"}],"curies":[{"name":"wp","href":"https:\/\/api.w.org\/{rel}","templated":true}]}}