{"id":88751,"date":"2025-09-28T00:16:47","date_gmt":"2025-09-27T22:16:47","guid":{"rendered":"https:\/\/www.infokuryr.cz\/n\/?p=88751"},"modified":"2025-09-27T12:45:41","modified_gmt":"2025-09-27T10:45:41","slug":"jindrich-kulhavy-to-je-vrazda","status":"publish","type":"post","link":"https:\/\/www.infokuryr.cz\/n\/2025\/09\/28\/jindrich-kulhavy-to-je-vrazda\/","title":{"rendered":"Jind\u0159ich Kulhav\u00fd: To je vra\u017eda"},"content":{"rendered":"<div id=\"fb-root\"><\/div>\n<p><span class=\"anotation\">P\u00e1r dn\u00ed p\u0159ed volbami je na politick\u00e9 sc\u00e9n\u011b hodn\u011b horko. STAN mus\u00ed odol\u00e1vat vy\u0161et\u0159ov\u00e1n\u00ed kolem Dozimetru a minim\u00e1ln\u011b o dva t\u00fddny jim vyml\u010dov\u00e1n\u00ed obrovsk\u00e9ho pr\u016f\u0161vihu jaksi nevy\u0161lo. Mus\u00ed b\u00fdt na\u0161tvan\u00ed na dal\u0161\u00edho spolupracuj\u00edc\u00edho ochotn\u00e9ho mluvit za p\u0159\u00edslib ni\u017e\u0161\u00edho trestu. Rozkl\u00ed\u010dov\u00e1n\u00ed cel\u00e9ho p\u0159\u00edpadu je tak jednodu\u0161\u0161\u00ed a nesporn\u00fd vliv na celou kauzu ze strany Raku\u0161ana se stal zjevn\u00fdm natolik, \u017ee SPD i Rajchl logicky po\u017eaduj\u00ed, aby dopad na STAN byl fat\u00e1ln\u00ed. Pokud n\u011bkdo bude volit tuto zlo\u010dineckou organizaci financovanou mafi\u00e1nsk\u00fdmi strukturami, pak je evidentn\u00ed, \u017ee se \u010ce\u0161i zbl\u00e1znili.<\/span><\/p>\n<div id=\"pagetext\">\n<p>\u00a0 Uji\u0161\u0165ov\u00e1n\u00ed Farsk\u00e9ho, Jakoba \u010di Nerudov\u00e9, \u017ee v tom nikdo ze STAN nejede, je nesmysl. Jestli\u017ee strana byla placena z \u00faplatk\u016f, jejich\u017e vznik byl jasn\u011b pl\u00e1nov\u00e1n, pen\u00edze dop\u0159edu rozd\u011blov\u00e1ny a z\u00e1m\u011br byl nastaven formou procent p\u0159edur\u010den\u00fdch na fungov\u00e1n\u00ed politick\u00e9ho subjektu, k osobn\u00ed pot\u0159eb\u011b z\u00fa\u010dastn\u011bn\u00fdch a ke korupci st\u00e1tn\u00edch zam\u011bstnanc\u016f a mana\u017eer\u016f, pak nev\u00edme, co tu \u0159e\u0161\u00edme. T\u00edm je bezprecedentn\u011b vysv\u011btleno pou\u017e\u00edv\u00e1n\u00ed \u0161ifrovan\u00fdch telefon\u016f, o jejich\u017e existenci se dlouhodob\u011b v\u00ed a jeden vlastnil i ministr vnitra a p\u0159edseda STAN Raku\u0161an. Tento \u010dlov\u011bk m\u011bl b\u00fdt vzat po schv\u00e1len\u00ed Sn\u011bmovnou okam\u017eit\u011b na vazbu. Nen\u00ed-li tomu tak, pak na\u0161e politick\u00e1 sc\u00e9na p\u0159ipom\u00edn\u00e1 Sic\u00edlii v dob\u011b nejv\u011bt\u0161\u00ed sl\u00e1vy tamn\u00edch kmotr\u016f. Ostatn\u011b i tam um\u00edrali nepohodln\u00ed sv\u011bdci.<\/p>\n<p>Abychom neobvi\u0148ovali jen STAN, zapom\u00edn\u00e1 se na Kampeli\u010dku, v n\u00ed\u017e se pro zm\u011bnu zase koupal premi\u00e9r Fiala. N\u011bkdo by se k\u00a0n\u00ed m\u011bl vr\u00e1tit a \u0159\u00edct n\u00e1m, jak to s\u00a0touto pra\u010dkou pen\u011bz ve skute\u010dnosti bylo a kolik milion\u016f z\u00a0t\u011bch v\u00a0hotovosti vybran\u00fdch kde skon\u010dilo. Pokud n\u011bkoho uspokojilo uji\u0161t\u011bn\u00ed prolhan\u00e9ho premi\u00e9ra, \u017ee v\u00a0n\u00ed m\u011bl sice milion, ale zapomn\u011bl na n\u011bj, p\u0159i\u010dem\u017e i v\u00a0tomto p\u0159\u00edpadu um\u00edrali lid\u00e9 bl\u00edzc\u00ed k\u00a0proces\u016fm prob\u00edhaj\u00edc\u00edm v\u00a0zm\u00edn\u011bn\u00e9m finan\u010dn\u00edm \u00fastavu, pak n\u011bco op\u011bt nen\u00ed v\u00a0po\u0159\u00e1dku. P\u0159ed volbami byla Kampeli\u010dka op\u011bt vyml\u010dena, a to i m\u00e9dii. Je evidentn\u00ed, \u017ee ODS to m\u00e1 zm\u00e1knut\u00e9 cel\u00e9 v\u00edce ne\u017e STAN, kter\u00fdm to ticho o 14 dn\u00ed prost\u011b nevy\u0161lo. Pravdou je, \u017ee kolem Fialy a ODS je kauz mnohem v\u00edce a podez\u0159ele utracen\u00fdch milion\u016f tak\u00e9, nicm\u00e9n\u011b d\u016fle\u017eit\u00e9 bude i pozd\u011bj\u0161\u00ed rozkl\u00ed\u010dov\u00e1n\u00ed zad\u00e1v\u00e1n\u00ed zak\u00e1zek a prov\u00e1d\u011bn\u00ed n\u00e1kup\u016f Ministerstvem obrany. \u010clenka ODS \u010cernochov\u00e1 je a\u017e podez\u0159ele nespo\u0159iv\u00e1 a oproti Kampeli\u010dce v\u00a0t\u011bchto transakc\u00edch miz\u00ed skute\u010dn\u011b vy\u0161\u0161\u00ed \u010d\u00edslo miliard korun. K\u00a0tomu se dostane a\u017e p\u0159\u00ed\u0161t\u00ed vl\u00e1da a je d\u016fle\u017eit\u00e9, aby se t\u00edm n\u011bkdo za\u010dal zaob\u00edrat.<\/p>\n<p>P\u0159esto za nejv\u011bt\u0161\u00ed politickou vra\u017edu pova\u017eujeme\u00a0 koncem tohoto t\u00fddne polorozpad strany PRO. Osobn\u00ed ambice n\u011bkter\u00fdch \u010deln\u00edch p\u0159edstavitel\u016f strany veden\u00e9 Jind\u0159ichem Rajchlem vzaly za sv\u00e9 a t\u00fdden p\u0159ed volbami tito lid\u00e9 stranu teatr\u00e1ln\u011b opustili. Vnitrostranick\u00e9 boje vyvrcholili t\u00fdden p\u0159ed volbami a po\u0161kodili v\u0161e, co dosud PRO znamenala. Jist\u011b, spojili se s\u00a0SPD, kde u\u017e jsou zainteresov\u00e1ni i Svobodn\u00ed a Trikolora, ale je t\u0159eba si uv\u011bdomit, \u017ee to je pr\u00e1v\u011b SPD, kdo nese dlouhodob\u011b na bedrech pozici hlavn\u00edho protiliber\u00e1ln\u00edho oponenta. Svobodn\u00ed, Trikol\u00f3ra a PRO m\u011bli v\u00a0posledn\u00edch volb\u00e1ch volebn\u00ed potenci\u00e1l kolem 2% a jejich p\u0159\u00ednos tak jednotliv\u011b k\u00a0pos\u00edlen\u00ed SPD nen\u00ed nijak omra\u010duj\u00edc\u00ed. Myslet si, \u017ee by se p\u0159edstavitel\u00e9 PRO dostali na \u010deln\u00ed m\u00edsta spole\u010dn\u00e9 kandid\u00e1tky by bylo naivn\u00ed, dokonce i samotn\u00e9 za\u0159azen\u00ed na n\u011b by bylo usp\u011bchan\u00e9. V\u00a0politice je mnoh\u00e9 o trp\u011blivosti a jist\u00e9m kompromisu. V\u0161e se mus\u00ed budovat odzdola, co\u017e p\u0159i vstupu do politiky mus\u00edte prost\u011b vn\u00edmat. Je li to obr\u00e1cen\u011b, dopadne to jako u Realist\u016f, V\u011bc\u00ed ve\u0159ejn\u00fdch \u010di u Trikolory, kde p\u016fvodn\u00ed nad\u0161en\u00ed p\u0159e\u0161lo v\u00a0roz\u010darov\u00e1n\u00ed a odchodu hlavn\u00edho l\u00eddra a n\u00e1sledn\u011b i dal\u0161\u00edch hr\u00e1\u010d\u016f maj\u00edc\u00edch v\u00a0nad\u011bjn\u00e9m projektu vysok\u00e9 pozice. Podobn\u011b Gregor ode\u0161el od Svobodn\u00fdch, Robej\u0161ek skon\u010dil v\u00a0ji\u017e neexistuj\u00edc\u00edch Realistech a pokra\u010dovat by se dalo i d\u00e1le.<\/p>\n<p>Ch\u00e1peme, \u017ee v\u00a0PRO prob\u00edhaly vnitrostranick\u00e9 boje a n\u011bkte\u0159\u00ed lid\u00e9, kte\u0159\u00ed vzniku strany v\u011bnovali \u010das i energii, po\u017eadovali v\u011bt\u0161\u00ed \u00factu i ocen\u011bn\u00ed p\u0159i vzniku kandid\u00e1tek. Je t\u0159eba jim \u0159\u00edct, \u017ee n\u011bco podobn\u00e9ho prob\u00edh\u00e1 del\u0161\u00ed dobu a o\u010dek\u00e1vat po \u010dty\u0159ech letech pr\u00e1ce, \u017ee si sednou do Sn\u011bmovny \u010di na ministerstva je nere\u00e1ln\u00e9. Takov\u00e1 cesta b\u00fdv\u00e1 del\u0161\u00ed. I proto se na v\u011bt\u0161in\u011b d\u016fle\u017eit\u00fdch post\u016f vyskytuj\u00ed star\u0161\u00ed a zku\u0161en\u011bj\u0161\u00ed politici. Neberme za p\u0159\u00edklad Richterovou, Pekarovou Adamovou, Gregorovou a jim podobn\u00e9, proto\u017ee jde o v\u00fdjimky a nechceme spekulovat, co je posunulo do vysok\u00e9 politiky ve zkr\u00e1cen\u00e9m \u0159\u00edzen\u00ed. B\u011b\u017en\u011b na svou p\u0159\u00edle\u017eitost \u010dek\u00e1te mnohem d\u00e9le.<\/p>\n<p>Zab\u00edt stranu, kter\u00e9 jste v\u011bnovali energii, t\u00fdden p\u0159ed volbami, je tak uk\u00e1zkou nedosp\u011blosti, neschopnosti politicky uva\u017eovat a zbab\u011blosti. Rajchl je tv\u00e1\u0159\u00ed strany, asi st\u00e1l u jej\u00edho zrodu a ud\u011blal mnoh\u00e9 pro jej\u00ed existenci, je sv\u00fdm zp\u016fsobem osobnost\u00ed a mo\u017en\u00e1 i vnitrostranick\u00fdm dikt\u00e1torem, ale tak to prost\u011b b\u00fdv\u00e1. Jak \u0159\u00edk\u00e1me, v\u0161e m\u00e1 sv\u016fj \u010das. Rychle zbohatnout, politicky vyst\u0159elit a uspokojit ambice je snem v\u011bt\u0161iny z\u00a0t\u011bch, kte\u0159\u00ed se do politiky vrhnuli. Kdy\u017e pozn\u00e1te prost\u0159ed\u00ed, bu\u010f na to \u017ealudek m\u00e1te, nebo rad\u0161i skon\u010d\u00edte. Ov\u0161em hned, ne zp\u016fsobem, kter\u00fd jsme u Trikolory, PRO i jinde za\u017eili. A t\u00fdden p\u0159ed volbami? To nen\u00ed odchod ze strany, to je demonstrace marnosti a malichernosti. Pomsta. Jen\u017ee to m\u016f\u017ee po\u0161kodit i SPD, kter\u00e1 proti liberalismu bojuje u\u017e n\u011bkolik volebn\u00edch obdob\u00ed. Za mne jde tedy o ve\u0161 nasazenou do sv\u00e9ho ko\u017eichu, p\u0159ed kterou se m\u011bla SPD chr\u00e1nit a v\u010das nebezpe\u010d\u00ed rozkl\u00ed\u010dovat.<\/p>\n<p><a href=\"https:\/\/www.inadhled.live\/zajimavosti\/to-je-vrazda\/\">Jind\u0159ich Kulhav\u00fd<\/a><\/p>\n<p><img decoding=\"async\" loading=\"lazy\" class=\"alignnone size-full wp-image-48136\" src=\"http:\/\/www.infokuryr.cz\/n\/wp-content\/uploads\/2024\/02\/kulhavy-jindrich.jpg\" alt=\"\" width=\"219\" height=\"221\" srcset=\"https:\/\/www.infokuryr.cz\/n\/wp-content\/uploads\/2024\/02\/kulhavy-jindrich.jpg 219w, https:\/\/www.infokuryr.cz\/n\/wp-content\/uploads\/2024\/02\/kulhavy-jindrich-150x150.jpg 150w\" sizes=\"(max-width: 219px) 100vw, 219px\" \/><\/p>\n<p><img decoding=\"async\" loading=\"lazy\" class=\"wp-image-86739 aligncenter\" src=\"http:\/\/www.infokuryr.cz\/n\/wp-content\/uploads\/2025\/08\/volby-program-211x300.png\" alt=\"\" width=\"930\" height=\"1322\" srcset=\"https:\/\/www.infokuryr.cz\/n\/wp-content\/uploads\/2025\/08\/volby-program-211x300.png 211w, https:\/\/www.infokuryr.cz\/n\/wp-content\/uploads\/2025\/08\/volby-program-721x1024.png 721w, https:\/\/www.infokuryr.cz\/n\/wp-content\/uploads\/2025\/08\/volby-program-768x1091.png 768w, https:\/\/www.infokuryr.cz\/n\/wp-content\/uploads\/2025\/08\/volby-program-1081x1536.png 1081w, https:\/\/www.infokuryr.cz\/n\/wp-content\/uploads\/2025\/08\/volby-program-1442x2048.png 1442w, https:\/\/www.infokuryr.cz\/n\/wp-content\/uploads\/2025\/08\/volby-program-1024x1455.png 1024w\" sizes=\"(max-width: 930px) 100vw, 930px\" \/><\/p>\n<\/div>\n","protected":false},"excerpt":{"rendered":"<p>P\u00e1r dn\u00ed p\u0159ed volbami je na politick\u00e9 sc\u00e9n\u011b hodn\u011b horko. STAN mus\u00ed odol\u00e1vat vy\u0161et\u0159ov\u00e1n\u00ed kolem&#8230;<\/p>\n","protected":false},"author":2,"featured_media":88752,"comment_status":"closed","ping_status":"closed","sticky":false,"template":"","format":"standard","meta":[],"categories":[6],"tags":[2992,1503,122,2663,176,424,1483],"_links":{"self":[{"href":"https:\/\/www.infokuryr.cz\/n\/wp-json\/wp\/v2\/posts\/88751"}],"collection":[{"href":"https:\/\/www.infokuryr.cz\/n\/wp-json\/wp\/v2\/posts"}],"about":[{"href":"https:\/\/www.infokuryr.cz\/n\/wp-json\/wp\/v2\/types\/post"}],"author":[{"embeddable":true,"href":"https:\/\/www.infokuryr.cz\/n\/wp-json\/wp\/v2\/users\/2"}],"replies":[{"embeddable":true,"href":"https:\/\/www.infokuryr.cz\/n\/wp-json\/wp\/v2\/comments?post=88751"}],"version-history":[{"count":0,"href":"https:\/\/www.infokuryr.cz\/n\/wp-json\/wp\/v2\/posts\/88751\/revisions"}],"wp:featuredmedia":[{"embeddable":true,"href":"https:\/\/www.infokuryr.cz\/n\/wp-json\/wp\/v2\/media\/88752"}],"wp:attachment":[{"href":"https:\/\/www.infokuryr.cz\/n\/wp-json\/wp\/v2\/media?parent=88751"}],"wp:term":[{"taxonomy":"category","embeddable":true,"href":"https:\/\/www.infokuryr.cz\/n\/wp-json\/wp\/v2\/categories?post=88751"},{"taxonomy":"post_tag","embeddable":true,"href":"https:\/\/www.infokuryr.cz\/n\/wp-json\/wp\/v2\/tags?post=88751"}],"curies":[{"name":"wp","href":"https:\/\/api.w.org\/{rel}","templated":true}]}}