{"id":88740,"date":"2025-09-28T00:21:40","date_gmt":"2025-09-27T22:21:40","guid":{"rendered":"https:\/\/www.infokuryr.cz\/n\/?p=88740"},"modified":"2025-09-27T13:07:35","modified_gmt":"2025-09-27T11:07:35","slug":"proc-je-izrael-ohrozen-palestinskou-samospravou","status":"publish","type":"post","link":"https:\/\/www.infokuryr.cz\/n\/2025\/09\/28\/proc-je-izrael-ohrozen-palestinskou-samospravou\/","title":{"rendered":"Pro\u010d je Izrael ohro\u017een palestinskou samospr\u00e1vou"},"content":{"rendered":"<div id=\"fb-root\"><\/div>\n<p><strong>Palestinsk\u00e1 samospr\u00e1va je kritizov\u00e1na za napom\u00e1h\u00e1n\u00ed izraelsk\u00e9 okupaci, a p\u0159esto izrael\u0161t\u00ed v\u016fdci hroz\u00ed jej\u00edm zru\u0161en\u00edm. Je to proto, \u017ee i jej\u00ed z\u00e1kladn\u00ed snaha o uzn\u00e1n\u00ed jako st\u00e1tu zpochyb\u0148uje izraelsk\u00fd koloni\u00e1ln\u00ed projekt.<\/strong><\/p>\n<p><span dir=\"auto\">Nen\u00ed \u017e\u00e1dnou novinkou, \u017ee se Palestinsk\u00e1 samospr\u00e1va (PA) nach\u00e1z\u00ed v hlubok\u00e9 krizi, kter\u00e1 je z velk\u00e9 \u010d\u00e1sti zp\u016fsobena izraelskou politikou ekonomick\u00e9ho \u0161krcen\u00ed. Izraelsk\u00e1 vl\u00e1da blokuje celn\u00ed p\u0159\u00edjmy PA, co\u017e st\u00e1le v\u00edce zt\u011b\u017euje fungov\u00e1n\u00ed ve\u0159ejn\u00fdch slu\u017eeb, bezpe\u010dnosti a vlastn\u00ed byrokracie. Izraelsk\u00fd nekompromisn\u00ed ministr financ\u00ed Becalel Smotrich hroz\u00ed, \u017ee neobnov\u00ed z\u00e1ruku, kter\u00e1 izraelsk\u00fdm bank\u00e1m umo\u017e\u0148uje obchodovat s palestinsk\u00fdmi bankami, a pokud ji provede, vyvol\u00e1 to kolaps palestinsk\u00e9ho bankovn\u00edho sektoru a mo\u017en\u00e1 i samotn\u00e9 PA.<\/span><\/p>\n<p><span dir=\"auto\">Pak jsou tu izraelsk\u00e9 drz\u00e9 vojensk\u00e9 razie do oblast\u00ed spravovan\u00fdch Palestinskou samospr\u00e1vou,\u00a0<\/span><a href=\"https:\/\/mondoweiss.net\/2025\/08\/israeli-army-injures-24-palestinians-during-the-largest-raid-on-ramallah-in-years\/\"><span dir=\"auto\">rabov\u00e1n\u00ed sm\u011bn\u00e1ren<\/span><\/a><span dir=\"auto\">\u00a0a zat\u00fdk\u00e1n\u00ed stovek Palestinc\u016f, ne\u017e\u00a0<\/span><a href=\"https:\/\/mondoweiss.net\/2025\/09\/in-display-of-humiliation-israeli-army-detains-over-1000-palestinians-at-random-in-west-bank-city\/\"><span dir=\"auto\">je provede ulicemi<\/span><\/a><span dir=\"auto\">\u00a0p\u0159ed velitelstv\u00edm bezpe\u010dnostn\u00edch sil Palestinsk\u00e9 samospr\u00e1vy.<\/span><\/p>\n<p><span dir=\"auto\">Izraelsk\u00e1 vl\u00e1da dokonce obnovila diskusi o my\u0161lence z\u0159\u00edzen\u00ed m\u00edstn\u00edho kmenov\u00e9ho\u00a0<\/span><a href=\"https:\/\/mondoweiss.net\/2025\/07\/how-the-wall-street-journal-fell-for-the-trap-of-the-hebron-emirate\/\"><span dir=\"auto\">\u201eemir\u00e1tu\u201c v Hebronu<\/span><\/a><span dir=\"auto\"> nam\u00edsto PA jako p\u0159edehry k tomu, aby se tot\u00e9\u017e stalo i jinde na Z\u00e1padn\u00edm b\u0159ehu Jord\u00e1nu, kter\u00fd Izrael signalizoval, \u017ee pl\u00e1nuje anektovat. Izrael\u0161t\u00ed politici otev\u0159en\u011b obvi\u0148uj\u00ed PA z \u201epodpory terorismu\u201c t\u00edm, \u017ee poskytuje platy rodin\u00e1m palestinsk\u00fdch v\u011bz\u0148\u016f a Palestinc\u016f zabit\u00fdch Izraelem, a naz\u00fdvaj\u00ed to politikou \u201eplatby za zabit\u00ed\u201c. Toto obvin\u011bn\u00ed se opakuje i pot\u00e9, co PA v \u00fanoru lo\u0148sk\u00e9ho roku ukon\u010dila sv\u016fj program soci\u00e1ln\u00ed pomoci pro rodiny palestinsk\u00fdch v\u011bz\u0148\u016f.<\/span><\/p>\n<p><span dir=\"auto\">V\u0161echna tato opat\u0159en\u00ed p\u0159irozen\u011b p\u0159im\u011bla Palestince k \u00favah\u00e1m, zda Izrael hodl\u00e1 dotla\u010dit Palestinskou spr\u00e1vu k z\u00e1niku, a usoudila, \u017ee takov\u00e1 eventualita dokonale odpov\u00edd\u00e1 izraelsk\u00e9mu explicitn\u00edmu\u00a0<\/span><a href=\"https:\/\/mondoweiss.net\/2025\/09\/the-new-israeli-map-proposing-to-annex-80-of-the-west-bank-explained\/\"><span dir=\"auto\">pl\u00e1nu anektovat Z\u00e1padn\u00ed b\u0159eh Jord\u00e1nu<\/span><\/a><span dir=\"auto\">\u00a0a eticky o\u010distit p\u00e1smo Gazy.\u00a0<\/span><\/p>\n<p><span dir=\"auto\">Palestinsk\u00e1 samospr\u00e1va se v\u0161ak nespol\u00e9h\u00e1 jen na svou vlastn\u00ed neochv\u011bjnost a odhodl\u00e1n\u00ed. Palestinsk\u00e1 samospr\u00e1va nem\u00e1 hranice a chyb\u00ed j\u00ed jak\u00e1koli vojensk\u00e1 s\u00edla schopn\u00e1 br\u00e1nit jej\u00ed existenci. Jej\u00ed bezpe\u010dnostn\u00ed s\u00edly jsou regulov\u00e1ny USA se souhlasem Izraele a jsou povinny pokra\u010dovat v \u201ebezpe\u010dnostn\u00ed koordinaci\u201c s izraelsk\u00fdmi silami. Pokud by Izrael cht\u011bl, aby se Palestinsk\u00e1 samospr\u00e1va zhroutila, nebylo by to p\u0159\u00edli\u0161 t\u011b\u017ek\u00e9. Vyvst\u00e1v\u00e1 tedy nevyhnuteln\u00e1 ot\u00e1zka: pokud chce Izrael Palestinskou samospr\u00e1vu zni\u010dit, na co \u010dek\u00e1?<\/span><\/p>\n<h2 class=\"wp-block-heading\"><strong><span dir=\"auto\">Sledov\u00e1n\u00ed po\u010d\u00e1tk\u016f Palestinsk\u00e9 samospr\u00e1vy<\/span><\/strong><\/h2>\n<p><span dir=\"auto\">Vznik PA se obecn\u011b pova\u017euje za datovan\u00fd k dohod\u00e1m z Osla v roce 1993, podle nich\u017e byla spr\u00e1va ob\u010dansk\u00fdch z\u00e1le\u017eitost\u00ed Palestinc\u016f na Z\u00e1padn\u00edm b\u0159ehu Jord\u00e1nu a v Gaze p\u0159evedena na PA. M\u011bla b\u00fdt z\u00e1rodkem budouc\u00edho palestinsk\u00e9ho st\u00e1tu, co\u017e Izrael dnes otev\u0159en\u011b p\u0159izn\u00e1v\u00e1, \u017ee odm\u00edt\u00e1. PA v\u0161ak existuje nejen jako partner v ne\u00fasp\u011b\u0161n\u00e9m procesu vyjedn\u00e1v\u00e1n\u00ed s Izraelem.<\/span><\/p>\n<p><span dir=\"auto\">Samotn\u00e9 dohody z Osla byly v\u00fdchodiskem ze situace, jej\u00ed\u017e prom\u011bnu se Izraeli nepoda\u0159ilo zabr\u00e1nit; okupace Z\u00e1padn\u00edho b\u0159ehu Jord\u00e1nu a p\u00e1sma Gazy, kter\u00e1 trvala od roku 1967, ji\u017e nebyla v tehdej\u0161\u00ed podob\u011b udr\u017eiteln\u00e1. \u201eCiviln\u00ed spr\u00e1va\u201c izraelsk\u00e9 arm\u00e1dy \u0159\u00eddila ka\u017edodenn\u00ed \u017eivot Palestinc\u016f na \u201eteritori\u00edch\u201c, co\u017e je izraelsk\u00fd n\u00e1zev pro Z\u00e1padn\u00ed b\u0159eh Jord\u00e1nu a Gazu. Platila u\u010ditele, l\u00e9ka\u0159e a spravovala obce. Palestinci byli p\u0159\u00edmo pod izraelskou spr\u00e1vou, ani\u017e by byli izraelsk\u00fdmi ob\u010dany. Nem\u011bli prostor k vyj\u00e1d\u0159en\u00ed sv\u00e9 kolektivn\u00ed identity ani k samospr\u00e1v\u011b, a to ani na t\u00e9 nejz\u00e1kladn\u011bj\u0161\u00ed, m\u00edstn\u00ed \u00farovni.<\/span><\/p>\n<p><span dir=\"auto\">V roce 1982 se Izrael za\u010dal sna\u017eit zkrotit rostouc\u00ed palestinsk\u00e9 pocity hn\u011bvu a frustrace. Za\u010dal p\u0159ed\u00e1vat omezen\u00e9 pravomoci \u010dlen\u016fm prominentn\u00edch klan\u016f ve vesnic\u00edch Hebron a N\u00e1bulus a vytv\u00e1\u0159et rady zvan\u00e9 \u201evesnick\u00e9 ligy\u201c. Vesnick\u00e9 ligy si v\u0161ak nedok\u00e1zaly vybudovat \u017e\u00e1dnou legitimitu. Mlad\u00ed a student\u0161t\u00ed aktivist\u00e9 organizovan\u00ed v dobrovolnick\u00fdch skupin\u00e1ch se za\u010dali uj\u00edmat rozvojov\u00fdch projekt\u016f, kter\u00e9 ligy slibovaly, se zdroji od samotn\u00fdch komunit a v\u00fdslovn\u011b je ozna\u010dovali za kolaboranty. Palestin\u0161t\u00ed ozbrojenci se mezit\u00edm zam\u011b\u0159ili na v\u016fdce ligy a n\u011bkolik z nich zabili.<\/span><\/p>\n<p><span dir=\"auto\">Pak p\u0159i\u0161la prvn\u00ed intif\u00e1da. Lidov\u00e9 povst\u00e1n\u00ed bylo roz\u0161\u00ed\u0159en\u00edm palestinsk\u00e9ho odm\u00edtnut\u00ed vesnick\u00fdch lig a izraelsk\u00e9 okupace v p\u0159edchoz\u00edch letech. Intif\u00e1da, kter\u00e1 byla p\u0159ev\u00e1\u017en\u011b civiln\u00ed a veden\u00e1 masov\u011b, byla prim\u00e1rn\u011b vlnou odm\u00edtnut\u00ed izraelsk\u00e9 kontroly prost\u0159ednictv\u00edm civiln\u00ed spr\u00e1vy. Palestinci bojkotovali byrokracii civiln\u00ed spr\u00e1vy, p\u0159estali platit dan\u011b a vytvo\u0159ili \u201elidov\u00e9 v\u00fdbory\u201c, aby \u0159\u00eddili sv\u00e9 ka\u017edodenn\u00ed z\u00e1le\u017eitosti na m\u00edstn\u00ed \u00farovni, a z\u00e1rove\u0148 otev\u0159en\u011b zpochyb\u0148ovali izraelsk\u00e9 z\u00e1kazy a potla\u010dov\u00e1n\u00ed palestinsk\u00e9ho n\u00e1rodn\u00edho projevu.<\/span><\/p>\n<p><span dir=\"auto\">\u0160est let se Izrael sna\u017eil prolomit intif\u00e1du a obnovit p\u0159edchoz\u00ed status quo, ale v roce 1991 bylo jasn\u00e9, \u017ee zm\u011bna je nevratn\u00e1. Kdy\u017e Izrael v roce 1991 na madridsk\u00e9 konferenci poprv\u00e9 sed\u011bl u jednoho stolu se z\u00e1stupci OOP, tehdej\u0161\u00ed izraelsk\u00fd premi\u00e9r Jicchak \u0160amir \u00fadajn\u011b prohl\u00e1sil, \u017ee Izrael bude \u201evyjedn\u00e1vat dvacet let, ani\u017e by se k \u010demukoli zav\u00e1zal\u201c.<\/span><\/p>\n<p><span dir=\"auto\">Dohody z Osla, kter\u00e9 vze\u0161ly z dvoulet\u00e9ho procesu vyjedn\u00e1v\u00e1n\u00ed, daly OOP \u0161anci etablovat se na palestinsk\u00e9 p\u016fd\u011b poprv\u00e9 od doby, kdy byla b\u011bhem v\u00e1lky v roce 1967 nucena p\u0159esunout sv\u00e9 prvn\u00ed s\u00eddlo z Jeruzal\u00e9ma do jord\u00e1nsk\u00e9ho Amm\u00e1nu. Pro palestinsk\u00e9 vyjednava\u010de bylo z\u0159\u00edzen\u00ed PA v r\u00e1mci dohod z Osla p\u0159\u00edle\u017eitost\u00ed soust\u0159edit palestinsk\u00e9 n\u00e1rodn\u00ed hnut\u00ed na palestinskou p\u016fdu, o kter\u00e9m se domn\u00edvali, \u017ee se nevyhnuteln\u011b vyvine ve st\u00e1tnost. Pro n\u011b i pro mnoho Palestinc\u016f to byl plod intif\u00e1dy, vydobyt\u00fd s velk\u00fdmi ob\u011b\u0165mi a bojem. Pro Izrael to byla cesta z dilematu, kdy palestinsk\u00fd nacionalismus nab\u00fdv\u00e1 fyzick\u00e9 podoby na okupovan\u00fdch \u00fazem\u00edch, zat\u00edmco intif\u00e1da trv\u00e1.<\/span><\/p>\n<p><span dir=\"auto\">Izrael i nad\u00e1le z\u016fst\u00e1val okupa\u010dn\u00ed mocnost\u00ed na Z\u00e1padn\u00edm b\u0159ehu Jord\u00e1nu a v Gaze, a to i v oblastech spadaj\u00edc\u00edch pod jurisdikci Palestinsk\u00e9 samospr\u00e1vy. A\u010dkoli technicky vzato m\u00e1 Izrael podle mezin\u00e1rodn\u00edho pr\u00e1va odpov\u011bdnost za poskytov\u00e1n\u00ed slu\u017eeb okupovan\u00e9mu obyvatelstvu, tato odpov\u011bdnost byla p\u0159evedena na Palestinskou samospr\u00e1vu, financovanou d\u00e1rcovsk\u00fdmi zem\u011bmi, kter\u00e9 s radost\u00ed investovaly do toho, co bylo vn\u00edm\u00e1no jako projekt palestinsk\u00e9ho st\u00e1tu. Palestinsk\u00e1 samospr\u00e1va tak\u00e9 pom\u00e1hala udr\u017eovat stabilitu a tvrd\u011b zasahovala proti palestinsk\u00fdm skupin\u00e1m a jednotlivc\u016fm, kte\u0159\u00ed nad\u00e1le kladli odpor okupaci.\u00a0<\/span><\/p>\n<p><span dir=\"auto\">I pot\u00e9, co se odpor v pln\u00e9 s\u00edle rozho\u0159el b\u011bhem druh\u00e9 intif\u00e1dy na za\u010d\u00e1tku roku 2000, kdy v\u016fdce PA J\u00e1sir Arafat intif\u00e1du podpo\u0159il, nebyla PA odstran\u011bna. Izrael bombardoval jej\u00ed s\u00eddlo, napadl jej\u00ed \u00fato\u010di\u0161t\u011b a obl\u00e9hal jej\u00edho prezidenta Arafata v jeho kancel\u00e1\u0159i v Ramall\u00e1hu, ale PA se udr\u017eela na m\u00edst\u011b. Byla podrobena procesu \u201ereform\u201c veden\u00e9mu USA, v r\u00e1mci kter\u00e9ho byly obnoveny jej\u00ed bezpe\u010dnostn\u00ed s\u00edly, vytvo\u0159ena pozice premi\u00e9ra a do vl\u00e1dy PA byly dosazeny osobnosti z podnikatelsk\u00e9ho sektoru s neoliber\u00e1ln\u00ed ekonomickou agendou.\u00a0<\/span><\/p>\n<p><span dir=\"auto\">Tato \u201ereformovan\u00e1\u201c PA je ta, kterou dnes izrael\u0161t\u00ed v\u016fdci obvi\u0148uj\u00ed z podpory terorismu a kter\u00e9 izraelsk\u00e1 vl\u00e1da ofici\u00e1ln\u011b odm\u00edt\u00e1 p\u0159iznat jakoukoli roli ve spr\u00e1v\u011b Gazy po v\u00e1lce. Pr\u00e1v\u011b tato PA slibuje m\u00edrovou spolupr\u00e1ci s Izraelem, a to i v bezpe\u010dnostn\u00edch z\u00e1le\u017eitostech. Pr\u00e1v\u011b tato PA po tlaku Izraele a USA ukon\u010dila sv\u016fj program soci\u00e1ln\u00ed pomoci rodin\u00e1m palestinsk\u00fdch v\u011bz\u0148\u016f a osob zabit\u00fdch Izraelem. Pr\u00e1v\u011b tato PA za\u017e\u00edv\u00e1 nejhor\u0161\u00ed finan\u010dn\u00ed krizi v historii a je na pokraji kolapsu. A p\u0159esto, i kdy\u017e m\u00e1 Izrael nad palestinskou vl\u00e1dou t\u00e9m\u011b\u0159 \u00faplnou moc, m\u00e1 s PA st\u00e1le co d\u011blat.\u00a0<\/span><\/p>\n<h2 class=\"wp-block-heading\"><strong><span dir=\"auto\">Osud PA v dne\u0161n\u00ed podob\u011b<\/span><\/strong><\/h2>\n<p><span dir=\"auto\">Stru\u010dn\u011b \u0159e\u010deno, sou\u010dasn\u00fdm hlavn\u00edm probl\u00e9mem Izraele s PA je, \u017ee se aktivn\u011b sna\u017e\u00ed o mezin\u00e1rodn\u00ed uzn\u00e1n\u00ed jako st\u00e1t a opou\u0161t\u00ed tak dikt\u00e1t zjevn\u011b mrtv\u00e9ho procesu vyjedn\u00e1v\u00e1n\u00ed. PA se v roce 2011 prohl\u00e1sila za \u201eSt\u00e1t Palestina\u201c a za\u010dala se p\u0159ipojovat k mezin\u00e1rodn\u00edm smlouv\u00e1m, v\u010detn\u011b \u0158\u00edmsk\u00e9ho statutu v roce 2014, kter\u00fd Palestin\u011b umo\u017enil \u017ealovat Izrael u Mezin\u00e1rodn\u00edho trestn\u00edho soudu. To vysv\u011btluje izraelsk\u00e1 represivn\u00ed opat\u0159en\u00ed v\u016f\u010di PA, v\u010detn\u011b neust\u00e1l\u00e9ho finan\u010dn\u00edho \u0161krcen\u00ed PA, kter\u00e9 za\u010dalo dva roky p\u0159ed 7. \u0159\u00edjnem 2023 a pot\u00e9 se pouze zintenzivnilo.<\/span><\/p>\n<p><span dir=\"auto\">Palestinsk\u00e1 samospr\u00e1va se v\u0161ak nad\u00e1le zdr\u017euje zpochyb\u0148ov\u00e1n\u00ed izraelsk\u00e9 kontroly v ter\u00e9nu. A\u010dkoli Izrael v\u00fdslovn\u011b odm\u00edtl palestinskou st\u00e1tnost \u2013 cel\u00fd smysl m\u00edrov\u00e9ho procesu zalo\u017een\u00e9ho na dvou st\u00e1tech \u2013 a toto odm\u00edtnut\u00ed uz\u00e1konil ve t\u0159ech n\u00e1vrz\u00edch z\u00e1kon\u016f schv\u00e1len\u00fdch Knesetem v letech 2018, 2024 a 2025. A a\u010dkoli Izrael nad\u00e1le p\u0159\u00edmo poru\u0161uje sv\u00e9 z\u00e1vazky vypl\u00fdvaj\u00edc\u00ed z dohod z Osla n\u00e1jezdy na m\u011bsta ovl\u00e1dan\u00e1 Palestinskou samospr\u00e1vou a blokov\u00e1n\u00edm celn\u00edch v\u00fdnos\u016f Palestinsk\u00e9 samospr\u00e1vy, Palestinsk\u00e1 samospr\u00e1va sv\u00e9 chov\u00e1n\u00ed v ter\u00e9nu st\u00e1le nezm\u011bnila.<\/span><\/p>\n<p><span dir=\"auto\">PA nad\u00e1le respektuje rozd\u011blen\u00ed Z\u00e1padn\u00edho b\u0159ehu Jord\u00e1nu na oblasti A, B a C, kter\u00e9 bylo uzav\u0159eno v Oslu, a zdr\u017euje se nasazen\u00ed bezpe\u010dnostn\u00edch sil do palestinsk\u00fdch vesnic, aby poskytla by\u0165 jen symbolickou ochranu palestinsk\u00fdm venkovsk\u00fdm komunit\u00e1m p\u0159ed n\u00e1sil\u00edm ze strany izraelsk\u00fdch osadn\u00edk\u016f. PA pokra\u010duje v tvrd\u00fdch z\u00e1sahech proti palestinsk\u00fdm militant\u016fm a nad\u00e1le koordinuje bezpe\u010dnostn\u00ed a ob\u010dansk\u00e9 z\u00e1le\u017eitosti s izraelsk\u00fdmi \u00fa\u0159ady. Pro PA je to zp\u016fsob, jak se vyhnout velk\u00e9 izraelsk\u00e9 reakci podobn\u00e9 izraelsk\u00e9 invazi do m\u011bst na Z\u00e1padn\u00edm b\u0159ehu Jord\u00e1nu v roce 2002, nebo dokonce sou\u010dasn\u00e9mu zni\u010den\u00ed Gazy. PA v\u0161ak za\u0161la je\u0161t\u011b o krok d\u00e1l, podlehla izraelsk\u00e9mu tlaku a ukon\u010dila sv\u016fj program soci\u00e1ln\u00ed pomoci, kter\u00fd poskytoval stipendia rodin\u00e1m politick\u00fdch v\u011bz\u0148\u016f v izraelsk\u00fdch v\u011bznic\u00edch.<\/span><\/p>\n<p><span dir=\"auto\">Je jasn\u00e9, \u017ee probl\u00e9m Izraele s PA spo\u010d\u00edv\u00e1 v tom, \u017ee se sna\u017e\u00ed st\u00e1t n\u011b\u010d\u00edm v\u00edc ne\u017e pouh\u00fdm samospr\u00e1vn\u00fdm org\u00e1nem pro Palestince pod izraelskou vl\u00e1dou a usiluje o z\u00edsk\u00e1n\u00ed n\u011bjak\u00e9 politick\u00e9 role s mezin\u00e1rodn\u00edm uzn\u00e1n\u00edm. Nez\u00e1le\u017e\u00ed na tom, \u017ee se PA za ka\u017edou cenu vyh\u00fdb\u00e1 konfrontaci s Izraelem, nato\u017e aby vnucovala jakoukoli formu st\u00e1tn\u00ed p\u0159\u00edtomnosti mimo hranice oblast\u00ed, kter\u00e9 j\u00ed byly vyhrazeny podle dohod z Osla, na kter\u00e9 Izrael denn\u011b \u00fato\u010d\u00ed. Pro Izrael je d\u016fle\u017eit\u00e9, \u017ee se PA sna\u017e\u00ed znovu z\u00edskat sv\u00e9 d\u0159\u00edv\u011bj\u0161\u00ed postaven\u00ed politick\u00e9ho z\u00e1stupce Palestinc\u016f a d\u00e1v\u00e1 jim, by\u0165 symbolicky, aspekt okupovan\u00e9ho n\u00e1roda. To je n\u011bco, co chce Izrael vymazat.<\/span><\/p>\n<p><span dir=\"auto\">Sou\u010dasn\u00e9 izraelsk\u00e9 podkop\u00e1v\u00e1n\u00ed autority Palestinsk\u00e9 samospr\u00e1vy a jej\u00ed finan\u010dn\u00ed \u0161krtic\u00ed sev\u0159en\u00ed lze ch\u00e1pat jako reakci na mezin\u00e1rodn\u00ed vlnu uzn\u00e1v\u00e1n\u00ed Palestiny jako st\u00e1tu a jako pokus redukovat Palestinskou samospr\u00e1vu zp\u011bt na jej\u00ed administrativn\u00ed roli, bez jak\u00e9hokoli politick\u00e9ho obsahu. Mohlo by se jednat o o\u010dek\u00e1v\u00e1n\u00ed, \u017ee Palestinsk\u00e1 samospr\u00e1va bude po skon\u010den\u00ed sou\u010dasn\u00e9 v\u00e1lky hr\u00e1t roli v \u0159\u00edzen\u00ed Gazy. To by mohlo rezonovat s postojem USA, kter\u00e9 po\u017eaduj\u00ed, aby Palestinsk\u00e1 samospr\u00e1va pro\u0161la \u201ereformami\u201c, ne\u017e bude m\u00edt v Gaze jakoukoli roli. C\u00edlem Izraele je tak\u00e9 ochromit schopnost Palestinsk\u00e9 samospr\u00e1vy plnit \u00fakoly podobn\u00e9 st\u00e1tu na Z\u00e1padn\u00edm b\u0159ehu Jord\u00e1nu a udr\u017eet ji v jej\u00ed ka\u017edodenn\u00ed administrativn\u00ed funkci, kter\u00e1 se pot\u00fdk\u00e1 s probl\u00e9my s placen\u00edm u\u010ditel\u016f a policist\u016f.<\/span><\/p>\n<p><span dir=\"auto\">V izraelsk\u00e9 politice v\u0161ak existuje jasn\u00fd proud, kter\u00fd po\u017eaduje \u00fapln\u00e9 odstran\u011bn\u00ed PA a anexi v\u0161ech oblast\u00ed, kter\u00e9 spravuje, v\u010detn\u011b vyho\u0161t\u011bn\u00ed palestinsk\u00e9ho obyvatelstva. Jej\u00ed sou\u010dasn\u00e1 voli\u010dsk\u00e1 z\u00e1kladna se soust\u0159ed\u00ed p\u0159edev\u0161\u00edm kolem hnut\u00ed osadn\u00edk\u016f a m\u00e1 kl\u00ed\u010dov\u00e9 postavy v izraelsk\u00e9 vl\u00e1d\u011b. Osud PA by se mohl pohybovat mezi maximalistick\u00fdmi po\u017eadavky izraelsk\u00e9 krajn\u00ed pravice na jej\u00ed \u00fapln\u00e9 odstran\u011bn\u00ed a pokusy o ochromen\u00ed jej\u00ed politick\u00e9 role. Kone\u010dn\u00fd v\u00fdsledek nelze p\u0159edv\u00eddat, ale jist\u00e9 je, \u017ee osud PA le\u017e\u00ed zcela v rukou Izraele a \u010dehokoli, \u010demu se USA rozhodnou d\u00e1t zelenou, s mal\u00fdm nebo \u017e\u00e1dn\u00fdm skute\u010dn\u00fdm odporem zbytku sv\u011bta.<\/span><\/p>\n<p><em><span class=\"post-author\"><span class=\"by\"><span dir=\"auto\">Od\u00a0<\/span><\/span><a class=\"author url fn\" title=\"P\u0159\u00edsp\u011bvky od Mondoweiss Palestine Bureau\" href=\"https:\/\/mondoweiss.net\/author\/mondoweiss-palestine-bureau\/\" rel=\"author\"><span dir=\"auto\">palestinsk\u00e9 kancel\u00e1\u0159e Mondoweiss<\/span><\/a><\/span>\u00a0<\/em><\/p>\n<p><img decoding=\"async\" loading=\"lazy\" class=\"wp-image-86927 aligncenter\" src=\"http:\/\/www.infokuryr.cz\/n\/wp-content\/uploads\/2025\/09\/letak-volby-2025-konference-3-212x300.png\" alt=\"\" width=\"927\" height=\"1312\" srcset=\"https:\/\/www.infokuryr.cz\/n\/wp-content\/uploads\/2025\/09\/letak-volby-2025-konference-3-212x300.png 212w, https:\/\/www.infokuryr.cz\/n\/wp-content\/uploads\/2025\/09\/letak-volby-2025-konference-3-724x1024.png 724w, https:\/\/www.infokuryr.cz\/n\/wp-content\/uploads\/2025\/09\/letak-volby-2025-konference-3-768x1086.png 768w, https:\/\/www.infokuryr.cz\/n\/wp-content\/uploads\/2025\/09\/letak-volby-2025-konference-3-1086x1536.png 1086w, https:\/\/www.infokuryr.cz\/n\/wp-content\/uploads\/2025\/09\/letak-volby-2025-konference-3-1448x2048.png 1448w, https:\/\/www.infokuryr.cz\/n\/wp-content\/uploads\/2025\/09\/letak-volby-2025-konference-3-1024x1448.png 1024w\" sizes=\"(max-width: 927px) 100vw, 927px\" \/><\/p>\n","protected":false},"excerpt":{"rendered":"<p>Palestinsk\u00e1 samospr\u00e1va je kritizov\u00e1na za napom\u00e1h\u00e1n\u00ed izraelsk\u00e9 okupaci, a p\u0159esto izrael\u0161t\u00ed v\u016fdci hroz\u00ed jej\u00edm zru\u0161en\u00edm&#8230;.<\/p>\n","protected":false},"author":2,"featured_media":88741,"comment_status":"closed","ping_status":"closed","sticky":false,"template":"","format":"standard","meta":[],"categories":[7],"tags":[107,1503,312,9552],"_links":{"self":[{"href":"https:\/\/www.infokuryr.cz\/n\/wp-json\/wp\/v2\/posts\/88740"}],"collection":[{"href":"https:\/\/www.infokuryr.cz\/n\/wp-json\/wp\/v2\/posts"}],"about":[{"href":"https:\/\/www.infokuryr.cz\/n\/wp-json\/wp\/v2\/types\/post"}],"author":[{"embeddable":true,"href":"https:\/\/www.infokuryr.cz\/n\/wp-json\/wp\/v2\/users\/2"}],"replies":[{"embeddable":true,"href":"https:\/\/www.infokuryr.cz\/n\/wp-json\/wp\/v2\/comments?post=88740"}],"version-history":[{"count":0,"href":"https:\/\/www.infokuryr.cz\/n\/wp-json\/wp\/v2\/posts\/88740\/revisions"}],"wp:featuredmedia":[{"embeddable":true,"href":"https:\/\/www.infokuryr.cz\/n\/wp-json\/wp\/v2\/media\/88741"}],"wp:attachment":[{"href":"https:\/\/www.infokuryr.cz\/n\/wp-json\/wp\/v2\/media?parent=88740"}],"wp:term":[{"taxonomy":"category","embeddable":true,"href":"https:\/\/www.infokuryr.cz\/n\/wp-json\/wp\/v2\/categories?post=88740"},{"taxonomy":"post_tag","embeddable":true,"href":"https:\/\/www.infokuryr.cz\/n\/wp-json\/wp\/v2\/tags?post=88740"}],"curies":[{"name":"wp","href":"https:\/\/api.w.org\/{rel}","templated":true}]}}