{"id":88737,"date":"2025-09-28T00:21:10","date_gmt":"2025-09-27T22:21:10","guid":{"rendered":"https:\/\/www.infokuryr.cz\/n\/?p=88737"},"modified":"2025-09-27T12:22:30","modified_gmt":"2025-09-27T10:22:30","slug":"zadne-leky-zadne-postele-zadne-jidlo-ani-voda-uvnitr-hlavni-nemocnice-v-gaze","status":"publish","type":"post","link":"https:\/\/www.infokuryr.cz\/n\/2025\/09\/28\/zadne-leky-zadne-postele-zadne-jidlo-ani-voda-uvnitr-hlavni-nemocnice-v-gaze\/","title":{"rendered":"\u017d\u00e1dn\u00e9 l\u00e9ky, \u017e\u00e1dn\u00e9 postele, \u017e\u00e1dn\u00e9 j\u00eddlo ani voda: uvnit\u0159 hlavn\u00ed nemocnice v Gaze"},"content":{"rendered":"<div id=\"fb-root\"><\/div>\n<p><strong>S postupuj\u00edc\u00ed izraelskou invaz\u00ed do Gazy \u010del\u00ed nemocnice al-Shifa v\u00e1\u017en\u00e9mu nedostatku z\u00e1kladn\u00edch zdravotnick\u00fdch pot\u0159eb, co\u017e vede k tomu, \u017ee pacienti jsou nel\u00e9\u010den\u00ed a zraniteln\u00ed. Person\u00e1l i pacienti se ob\u00e1vaj\u00ed bezprost\u0159edn\u00edho izraelsk\u00e9ho \u00fatoku.<\/strong><\/p>\n<p><span dir=\"auto\">V Gaze, kde izraelsk\u00e1 arm\u00e1da podnik\u00e1 dal\u0161\u00ed kroky k dosa\u017een\u00ed a obsazen\u00ed srdce m\u011bsta a po\u010det ob\u011bt\u00ed roste, se v\u0161echny zraky op\u011bt up\u00edraj\u00ed na nemocnici, kter\u00e1 b\u00fdvala nejv\u011bt\u0161\u00ed a nejl\u00e9pe kvalifikovanou pro takov\u00e9 \u010dasy \u2013 nemocnici al-Shifa v Gaze.<\/span><\/p>\n<p><span dir=\"auto\">Od \u0159\u00edjna 2023 izraelsk\u00e1 arm\u00e1da n\u011bkolikr\u00e1t za\u00fato\u010dila na nemocnici al-Shifa a zni\u010dila ji. Ministerstvu zdravotnictv\u00ed v Gaze se v\u0161ak poda\u0159ilo n\u011bkter\u00e9 jej\u00ed \u010d\u00e1sti znovu vybudovat a poskytnout l\u00e9ka\u0159skou p\u00e9\u010di lidem v jednom z m\u00edst nejv\u00edce vystaven\u00fdch prob\u00edhaj\u00edc\u00edmu izraelsk\u00e9mu bombardov\u00e1n\u00ed, m\u011bst\u011b Gaza.\u00a0<\/span><\/p>\n<p><span dir=\"auto\">S ned\u00e1vn\u00fdm postupem izraelsk\u00e9 arm\u00e1dy do m\u011bsta Gaza se v\u0161ak op\u011bt zvy\u0161uj\u00ed obavy z dal\u0161\u00ed izraelsk\u00e9 invaze do nemocnice. Nav\u00edc a\u0161-\u0160ifa, stejn\u011b jako v\u0161echny ostatn\u00ed nemocnice v Gaze, \u010del\u00ed kritick\u00e9mu nedostatku zdravotnick\u00e9ho materi\u00e1lu, krevn\u00edch jednotek, person\u00e1lu, l\u016f\u017eek a z\u00e1kladn\u00edch zdravotnick\u00fdch prost\u0159edk\u016f.\u00a0<\/span><\/p>\n<p><span dir=\"auto\">\u201eTohle jsou krvav\u00e9 dny,\u201c \u0159ekl Dr. Hassan Alshaer, l\u00e9ka\u0159sk\u00fd \u0159editel nemocnice al-Shifa. V posledn\u00edch dnech bylo do nemocnice p\u0159evezeno p\u0159es 60 mrtv\u00fdch a denn\u011b do nemocnice doraz\u00ed p\u0159es 175 zran\u011bn\u00fdch, \u201ev\u011bt\u0161ina z nich je v kritick\u00e9m stavu a pot\u0159ebuje operace a jednotky intenzivn\u00ed p\u00e9\u010de. V nemocnici m\u00e1me pouze \u010dty\u0159i opera\u010dn\u00ed s\u00e1ly.\u201c<\/span><\/p>\n<p><span dir=\"auto\">Alshaer popisuje, \u017ee denn\u011b p\u0159ich\u00e1zej\u00ed do nemocnice \u201ev osmi vln\u00e1ch\u201c ob\u011bti a mu\u010dedn\u00edci, p\u0159i\u010dem\u017e ka\u017ed\u00e1 vlna si vy\u017e\u00e1d\u00e1 nejm\u00e9n\u011b 30 mrtv\u00fdch a zran\u011bn\u00fdch.<\/span><\/p>\n<p><span dir=\"auto\">\u201eKv\u016fli izraelsk\u00e9mu obl\u00e9h\u00e1n\u00ed a v\u00e1lce se pot\u00fdk\u00e1me s probl\u00e9my, ale v al-Shifa je na\u0161\u00edm posl\u00e1n\u00edm zdravotn\u00ed p\u00e9\u010de a budeme ji poskytovat do posledn\u00ed chv\u00edle, kdy to bude mo\u017en\u00e9,\u201c \u0159ekl Dr. Alshaer.\u00a0<\/span><\/p>\n<figure class=\"wp-block-image size-large\"><img decoding=\"async\" loading=\"lazy\" class=\"wp-image-317757 entered lazyloaded aligncenter\" src=\"https:\/\/mondoweiss.net\/wp-content\/uploads\/2025\/09\/250925_Gaza_OSH_008-1024x683.jpg\" sizes=\"(max-width: 1024px) 100vw, 1024px\" srcset=\"https:\/\/mondoweiss.net\/wp-content\/uploads\/2025\/09\/250925_Gaza_OSH_008-1024x683.jpg 1024w, https:\/\/mondoweiss.net\/wp-content\/uploads\/2025\/09\/250925_Gaza_OSH_008-300x200.jpg 300w, https:\/\/mondoweiss.net\/wp-content\/uploads\/2025\/09\/250925_Gaza_OSH_008-150x100.jpg 150w, https:\/\/mondoweiss.net\/wp-content\/uploads\/2025\/09\/250925_Gaza_OSH_008-270x180.jpg 270w, https:\/\/mondoweiss.net\/wp-content\/uploads\/2025\/09\/250925_Gaza_OSH_008-770x515.jpg 770w, https:\/\/mondoweiss.net\/wp-content\/uploads\/2025\/09\/250925_Gaza_OSH_008.jpg 1200w\" alt=\"Pohled na nemocnici al-Shifa, kter\u00e1 z\u016fstala pr\u00e1zdn\u00e1 pot\u00e9, co byl zdravotnick\u00fd person\u00e1l a pacienti nuceni evakuovat kv\u016fli intenzivn\u011bj\u0161\u00edm izraelsk\u00fdm \u00fatok\u016fm v Gaze 25. z\u00e1\u0159\u00ed 2025. (Foto: Omar Ashtawy\/apaimages)\" width=\"915\" height=\"610\" data-lazy-srcset=\"https:\/\/mondoweiss.net\/wp-content\/uploads\/2025\/09\/250925_Gaza_OSH_008-1024x683.jpg 1024w, https:\/\/mondoweiss.net\/wp-content\/uploads\/2025\/09\/250925_Gaza_OSH_008-300x200.jpg 300w, https:\/\/mondoweiss.net\/wp-content\/uploads\/2025\/09\/250925_Gaza_OSH_008-150x100.jpg 150w, https:\/\/mondoweiss.net\/wp-content\/uploads\/2025\/09\/250925_Gaza_OSH_008-270x180.jpg 270w, https:\/\/mondoweiss.net\/wp-content\/uploads\/2025\/09\/250925_Gaza_OSH_008-770x515.jpg 770w, https:\/\/mondoweiss.net\/wp-content\/uploads\/2025\/09\/250925_Gaza_OSH_008.jpg 1200w\" data-lazy-sizes=\"(max-width: 1024px) 100vw, 1024px\" data-lazy-src=\"https:\/\/mondoweiss.net\/wp-content\/uploads\/2025\/09\/250925_Gaza_OSH_008-1024x683.jpg\" data-ll-status=\"loaded\" \/><figcaption class=\"wp-element-caption\"><em><span dir=\"auto\">Pohled na nemocnici al-Shifa, kter\u00e1 z\u016fstala pr\u00e1zdn\u00e1 pot\u00e9, co byl zdravotnick\u00fd person\u00e1l a pacienti nuceni evakuovat kv\u016fli intenzivn\u011bj\u0161\u00edm izraelsk\u00fdm \u00fatok\u016fm v Gaze 25. z\u00e1\u0159\u00ed 2025. (Foto: Omar Ashtawy\/APA Images)<\/span><\/em><\/figcaption><\/figure>\n<p><span dir=\"auto\">Nemocnice Al-Shifa se po p\u0159edchoz\u00edch izraelsk\u00fdch \u00fatoc\u00edch pot\u00fdk\u00e1 s obt\u00ed\u017eemi p\u0159i pln\u00e9m zotaven\u00ed. V sou\u010dasn\u00e9 dob\u011b m\u00e1 nemocnice pouze \u010dty\u0159i opera\u010dn\u00ed s\u00e1ly a 32 l\u016f\u017eek na JIP, ale denn\u011b p\u0159ijme p\u0159es 800 pacient\u016f.\u00a0<\/span><\/p>\n<p><span dir=\"auto\">\u201eExtr\u00e9mn\u00ed nedostatek m\u00e1me na opera\u010dn\u00edch s\u00e1lech; m\u00e1me tolik \u010dekac\u00edch operac\u00ed a JIP je v\u017edy pln\u00e1 a na JIP je 20 p\u0159ed\u010dasn\u011b narozen\u00fdch d\u011bt\u00ed,\u201c \u0159ekl Dr. Alshaer. Vyjad\u0159uje obavy o zdravotnick\u00fd person\u00e1l, kter\u00fd je tak\u00e9 sv\u011bdkem extr\u00e9mn\u00edho nebezpe\u010d\u00ed.\u00a0<\/span><\/p>\n<p><span dir=\"auto\">\u201eM\u00e1me strach o na\u0161i bezpe\u010dnost. V\u010dera izraelsk\u00e1 arm\u00e1da zavra\u017edila n\u011bkoho u dve\u0159\u00ed nemocnice, co\u017e pro n\u00e1s v\u0161echny, kte\u0159\u00ed v nemocnici pracujeme, p\u0159edstavovalo kritick\u00e9 nebezpe\u010d\u00ed. Ztratili jsme 30 % na\u0161eho person\u00e1lu v nemocnici, n\u011bkte\u0159\u00ed byli zabiti, jin\u00ed zadr\u017eeni nebo zran\u011bni. M\u00e1me tak\u00e9 nedostatek pracovn\u00edho person\u00e1lu,\u201c \u0159ekl\u00a0<\/span><em><span dir=\"auto\">den\u00edku Mondoweiss<\/span><\/em><span dir=\"auto\">\u00a0.<\/span><\/p>\n<p><span dir=\"auto\">Podle Dr. al-Shaera je v nemocnici v sou\u010dasn\u00e9 dob\u011b 562 pacient\u016f a p\u0159es 50 lid\u00ed, kte\u0159\u00ed pot\u0159ebuj\u00ed kritick\u00e9 operace a \u010dekaj\u00ed na svou \u0159adu. Denn\u011b se des\u00edtky pacient\u016f o\u0161et\u0159\u00ed na 32 dialyza\u010dn\u00edch p\u0159\u00edstroj\u00edch.<\/span><\/p>\n<p><span dir=\"auto\">I kdy\u017e je ka\u017edodenn\u00edm bojem l\u00e9\u010dit pacienty a zaji\u0161\u0165ovat pot\u0159ebn\u00e9 zdravotnick\u00e9 z\u00e1soby, hlavn\u00ed starost\u00ed al-\u0160\u00e1ru je nyn\u00ed to, co se stane, pokud se al-\u0160ifa op\u011bt stane ter\u010dem izraelsk\u00e9ho vojensk\u00e9ho \u00fatoku na m\u011bsto Gaza.\u00a0<\/span><\/p>\n<p><span dir=\"auto\">\u201ePokud izraelsk\u00e1 arm\u00e1da evakuuje nemocnici, nevyhnuteln\u011b zem\u0159e tolik pacient\u016f, nap\u0159\u00edklad ti na JIP, JIP pro novorozence a pacienti s selh\u00e1n\u00edm ledvin,\u201c \u0159ekl.\u00a0<\/span><\/p>\n<p><span dir=\"auto\">\u201e\u010cel\u00edme invazi do m\u011bsta s nedostatkem vody a j\u00eddla pro pacienty i zam\u011bstnance v nemocnici.\u201c<\/span><\/p>\n<figure class=\"wp-block-image size-large\"><img decoding=\"async\" loading=\"lazy\" class=\"wp-image-317756 entered lazyloaded aligncenter\" src=\"https:\/\/mondoweiss.net\/wp-content\/uploads\/2025\/09\/250925_Gaza_OSH_004-1024x683.jpg\" sizes=\"(max-width: 1024px) 100vw, 1024px\" srcset=\"https:\/\/mondoweiss.net\/wp-content\/uploads\/2025\/09\/250925_Gaza_OSH_004-1024x683.jpg 1024w, https:\/\/mondoweiss.net\/wp-content\/uploads\/2025\/09\/250925_Gaza_OSH_004-300x200.jpg 300w, https:\/\/mondoweiss.net\/wp-content\/uploads\/2025\/09\/250925_Gaza_OSH_004-150x100.jpg 150w, https:\/\/mondoweiss.net\/wp-content\/uploads\/2025\/09\/250925_Gaza_OSH_004-270x180.jpg 270w, https:\/\/mondoweiss.net\/wp-content\/uploads\/2025\/09\/250925_Gaza_OSH_004-770x515.jpg 770w, https:\/\/mondoweiss.net\/wp-content\/uploads\/2025\/09\/250925_Gaza_OSH_004.jpg 1200w\" alt=\"Pohled na nemocnici al-Shifa, kter\u00e1 z\u016fstala pr\u00e1zdn\u00e1 pot\u00e9, co byl zdravotnick\u00fd person\u00e1l a pacienti nuceni evakuovat kv\u016fli intenzivn\u011bj\u0161\u00edm izraelsk\u00fdm \u00fatok\u016fm v Gaze 25. z\u00e1\u0159\u00ed 2025. (Foto: Omar Ashtawy\/apaimages)\" width=\"973\" height=\"649\" data-lazy-srcset=\"https:\/\/mondoweiss.net\/wp-content\/uploads\/2025\/09\/250925_Gaza_OSH_004-1024x683.jpg 1024w, https:\/\/mondoweiss.net\/wp-content\/uploads\/2025\/09\/250925_Gaza_OSH_004-300x200.jpg 300w, https:\/\/mondoweiss.net\/wp-content\/uploads\/2025\/09\/250925_Gaza_OSH_004-150x100.jpg 150w, https:\/\/mondoweiss.net\/wp-content\/uploads\/2025\/09\/250925_Gaza_OSH_004-270x180.jpg 270w, https:\/\/mondoweiss.net\/wp-content\/uploads\/2025\/09\/250925_Gaza_OSH_004-770x515.jpg 770w, https:\/\/mondoweiss.net\/wp-content\/uploads\/2025\/09\/250925_Gaza_OSH_004.jpg 1200w\" data-lazy-sizes=\"(max-width: 1024px) 100vw, 1024px\" data-lazy-src=\"https:\/\/mondoweiss.net\/wp-content\/uploads\/2025\/09\/250925_Gaza_OSH_004-1024x683.jpg\" data-ll-status=\"loaded\" \/><figcaption class=\"wp-element-caption\"><em><span dir=\"auto\">Pohled na nemocnici al-Shifa, kter\u00e1 z\u016fstala pr\u00e1zdn\u00e1 pot\u00e9, co byl zdravotnick\u00fd person\u00e1l a pacienti nuceni evakuovat kv\u016fli intenzivn\u011bj\u0161\u00edm izraelsk\u00fdm \u00fatok\u016fm v Gaze 25. z\u00e1\u0159\u00ed 2025. (Foto: Omar Ashtawy\/APA Images)<\/span><\/em><\/figcaption><\/figure>\n<h2 class=\"wp-block-heading\"><strong><span dir=\"auto\">Pacienti v limbu \u010dekaj\u00edc\u00ed na l\u00e9\u010dbu<\/span><\/strong><\/h2>\n<p><span dir=\"auto\">Uvnit\u0159 nemocnice, kde je v\u011bt\u0161ina l\u016f\u017eek bez krytu, se k le\u017een\u00ed pacient\u016f pou\u017e\u00edv\u00e1 pouze podlaha a n\u011bkter\u00e1 l\u016f\u017eka jsou v poln\u00edm zdravotnick\u00e9m stanu postaven\u00e9m p\u0159ed nemocnic\u00ed pro p\u0159\u00edjem zran\u011bn\u00fdch.\u00a0<\/span><\/p>\n<p><span dir=\"auto\">Pacienti \u017eij\u00ed s nedostatkem zdravotnick\u00e9ho materi\u00e1lu. Jsou p\u0159\u00edmo posti\u017eeni, proto\u017ee se jejich r\u00e1ny m\u00edsto hojen\u00ed zhor\u0161uj\u00ed. Situaci popisuj\u00ed jako zoufalou, kdy nemaj\u00ed k dispozici ani vodu, a\u0165 u\u017e k pit\u00ed nebo ke koup\u00e1n\u00ed.<\/span><\/p>\n<p><span dir=\"auto\">\u201eJe to opravdu t\u011b\u017ek\u00e1 situace, pacienti le\u017e\u00ed v ka\u017ed\u00e9m rohu na zemi, nejsou tu \u017e\u00e1dn\u00e9 postele, \u017e\u00e1dn\u00e1 l\u00e9\u010dba, \u017e\u00e1dn\u00e9 l\u00e9ky, nem\u016f\u017eeme ani naj\u00edt g\u00e1zu na na\u0161e r\u00e1ny,\u201c \u0159ekl\u00a0<\/span><em><span dir=\"auto\">Mondoweiss<\/span><\/em><span dir=\"auto\">\u00a0pacient v nemocnici Muhammad Kafarana .<\/span><\/p>\n<p><span dir=\"auto\">\u201eJsem zran\u011bn\u00fd v z\u00e1dech pot\u00e9, co m\u011b post\u0159elila v\u00fdbu\u0161nina. Kdybych byl v\u010das o\u0161et\u0159en, u\u017e bych byl v po\u0159\u00e1dku, ale zat\u00edm na operaci st\u00e1le \u010dek\u00e1m.\u201c\u00a0<\/span><\/p>\n<p><span dir=\"auto\">Kafarana vysv\u011btluje, \u017ee on i dal\u0161\u00ed pacienti v nemocnici trp\u00ed, m\u00edsto aby dost\u00e1vali pot\u0159ebnou l\u00e9\u010dbu. \u201eNejsou tu \u017e\u00e1dn\u00e9 l\u00e9ky, \u017e\u00e1dn\u00e1 voda, \u017e\u00e1dn\u00e9 j\u00eddlo. L\u00e9ka\u0159i se na n\u00e1s chod\u00ed pod\u00edvat a bezmocn\u011b stoj\u00ed, proto\u017ee n\u00e1m nemohou nic poskytnout,\u201c \u0159ekl.\u00a0<\/span><\/p>\n<figure class=\"wp-block-image size-large\"><img decoding=\"async\" loading=\"lazy\" class=\"wp-image-317758 entered lazyloaded aligncenter\" src=\"https:\/\/mondoweiss.net\/wp-content\/uploads\/2025\/09\/250925_Gaza_OSH_0011-1024x683.jpg\" sizes=\"(max-width: 1024px) 100vw, 1024px\" srcset=\"https:\/\/mondoweiss.net\/wp-content\/uploads\/2025\/09\/250925_Gaza_OSH_0011-1024x683.jpg 1024w, https:\/\/mondoweiss.net\/wp-content\/uploads\/2025\/09\/250925_Gaza_OSH_0011-300x200.jpg 300w, https:\/\/mondoweiss.net\/wp-content\/uploads\/2025\/09\/250925_Gaza_OSH_0011-150x100.jpg 150w, https:\/\/mondoweiss.net\/wp-content\/uploads\/2025\/09\/250925_Gaza_OSH_0011-270x180.jpg 270w, https:\/\/mondoweiss.net\/wp-content\/uploads\/2025\/09\/250925_Gaza_OSH_0011-770x515.jpg 770w, https:\/\/mondoweiss.net\/wp-content\/uploads\/2025\/09\/250925_Gaza_OSH_0011.jpg 1200w\" alt=\"Pohled na nemocnici al-Shifa, kter\u00e1 z\u016fstala pr\u00e1zdn\u00e1 pot\u00e9, co byl zdravotnick\u00fd person\u00e1l a pacienti nuceni evakuovat kv\u016fli intenzivn\u011bj\u0161\u00edm izraelsk\u00fdm \u00fatok\u016fm v Gaze 25. z\u00e1\u0159\u00ed 2025. (Foto: Omar Ashtawy\/apaimages)\" width=\"957\" height=\"638\" data-lazy-srcset=\"https:\/\/mondoweiss.net\/wp-content\/uploads\/2025\/09\/250925_Gaza_OSH_0011-1024x683.jpg 1024w, https:\/\/mondoweiss.net\/wp-content\/uploads\/2025\/09\/250925_Gaza_OSH_0011-300x200.jpg 300w, https:\/\/mondoweiss.net\/wp-content\/uploads\/2025\/09\/250925_Gaza_OSH_0011-150x100.jpg 150w, https:\/\/mondoweiss.net\/wp-content\/uploads\/2025\/09\/250925_Gaza_OSH_0011-270x180.jpg 270w, https:\/\/mondoweiss.net\/wp-content\/uploads\/2025\/09\/250925_Gaza_OSH_0011-770x515.jpg 770w, https:\/\/mondoweiss.net\/wp-content\/uploads\/2025\/09\/250925_Gaza_OSH_0011.jpg 1200w\" data-lazy-sizes=\"(max-width: 1024px) 100vw, 1024px\" data-lazy-src=\"https:\/\/mondoweiss.net\/wp-content\/uploads\/2025\/09\/250925_Gaza_OSH_0011-1024x683.jpg\" data-ll-status=\"loaded\" \/><figcaption class=\"wp-element-caption\"><em><span dir=\"auto\">Pohled na nemocnici al-Shifa, kter\u00e1 z\u016fstala pr\u00e1zdn\u00e1 pot\u00e9, co byl zdravotnick\u00fd person\u00e1l a pacienti nuceni evakuovat kv\u016fli intenzivn\u011bj\u0161\u00edm izraelsk\u00fdm \u00fatok\u016fm v Gaze 25. z\u00e1\u0159\u00ed 2025. (Foto: Omar Ashtawy\/APA Images)<\/span><\/em><\/figcaption><\/figure>\n<p><span dir=\"auto\">Kafarna uv\u00e1d\u00ed, \u017ee p\u0159ed n\u011bkolika dny se skupina izraelsk\u00fdch speci\u00e1ln\u00edch jednotek p\u0159ibl\u00ed\u017eila k al-Shifa, co\u017e v cel\u00e9 nemocnici vyvolalo paniku a u n\u011bkter\u00fdch pacient\u016f se v rozruchu znovu otev\u0159ely r\u00e1ny. Dal\u0161\u00ed pacienti, jako je on, kte\u0159\u00ed se v sou\u010dasn\u00e9 dob\u011b nemohou pohybovat, tam le\u017eeli, neschopni se pohnout a \u201e\u010dekali na svou smrt,\u201c \u0159ekl.\u00a0<\/span><\/p>\n<p><span dir=\"auto\">Navzdory bezprost\u0159edn\u00edmu nebezpe\u010d\u00ed, kter\u00e9mu \u010del\u00ed person\u00e1l a pacienti v a\u0161-\u0160ifa, nemocnice st\u00e1le stoj\u00ed a person\u00e1l odm\u00edt\u00e1 opustit sv\u00e1 stanovi\u0161t\u011b a evakuovat se. A\u010dkoli nemocnice dosud neobdr\u017eela od izraelsk\u00e9 arm\u00e1dy ofici\u00e1ln\u00ed \u201ep\u0159\u00edkaz k evakuaci\u201c, person\u00e1l \u0159\u00edk\u00e1, \u017ee je to jen ot\u00e1zka \u010dasu. \u201eU\u017e jsme byli v t\u00e9to nemocnici obl\u00e9h\u00e1ni a [tehdy] n\u00e1s izraelsk\u00e1 arm\u00e1da evakuovala n\u00e1sil\u00edm, ale tentokr\u00e1t si nejsme v\u011bdomi izraelsk\u00fdch pl\u00e1n\u016f pro n\u00e1s,\u201c \u0159ekl a\u0161-\u0160ar\u00a0<\/span><em><span dir=\"auto\">den\u00edku Mondoweiss<\/span><\/em><span dir=\"auto\">\u00a0.<\/span><\/p>\n<p><span dir=\"auto\">\u201eNem\u00e1me tu\u0161en\u00ed, co bude d\u00e1l, ale my jsme zdravotnick\u00e9 t\u00fdmy a s vojensk\u00fdmi aktivitami nem\u00e1me nic spole\u010dn\u00e9ho. Jsme tady od za\u010d\u00e1tku v\u00e1lky a z\u016fstaneme,\u201c \u0159ekl.\u00a0<\/span><\/p>\n<hr class=\"wp-block-separator has-alpha-channel-opacity\" \/>\n<p class=\"has-small-font-size\"><strong><span dir=\"auto\">Tareq S. Hajjaj<\/span><\/strong><br \/>\n<span dir=\"auto\">Tareq S. Hajjaj je zpravodaj Mondoweiss pro Gazu a \u010dlen Svazu palestinsk\u00fdch spisovatel\u016f. Sledujte ho na Twitteru\/X na\u00a0<\/span><a href=\"https:\/\/twitter.com\/Tareqshajjaj\"><span dir=\"auto\">@Tareqshajjaj<\/span><\/a><span dir=\"auto\">\u00a0<\/span><\/p>\n<p><img decoding=\"async\" loading=\"lazy\" class=\"wp-image-86927 aligncenter\" src=\"http:\/\/www.infokuryr.cz\/n\/wp-content\/uploads\/2025\/09\/letak-volby-2025-konference-3-212x300.png\" alt=\"\" width=\"894\" height=\"1265\" srcset=\"https:\/\/www.infokuryr.cz\/n\/wp-content\/uploads\/2025\/09\/letak-volby-2025-konference-3-212x300.png 212w, https:\/\/www.infokuryr.cz\/n\/wp-content\/uploads\/2025\/09\/letak-volby-2025-konference-3-724x1024.png 724w, https:\/\/www.infokuryr.cz\/n\/wp-content\/uploads\/2025\/09\/letak-volby-2025-konference-3-768x1086.png 768w, https:\/\/www.infokuryr.cz\/n\/wp-content\/uploads\/2025\/09\/letak-volby-2025-konference-3-1086x1536.png 1086w, https:\/\/www.infokuryr.cz\/n\/wp-content\/uploads\/2025\/09\/letak-volby-2025-konference-3-1448x2048.png 1448w, https:\/\/www.infokuryr.cz\/n\/wp-content\/uploads\/2025\/09\/letak-volby-2025-konference-3-1024x1448.png 1024w\" sizes=\"(max-width: 894px) 100vw, 894px\" \/><\/p>\n","protected":false},"excerpt":{"rendered":"<p>S postupuj\u00edc\u00ed izraelskou invaz\u00ed do Gazy \u010del\u00ed nemocnice al-Shifa v\u00e1\u017en\u00e9mu nedostatku z\u00e1kladn\u00edch zdravotnick\u00fdch pot\u0159eb, co\u017e&#8230;<\/p>\n","protected":false},"author":2,"featured_media":88738,"comment_status":"closed","ping_status":"closed","sticky":false,"template":"","format":"standard","meta":[],"categories":[7],"tags":[348,178,107,1083,9819],"_links":{"self":[{"href":"https:\/\/www.infokuryr.cz\/n\/wp-json\/wp\/v2\/posts\/88737"}],"collection":[{"href":"https:\/\/www.infokuryr.cz\/n\/wp-json\/wp\/v2\/posts"}],"about":[{"href":"https:\/\/www.infokuryr.cz\/n\/wp-json\/wp\/v2\/types\/post"}],"author":[{"embeddable":true,"href":"https:\/\/www.infokuryr.cz\/n\/wp-json\/wp\/v2\/users\/2"}],"replies":[{"embeddable":true,"href":"https:\/\/www.infokuryr.cz\/n\/wp-json\/wp\/v2\/comments?post=88737"}],"version-history":[{"count":1,"href":"https:\/\/www.infokuryr.cz\/n\/wp-json\/wp\/v2\/posts\/88737\/revisions"}],"predecessor-version":[{"id":88739,"href":"https:\/\/www.infokuryr.cz\/n\/wp-json\/wp\/v2\/posts\/88737\/revisions\/88739"}],"wp:featuredmedia":[{"embeddable":true,"href":"https:\/\/www.infokuryr.cz\/n\/wp-json\/wp\/v2\/media\/88738"}],"wp:attachment":[{"href":"https:\/\/www.infokuryr.cz\/n\/wp-json\/wp\/v2\/media?parent=88737"}],"wp:term":[{"taxonomy":"category","embeddable":true,"href":"https:\/\/www.infokuryr.cz\/n\/wp-json\/wp\/v2\/categories?post=88737"},{"taxonomy":"post_tag","embeddable":true,"href":"https:\/\/www.infokuryr.cz\/n\/wp-json\/wp\/v2\/tags?post=88737"}],"curies":[{"name":"wp","href":"https:\/\/api.w.org\/{rel}","templated":true}]}}