{"id":88733,"date":"2025-09-28T00:18:41","date_gmt":"2025-09-27T22:18:41","guid":{"rendered":"https:\/\/www.infokuryr.cz\/n\/?p=88733"},"modified":"2025-09-27T12:59:37","modified_gmt":"2025-09-27T10:59:37","slug":"iran-obnovuje-sve-tovarny-na-rakety","status":"publish","type":"post","link":"https:\/\/www.infokuryr.cz\/n\/2025\/09\/28\/iran-obnovuje-sve-tovarny-na-rakety\/","title":{"rendered":"\u00cdr\u00e1n obnovuje sv\u00e9 tov\u00e1rny na rakety"},"content":{"rendered":"<div id=\"fb-root\"><\/div>\n<p><strong><span dir=\"auto\">Pot\u00e9, co Izrael \u00famysln\u011b zni\u010dil tov\u00e1rny vyr\u00e1b\u011bj\u00edc\u00ed rakety na tuh\u00e9 palivo, nyn\u00ed mull\u00e1hsk\u00fd re\u017eim pracuje na jejich obnov\u011b, jak ukazuj\u00ed ned\u00e1vn\u00e9 satelitn\u00ed sn\u00edmky. Bez speci\u00e1ln\u00edch m\u00edchac\u00edch stroj\u016f zni\u010den\u00fdch p\u0159i n\u00e1letech se v\u0161ak jedn\u00e1 pouze o propagandistickou fas\u00e1du.<\/span><\/strong><\/p>\n<p><span dir=\"auto\">Izraelsk\u00e9 leteck\u00e9 \u00fatoky na vojensk\u00e1 za\u0159\u00edzen\u00ed v \u00cdr\u00e1nu zp\u016fsobily trval\u00e9 \u0161kody zbrojn\u00edmu pr\u016fmyslu mull\u00e1h\u016f. Obzvl\u00e1\u0161t\u011b t\u011b\u017ece byla zasa\u017eena centra pro v\u00fdrobu balistick\u00fdch raket, kter\u00e1 byla p\u0159ed izraelsk\u00fdm preventivn\u00edm \u00faderem schopna vyprodukovat a\u017e 200 t\u011bchto smrt\u00edc\u00edch projektil\u016f m\u011bs\u00ed\u010dn\u011b. Vzhledem k tomu, \u017ee \u201eIsl\u00e1msk\u00e1 republika\u201c b\u011bhem \u010dervnov\u00e9 vojensk\u00e9 v\u00fdm\u011bny a p\u0159ed n\u00ed odp\u00e1lila na \u017eidovsk\u00fd st\u00e1t v\u00edce ne\u017e 800 takov\u00fdch raket, \u010d\u00edm\u017e vy\u010derpala asi t\u0159etinu sv\u00e9ho arzen\u00e1lu, se islamistick\u00fd re\u017eim sna\u017e\u00ed\u00a0<\/span><a href=\"https:\/\/thecradle.co\/articles\/iran-rebuilding-missile-production-sites-struck-by-israel-report\"><span dir=\"auto\">obnovit<\/span><\/a><span dir=\"auto\"> sv\u00e9 kapacity.<\/span><\/p>\n<figure class=\"wp-block-embed is-type-rich is-provider-twitter wp-block-embed-twitter\">\n<div class=\"wp-block-embed__wrapper\">\n<div class=\"twitter-tweet twitter-tweet-rendered\"><iframe id=\"twitter-widget-0\" class=\"\" title=\"X P\u0159\u00edsp\u011bvek\" src=\"https:\/\/platform.twitter.com\/embed\/Tweet.html?dnt=true&amp;embedId=twitter-widget-0&amp;features=eyJ0ZndfdGltZWxpbmVfbGlzdCI6eyJidWNrZXQiOltdLCJ2ZXJzaW9uIjpudWxsfSwidGZ3X2ZvbGxvd2VyX2NvdW50X3N1bnNldCI6eyJidWNrZXQiOnRydWUsInZlcnNpb24iOm51bGx9LCJ0ZndfdHdlZXRfZWRpdF9iYWNrZW5kIjp7ImJ1Y2tldCI6Im9uIiwidmVyc2lvbiI6bnVsbH0sInRmd19yZWZzcmNfc2Vzc2lvbiI6eyJidWNrZXQiOiJvbiIsInZlcnNpb24iOm51bGx9LCJ0ZndfZm9zbnJfc29mdF9pbnRlcnZlbnRpb25zX2VuYWJsZWQiOnsiYnVja2V0Ijoib24iLCJ2ZXJzaW9uIjpudWxsfSwidGZ3X21peGVkX21lZGlhXzE1ODk3Ijp7ImJ1Y2tldCI6InRyZWF0bWVudCIsInZlcnNpb24iOm51bGx9LCJ0ZndfZXhwZXJpbWVudHNfY29va2llX2V4cGlyYXRpb24iOnsiYnVja2V0IjoxMjA5NjAwLCJ2ZXJzaW9uIjpudWxsfSwidGZ3X3Nob3dfYmlyZHdhdGNoX3Bpdm90c19lbmFibGVkIjp7ImJ1Y2tldCI6Im9uIiwidmVyc2lvbiI6bnVsbH0sInRmd19kdXBsaWNhdGVfc2NyaWJlc190b19zZXR0aW5ncyI6eyJidWNrZXQiOiJvbiIsInZlcnNpb24iOm51bGx9LCJ0ZndfdXNlX3Byb2ZpbGVfaW1hZ2Vfc2hhcGVfZW5hYmxlZCI6eyJidWNrZXQiOiJvbiIsInZlcnNpb24iOm51bGx9LCJ0ZndfdmlkZW9faGxzX2R5bmFtaWNfbWFuaWZlc3RzXzE1MDgyIjp7ImJ1Y2tldCI6InRydWVfYml0cmF0ZSIsInZlcnNpb24iOm51bGx9LCJ0ZndfbGVnYWN5X3RpbWVsaW5lX3N1bnNldCI6eyJidWNrZXQiOnRydWUsInZlcnNpb24iOm51bGx9LCJ0ZndfdHdlZXRfZWRpdF9mcm9udGVuZCI6eyJidWNrZXQiOiJvbiIsInZlcnNpb24iOm51bGx9fQ%3D%3D&amp;frame=false&amp;hideCard=false&amp;hideThread=false&amp;id=1970827677251805553&amp;lang=cs&amp;origin=https%3A%2F%2Freport24.news%2Fder-iran-baut-seine-raketenfabriken-wieder-auf%2F&amp;sessionId=564cde3d5d0e26b9b1dfe67048bb28ebd4b62c1c&amp;theme=light&amp;widgetsVersion=2615f7e52b7e0%3A1702314776716&amp;width=550px\" frameborder=\"0\" scrolling=\"no\" allowfullscreen=\"allowfullscreen\" data-tweet-id=\"1970827677251805553\" data-mce-fragment=\"1\"><\/iframe><\/div>\n<\/div>\n<\/figure>\n<p><span dir=\"auto\">Satelitn\u00ed sn\u00edmky ukazuj\u00ed, \u017ee se za\u0159\u00edzen\u00ed v Par\u010d\u00ednu a \u0160ahr\u00fadu rekonstruuj\u00ed. Re\u017eim mull\u00e1ha m\u00e1 v\u0161ak probl\u00e9m: nedostatek ob\u0159\u00edch m\u00edchac\u00edch stroj\u016f (tzv. \u201eplanet\u00e1rn\u00edch m\u00edcha\u010dek\u201c) pro v\u00fdrobu raket na tuh\u00e1 paliva. Izrael je zni\u010dil a n\u00e1hrada je st\u00e1le v nedohlednu. Izraelsk\u00e9 letectvo tak strategicky eliminovalo kritick\u00e9 \u00fazk\u00e9 m\u00edsto v \u00edr\u00e1nsk\u00e9 v\u00fdrob\u011b raket. Bez nich sice \u00cdr\u00e1nci mohou rakety stav\u011bt, ale bez \u201emotoru\u201c jsou k ni\u010demu.<\/span><\/p>\n<p><span dir=\"auto\">\u00cdr\u00e1n se sice sna\u017e\u00ed znovu zprovoznit sv\u00e1 za\u0159\u00edzen\u00ed na v\u00fdrobu balistick\u00fdch raket, ale postr\u00e1d\u00e1 z\u00e1kladn\u00ed vybaven\u00ed. Bez zahrani\u010dn\u00ed pomoci \u2013 nap\u0159\u00edklad z \u010c\u00edny, Ruska nebo Severn\u00ed Koreje \u2013 nebude mo\u017en\u00e9 v dohledn\u00e9 dob\u011b obnovit v\u00fdrobu. Hlavn\u00edm probl\u00e9mem mull\u00e1hsk\u00e9ho re\u017eimu je v\u0161ak pravd\u011bpodobn\u011b dom\u00e1c\u00ed propaganda. Jeho vlastn\u00ed lid\u00e9 by nem\u011bli v\u011b\u0159it, \u017ee Goli\u00e1\u0161 \u00cdr\u00e1n byl tak tvrd\u011b zasa\u017een Davidem Izraelem.<\/span><\/p>\n<p><span dir=\"auto\">Nakonec se uk\u00e1\u017ee, \u017ee c\u00edlen\u00e9 leteck\u00e9 \u00fadery na strategicky d\u016fle\u017eit\u00e1 m\u00edsta v\u00fdroby zbran\u00ed a raket jsou ide\u00e1ln\u00edm p\u0159\u00edstupem k minimalizaci vojensk\u00fdch hrozeb v dlouhodob\u00e9m horizontu. Mull\u00e1hov\u00e9 budou opatrn\u00ed s nasazen\u00edm sv\u00e9ho zb\u00fdvaj\u00edc\u00edho arzen\u00e1lu proti Izraeli, dokud nebudou moci doplnit z\u00e1soby.<\/span><\/p>\n<p><img decoding=\"async\" loading=\"lazy\" class=\"alignnone size-full wp-image-1185\" src=\"http:\/\/www.infokuryr.cz\/n\/wp-content\/uploads\/2021\/04\/kuryr-podpis.png\" alt=\"\" width=\"84\" height=\"24\" \/><\/p>\n<p><img decoding=\"async\" loading=\"lazy\" class=\"wp-image-86927 aligncenter\" src=\"http:\/\/www.infokuryr.cz\/n\/wp-content\/uploads\/2025\/09\/letak-volby-2025-konference-3-212x300.png\" alt=\"\" width=\"891\" height=\"1261\" srcset=\"https:\/\/www.infokuryr.cz\/n\/wp-content\/uploads\/2025\/09\/letak-volby-2025-konference-3-212x300.png 212w, https:\/\/www.infokuryr.cz\/n\/wp-content\/uploads\/2025\/09\/letak-volby-2025-konference-3-724x1024.png 724w, https:\/\/www.infokuryr.cz\/n\/wp-content\/uploads\/2025\/09\/letak-volby-2025-konference-3-768x1086.png 768w, https:\/\/www.infokuryr.cz\/n\/wp-content\/uploads\/2025\/09\/letak-volby-2025-konference-3-1086x1536.png 1086w, https:\/\/www.infokuryr.cz\/n\/wp-content\/uploads\/2025\/09\/letak-volby-2025-konference-3-1448x2048.png 1448w, https:\/\/www.infokuryr.cz\/n\/wp-content\/uploads\/2025\/09\/letak-volby-2025-konference-3-1024x1448.png 1024w\" sizes=\"(max-width: 891px) 100vw, 891px\" \/><\/p>\n","protected":false},"excerpt":{"rendered":"<p>Pot\u00e9, co Izrael \u00famysln\u011b zni\u010dil tov\u00e1rny vyr\u00e1b\u011bj\u00edc\u00ed rakety na tuh\u00e9 palivo, nyn\u00ed mull\u00e1hsk\u00fd re\u017eim pracuje&#8230;<\/p>\n","protected":false},"author":2,"featured_media":88734,"comment_status":"closed","ping_status":"closed","sticky":false,"template":"","format":"standard","meta":[],"categories":[7],"tags":[38,349,3037,1867],"_links":{"self":[{"href":"https:\/\/www.infokuryr.cz\/n\/wp-json\/wp\/v2\/posts\/88733"}],"collection":[{"href":"https:\/\/www.infokuryr.cz\/n\/wp-json\/wp\/v2\/posts"}],"about":[{"href":"https:\/\/www.infokuryr.cz\/n\/wp-json\/wp\/v2\/types\/post"}],"author":[{"embeddable":true,"href":"https:\/\/www.infokuryr.cz\/n\/wp-json\/wp\/v2\/users\/2"}],"replies":[{"embeddable":true,"href":"https:\/\/www.infokuryr.cz\/n\/wp-json\/wp\/v2\/comments?post=88733"}],"version-history":[{"count":0,"href":"https:\/\/www.infokuryr.cz\/n\/wp-json\/wp\/v2\/posts\/88733\/revisions"}],"wp:featuredmedia":[{"embeddable":true,"href":"https:\/\/www.infokuryr.cz\/n\/wp-json\/wp\/v2\/media\/88734"}],"wp:attachment":[{"href":"https:\/\/www.infokuryr.cz\/n\/wp-json\/wp\/v2\/media?parent=88733"}],"wp:term":[{"taxonomy":"category","embeddable":true,"href":"https:\/\/www.infokuryr.cz\/n\/wp-json\/wp\/v2\/categories?post=88733"},{"taxonomy":"post_tag","embeddable":true,"href":"https:\/\/www.infokuryr.cz\/n\/wp-json\/wp\/v2\/tags?post=88733"}],"curies":[{"name":"wp","href":"https:\/\/api.w.org\/{rel}","templated":true}]}}