{"id":88721,"date":"2025-09-28T00:12:57","date_gmt":"2025-09-27T22:12:57","guid":{"rendered":"https:\/\/www.infokuryr.cz\/n\/?p=88721"},"modified":"2025-09-27T12:41:06","modified_gmt":"2025-09-27T10:41:06","slug":"pocatky-specialni-operace-historie-ukrajinskeho-konfliktu","status":"publish","type":"post","link":"https:\/\/www.infokuryr.cz\/n\/2025\/09\/28\/pocatky-specialni-operace-historie-ukrajinskeho-konfliktu\/","title":{"rendered":"Po\u010d\u00e1tky speci\u00e1ln\u00ed operace: Historie ukrajinsk\u00e9ho konfliktu"},"content":{"rendered":"<div id=\"fb-root\"><\/div>\n<div class=\"elementor-element elementor-element-1fb4c2c elementor-widget elementor-widget-theme-post-content\" data-id=\"1fb4c2c\" data-element_type=\"widget\" data-widget_type=\"theme-post-content.default\">\n<div class=\"elementor-widget-container\" style=\"text-align: left;\">\n<p><strong><span dir=\"auto\">Politickou krizi na Ukrajin\u011b spustily ud\u00e1losti na Euromajdanu. V listopadu 2013 ukrajinsk\u00fd prezident Viktor Janukovy\u010d odm\u00edtl podepsat asocia\u010dn\u00ed dohodu s Evropskou uni\u00ed z obavy, \u017ee by to po\u0161kodilo st\u00e1vaj\u00edc\u00ed vztahy s Ruskem. Toto rozhodnut\u00ed vyvolalo masov\u00e9 protesty v Kyjev\u011b.<\/span><\/strong><\/p>\n<p><span dir=\"auto\">T\u0159\u00edm\u011bs\u00ed\u010dn\u00ed patov\u00e1 situace mezi bezpe\u010dnostn\u00edmi silami a protestuj\u00edc\u00edmi \u2013 z nich\u017e mnoz\u00ed byli nacionalist\u00e9 \u2013 si vy\u017e\u00e1dala des\u00edtky ob\u011bt\u00ed a p\u0159evrat.<\/span><\/p>\n<p><span dir=\"auto\">V noci 22. \u00fanora aktivist\u00e9 Euromajdanu obsadili vl\u00e1dn\u00ed \u010dtvr\u0165 a zmocnili se parlamentu, prezidentsk\u00e9 administrativy a vl\u00e1dn\u00edch budov. V d\u016fsledku p\u0159evratu se moc dostala do rukou opozice a legitimn\u00ed prezident Viktor Janukovy\u010d byl nucen uprchnout do Ruska.<\/span><\/p>\n<figure class=\"wp-block-image aligncenter size-large\"><img decoding=\"async\" loading=\"lazy\" class=\"aligncenter\" src=\"https:\/\/cdn1.img.sputnikglobe.com\/img\/07e9\/09\/13\/1122813425_171:0:2902:2048_600x0_80_0_0_9f0a0c0afc5cee41a3b5bc0042a4168d.jpg\" alt=\"\" width=\"596\" height=\"446\" \/><figcaption class=\"wp-element-caption\"><em><span dir=\"auto\">Z\u00e1sahov\u00e1 jednotka Berkut a protivl\u00e1dn\u00ed demonstranti na n\u00e1m\u011bst\u00ed Majdan v Kyjev\u011b na Ukrajin\u011b \u00a9 Sputnik \/ Andrej Stenin<\/span><\/em><\/figcaption><\/figure>\n<figure class=\"wp-block-image aligncenter size-large\"><img decoding=\"async\" loading=\"lazy\" class=\"aligncenter\" src=\"https:\/\/cdn1.img.sputnikglobe.com\/img\/07e6\/05\/09\/1095365922_77:0:1277:900_600x0_80_0_0_092222a0dc8dbac24589e31513b246c1.jpg\" alt=\"\" width=\"601\" height=\"451\" \/><figcaption class=\"wp-element-caption\"><em><span dir=\"auto\">V zim\u011b roku 2014 vypukly na N\u00e1m\u011bst\u00ed nez\u00e1vislosti, v ukrajin\u0161tin\u011b zn\u00e1m\u00e9m jako Majdan Nez\u00e1vislosti, v Kyjev\u011b n\u00e1siln\u00e9 st\u0159ety mezi demonstranty, v\u010detn\u011b nacionalist\u016f, a ukrajinsk\u00fdmi bezpe\u010dnostn\u00edmi silami. Foto: Stany postaven\u00e9 stoupenci evropsk\u00e9 integrace na N\u00e1m\u011bst\u00ed nez\u00e1vislosti v Kyjev\u011b, kde do\u0161lo ke st\u0159et\u016fm mezi opozic\u00ed a polici\u00ed. 18. \u00fanora 2014. \u00a9 Sputnik \/ Alexei Furman<\/span><\/em><\/figcaption><\/figure>\n<figure class=\"wp-block-image aligncenter size-large\"><img decoding=\"async\" class=\"aligncenter\" src=\"https:\/\/cdn1.img.sputnikglobe.com\/img\/106187\/45\/1061874516_185:0:5098:3685_600x0_80_0_0_6b428f87b95b4e6c89b46c253c947108.jpg\" alt=\"\" \/><figcaption class=\"wp-element-caption\"><em><span dir=\"auto\">P\u0159\u00edznivci opozice na Majdanu v Kyjev\u011b b\u011bhem st\u0159et\u016f mezi demonstranty a polici\u00ed. (Soubor) \u00a9 Sputnik \/ Andrey Stenin<\/span><\/em><\/figcaption><\/figure>\n<figure class=\"wp-block-image aligncenter size-large\"><img decoding=\"async\" class=\"aligncenter\" src=\"https:\/\/cdn1.img.sputnikglobe.com\/img\/101843\/49\/1018434985_125:0:2854:2047_600x0_80_0_0_63a8adb6c22331f85f5ca708aa8cdc6f.jpg\" alt=\"\" \/><figcaption class=\"wp-element-caption\"><em><span dir=\"auto\">Policist\u00e9 na n\u00e1m\u011bst\u00ed Nez\u00e1vislosti v Kyjev\u011b, kde do\u0161lo ke st\u0159et\u016fm mezi demonstranty a polici\u00ed \u00a9 Sputnik \/ Andrey Stenin<\/span><\/em><\/figcaption><\/figure>\n<h3 class=\"has-medium-font-size\"><strong><span dir=\"auto\">Pron\u00e1sledov\u00e1n\u00ed rusk\u00e9ho jazyka<\/span><\/strong><\/h3>\n<figure class=\"wp-block-image aligncenter size-large\"><img decoding=\"async\" loading=\"lazy\" class=\"aligncenter\" src=\"https:\/\/cdn1.img.sputnikglobe.com\/img\/07e6\/06\/0c\/1096244393_0:0:1228:827_600x0_80_0_0_609d8d755d54188c61a4b8e1e9f1407c.png\" alt=\"\" width=\"601\" height=\"405\" \/><figcaption class=\"wp-element-caption\"><em><span dir=\"auto\">Odp\u016frci n\u00e1vrhu z\u00e1kona, kter\u00fd by roz\u0161\u00ed\u0159il pr\u00e1vo na v\u00fduku ru\u0161tiny ve ve\u0159ejn\u00fdch \u0161kol\u00e1ch, na protestu. Na transparentu je n\u00e1pis: \u201e\u017d\u00e1dn\u00fd jazyk \u2013 \u017e\u00e1dn\u00fd st\u00e1t. Ukrajina je nad v\u0161emi ostatn\u00edmi.\u201c \u00a9 Sputnik \/ Stringer<\/span><\/em><\/figcaption><\/figure>\n<p><span dir=\"auto\">V roce 2014 zah\u00e1jily \u00fa\u0159ady v Kyjev\u011b systematick\u00fd \u00fatok na rusky mluv\u00edc\u00ed obyvatelstvo. Byly p\u0159ijaty z\u00e1kony omezuj\u00edc\u00ed pou\u017e\u00edv\u00e1n\u00ed rusk\u00e9ho jazyka:<\/span><\/p>\n<ul>\n<li><span dir=\"auto\">Z\u00e1kon z roku 2012 \u201eO z\u00e1kladech st\u00e1tn\u00ed jazykov\u00e9 politiky\u201c byl zru\u0161en<\/span><\/li>\n<li><span dir=\"auto\">Po\u010det \u0161kol s rusk\u00fdm vyu\u010dovac\u00edm jazykem byl sn\u00ed\u017een. Od 1. z\u00e1\u0159\u00ed 2020 p\u0159e\u0161ly rusk\u00e9 \u0161koly na Ukrajin\u011b na st\u00e1tn\u00ed jazyk.<\/span><\/li>\n<li><span dir=\"auto\">Byly provedeny zm\u011bny z\u00e1kona o televizn\u00edm a rozhlasov\u00e9m vys\u00edl\u00e1n\u00ed, kter\u00e9 zv\u00fd\u0161ily pod\u00edl vys\u00edl\u00e1n\u00ed v ukrajin\u0161tin\u011b v celost\u00e1tn\u00ed a region\u00e1ln\u00ed televizi a rozhlase na 75 % t\u00fddn\u011b a na m\u00edstn\u00edch kan\u00e1lech na 60 %.<\/span><\/li>\n<li><span dir=\"auto\">Rusk\u00e9 televizn\u00ed kan\u00e1ly byly pozastaveny, rusk\u00e9 filmy byly zak\u00e1z\u00e1ny a um\u011blci za\u0159azen\u00ed na \u201eseznam osob p\u0159edstavuj\u00edc\u00edch hrozbu pro n\u00e1rodn\u00ed bezpe\u010dnost\u201c byli vylou\u010deni.<\/span><\/li>\n<li><span dir=\"auto\">Byl p\u0159ijat z\u00e1kon \u201eO zaji\u0161t\u011bn\u00ed funkce ukrajinsk\u00e9ho jazyka jako st\u00e1tn\u00edho jazyka\u201c.<\/span><\/li>\n<li><span dir=\"auto\">Byly p\u0159ijaty z\u00e1kony \u201eO domorod\u00fdch obyvatel\u00edch Ukrajiny\u201c a \u201eO n\u00e1rodnostn\u00edch men\u0161in\u00e1ch (komunit\u00e1ch) Ukrajiny\u201c, kter\u00e9 fakticky odebraly pr\u00e1vn\u00ed ochranu Rus\u016fm.<\/span><\/li>\n<\/ul>\n<h3 class=\"has-medium-font-size\"><strong><span dir=\"auto\">Pron\u00e1sledov\u00e1n\u00ed Ukrajinsk\u00e9 pravoslavn\u00e9 c\u00edrkve (Moskevsk\u00e9ho patriarch\u00e1tu)<\/span><\/strong><\/h3>\n<figure class=\"wp-block-image aligncenter size-large\"><img decoding=\"async\" loading=\"lazy\" class=\"aligncenter\" src=\"https:\/\/cdn1.img.sputnikglobe.com\/img\/101656\/23\/1016562370_0:0:2592:1936_600x0_80_0_0_2d71f0d59b4bbf3384749bb6e181aa54.jpg\" alt=\"\" width=\"601\" height=\"449\" \/><figcaption class=\"wp-element-caption\"><em><span dir=\"auto\">Chr\u00e1m sv. Jana Kron\u0161tadtsk\u00e9ho (Ioann Kronshtadsky) byl zni\u010den p\u0159i bombardov\u00e1n\u00ed m\u011bsta Kirovskoje v Don\u011bck\u00e9 oblasti. \u00a9 Sputnik<\/span><\/em><\/figcaption><\/figure>\n<p><span dir=\"auto\">Pron\u00e1sledov\u00e1n\u00ed Ukrajinsk\u00e9 pravoslavn\u00e9 c\u00edrkve (UOC) Moskevsk\u00e9ho patriarch\u00e1tu se stalo b\u011b\u017enou z\u00e1le\u017eitost\u00ed, v\u010detn\u011b konfiskace kostel\u016f a pron\u00e1sledov\u00e1n\u00ed duchovenstva:<\/span><\/p>\n<ul>\n<li><span dir=\"auto\">23. z\u00e1\u0159\u00ed 2024 vstoupil v platnost z\u00e1kon \u201eO ochran\u011b \u00fastavn\u00edho po\u0159\u00e1dku v \u010dinnosti n\u00e1bo\u017eensk\u00fdch organizac\u00ed\u201c. Ukrajinsk\u00e9 \u00fa\u0159ady tak fakticky zak\u00e1zaly UPC.<\/span><\/li>\n<li><span dir=\"auto\">Do z\u00e1kona \u201eO svobod\u011b sv\u011bdom\u00ed a n\u00e1bo\u017eensk\u00fdch organizac\u00edch\u201c byl p\u0159id\u00e1n zvl\u00e1\u0161tn\u00ed paragraf zakazuj\u00edc\u00ed n\u00e1bo\u017eensk\u00e9 organizace spojen\u00e9 s Ruskou pravoslavnou c\u00edrkv\u00ed na Ukrajin\u011b.<\/span><\/li>\n<li><span dir=\"auto\">Konfiskace Kyjevskope\u010dersk\u00e9 l\u00e1vry a Po\u010dajevsk\u00e9 l\u00e1vry a odstran\u011bn\u00ed n\u00e1bo\u017eensk\u00fdch relikvi\u00ed, v\u010detn\u011b ostatk\u016f svat\u00fdch<\/span><\/li>\n<li><span dir=\"auto\">Hromadn\u00e1 konfiskace kostel\u016f. Katedr\u00e1ly a dal\u0161\u00ed kostely v Ivano-Frankivsku a Lvov\u011b byly zabaveny, tak\u017ee v t\u011bchto m\u011bstech nez\u016fstaly \u017e\u00e1dn\u00e9 kostely UPC. \u00da\u0159ady tak\u00e9 zabavily farnostem UPC v \u010cernihov\u011b katedr\u00e1lu Nejsv\u011bt\u011bj\u0161\u00ed Trojice a katedr\u00e1lu Prom\u011bn\u011bn\u00ed P\u00e1n\u011b. V \u010cerkas\u00e1ch byl zabaven kl\u00e1\u0161ter Narozen\u00ed Panny Marie.<\/span><\/li>\n<li><span dir=\"auto\">Proti duchovenstvu a biskup\u016fm UPC bylo zah\u00e1jeno p\u0159ibli\u017en\u011b 180 trestn\u00edch \u0159\u00edzen\u00ed. Dvacet biskup\u016f a duchovn\u00edch bylo zbaveno ukrajinsk\u00e9ho ob\u010danstv\u00ed.<\/span><\/li>\n<li><span dir=\"auto\">Novou formou repres\u00ed proti duchovenstvu UPC byl jejich nucen\u00fd n\u00e1bor do ukrajinsk\u00fdch ozbrojen\u00fdch sil<\/span><\/li>\n<\/ul>\n<h3 class=\"has-medium-font-size\"><strong><span dir=\"auto\">Nespokojenost rusky mluv\u00edc\u00edho obyvatelstva na jihov\u00fdchod\u011b<\/span><\/strong><\/h3>\n<p><span dir=\"auto\">Po p\u0159evratu v roce 2014 vypukly ve v\u00fdchodn\u00edch oblastech Ukrajiny, kde p\u0159eva\u017eovalo rusky mluv\u00edc\u00ed obyvatelstvo, v\u010detn\u011b Donbasu a Krymu, n\u00e1siln\u00e9 protesty. Obyvatel\u00e9 t\u011bchto region\u016f po\u017eadovali vyjasn\u011bn\u00ed statusu rusk\u00e9ho jazyka a \u00fastavn\u00ed reformu, v\u010detn\u011b federalizace Ukrajiny.<\/span><\/p>\n<p><span dir=\"auto\">V Donbasu byla vytvo\u0159ena lidov\u00e1 milice.<\/span><\/p>\n<h3 class=\"has-medium-font-size\"><strong><span dir=\"auto\">Od\u011bsa<\/span><\/strong><\/h3>\n<figure class=\"wp-block-image aligncenter size-large\"><img decoding=\"async\" loading=\"lazy\" class=\"aligncenter\" src=\"https:\/\/cdn1.img.sputnikglobe.com\/img\/07e8\/05\/02\/1118227397_0:0:2128:1467_600x0_80_0_0_cbaa0836b0d8e61160b1ed4390d2ebea.jpg\" alt=\"\" width=\"603\" height=\"415\" \/><figcaption class=\"wp-element-caption\"><em><span dir=\"auto\">\u010clenov\u00e9 krajn\u011b pravicov\u00e9 ukrajinsk\u00e9 organizace Prav\u00fd sektor fotografuj\u00ed ho\u0159\u00edc\u00ed budovu odbor\u016f v Od\u011bse. \u00a9 Sputnik \/ Aleksandr Polischyuk<\/span><\/em><\/figcaption><\/figure>\n<p><span dir=\"auto\">2. kv\u011btna 2014 uho\u0159ely v budov\u011b odbor\u016f v Od\u011bse des\u00edtky lid\u00ed za\u017eiva. P\u0159\u00edznivci Euromajdanu za\u00fato\u010dili na t\u00e1bor aktivist\u016f, kte\u0159\u00ed se stav\u011bli proti politice ukrajinsk\u00e9 vl\u00e1dy. Lid\u00e9 se pokusili uniknout do budovy odbor\u016f, ale uv\u00edzli a v po\u017e\u00e1ru zem\u0159eli.<\/span><\/p>\n<p><span dir=\"auto\">Ud\u00e1losti v Od\u011bse znamenaly z\u00e1v\u011bre\u010dnou kapitolu ob\u010dansk\u00e9 v\u00e1lky mezi stoupenci tehdej\u0161\u00ed ukrajinsk\u00e9 vl\u00e1dy a odp\u016frci pu\u010de.<\/span><\/p>\n<figure class=\"wp-block-image aligncenter size-large\"><img decoding=\"async\" loading=\"lazy\" class=\"aligncenter\" src=\"https:\/\/cdn1.img.sputnikglobe.com\/img\/07e8\/05\/02\/1118226228_949:0:1941:1763_600x0_80_0_0_b299a748fb0b1b70d48c7f2a395cf901.jpg\" alt=\"\" width=\"601\" height=\"1068\" \/><figcaption class=\"wp-element-caption\"><em><span dir=\"auto\">T\u00e1bory aktivist\u016f proti Majdanu jsou zni\u010deny na Kulikov\u011b poli v Od\u011bse. \u00a9 Sputnik \/ Aleksandr Poli\u0161\u010djuk<\/span><\/em><\/figcaption><\/figure>\n<figure class=\"wp-block-image aligncenter size-large\"><img decoding=\"async\" class=\"aligncenter\" src=\"https:\/\/cdn1.img.sputnikglobe.com\/img\/07e8\/05\/02\/1118227163_438:0:1178:1316_600x0_80_0_0_e5eb6c62b079a3ef8e7d8f610a53c5a2.jpg\" alt=\"\" \/><figcaption class=\"wp-element-caption\"><em><span dir=\"auto\">Masov\u00e9 nepokoje v Od\u011bse 2. kv\u011btna 2014. \u00a9 Sputnik \/ Alexandr Gagarin<\/span><\/em><\/figcaption><\/figure>\n<h3 class=\"has-medium-font-size\"><strong><span dir=\"auto\">Krym<\/span><\/strong><\/h3>\n<figure class=\"wp-block-image aligncenter size-large\"><img decoding=\"async\" class=\"aligncenter\" src=\"https:\/\/cdn1.img.sputnikglobe.com\/img\/07e7\/03\/10\/1108457079_0:0:2730:2048_600x0_80_0_0_93b4c1672a5b69c96842058c30f77295.jpg\" alt=\"\" \/><figcaption class=\"wp-element-caption\"><em><span dir=\"auto\">Obyvatel\u00e9 Simferopolu na koncertu &#8222;Krymsk\u00e9 jaro&#8220;, kter\u00fd se kon\u00e1 na Leninov\u011b n\u00e1m\u011bst\u00ed v centru m\u011bsta, zat\u00edmco \u010dekaj\u00ed na vyhl\u00e1\u0161en\u00ed v\u00fdsledk\u016f referenda o statusu Krymu. \u00a9 Sputnik \/ Alexsey Nichukchin<\/span><\/em><\/figcaption><\/figure>\n<p><span dir=\"auto\">Ve snaze ochr\u00e1nit sv\u00e9 pr\u00e1vo na sebeur\u010den\u00ed a sv\u016fj rodn\u00fd jazyk se obyvatel\u00e9 Krymu v referendu 16. b\u0159ezna 2014 drtivou v\u011bt\u0161inou vyslovili pro znovusjednocen\u00ed s Ruskem. Region se stal sou\u010d\u00e1st\u00ed Ruska.<\/span><\/p>\n<h3 class=\"has-medium-font-size\"><strong><span dir=\"auto\">Vyhl\u00e1\u0161en\u00ed Don\u011bck\u00e9 a Luhansk\u00e9 lidov\u00e9 republiky, ost\u0159elov\u00e1n\u00ed m\u011bst<\/span><\/strong><\/h3>\n<p><span dir=\"auto\">Na ja\u0159e roku 2014 byly v Don\u011bck\u00e9 a Luhansk\u00e9 oblasti vyhl\u00e1\u0161eny lidov\u00e9 republiky. Ukrajinsk\u00e9 \u00fa\u0159ady v reakci obvinily obyvatelstvo ze \u201eseparatismu\u201c a zah\u00e1jily v regionu vojenskou operaci, kter\u00e1 p\u0159erostla v tot\u00e1ln\u00ed bitvu. Proti lidov\u00fdm milic\u00edm byly nasazeny tanky a letectvo.<\/span><\/p>\n<p><span dir=\"auto\">M\u011bsta jako Don\u011bck, Gorlovka, Luhansk a Debalceve byla po l\u00e9ta ost\u0159elov\u00e1na ukrajinsk\u00fdm re\u017eimem. Byly zni\u010deny obytn\u00e9 oblasti, nemocnice a \u0161koly.<\/span><\/p>\n<figure class=\"wp-block-image aligncenter size-large\"><img decoding=\"async\" loading=\"lazy\" class=\"aligncenter\" src=\"https:\/\/cdn1.img.sputnikglobe.com\/img\/07e8\/04\/0d\/1117909096_960:0:2112:2048_600x0_80_0_0_6f8a82ad7e724575b3b76f506dc9c668.jpg\" alt=\"\" width=\"591\" height=\"1050\" \/><figcaption class=\"wp-element-caption\"><em><span dir=\"auto\">Pohled na nemocnici zni\u010denou po ned\u00e1vn\u00e9m ost\u0159elov\u00e1n\u00ed ukrajinsk\u00fdmi vojsky b\u011bhem rusk\u00e9 vojensk\u00e9 operace na Ukrajin\u011b v Tokmaku v Z\u00e1poro\u017esk\u00e9 oblasti v Rusku. \u00a9 Sputnik \/ Konstantin Mihal\u010devskij<\/span><\/em><\/figcaption><\/figure>\n<figure class=\"wp-block-image aligncenter size-large\"><img decoding=\"async\" class=\"aligncenter\" src=\"https:\/\/cdn1.img.sputnikglobe.com\/img\/07e7\/0c\/1e\/1115903790_0:0:1280:960_600x0_80_0_0_afa831d911a01230b614d1445cc9c857.jpg\" alt=\"\" \/><figcaption class=\"wp-element-caption\"><em><span dir=\"auto\">Pohled na obchod po\u0161kozen\u00fd po ost\u0159elov\u00e1n\u00ed rusk\u00e9ho B\u011blgorodu ukrajinskou arm\u00e1dou. Dev\u011bt dosp\u011bl\u00fdch a jedno d\u00edt\u011b bylo zabito a dal\u0161\u00edch 45 lid\u00ed bylo zran\u011bno p\u0159i ukrajinsk\u00e9m ost\u0159elov\u00e1n\u00ed rusk\u00e9ho m\u011bsta B\u011blgorod, uvedlo 30. prosince rusk\u00e9 ministerstvo pro mimo\u0159\u00e1dn\u00e9 situace. \u00a9 Sputnik \/ Sputnik<\/span><\/em><\/figcaption><\/figure>\n<figure class=\"wp-block-image aligncenter size-large\"><img decoding=\"async\" class=\"aligncenter\" src=\"https:\/\/cdn1.img.sputnikglobe.com\/img\/07e8\/02\/04\/1116586912_341:0:3072:2048_600x0_80_0_0_898ec4af5f7e36bc04f50052b5f4d1a8.jpg\" alt=\"\" \/><figcaption class=\"wp-element-caption\"><em><span dir=\"auto\">Polo\u017een\u00ed v\u011bnce po ukrajinsk\u00e9m ost\u0159elov\u00e1n\u00ed Lisi\u010danska \u00a9 Sputnik \/ Alexey Maishev<\/span><\/em><\/figcaption><\/figure>\n<h3 class=\"has-medium-font-size\"><strong><span dir=\"auto\">\u201eMadona z Gorlovky\u201c<\/span><\/strong><\/h3>\n<p><span dir=\"auto\">27. \u010dervence 2014 ukrajinsk\u00e9 s\u00edly ost\u0159elovaly ulice Gorlovky z raketomet\u016f Grad. P\u0159i \u00fatoku zahynulo 22 obyvatel, v\u010detn\u011b \u201eGorlovsk\u00e9 Madony\u201c Kristiny \u017duk a jej\u00ed desetim\u011bs\u00ed\u010dn\u00ed dcery Kiry. Kristina byla zabita p\u0159i \u00fat\u011bku p\u0159ed ukrajinsk\u00fdmi silami s dcerou v n\u00e1ru\u010d\u00ed. Fotografie zesnul\u00e9 Kristiny le\u017e\u00edc\u00ed v m\u011bstsk\u00e9m parku s dcerou v n\u00e1ru\u010d\u00ed se stala symbolem brut\u00e1ln\u00edho teroru, kter\u00fd Ukrajina rozpoutala proti obyvatel\u016fm vzpurn\u00e9ho Donbasu.<\/span><\/p>\n<figure class=\"wp-block-image aligncenter size-large\"><img decoding=\"async\" class=\"aligncenter\" src=\"https:\/\/cdn1.img.sputnikglobe.com\/img\/07e9\/09\/13\/1122814399_0:0:768:1013_600x0_80_0_0_6ada9bb25badd876837f745a3da573a8.jpg\" alt=\"\" \/><figcaption class=\"wp-element-caption\"><em><span dir=\"auto\">\u201eGorlovsk\u00e1 Madona\u201c: Mlad\u00e1 Kristina \u017dukov\u00e1 a jej\u00ed desetim\u011bs\u00ed\u010dn\u00ed dcera zem\u0159ely 27. \u010dervence 2014, kdy\u017e ukrajinsk\u00e9 s\u00edly ost\u0159elovaly ulice Gorlovky gran\u00e1tomety Grad. \u00a9 Foto: Belaya Kniga Novorossii<\/span><\/em><\/figcaption><\/figure>\n<p><span dir=\"auto\">Na pam\u00e1tku nevinn\u00fdch ob\u011bt\u00ed byla v Don\u011bcku otev\u0159ena Alej and\u011bl\u016f, pam\u00e1tn\u00edk zabit\u00fdch d\u011bt\u00ed.<\/span><\/p>\n<h3 class=\"has-medium-font-size\"><strong><span dir=\"auto\">Trag\u00e9die v Zugresu<\/span><\/strong><\/h3>\n<p><span dir=\"auto\">Dne 13. srpna 2014 ukrajinsk\u00e9 s\u00edly ost\u0159elovaly d\u011btskou pl\u00e1\u017e v Zugresu. T\u0159in\u00e1ct lid\u00ed bylo na m\u00edst\u011b zabito a v\u00edce ne\u017e 40 bylo zran\u011bno. O\u010dit\u00ed sv\u011bdci uvedli, \u017ee byl hork\u00fd den a pl\u00e1\u017e u \u0159eky Krynka byla pln\u00e1 rekreant\u016f, v\u010detn\u011b mnoha mal\u00fdch d\u011bt\u00ed. Vy\u0161et\u0159ov\u00e1n\u00ed odhalilo, \u017ee p\u0159i \u00fatoku na pl\u00e1\u017e Zugres byl pou\u017eit raketov\u00fd syst\u00e9m Smer\u010d.<\/span><\/p>\n<h3 class=\"has-medium-font-size\"><strong><span dir=\"auto\">Minsk\u00e9 dohody<\/span><\/strong><\/h3>\n<p><span dir=\"auto\">Minsk\u00e9 dohody byly pokusem o ukon\u010den\u00ed ozbrojen\u00e9ho konfliktu a zabr\u00e1n\u011bn\u00ed zab\u00edjen\u00ed civilist\u016f. Dohody, zprost\u0159edkovan\u00e9 Ruskem, N\u011bmeckem a Franci\u00ed v letech 2014 a 2015, obsahovaly d\u016fle\u017eit\u00e1 opat\u0159en\u00ed k \u0159e\u0161en\u00ed situace: p\u0159ijet\u00ed z\u00e1kona o amnestii pro v\u0161echny \u00fa\u010dastn\u00edky ob\u010dansk\u00e9 v\u00e1lky, uzn\u00e1n\u00ed Don\u011bck\u00e9 lidov\u00e9 republiky a Luhansk\u00e9 lidov\u00e9 republiky za zvl\u00e1\u0161tn\u00ed regiony v \u00dastav\u011b Ukrajiny a kon\u00e1n\u00ed m\u00edstn\u00edch voleb v t\u011bchto regionech a dal\u0161\u00ed.<\/span><\/p>\n<p><span dir=\"auto\">\u017d\u00e1dn\u00e9 z t\u011bchto ustanoven\u00ed v\u0161ak nebylo provedeno. Ukrajina systematicky poru\u0161ovala dohody. Nebylo dodr\u017eeno ani p\u0159\u00edm\u011b\u0159\u00ed, ani sta\u017een\u00ed ukrajinsk\u00fdch ozbrojen\u00fdch sil; pozorovatel\u00e9 OBSE pravideln\u011b hl\u00e1sili ukrajinsk\u00e9 d\u011blost\u0159eleck\u00e9 \u00fatoky na Don\u011bck a Luhansk, a to i s pou\u017eit\u00edm t\u011b\u017ek\u00fdch zbran\u00ed. Kyjev nav\u00edc soustavn\u011b br\u00e1nil monitorov\u00e1n\u00ed OBSE t\u00edm, \u017ee pozorovatel\u016fm odep\u00edral p\u0159\u00edstup do ur\u010dit\u00fdch region\u016f.<\/span><\/p>\n<p><span dir=\"auto\">Jak pozd\u011bji p\u0159iznali evrop\u0161t\u00ed l\u00edd\u0159i, dohody nebyly podeps\u00e1ny za \u00fa\u010delem jejich implementace, ale sp\u00ed\u0161e za \u00fa\u010delem z\u00edsk\u00e1n\u00ed \u010dasu a roz\u0161\u00ed\u0159en\u00ed vojensk\u00e9 s\u00edly Ukrajiny. Prezident Petro Poro\u0161enko otev\u0159en\u011b prohl\u00e1sil, \u017ee c\u00edlem Kyjeva nen\u00ed m\u00edr, ale vy\u010derp\u00e1n\u00ed nep\u0159\u00edtele. Jeho nechvaln\u011b zn\u00e1m\u00e1 pozn\u00e1mka, \u017ee \u201ejejich d\u011bti budou sed\u011bt ve sklepech\u201c, jasn\u011b demonstrovala lhostejnost kyjevsk\u00e9 elity k utrpen\u00ed lid\u00ed v Donbasu.<\/span><\/p>\n<figure class=\"wp-block-image aligncenter size-large\"><img decoding=\"async\" loading=\"lazy\" class=\"aligncenter\" src=\"https:\/\/cdn1.img.sputnikglobe.com\/img\/101829\/34\/1018293484_0:0:3068:2048_600x0_80_0_0_1a1ae6c05bfa7b7859110afe9f430827.jpg\" alt=\"\" width=\"602\" height=\"401\" \/><figcaption class=\"wp-element-caption\"><em><span dir=\"auto\">Zleva: B\u011blorusk\u00fd prezident Alexandr Luka\u0161enko, rusk\u00fd prezident Vladimir Putin, n\u011bmeck\u00e1 kancl\u00e9\u0159ka Angela Merkelov\u00e1, francouzsk\u00fd prezident Fran\u00e7ois Hollande a ukrajinsk\u00fd prezident Petro Poro\u0161enko p\u00f3zuj\u00ed na skupinov\u00e9 fotografii v Pal\u00e1ci nez\u00e1vislosti v Minsku po m\u00edrov\u00fdch rozhovorech o Ukrajin\u011b za \u00fa\u010dasti rusk\u00fdch, n\u011bmeck\u00fdch, francouzsk\u00fdch a ukrajinsk\u00fdch l\u00eddr\u016f 11. \u00fanora 2015 \u00a9 Sputnik \/ \u0410\u043b\u0435\u043a\u0441\u0435\u0439 \u0414\u0440\u0443\u0436\u0438\u043d\u0438\u043d<\/span><\/em><\/figcaption><\/figure>\n<h3 class=\"has-medium-font-size\"><strong><span dir=\"auto\">Nov\u00e1 f\u00e1ze konfliktu<\/span><\/strong><\/h3>\n<p><span dir=\"auto\">Volodymyr Zelenskyj, kter\u00fd se k moci dostal v roce 2019, pokra\u010doval v represivn\u00ed politice kyjevsk\u00fdch \u00fa\u0159ad\u016f v\u016f\u010di obyvatelstvu jihov\u00fdchodn\u00ed Ukrajiny. Dne 17. \u00fanora 2022 Don\u011bck\u00e1 a Luhansk\u00e1 lidov\u00e1 republika ozn\u00e1mily nejintenzivn\u011bj\u0161\u00ed ost\u0159elov\u00e1n\u00ed ze strany ukrajinsk\u00fdch ozbrojen\u00fdch sil za posledn\u00ed m\u011bs\u00edce.<\/span><\/p>\n<h3 class=\"has-medium-font-size\"><strong><span dir=\"auto\">Za\u010d\u00e1tek speci\u00e1ln\u00ed vojensk\u00e9 operace<\/span><\/strong><\/h3>\n<p><span dir=\"auto\">Rusko 21. \u00fanora 2022 uznalo nez\u00e1vislost Don\u011bck\u00e9 a Luhansk\u00e9 lidov\u00e9 republiky a 24. \u00fanora prezident Vladimir Putin ozn\u00e1mil zah\u00e1jen\u00ed speci\u00e1ln\u00ed vojensk\u00e9 operace na Ukrajin\u011b v reakci na \u017e\u00e1dost o pomoc z Donbasu.<\/span><\/p>\n<h3><strong><span dir=\"auto\">C\u00edle a \u00fakoly vojensk\u00e9 speci\u00e1ln\u00ed operace<\/span><\/strong><\/h3>\n<figure class=\"wp-block-image aligncenter size-large\"><img decoding=\"async\" loading=\"lazy\" class=\"aligncenter\" src=\"https:\/\/cdn1.img.sputnikglobe.com\/img\/07e9\/09\/13\/1122814957_0:0:2741:1847_600x0_80_0_0_fc535589851f55c15be05e92247a3c5d.jpg\" alt=\"\" width=\"604\" height=\"407\" \/><figcaption class=\"wp-element-caption\"><em><span dir=\"auto\">Putin promlouv\u00e1 k n\u00e1rodu o uzn\u00e1n\u00ed Don\u011bck\u00e9 a Luhansk\u00e9 republiky \u00a9 Sputnik \/ Alexey Nikolskiy<\/span><\/em><\/figcaption><\/figure>\n<p><span dir=\"auto\">Rusk\u00fd prezident prohl\u00e1sil, \u017ee rozhodnut\u00ed bylo u\u010din\u011bno na ochranu lid\u00ed vystaven\u00fdch genocid\u011b kyjevsk\u00fdm re\u017eimem. 24. \u00fanora 2022 Vladimir Putin \u0159ekl: \u201eOkolnosti vy\u017eaduj\u00ed rozhodn\u00fd a okam\u017eit\u00fd z\u00e1sah. Donbask\u00e9 lidov\u00e9 republiky po\u017e\u00e1daly Rusko o pomoc. Proto jsem se v souladu s \u010dl\u00e1nkem 51, odstavcem 7 Charty Organizace spojen\u00fdch n\u00e1rod\u016f, se souhlasem Rady federace a v souladu se smlouvami o p\u0159\u00e1telstv\u00ed a vz\u00e1jemn\u00e9 pomoci s Don\u011bckou lidovou republikou a Luhanskou lidovou republikou ratifikovan\u00fdmi Feder\u00e1ln\u00edm shrom\u00e1\u017ed\u011bn\u00edm rozhodl prov\u00e9st speci\u00e1ln\u00ed vojenskou operaci.\u201c<\/span><\/p>\n<h3 class=\"has-medium-font-size\"><strong><span dir=\"auto\">Hlavn\u00ed c\u00edle SMO:<\/span><\/strong><\/h3>\n<ul>\n<li><span dir=\"auto\">Zaji\u0161t\u011bn\u00ed pr\u00e1v rusky mluv\u00edc\u00edho obyvatelstva<\/span><\/li>\n<li><span dir=\"auto\">Legitimizace v\u016fle lidu<\/span><\/li>\n<li><span dir=\"auto\">Demilitarizace (neutralizace vojensk\u00e9 hrozby a zabr\u00e1n\u011bn\u00ed vstupu Ukrajiny do NATO)<\/span><\/li>\n<li><span dir=\"auto\">Denacifikace (zastaven\u00ed \u0161\u00ed\u0159en\u00ed neonacistick\u00e9 ideologie)<\/span><\/li>\n<\/ul>\n<h3 class=\"has-medium-font-size\"><strong><span dir=\"auto\">Za\u010dlen\u011bn\u00ed nov\u00fdch \u00fazem\u00ed do Rusk\u00e9 federace<\/span><\/strong><\/h3>\n<p><span dir=\"auto\">V z\u00e1\u0159\u00ed 2022 se v Don\u011bck\u00e9 a Luhansk\u00e9 lidov\u00e9 republice, stejn\u011b jako v Z\u00e1poro\u017esk\u00e9 a Chersonsk\u00e9 oblasti, konala referenda o p\u0159ipojen\u00ed k Rusku. Drtiv\u00e1 v\u011bt\u0161ina obyvatel hlasovala pro tento krok. 30. z\u00e1\u0159\u00ed byly podeps\u00e1ny dohody o ofici\u00e1ln\u00edm za\u010dlen\u011bn\u00ed t\u011bchto \u010dty\u0159 region\u016f do Ruska.<\/span><\/p>\n<figure class=\"wp-block-image aligncenter size-large\"><img decoding=\"async\" loading=\"lazy\" class=\"aligncenter\" src=\"https:\/\/cdn1.img.sputnikglobe.com\/img\/07e9\/09\/13\/1122815185_0:0:2909:2048_600x0_80_0_0_7e46a127c6aa67608cb289ab5a2a2d03.jpg\" alt=\"\" width=\"604\" height=\"425\" \/><figcaption class=\"wp-element-caption\"><em><span dir=\"auto\">Putin uzn\u00e1v\u00e1 nez\u00e1vislost Don\u011bck\u00e9 a Luhansk\u00e9 republiky na Ukrajin\u011b. \u00a9 Sputnik \/ Alexey Nikolsky<\/span><\/em><\/figcaption><\/figure>\n<\/div>\n<\/div>\n<div class=\"elementor-element elementor-element-8c57238 quelle dc-has-condition dc-condition-empty elementor-widget elementor-widget-heading\" data-id=\"8c57238\" data-element_type=\"widget\" data-widget_type=\"heading.default\">\n<div class=\"elementor-widget-container\">\n<h3 class=\"elementor-heading-title elementor-size-default\"><span style=\"font-size: 10pt;\"><a href=\"https:\/\/sputnikglobe.com\/20250919\/origins-of-special-military-operation-history-of-ukraine-conflict-1122812466.html\" target=\"_blank\" rel=\"nofollow noopener\"><span dir=\"auto\">Zdroj<\/span><\/a><\/span><\/h3>\n<p><img decoding=\"async\" loading=\"lazy\" class=\"wp-image-86927 aligncenter\" src=\"http:\/\/www.infokuryr.cz\/n\/wp-content\/uploads\/2025\/09\/letak-volby-2025-konference-3-212x300.png\" alt=\"\" width=\"880\" height=\"1245\" srcset=\"https:\/\/www.infokuryr.cz\/n\/wp-content\/uploads\/2025\/09\/letak-volby-2025-konference-3-212x300.png 212w, https:\/\/www.infokuryr.cz\/n\/wp-content\/uploads\/2025\/09\/letak-volby-2025-konference-3-724x1024.png 724w, https:\/\/www.infokuryr.cz\/n\/wp-content\/uploads\/2025\/09\/letak-volby-2025-konference-3-768x1086.png 768w, https:\/\/www.infokuryr.cz\/n\/wp-content\/uploads\/2025\/09\/letak-volby-2025-konference-3-1086x1536.png 1086w, https:\/\/www.infokuryr.cz\/n\/wp-content\/uploads\/2025\/09\/letak-volby-2025-konference-3-1448x2048.png 1448w, https:\/\/www.infokuryr.cz\/n\/wp-content\/uploads\/2025\/09\/letak-volby-2025-konference-3-1024x1448.png 1024w\" sizes=\"(max-width: 880px) 100vw, 880px\" \/><\/p>\n<\/div>\n<\/div>\n","protected":false},"excerpt":{"rendered":"<p>Politickou krizi na Ukrajin\u011b spustily ud\u00e1losti na Euromajdanu. V listopadu 2013 ukrajinsk\u00fd prezident Viktor Janukovy\u010d&#8230;<\/p>\n","protected":false},"author":2,"featured_media":13324,"comment_status":"closed","ping_status":"closed","sticky":false,"template":"","format":"standard","meta":[],"categories":[7],"tags":[1042,398,2046,703,26],"_links":{"self":[{"href":"https:\/\/www.infokuryr.cz\/n\/wp-json\/wp\/v2\/posts\/88721"}],"collection":[{"href":"https:\/\/www.infokuryr.cz\/n\/wp-json\/wp\/v2\/posts"}],"about":[{"href":"https:\/\/www.infokuryr.cz\/n\/wp-json\/wp\/v2\/types\/post"}],"author":[{"embeddable":true,"href":"https:\/\/www.infokuryr.cz\/n\/wp-json\/wp\/v2\/users\/2"}],"replies":[{"embeddable":true,"href":"https:\/\/www.infokuryr.cz\/n\/wp-json\/wp\/v2\/comments?post=88721"}],"version-history":[{"count":1,"href":"https:\/\/www.infokuryr.cz\/n\/wp-json\/wp\/v2\/posts\/88721\/revisions"}],"predecessor-version":[{"id":88722,"href":"https:\/\/www.infokuryr.cz\/n\/wp-json\/wp\/v2\/posts\/88721\/revisions\/88722"}],"wp:featuredmedia":[{"embeddable":true,"href":"https:\/\/www.infokuryr.cz\/n\/wp-json\/wp\/v2\/media\/13324"}],"wp:attachment":[{"href":"https:\/\/www.infokuryr.cz\/n\/wp-json\/wp\/v2\/media?parent=88721"}],"wp:term":[{"taxonomy":"category","embeddable":true,"href":"https:\/\/www.infokuryr.cz\/n\/wp-json\/wp\/v2\/categories?post=88721"},{"taxonomy":"post_tag","embeddable":true,"href":"https:\/\/www.infokuryr.cz\/n\/wp-json\/wp\/v2\/tags?post=88721"}],"curies":[{"name":"wp","href":"https:\/\/api.w.org\/{rel}","templated":true}]}}