{"id":88715,"date":"2025-09-27T06:59:02","date_gmt":"2025-09-27T04:59:02","guid":{"rendered":"https:\/\/www.infokuryr.cz\/n\/?p=88715"},"modified":"2025-09-27T06:59:02","modified_gmt":"2025-09-27T04:59:02","slug":"petr-sak-ozivovani-nacizmu-v-evropskych-demokraciich","status":"publish","type":"post","link":"https:\/\/www.infokuryr.cz\/n\/2025\/09\/27\/petr-sak-ozivovani-nacizmu-v-evropskych-demokraciich\/","title":{"rendered":"Petr Sak: O\u017eivov\u00e1n\u00ed nacizmu v evropsk\u00fdch \u201edemokraci\u00edch\u201c"},"content":{"rendered":"<div id=\"fb-root\"><\/div>\n<p>K problematice revitalizace nacizmu v\u00a0modifikovan\u00e9 podob\u011b jsem se okrajov\u011b zmi\u0148oval v\u00a0rozhovoru pro ne\u010cT24, kter\u00fd byl v\u011bnov\u00e1n nadch\u00e1zej\u00edc\u00edm parlamentn\u00edm volb\u00e1m (<a href=\"https:\/\/42tcen.com\/entry\/jazykem-evropskych-elit-se-stal-orwelluv-newspeak-sak-varuje-pred-potlacenim-demokracie-ve-volbach\">ZDE<\/a>). Prob\u00edhaj\u00edc\u00ed p\u0159edvolebn\u00ed spole\u010densk\u00e9 procesy jsem zasazoval do kontextu i\u00a0pl\u00ed\u017eiv\u011b se vyno\u0159uj\u00edc\u00edho nacizmu. V\u00a0tomto \u010dl\u00e1nku je nacizmus jedin\u00fdm t\u00e9matem.<\/p>\n<p>Vl\u00e1dn\u00ed politici a\u00a0velk\u00e1 \u010d\u00e1st \u010desk\u00e9 populace ch\u00e1pou demokracii jako syst\u00e9m, v\u00a0n\u011bm\u017e p\u0159i\u00a0volb\u00e1ch mohou ob\u010dan\u00e9 vyb\u00edrat z\u00a0n\u011bkolika kandid\u00e1tek. Mimo jin\u00e9 je to i\u00a0d\u016fsledek propadu vzd\u011blanosti u\u00a0posledn\u00edch generac\u00ed.<\/p>\n<p>I Adolf Hitler byl zvolen v\u00a0takto ch\u00e1pan\u00fdch demokratick\u00fdch volb\u00e1ch. Po\u00a0volb\u00e1ch pak pou\u017eil v\u0161echny silov\u00e9 prost\u0159edky k\u00a0uzurpov\u00e1n\u00ed moci. K\u00a0podobn\u00e9mu v\u00fdvoji demokracie doch\u00e1z\u00ed v\u00a0Evropsk\u00e9 unii. Jak\u00e1 je tedy ta deklarovan\u00e1 evropsk\u00e1 \u201edemokracie\u201c?<\/p>\n<p>Nejd\u0159\u00edve charakterizujme, co je demokracie? Stru\u010dn\u011b je charakterizov\u00e1na jako \u201evl\u00e1da lidu, pro lid, prost\u0159ednictv\u00edm lidu\u201c. Volby jsou pouh\u00fd mechanizmus distribuce moci. Je to sice mechanizmus d\u016fle\u017eit\u00fd, ale s\u00e1m o\u00a0sob\u011b nen\u00ed demokraci\u00ed. Tento mechanizmus voleb m\u016f\u017ee b\u00fdt velmi odli\u0161n\u00fd a\u00a0z\u00a0podstaty demokracie vych\u00e1zet v\u00edce \u010di\u00a0m\u00e9n\u011b. Vedle toho, jak je mechanizmus voleb nastaven, je daleko d\u016fle\u017eit\u011bj\u0161\u00ed chov\u00e1n\u00ed moci vze\u0161l\u00e9 z\u00a0voleb po\u00a0volb\u00e1ch.<\/p>\n<p>Jedn\u00edm z\u00a0indik\u00e1tor\u016f odkl\u00e1n\u011bn\u00ed se od demokracie k\u00a0totalit\u011b a\u00a0k\u00a0nacizmu je nar\u016fst\u00e1n\u00ed vlivu\u00a0nepolitick\u00fdch slo\u017eek spole\u010densk\u00e9ho a\u00a0implicit\u00e9 politick\u00e9ho syst\u00e9mu jako jsou zpravodajsk\u00e9 slu\u017eby, policie, arm\u00e1da, justice, m\u00e9dia na fungov\u00e1n\u00ed moci. Tyto slo\u017eky napom\u00e1haj\u00ed silov\u00e9mu vl\u00e1dnut\u00ed politick\u00e9 mafie, kter\u00e1 ovl\u00e1d\u00e1 tyto n\u00e1stroje a\u00a0ji\u017e ani nep\u0159edst\u00edr\u00e1 hru na demokracii. Takto se vyv\u00edjelo vl\u00e1dnut\u00ed v\u00a0N\u011bmecku p\u0159i\u00a0n\u00e1stupu nacizmu. V\u00fdchoz\u00ed pozice byla form\u00e1ln\u00ed demokracie, kter\u00e1 se postupn\u011b rozpou\u0161t\u011bla a\u00a0byla nahrazov\u00e1na vl\u00e1dnut\u00edm, kter\u00e9 bylo v\u00a0rozporu s\u00a0p\u016fvodn\u00edm pr\u00e1vn\u00edm \u0159\u00e1dem a\u00a0demokratick\u00fdmi pravidly.<\/p>\n<h2>*<\/h2>\n<h2><strong>Mocensk\u00e1 role nepolitick\u00fdch slo\u017eek st\u00e1tu<\/strong><\/h2>\n<h3><strong>Justice<\/strong><\/h3>\n<p>Je sm\u011b\u0161n\u00e9, kdy\u017e se alternativn\u00ed politici ob\u00e1vaj\u00ed o\u00a0pr\u00e1vn\u00ed st\u00e1t ve st\u00e1t\u011b, kde \u017e\u00e1dn\u00fd pr\u00e1vn\u00ed st\u00e1t nen\u00ed. Destrukce pr\u00e1vn\u00edho st\u00e1tu m\u00e1 dv\u011b p\u0159\u00ed\u010diny. Jednak je p\u0159\u00ed\u010dinou pr\u00e1vn\u00ed nekompetence, celkov\u00e1 n\u00edzk\u00e1 vzd\u011blanostn\u00ed \u00farove\u0148 justi\u010dn\u00edho person\u00e1lu,<a href=\"https:\/\/www.novarepublika.cz\/2025\/09\/ozivovani-nacizmu-v-evropskych-demokraciich#_ftn1\" name=\"_ftnref1\">[1]<\/a>\u00a0absence logiky v\u00a0jejich my\u0161len\u00ed, deviantn\u00ed pr\u00e1vn\u00ed v\u011bdom\u00ed. To lze uk\u00e1zat na p\u0159\u00edkladech.<\/p>\n<p><em>Soudkyn\u011b Eli\u0161ka Matya\u0161ov\u00e1<\/em>\u00a0tvrd\u00ed, \u017ee \u201ele\u017e nen\u00ed n\u00e1zor\u201c. \u00a0Teoreticky se n\u00e1zor pohybuje na kontinuu mezi pravdou a\u00a0l\u017e\u00ed, ale bez ohledu, kde se v\u00fdrok na tomto kontinuu nach\u00e1z\u00ed, st\u00e1le je to n\u00e1zor.\u00a0 Jak m\u016f\u017ee dosp\u011bl\u00fd \u010dlov\u011bk tvrdit, \u017ee le\u017e nen\u00ed n\u00e1zor. Kolik z\u00a0n\u00e1zor\u016f lid\u00ed vyjad\u0159uje pravdu? To bychom museli n\u00e1zory vylou\u010dit z\u00a0psychiky lid\u00ed a\u00a0z\u00a0jejich komunikace. Co kdy\u017e polemizuj\u00ed dva lid\u00e9 s\u00a0odli\u0161n\u00fdmi n\u00e1zory?\u00a0 Potom jeden nebo oba \u0159\u00edkaj\u00ed le\u017e, a\u00a0tud\u00ed\u017e nemaj\u00ed n\u00e1zor? Co potom diskutuj\u00ed?<\/p>\n<p>Vrchol justice,\u00a0<em>\u00dastavn\u00ed soud<\/em>\u00a0je schopen zd\u016fvod\u0148ovat rozsudek v\u00fdrokem, \u017ee ob\u017ealovan\u00e1 nezast\u00e1v\u00e1 v\u011bt\u0161inov\u00fd n\u00e1zor. N\u00e1\u0161 vrcholov\u00fd justi\u010dn\u00ed org\u00e1n se \u201e\u0161pi\u010dkov\u00fdmi pr\u00e1vn\u00edky\u201c nev\u00ed, \u017ee justice nehodnot\u00ed vztah k\u00a0v\u011bt\u0161inov\u00e9mu n\u00e1zoru, ale vztah k\u00a0pr\u00e1vn\u00ed norm\u011b. T\u00edmto hodnocen\u00edm se \u010desk\u00e1 justice bl\u00ed\u017e\u00ed nacistick\u00e9 justici. Pro ni, stejn\u011b jako pro nacistickou justici, nen\u00ed k\u0159i\u0161\u0165\u00e1lov\u00e1 noc ani holokaust ni\u010d\u00edm odsouzen\u00edhodn\u00fdm, proto\u017ee tyto aktivity byly podlo\u017een\u00e9 v\u011bt\u0161inov\u00fdm n\u00e1zorem N\u011bmc\u016f.<\/p>\n<p>Se soudkyn\u011bmi na vzd\u011blanostn\u00ed a\u00a0intelektu\u00e1ln\u00ed \u00farovni soudkyn\u011b Eli\u0161ky Maty\u00e1\u0161ov\u00e9 a\u00a0s\u00a0nekompetentn\u00edmi \u00fastavn\u00edmi soudci nem\u016f\u017ee pr\u00e1vn\u00ed st\u00e1t ani existovat.<\/p>\n<p>Ano, jsou kauzy, jejich\u017e soud prob\u011bhne v\u00a0po\u0159\u00e1dku. To se stane v\u00a0p\u0159\u00edpad\u011b, \u017ee na kauze nem\u00e1 z\u00e1jem politick\u00e1 moc ani nikdo dal\u0161\u00ed, kdo je schopen soudce motivovat a\u00a0intelektu\u00e1ln\u00ed a\u00a0kompeten\u010dn\u00ed \u00farove\u0148 soudce dosahuje na \u0159e\u0161en\u00ed kauzy. Pokud se najde v\u00fdjimka a\u00a0soudkyn\u011b soud\u00ed podle pr\u00e1va a\u00a0sv\u011bdom\u00ed jako\u00a0<em>Kl\u00e1ra Janto\u0161ov\u00e1,<\/em>\u00a0tak zas\u00e1hne soud vy\u0161\u0161\u00ed instance s\u00a0p\u0159\u00edkazem odsoudit a\u00a0t\u0159eba i\u00a0t\u0159ikr\u00e1t rozsudek vr\u00e1t\u00ed, a\u00a0dokonce i\u00a0s\u00a0pokynem odsoudit a\u00a0s\u00a0nasazen\u00edm soudkyn\u011b bez p\u00e1te\u0159e.<\/p>\n<p>Justice se radik\u00e1ln\u011b zapojila do politick\u00e9ho boje s\u00a0c\u00edlem ovlivnit v\u00fdsledek parlamentn\u00edch voleb a\u00a0v\u00a0podstat\u011b silov\u011b, totalitn\u00edmi a\u017e nacistick\u00fdmi prost\u0159edky vylou\u010dit demokratickou sout\u011b\u017e politick\u00fdch program\u016f a\u00a0politick\u00fdch stran.<\/p>\n<p>Pomalu bude ve spole\u010dnosti dosp\u011bl\u00e1 generace, kter\u00e1 od kol\u00e9bky do dosp\u011blosti vyr\u016fstala s\u00a0kauzou \u010cap\u00ed hn\u00edzdo ve spole\u010densk\u00e9m prostoru. Jedn\u00e1 se o\u00a0dotaci z\u00a0roku 2008. Cyklicky jsou ob\u017ealovan\u00ed osvobozov\u00e1ni a\u00a0op\u011bt je kauza vracena k\u00a0soudu v\u00a0souladu s\u00a0cyklem parlamentn\u00edch \u010di\u00a0prezidentsk\u00fdch voleb. Ov\u0161em voli\u010di Babi\u0161ova hnut\u00ed Ano jsou ji\u017e v\u016f\u010di t\u00e9to kauze inertn\u00ed, tak snad c\u00edlem je Andreje Babi\u0161e zav\u0159\u00edt a\u00a0t\u00edm mu znemo\u017enit ujmout se funkce premi\u00e9ra.<\/p>\n<p>Druhou stranou s\u00a0rostouc\u00edmi preferencemi je SPD. Proto je jej\u00ed p\u0159edseda T. Okamura a\u00a0strana st\u00edh\u00e1ni za plak\u00e1t, kter\u00fd byl ozna\u010den za rasistick\u00fd. Nikde jsem ne\u010detl anal\u00fdzu relevantnosti, pravdivosti sd\u011blen\u00ed na plak\u00e1tu. Ve Francii, Velk\u00e9 Brit\u00e1nii, \u0160v\u00e9dsku a\u00a0dal\u0161\u00edch zem\u00edch z\u00e1padn\u00ed Evropy denn\u011b \u010dteme a\u00a0sly\u0161\u00edme o\u00a0zn\u00e1siln\u011bn\u00edch a\u00a0vra\u017ed\u00e1ch p\u00e1chan\u00fdch migranty. V\u00a0hlavn\u00edch m\u011bstech z\u00e1padn\u00ed Evropy jsou lokality, kam se neodv\u00e1\u017e\u00ed ani policie. A\u00a0\u010desk\u00e1 policie st\u00edh\u00e1 plakat za to, \u017ee je na n\u011bm mu\u017e tmav\u00e9 pleti s\u00a0no\u017eem. Kdyby byl mu\u017e na plak\u00e1t\u011b b\u011bloch, tak by to nebyl rasizmus? \u010cern\u00e1 rasa a\u00a0b\u00edl\u00e1 rasa jsou rovnocenn\u00e9 rasy a\u00a0jak\u00e1koliv asymetrie je rasizmem. Nen\u00ed \u010cesk\u00e1 policie rasistick\u00e1 sv\u00fdm extr\u00e9mn\u00edm hodnocen\u00edm \u010dern\u00e9ho mu\u017ee? Kdo v\u0161ak zah\u00e1j\u00ed vy\u0161et\u0159ov\u00e1n\u00ed \u010cesk\u00e9 policie? Trestn\u00ed st\u00edh\u00e1n\u00ed plak\u00e1tu je dal\u0161\u00edm z\u00a0\u00fatok\u016f policie na pravdu. Pokud se \u010desk\u00e1 policie zab\u00fdv\u00e1 estetikou a\u00a0vkusem artefaktu, m\u016f\u017eeme o\u010dek\u00e1vat jej\u00ed vp\u00e1d do galeri\u00ed. Zde v\u0161ak bude m\u00edt sm\u016flu, v\u011bt\u0161ina autor\u016f je ji\u017e toti\u017e mrtv\u00e1, co\u017e v\u0161ak policie zat\u00edm nev\u00ed.<\/p>\n<p>Pro \u010deskou policii a\u00a0justici nen\u00ed probl\u00e9mem vra\u017ed\u011bn\u00ed a\u00a0zn\u00e1sil\u0148ov\u00e1n\u00ed migrant\u016f, ale za zlo\u010din pova\u017euj\u00ed pojmenov\u00e1n\u00ed chov\u00e1n\u00ed migrant\u016f. Absurditu kauzy zvy\u0161uje autor trestn\u00edho ozn\u00e1men\u00ed\u00a0<em>Ji\u0159\u00ed Posp\u00ed\u0161il<\/em>, postava, kterou pova\u017euji za jednu z\u00a0nejodporn\u011bj\u0161\u00edch v\u00a0\u010desk\u00e9 politice, kter\u00fd prok\u00e1zal p\u0159edsude\u010dnou a\u00a0rasovou (etnickou) nen\u00e1vist, kdy\u017e prosadil zru\u0161en\u00ed koncertu\u00a0<em>Anny Netrebko<\/em>. Pro\u010d policie nest\u00edh\u00e1 jeho?<\/p>\n<p>Dal\u0161\u00ed politick\u00e1 entita, kter\u00e9 stoupaj\u00ed preference a\u00a0je konkurentem st\u00e1vaj\u00edc\u00ed politick\u00e9 moci, je hnut\u00ed Sta\u010dilo!, jeho\u017e sou\u010d\u00e1st\u00ed je KS\u010cM. Do politick\u00e9ho boje za likvidaci konkurenta vstoupila legislativa p\u0159ijet\u00edm z\u00e1kona o\u00a0z\u00e1kazu \u201epropagace komunistick\u00e9ho hnut\u00ed\u201c. Podle vyjad\u0159ov\u00e1n\u00ed politik\u016f, novin\u00e1\u0159\u016f, ale i\u00a0expert\u016f jsem p\u0159esv\u011bd\u010den, \u017ee jejich znalosti marxizmu \u010di\u00a0komunizmu jsou nulov\u00e9, a\u00a0tedy ani nev\u00ed, co zakazuj\u00ed.<\/p>\n<p>Antikomunizmus byl z\u00e1kladn\u00edm bodem programu nacizmu. Antikomunizmus a\u00a0\u00fatok na Sov\u011btsk\u00fd svaz byly ideologick\u00e9 a\u00a0politick\u00e9 viry, pro kter\u00e9 byl nacizmus v\u00a0N\u011bmecku kapit\u00e1lem \u201ekultivov\u00e1n\u201c jako viry v\u00a0Petriho misce.<\/p>\n<p>I tento akt posouv\u00e1 d\u00e1le charakteristiku \u010ceska jako absurdist\u00e1nu. Tento z\u00e1kon podepsal ve funkci\u00a0<em>prezidenta<\/em>\u00a0nejen b\u00fdval\u00fd komunista a\u00a0p\u0159edseda stranick\u00e9 organizace, ale vy\u0161kolen\u00fd rozv\u011bd\u010d\u00edk, kter\u00fd m\u011bl ve prosp\u011bch komunistick\u00e9ho re\u017eimu vystupovat proti z\u00e1padn\u00edm zem\u00edm. Nebylo mnoho lid\u00ed, kte\u0159\u00ed by souhlasili se srpnovou okupac\u00ed zem\u011bmi Var\u0161avsk\u00e9 smlouvy. Petr Pavel byl jedn\u00edm z\u00a0t\u011bch m\u00e1la. Nejen on, ale i\u00a0jeho rodinn\u00e9 ko\u0159eny byly po\u00a0desetilet\u00ed fundament\u00e1ln\u011b komunistick\u00e9. Jedin\u00e9 logick\u00e9 vysv\u011btlen\u00ed chov\u00e1n\u00ed Petra Pavla je, \u017ee je skryt\u00fdm agentem KGB (krtek). V\u00a0z\u00e1loze nacistick\u00fdch sil je zak\u00e1zat hnut\u00ed Sta\u010dilo! a\u00a0t\u00edm mu zabr\u00e1nit \u00fa\u010dasti ve volb\u00e1ch. Z\u00e1kon do poslaneck\u00e9 sn\u011bmovny p\u0159edlo\u017eil\u00a0<em>Marek Benda<\/em>, jeho\u017e rodina je zn\u00e1m\u00e1 obdivem k\u00a0fa\u0161istick\u00e9mu pu\u010di gener\u00e1la Pinocheta v\u00a0Chile a\u00a0k\u00a0n\u00e1sledn\u00e9mu fa\u0161istick\u00e9mu teroru, kter\u00fd p\u0159inesl desetitis\u00edce zavra\u017ed\u011bn\u00fdch, v\u010detn\u011b vyhazov\u00e1n\u00ed politick\u00fdch odp\u016frc\u016f z\u00a0letadel do mo\u0159e.<\/p>\n<p>Vrcholem politick\u00e9ho zneu\u017eit\u00ed justice je zasahov\u00e1n\u00ed \u00dastavn\u00edho soudu do slo\u017een\u00ed parlamentu a\u00a0vl\u00e1dy. Sou\u010dasn\u00fd p\u0159edseda \u00dastavn\u00edho soudu komunistick\u00fd antikomunista Josef Baxa vyhro\u017euje, \u017ee kdy\u017e se mu nebudou l\u00edbit v\u00fdsledky parlamentn\u00edch voleb, tak v\u00fdsledky neuzn\u00e1.<\/p>\n<p>Podobn\u00fd z\u00e1sah \u00dastavn\u00edho soudu do politick\u00e9ho syst\u00e9mu jsme ji\u017e za\u017eili v\u00a0dob\u011b p\u0159edsedy dal\u0161\u00edho komunistick\u00e9ho antikomunisty\u00a0<em>Pavla Rychetsk\u00e9ho<\/em>. Tehdy zru\u0161il p\u0159ed\u010dasn\u00e9 parlamentn\u00ed volby s\u00a0kafkovsky absurdn\u00edm zd\u016fvodn\u011bn\u00edm. Zkr\u00e1cen\u00ed volebn\u00edho obdob\u00ed by znemo\u017enilo p\u0159eb\u011bhl\u00edkovi\u00a0<em>Milo\u0161i Mel\u010d\u00e1kovi<\/em>, zastupovan\u00e9mu advok\u00e1tem\u00a0<em>Janem Kalvodou<\/em><a href=\"https:\/\/www.novarepublika.cz\/2025\/09\/ozivovani-nacizmu-v-evropskych-demokraciich#_ftn2\" name=\"_ftnref2\">[2]<\/a>, naplnit jeho poslaneck\u00fd mand\u00e1t. \u00dastavn\u00ed soud, kter\u00fd m\u011bl b\u00fdt pojistkou demokracie, se st\u00e1v\u00e1 jej\u00edm ohro\u017een\u00edm.<\/p>\n<p>Zneu\u017e\u00edv\u00e1n\u00ed justice pro udr\u017een\u00ed politick\u00e9 moci nen\u00ed pouze specifikum \u010ceska, pat\u0159\u00ed to do modelu vl\u00e1dnut\u00ed evropsk\u00e9 politick\u00e9 mafie ovl\u00e1daj\u00edc\u00ed Evropskou unii. Proto v\u00a0\u0159ad\u011b evropsk\u00fdch st\u00e1t\u016f v\u00a0n\u00e1vaznosti na \u00fa\u010delov\u00e9 aktivity zpravodajsk\u00fdch su\u017eeb a\u00a0policie vstupuje do politick\u00e9ho boje justice. V\u00a0<em>Rumunsku<\/em>\u00a0dokonce zas\u00e1hly ciz\u00ed \u2013 francouzsk\u00e9 tajn\u00e9 slu\u017eby, aby nasm\u011brovaly rumunskou justici k\u00a0v\u00edt\u011bzstv\u00ed sv\u00e9ho kandid\u00e1ta v\u00a0prezidentsk\u00fdch volb\u00e1ch. Ve\u00a0<em>Francii<\/em>\u00a0justice znemo\u017enila favoritce prezidentsk\u00fdch voleb Le Penov\u00e9 \u00fa\u010dast ve volb\u00e1ch a\u00a0nebylo to poprv\u00e9. \u00da\u010dast ve volb\u00e1ch znemo\u017enila justice a\u00a0tajn\u00e9 slu\u017eby v\u00a0minulosti francouzsk\u00e9mu socialistovi Dominique Strauss-Kahnovi a\u00a0<a href=\"https:\/\/cs.wikipedia.org\/wiki\/Fran%C3%A7ois_Fillon\">Fran\u00e7ois Fillonovi<\/a>. \u00a0V<em>\u00a0N\u011bmecku<\/em>\u00a0zpravodajsk\u00e9 slu\u017eby (zalo\u017een\u00e9 nacisty) ve spolupr\u00e1ci s\u00a0justic\u00ed kriminalizuj\u00ed opozi\u010dn\u00ed stranu Alternativu pro N\u011bmecko AfD obvi\u0148ov\u00e1n\u00edm z\u00a0neonacizmu za pou\u017eit\u00ed naprosto sm\u011b\u0161n\u00e9 argumentace.<\/p>\n<h2>*<\/h2>\n<h3><strong>Policie<\/strong><\/h3>\n<p>O tom, jak bude p\u016fsobit policie za p\u016fsoben\u00ed vl\u00e1dy p\u011btikoalice jsme dostali sign\u00e1l je\u0161t\u011b p\u0159ed vznikem vl\u00e1dy.\u00a0<em>Raku\u0161an<\/em>\u00a0n\u00e1tlakem vym\u011bnil policejn\u00edho prezidenta. To byla z\u00e1kladn\u00ed informace o\u00a0charakteru p\u016fsoben\u00ed policie v\u00a0letech vl\u00e1dy p\u011btikoalice. Vzhledem k\u00a0tomu, \u017ee justice nastupuje a\u017e jako druh\u00fd \u010dl\u00e1nek \u0159et\u011bzce prosazov\u00e1n\u00ed moci, st\u00e1v\u00e1 se policie inici\u00e1torem skryt\u00e9 politiky. Na policii z\u00e1le\u017e\u00ed, zda podn\u011bt za\u010dne \u0161et\u0159it \u010di\u00a0ho odlo\u017e\u00ed.<\/p>\n<p>A jak m\u016f\u017eeme vid\u011bt, policie je ochotna st\u00edhat cokoliv, pokud to poslou\u017e\u00ed politick\u00e9 moci. V\u010detn\u011b takov\u00fdch totalitn\u00edch a\u017e nacistick\u00fdch akt\u016f, kter\u00e9 otev\u0159el Nejvy\u0161\u0161\u00ed st\u00e1tn\u00ed z\u00e1stupce komunistick\u00fd vojensk\u00fd prokur\u00e1tor, komunistick\u00fd antikomunista\u00a0<em>Igor St\u0159\u00ed\u017e<\/em>\u00a0vyhro\u017eov\u00e1n\u00edm n\u00e1rodu, \u017ee kdo bude m\u00edt jin\u00fd ne\u017e vl\u00e1dn\u00ed n\u00e1zor, bude trestn\u011b st\u00edh\u00e1n se sazbou a\u017e 3,5 roku. Za n\u011bkolik m\u011bs\u00edc\u016f se v\u00a0televizi policejn\u00ed prezident chlubil, \u017ee ji\u017e takto st\u00edhaj\u00ed ke stovce obvin\u011bn\u00fdch.<\/p>\n<p>Z\u00e1sah policie p\u0159i\u00a0st\u0159elb\u011b na filozofick\u00e9 fakult\u011b vyvolal zna\u010dn\u00e9 pochybnosti. Pochyben\u00ed, divn\u00fdch n\u00e1hod, nevysv\u011btlen\u00fdch akt\u016f bylo tolik, \u017ee se t\u011b\u017eko v\u011b\u0159ilo, \u017ee to byl jen projev diletantizmu. Komunikace veden\u00ed policie s\u00a0ve\u0159ejnost\u00ed, a\u00a0p\u0159edev\u0161\u00edm s\u00a0rodi\u010di zavra\u017ed\u011bn\u00fdch, nasadilo ned\u016fv\u011b\u0159e ve\u0159ejnosti korunu. Rozpaky vyvolal i\u00a0<em>p\u0159\u00edjezd veden\u00ed CIA a\u00a0FBI<\/em>\u00a0na pomoc k\u00a0\u0159e\u0161en\u00ed kauzy. Extr\u00e9mn\u00ed reakc\u00ed na vra\u017edu dcery a\u00a0frustrace z\u00a0jedn\u00e1n\u00ed policie a\u00a0politik\u016f byla sebevra\u017eda matky jedn\u00e9 zavra\u017ed\u011bn\u00e9. Jako ve spr\u00e1vn\u00e9m Absurdist\u00e1nu te\u010dkou za st\u0159elbou na filozofick\u00e9 fakult\u011b je trestn\u00ed st\u00edh\u00e1n\u00ed p\u0159\u00edtele matky, kter\u00e1 sp\u00e1chala sebevra\u017edu, za to, \u017ee j\u00ed p\u0159ivezl k\u00a0Maco\u0161e a\u00a0druhou te\u010dkou je milionov\u00e1 odm\u011bna\u00a0<em>rektorky Univerzity Karlovy Mileny Kr\u00e1li\u010dkov\u00e9<\/em>\u00a0se zd\u016fvodn\u011bn\u00edm, \u017ee je to \u201eza mrtv\u00e9 studenty\u201c.<\/p>\n<p>P\u0159\u00edklad\u016f policejn\u00ed zv\u016fle a\u00a0policejn\u00edho zastra\u0161ov\u00e1n\u00ed je cel\u00e1 \u0159ada. O\u00a0standardu, normalit\u011b chov\u00e1n\u00ed policie uve\u010fme jeden p\u0159\u00edklad. P\u0159i\u00a0b\u0159eznov\u00e9 demonstraci u\u00a0N\u00e1rodn\u00edho muzea byl polici\u00ed brut\u00e1ln\u011b zbit \u00fa\u010dastn\u00edk demonstrace, kter\u00fd dle jeho pr\u00e1vn\u00edho z\u00e1stupce Zde\u0148ka Ka\u0161p\u00e1rka dolo\u017een\u011b st\u00e1l \u201edvacet metr\u016f od kordonu policist\u016f, nijak je nenapadal.\u201c Brut\u00e1ln\u011b zbit\u00e9mu ob\u010danovi s\u00a0v\u00e1\u017en\u00fdmi zran\u011bn\u00edmi \u201enebyla poskytnuta \u017e\u00e1dn\u00e1 pomoc a\u00a0s\u00e1m si musel zavolat z\u00e1chrannou slu\u017ebu\u201c. Jeho zran\u011bn\u00ed si vy\u017e\u00e1dalo hospitalizaci a\u00a0dlouhodob\u00e9 l\u00e9\u010den\u00ed. Zran\u011bn\u00fd demonstrant podal na policii trestn\u00ed ozn\u00e1men\u00ed, av\u0161ak veden\u00ed policie i\u00a0GIBS ozna\u010dili z\u00e1sah policie v\u00a0mez\u00edch z\u00e1kon, a\u00a0dokonce podali na zbit\u00e9ho \u00fa\u010dastn\u00edka trestn\u00ed ozn\u00e1men\u00ed pro pomluvu. \u00a0T\u00edmto veden\u00ed \u010cesk\u00e9 policie a\u00a0GIBS legitimizovali brutalitu policie v\u016f\u010di ob\u010dan\u016fm a\u00a0otev\u0159eli do budoucna stavidla. Od t\u00e9 doby se ve spole\u010dnosti objevila \u0159ada p\u0159\u00edpad\u016f, kdy policist\u00e9, i\u00a0mimo slu\u017ebu, agresivn\u011b fyzicky napadali ob\u010dany.<\/p>\n<h2>*<\/h2>\n<h3><strong>Zpravodajsk\u00e9 slu\u017eby<\/strong><\/h3>\n<p>maj\u00ed tendenci b\u00fdt skrytou vl\u00e1dou, obsazovat do funkc\u00ed sv\u00e9 lidi a\u00a0ovl\u00e1dat je. P\u0159itom sou\u010dasn\u011b zpravodajsk\u00e9 slu\u017eby \u201ekoloni\u00ed\u201c \u010di\u00a0perif\u00e9rie jsou ovl\u00e1d\u00e1ny zpravodajsk\u00fdmi slu\u017ebami dominantn\u00edch zem\u00ed (<em>CIA, MI6..<\/em>) Zpravodajsk\u00e9 slu\u017eby maj\u00ed tendence p\u0159ekra\u010dovat kompetence dan\u00e9 jim z\u00e1konem a\u00a0ovliv\u0148ovat politiku. V\u00a0\u010cesku se\u00a0<em>BIS<\/em>\u00a0anga\u017eovala politicky proti prezidentovi Milo\u0161i Zemanovi, v\u010detn\u011b neleg\u00e1ln\u00edho odposlechu, a\u00a0a\u010d se jedn\u00e1 o\u00a0tajnou slu\u017ebu, opakovan\u011b vyd\u00e1v\u00e1 ve\u0159ejn\u00e9 v\u00fdro\u010dn\u00ed zpr\u00e1vy nevaln\u00e9 \u00farovn\u011b, kter\u00e9 maj\u00ed sp\u00ed\u0161e politicko propagandistick\u00fd ne\u017e bezpe\u010dnostn\u00ed charakter. P\u0159ekvapiv\u00e9 jsou tak\u00e9 opakovan\u00e9 \u00faniky \u00fadajn\u00fdch informac\u00ed z\u00a0BIS do m\u00e9di\u00ed. Poslaneck\u00e1 sn\u011bmovna m\u00e1 v\u00fdbor pro kontrolu zpravodajsk\u00fdch slu\u017eeb, ale zd\u00e1 se, \u017ee sp\u00ed\u0161e BIS kontroluje parlamentn\u00ed v\u00fdbor ne\u017e naopak.<\/p>\n<h2>*<\/h2>\n<h3><strong>M\u00e9dia<\/strong><\/h3>\n<p>Mainstreamov\u00e1 m\u00e9dia, p\u0159edev\u0161\u00edm\u00a0<em>\u010cesk\u00e1 televize a\u00a0\u010cesk\u00fd rozhlas<\/em>\u00a0maj\u00ed vysok\u00fd indoktrina\u010dn\u00ed potenci\u00e1l. Do v\u011bdom\u00ed lid\u00ed a\u00a0celku spole\u010dnosti vn\u00e1\u0161\u00ed fiktivn\u00ed realitu a\u00a0konstruuj\u00ed neautentick\u00fd \u017eivot \u010dlov\u011bka a\u00a0spole\u010dnosti. O\u00a0tom, \u017ee \u00fasp\u011b\u0161nost indoktrinace je v\u011bt\u0161\u00ed, ne\u017e jsme schopni si p\u0159iznat, vypov\u00edd\u00e1 situace\u00a0<em>na Slovensku<\/em>, kter\u00e9 je v\u00a0d\u016fsledku spole\u010dn\u00e9 historie na tom podobn\u011b jako \u010cesko. T\u0159etina slovensk\u00e9 populace a\u00a0polovina voli\u010d\u016f opozi\u010dn\u00edch stran nev\u011b\u0159\u00ed, \u017ee na Roberta Fica byl sp\u00e1ch\u00e1n atent\u00e1t.<\/p>\n<p>Televize\u00a0<em>Prima a\u00a0Nova<\/em>\u00a0vzhledem k\u00a0tomu, \u017ee ke sv\u00e9mu financov\u00e1n\u00ed pot\u0159ebuj\u00ed sledovanost, a\u00a0tedy tak\u00e9 vy\u0161\u0161\u00ed kvalitu vys\u00edl\u00e1n\u00ed ne\u017e \u010cT, co\u017e nen\u00ed nijak t\u011b\u017ek\u00e9, ob\u010das jako t\u0159e\u0161ni\u010dku na dortu pozvou do vys\u00edl\u00e1n\u00ed \u010dlov\u011bka s\u00a0racion\u00e1ln\u00edm a\u00a0kompetentn\u00edm pohledem na realitu (Vale\u0161, Kulidakis, \u0160vihl\u00edkov\u00e1, Ture\u010dek, Pelik\u00e1n). Ov\u0161em jejich jisk\u0159i\u010dky pravdiv\u00e9ho pohledu jsou zavaleny masou l\u017e\u00ed a\u00a0dezinformac\u00ed.<\/p>\n<p>Pro pochopen\u00ed p\u016fsoben\u00ed<em>\u00a0sv\u011btov\u00fdch m\u00e9di\u00ed<\/em>\u00a0je t\u0159eba si uv\u011bdomit, \u017ee tato m\u00e9dia vlastn\u00ed kapit\u00e1l (kryptokracie) a\u00a0jsou proto n\u00e1strojem prosazov\u00e1n\u00ed z\u00e1jmu kapit\u00e1lu. To se prok\u00e1zalo p\u0159i\u00a0covidov\u00e9 pandemii, kdy vlastn\u00edky farmaceutick\u00fdch firem i\u00a0m\u00e9di\u00ed byl stejn\u00fd kapit\u00e1l, a\u00a0proto p\u016fsobily ve stejn\u00e9m z\u00e1jmu. Prioritn\u00ed kategori\u00ed m\u00e9di\u00ed nen\u00ed pravda a\u00a0informace, ale z\u00e1jem t\u011bch, kte\u0159\u00ed m\u00e9dium vlastn\u00ed, proto ve\u0161ker\u00e1 sd\u011blen\u00ed mainstreamov\u00fdch m\u00e9di\u00ed jsou podez\u0159el\u00e1 a\u00a0je nezbytn\u00e9 je podrobit kritick\u00e9 anal\u00fdze.<\/p>\n<p>Pro cenzuru a\u00a0dezinformace v\u0161ak vznikla zcela nov\u00e1 situace civiliza\u010dn\u00edho rozm\u011bru socializac\u00ed digit\u00e1ln\u00edch technologi\u00ed a\u00a0internetu, kter\u00fd se stal t\u011b\u017eko kontrolovan\u00fdm kan\u00e1lem alternativn\u00edch informac\u00ed.<\/p>\n<p>V\u00fdvoj spole\u010dnost\u00ed a\u00a0civilizace prob\u00edh\u00e1 adaptac\u00ed na inovace v\u00a0jednom spole\u010densk\u00e9m subsyst\u00e9mu v\u00a0ostatn\u00edch subsyst\u00e9mech. Obrovsk\u00e9 zm\u011bny zp\u016fsoben\u00e9 digit\u00e1ln\u00edmi technologiemi a\u00a0internetem se v\u0161ak neprom\u00edtly do zm\u011bny politick\u00e9ho syst\u00e9mu. Naopak mocensk\u00e9 a\u00a0ekonomick\u00e9 elity (kryptokracie) se sna\u017e\u00ed silov\u011b zakonzervovat politick\u00fd stav s\u00a0jejich dominanc\u00ed. Tato situace vede k\u00a0<em>o\u017eivov\u00e1n\u00ed modifikovan\u00e9ho nacizmu<\/em>.<\/p>\n<h2>*<\/h2>\n<h3><strong>Arm\u00e1da<\/strong><\/h3>\n<p>Zasahov\u00e1n\u00ed arm\u00e1dy do \u017eivota spole\u010dnosti pat\u0159\u00ed k\u00a0tomu nejhor\u0161\u00edmu v\u00a0lidsk\u00e9 civilizaci. Nejedn\u00e1 se pouze o\u00a0hitlerovsk\u00e9 N\u011bmecko, ale i\u00a0o\u00a0pu\u010d a\u00a0diktaturu gener\u00e1la Pinocheta v\u00a0Chile, gener\u00e1la Salazara v\u00a0Portugalsku, gener\u00e1la Franca ve \u0160pan\u011blsku, svr\u017een\u00ed Mosadeka v\u00a0Ir\u00e1nu Mi6 a\u00a0CIA, pu\u010d \u0159eck\u00fdch \u201c\u010dern\u00fdch plukovn\u00edk\u016f\u201d a\u00a0v\u00a0dal\u0161\u00edch zem\u00edch. V\u011bdomi si nebezpe\u010d\u00ed ze strany arm\u00e1dy spole\u010dnosti usiluj\u00edc\u00ed o\u00a0demokracii \u00fazkostliv\u011b dbaj\u00ed o\u00a0izolaci arm\u00e1dy na vn\u011bj\u0161\u00ed bezpe\u010dnost. Intervence arm\u00e1dy do vnit\u0159n\u00ed politiky je v\u017edy znakem, \u017ee spole\u010dnost nen\u00ed demokratick\u00e1 a\u00a0politici zneu\u017e\u00edvaj\u00edc\u00ed arm\u00e1du jsou hrozbou pro svou zemi.<\/p>\n<p>V\u00a0\u010cesku se provalilo\u00a0<em>\u0161m\u00edrov\u00e1n\u00ed opozi\u010dn\u00edch politik\u016f<\/em>\u00a0ze strany arm\u00e1dn\u00edho\u00a0<em>Velitelstv\u00ed informa\u010dn\u00edch a\u00a0kybernetick\u00fdch sil<\/em>\u00a0pod veden\u00edm\u00a0<em>gener\u00e1la Radka Harateka<\/em>. Aktivity vych\u00e1zej\u00ed z\u00a0dokumentu\u00a0<em>Volby 2025<\/em>, ve kter\u00e9m se hovo\u0159\u00ed o\u00a0shroma\u017e\u010fov\u00e1n\u00ed informac\u00ed ze soci\u00e1ln\u00edch s\u00edt\u00ed a\u00a0konven\u010dn\u00edch m\u00e9di\u00ed, podle kter\u00fdch by bylo mo\u017en\u00e9 identifikovat jednotlivce, skupiny a\u00a0politick\u00e9 strany. V\u00a0t\u00e9to souvislosti m\u011blo velitelstv\u00ed shroma\u017e\u010fovat osobn\u00ed \u00fadaje a\u00a0rozd\u011blen\u00ed t\u011bchto lid\u00ed podle n\u00e1zor\u016f a\u00a0skupin.<\/p>\n<p>Podle\u00a0<em>poslance R\u016f\u017ei\u010dky<\/em>\u00a0byly arm\u00e1dn\u00ed akce minim\u00e1ln\u011b dv\u011b. Jednou z\u00a0nich byla\u00a0<em>akce \u201eKarel\u201c<\/em>, z\u00a0n\u00ed\u017e m\u011bl vzniknout dokument \u201eVolby 2025\u201c, a\u00a0druhou pak akce, z\u00a0n\u00ed\u017e vznikl dokument\u00a0<em>\u201eV\u00fdstup k\u00a0TAA\u201c<\/em>. A\u00a0v\u00a0r\u00e1mci akce Karel se podle n\u011bj nepl\u00e1noval pouze monitoring, ale i\u00a0aktivn\u00ed zasahov\u00e1n\u00ed do on-line sv\u011bta, hovo\u0159\u00ed se i\u00a0o\u00a0vstupov\u00e1n\u00ed do skupin pod fale\u0161nou identitou.<a href=\"https:\/\/www.novarepublika.cz\/2025\/09\/ozivovani-nacizmu-v-evropskych-demokraciich#_ftn3\" name=\"_ftnref3\">[3]<\/a><\/p>\n<p><strong><em>Pplk. Jan Kom\u00ednek<\/em>\u00a0v\u00a0instrukc\u00edch p\u00ed\u0161e:<\/strong><\/p>\n<ul>\n<li>vytv\u00e1\u0159et target listy \u2013 zdroje d\u00e1vat do skupin s\u00a0ozna\u010den\u00edm nap\u0159.\u00a0\u201cprorusk\u00e1 dezinforma\u010dn\u00ed sc\u00e9na\u201d<\/li>\n<li>vstupov\u00e1n\u00ed do uzav\u0159en\u00fdch skupin pod fale\u0161nou identitou<\/li>\n<li>vydefinov\u00e1n\u00ed need-to-know, je tam n\u011bkolik chytrou\u0161\u016f, kte\u0159\u00ed se vrtaj\u00ed ve v\u011bcech, po\u00a0kter\u00fdch jim nic nen\u00ed.<a href=\"https:\/\/www.novarepublika.cz\/2025\/09\/ozivovani-nacizmu-v-evropskych-demokraciich#_ftn4\" name=\"_ftnref4\">[4]<\/a><\/li>\n<\/ul>\n<p>Arm\u00e1da se st\u00e1v\u00e1 hrozbou pro vlastn\u00ed spole\u010dnost i\u00a0vzhledem k\u00a0tomu, \u017ee jej\u00edm velitelem ve funkci n\u00e1\u010deln\u00edka gener\u00e1ln\u00edho \u0161t\u00e1bu je psychicky labiln\u00ed a\u00a0mor\u00e1ln\u011b dezorientovan\u00fd\u00a0<em>Karel \u0158ehka<\/em>\u00a0a\u00a0ministryn\u00ed obrany odborn\u011b nekompetentn\u00ed a\u00a0sebest\u0159edn\u00e1\u00a0<em>Jana \u010cernochov\u00e1<\/em>.\u00a0<strong>Sou\u010dasn\u00e1 politick\u00e1 moc vyu\u017e\u00edv\u00e1 arm\u00e1du zp\u016fsobem, kter\u00fd neguje demokracii a\u00a0posiluje sm\u011brov\u00e1n\u00ed spole\u010dnosti k\u00a0nacizmu.<\/strong><\/p>\n<h2>*<\/h2>\n<p>V\u00a0nacizmu byly jak\u00fdmsi mezistupn\u011bm\u00a0<strong>nacistick\u00e9 boj\u016fvky<\/strong>. V\u00a0\u010desk\u00e9m spole\u010densk\u00e9m \u017eivot\u011b tyto boj\u016fvky p\u0159ipom\u00ednaj\u00ed\u00a0<em>Milion chvilek<\/em>\u00a0nebo\u00a0<em>gang Oganesjana<\/em>. Oganesjanova nacistick\u00e1 (fa\u0161istick\u00e1) boj\u016fvka n\u00e1s vr\u00e1tila \u010dasem do t\u0159ic\u00e1t\u00fdch nacistick\u00fdch let v\u00a0N\u011bmecku sv\u00fdm z\u00e1sahem proti vlasteneck\u00e9mu setk\u00e1n\u00ed v\u00a0P\u0159\u00ed\u010dovech. Hlavn\u00ed postava nacistick\u00e9ho z\u00e1sahu proti vlasteneck\u00e9mu setk\u00e1n\u00ed\u00a0<em>Vojt\u011bch P\u0161en\u00e1k<\/em>\u00a0vypov\u00edd\u00e1 o\u00a0kvalit\u011b t\u00e9to nacistick\u00e9 boj\u016fvky. U\u017e sv\u00fdm vzhledem, obtloustl\u00fd, s\u00a0natekl\u00fdm obli\u010dejem p\u016fsob\u00ed odpudiv\u011b a\u00a0jak vypad\u00e1 fyzicky, tak p\u016fsob\u00ed i\u00a0du\u0161evn\u011b. V\u00a0jeho slovn\u00edku je nefrekventovan\u011bj\u0161\u00edm souslov\u00edm \u201ezkurven\u00e1 p\u00ed\u010da\u201c. V\u00a0intelektu\u00e1ln\u00edm vzep\u011bt\u00ed vy\u0159val v\u011btu: \u201eZkurven\u00fd bol\u0161evici se nikdy nezm\u011bn\u00ed\u201c. Kdy\u017e jsem se ho zeptal, co je bol\u0161evik, tak nev\u011bd\u011bl. Policist\u016f bylo na m\u00edst\u011b v\u00edce ne\u017e Oganesjanov\u00fdch nacist\u016f a\u00a0podle toho, jak se chovali, tak jsem m\u011bl pocit, \u017ee jsou ochrankou Oganesjanov\u00fdch nacist\u016f. Podobn\u011b se policie chov\u00e1 i\u00a0na dal\u0161\u00edch teroristick\u00fdch akc\u00edch Oganesjanov\u00e9 nacistick\u00e9 boj\u016fvky. V\u00a0rozp\u011bt\u00ed n\u011bkolika \u010dtvere\u010dn\u00edch metr\u016f a\u00a0dvou hodin byl ve zkratce vid\u011bt obraz sou\u010dasn\u00e9 \u010desk\u00e9 spole\u010dnosti. A\u00a0tento obraz ukazuje jak zoufal\u00e1 a\u00a0intelektu\u00e1ln\u011b a\u00a0duchovn\u011b uboh\u00e1 je vl\u00e1dnouc\u00ed moc, kdy\u017e vyu\u017e\u00edv\u00e1 pro sv\u00e9 c\u00edle tu nejhor\u0161\u00ed l\u016fzu, a\u00a0to je\u0161t\u011b importovanou ze zahrani\u010d\u00ed.<a href=\"https:\/\/www.novarepublika.cz\/2025\/09\/ozivovani-nacizmu-v-evropskych-demokraciich#_ftn5\" name=\"_ftnref5\">[5]<\/a><\/p>\n<h3><strong>Historick\u00e9 ko\u0159eny nacizmu<\/strong><\/h3>\n<p>Pro pozn\u00e1n\u00ed skute\u010dnost v\u00fdchoz\u00ed a\u00a0\u010dl\u00e1nky spojuj\u00edc\u00ed kategori\u00ed, je \u201esoci\u00e1lno\u201c. Soci\u00e1lno je jedine\u010dn\u00fd v\u00fdsek reality, vytv\u00e1\u0159en\u00fd interakc\u00ed lid\u00ed a\u00a0reprodukov\u00fd, vitalizovan\u00fd a\u00a0modifikovan\u00fd lidskou aktivitou.\u00a0 Zn\u00e1m\u00fd axiom \u0159\u00edk\u00e1, \u017ee pokud nezn\u00e1me historii, nepochop\u00edme sou\u010dasnost. Ov\u0161em historie m\u00e1 r\u016fzn\u00e9 roviny. Nejprimitivn\u011bj\u0161\u00ed rovinou jsou data bitev a\u00a0jm\u00e9na panovn\u00edk\u016f, v\u00fdznamn\u011bj\u0161\u00ed je pozn\u00e1n\u00ed soci\u00e1lna nebo dokonce duchovn\u00ed reality dan\u00e9 doby.<\/p>\n<p>Pro ch\u00e1p\u00e1n\u00ed sou\u010dasnosti je t\u0159eba se vracet a\u00a0pozn\u00e1vat soci\u00e1lno prvn\u00ed poloviny dvac\u00e1t\u00e9ho stolet\u00ed s\u00a0ideologi\u00ed, politikou a\u00a0soci\u00e1lnem nacizmu a\u00a0fa\u0161izmu. V\u00a0ned\u00e1vn\u00e9m vystoupen\u00ed na akci\u00a0<em>\u017delezn\u00e9 opony<\/em>\u00a0na Novotn\u00e9ho l\u00e1vce se\u00a0<em>V\u00e1clav Klaus<\/em>\u00a0vyj\u00e1d\u0159il, \u017ee v\u00a0nacizmu bylo kus n\u011bmectv\u00ed. \u010c\u00e1ste\u010dn\u011b bych oponoval, nejen n\u011bmectv\u00ed.<\/p>\n<p>Po konci 2.\u00a0sv\u011btov\u00e9 v\u00e1lky byl p\u0159ijat narativ, \u017ee nacizmus je spojen a\u00a0ohrani\u010den N\u011bmeckem. Ve skute\u010dnosti se k\u00a0nacizmu postupn\u011b p\u0159ibli\u017eovala cel\u00e1 z\u00e1padn\u00ed civilizace, z\u00e1rodky nacizmu jsou bytostn\u011b zako\u0159en\u011bny v\u00a0kapitalizmu a\u00a0kolonializmu a\u00a0v\u00a0koloni\u00e1ln\u00edch mocnostech.<\/p>\n<p><em>Z\u00e1kladn\u00ed osa nacizmu je rasismus<\/em>, kter\u00fd tvo\u0159il tak\u00e9 z\u00e1kladnu kolonializmu a\u00a0a\u017e do \u0161edes\u00e1t\u00fdch let dvac\u00e1t\u00e9ho stolet\u00ed na \u00fastavn\u011b pr\u00e1vn\u00ed rovin\u011b i\u00a0americk\u00e9 spole\u010dnosti. Rasismus, nad\u0159azenost nad m\u00e9n\u011bcenn\u00fdmi rasami a\u00a0etniky je bytostnou podstatou z\u00e1padn\u00edch koloni\u00e1ln\u00edch a\u00a0neokoloni\u00e1ln\u00edch st\u00e1t\u016f a\u00a0\u010dasov\u011b p\u0159edch\u00e1z\u00ed nacizmu a\u00a0fa\u0161izmu. Stejn\u011b tak\u00a0<em>z\u00edsk\u00e1v\u00e1n\u00ed \u017eivotn\u00edho prostoru a\u00a0hodnot cestou genocidy a\u00a0zotro\u010dov\u00e1n\u00ed p\u016fvodn\u00edch obyvatel nov\u00fdch \u00fazem\u00ed<\/em>. I\u00a0tato \u010d\u00e1st nacizmu tedy nebyla inovace Hitlera a\u00a0jeho ideolog\u016f, ale\u00a0<em>p\u0159evzat\u00e1 tradice z\u00e1padn\u00edch zem\u00ed<\/em>.<\/p>\n<p>V\u00fdraznou sou\u010d\u00e1st\u00ed ideologie a\u00a0politiky nacizmu byl<em>\u00a0antikomunizmus<\/em>. Tak\u00e9 zde nacizmus v\u00a0podstat\u011b plnil zak\u00e1zku kapitalizmu a\u00a0oligarchie. Po\u00a0vzniku Sov\u011btsk\u00e9ho svazu a\u00a0aktivizaci d\u011blnick\u00e9ho hnut\u00ed a\u00a0\u0161\u00ed\u0159en\u00ed vlivu soci\u00e1ln\u00ed demokracie a\u00a0komunistick\u00fdch stran vznikla v\u00a0horn\u00edch patrech kapitalistick\u00e9ho managmentu panika a\u00a0hledal se n\u00e1stroj k\u00a0likvidaci \u201erud\u00e9ho\u201c nebezpe\u010d\u00ed a\u00a0t\u00edmto n\u00e1strojem se stal nacizmus. Nacizmus geni\u00e1ln\u011b, je\u0161t\u011b p\u0159ed Orwellov\u00fdm \u201e1984\u201c a\u00a0news speakem, nazval sv\u00e9 hnut\u00ed nacion\u00e1ln\u00edm socializmem ve stylu pozd\u011bj\u0161\u00edho \u201em\u00edr je v\u00e1lka\u201c. N\u011bmeck\u00e1 populace na tento jazykov\u00fd podvod nasko\u010dila a\u00a0skousla i\u00a0odvl\u00e9k\u00e1n\u00ed do koncentr\u00e1k\u016f p\u0159\u00edslu\u0161n\u00edk\u016f subjekt\u016f socialistick\u00e9ho hnut\u00ed, soci\u00e1ln\u00edch demokrat\u016f a\u00a0komunist\u016f. Vl\u00e1dnouc\u00ed t\u0159\u00edda z\u00e1padn\u00edch st\u00e1t\u016f pot\u0159ebovala \u201ezkrotit\u201c emancipuj\u00edc\u00ed se masy d\u011bln\u00edk\u016f a\u00a0dal\u0161\u00edch pracuj\u00edc\u00edch. Zde byl pr\u016fnik nacizmu a\u00a0z\u00e1padn\u00edch st\u00e1t\u016f, a\u00a0proto tak\u00e9 nacizmus, n\u011bmeck\u00e1 arm\u00e1da a\u00a0N\u011bmecko se zrodily z\u00a0pen\u011bz z\u00e1padn\u00edch oligarch\u016f, N\u011bmecka, USA, Velk\u00e9 Brit\u00e1nie, ale kupodivu tak\u00e9 \u017eidovsk\u00e9ho kapit\u00e1lu. Odevzd\u00e1n\u00ed \u010ceskoslovenska Hitlerovi Franci\u00ed a\u00a0Velkou Brit\u00e1ni\u00ed nebylo n\u011bco v\u00a0rozporu se z\u00e1padn\u00ed politikou, ale byla to syst\u00e9mov\u00e1 sou\u010d\u00e1st politiky z\u00e1padu. Ani nacistick\u00e9 koncentr\u00e1ky nebyly p\u016fvodn\u00ed, ale jejich vyn\u00e1lezcem byla Velk\u00e1 Brit\u00e1nie (viz Bursk\u00e1 v\u00e1lka).<\/p>\n<p><img decoding=\"async\" loading=\"lazy\" class=\"wp-image-86651 aligncenter\" src=\"http:\/\/www.infokuryr.cz\/n\/wp-content\/uploads\/2025\/08\/vrab10-300x200.png\" alt=\"\" width=\"999\" height=\"666\" srcset=\"https:\/\/www.infokuryr.cz\/n\/wp-content\/uploads\/2025\/08\/vrab10-300x200.png 300w, https:\/\/www.infokuryr.cz\/n\/wp-content\/uploads\/2025\/08\/vrab10-1024x682.png 1024w, https:\/\/www.infokuryr.cz\/n\/wp-content\/uploads\/2025\/08\/vrab10-768x512.png 768w, https:\/\/www.infokuryr.cz\/n\/wp-content\/uploads\/2025\/08\/vrab10-1536x1024.png 1536w, https:\/\/www.infokuryr.cz\/n\/wp-content\/uploads\/2025\/08\/vrab10-2048x1365.png 2048w\" sizes=\"(max-width: 999px) 100vw, 999px\" \/><\/p>\n<p>To, co doposud re\u00e1ln\u011b existovalo, ale ideov\u011b neprov\u00e1zan\u011b a\u00a0v\u00e1gn\u011b v\u00a0z\u00e1padn\u00ed civilizaci, \u201ezkondenzovalo\u201c v\u00a0nacizmus do podoby vyhran\u011bn\u00e9 ideologie, kterou bylo mo\u017en\u00e9 uskute\u010d\u0148ovat politick\u00fdm hnut\u00edm \u2013 soci\u00e1ln\u00edm nacionalizmem.<\/p>\n<p>Explicitn\u00ed forma nacizmus, bl\u00edzk\u00e1 n\u011bmeck\u00e9mu nacizmu existovala ve vlivn\u00fdch skupin\u00e1ch Velk\u00e9 Brit\u00e1nie, v\u010detn\u011b kr\u00e1lovsk\u00e9 rodiny.<a href=\"https:\/\/www.novarepublika.cz\/2025\/09\/ozivovani-nacizmu-v-evropskych-demokraciich#_ftn6\" name=\"_ftnref6\">[6]<\/a>\u00a0V\u00a0USA dokonce prob\u011bhl pokus o\u00a0nacistick\u00fd p\u0159evrat, jeho\u017e se \u00fa\u010dastnil otec a\u00a0d\u011bd americk\u00fdch prezident\u016f Prescot Busch, nejen bank\u00e9\u0159, ale tak\u00e9 sen\u00e1tor, nikoliv okrajov\u00e1 osobnost USA. I\u00a0po\u00a0ne\u00fasp\u011b\u0161n\u00e9m pu\u010di Prescot Bush mohl celou v\u00e1lku obchodovat s\u00a0nacistick\u00fdm N\u011bmeck\u00e9m.<\/p>\n<p>Toto v\u0161e je minulost, ale tak\u00e9 ur\u010dit\u00e1 vrstva soci\u00e1lna, kter\u00e1 n\u011bjak\u00fdm zp\u016fsobem intervenuje do sou\u010dasnosti. Ka\u017ed\u00e1 minulost soci\u00e1lna je v\u00a0n\u011bjak\u00e9m vztahu k\u00a0aktu\u00e1ln\u00ed spole\u010densk\u00e9 skute\u010dnosti. Od stavu jak\u00e9hosi zmrazen\u00ed a\u017e ke stavu, kdy se minul\u00e9 soci\u00e1lno aktivn\u011b pod\u00edl\u00ed na socializaci nov\u00fdch generac\u00ed.<\/p>\n<p>Minul\u00e9 soci\u00e1lno je p\u0159\u00edtomno v\u00a0um\u011bn\u00ed, ve hmotn\u00e9 kultu\u0159e, ve vzd\u011bl\u00e1vac\u00edm syst\u00e9mu, ale i\u00a0ve star\u00fdch generac\u00edch, kter\u00e9 toto soci\u00e1lno \u017eili. Z\u00a0\u010desk\u00e9 minulosti zn\u00e1me problematiku vztahu d\u011bt\u00ed a\u00a0jejich rodi\u010d\u016f a\u00a0prarodi\u010d\u016f nejsiln\u011bji v\u00a0kategorii tzv.\u00a0t\u0159\u00eddn\u00edho p\u016fvodu. \u010cesk\u00e1 spole\u010dnost v\u00edcem\u00e9n\u011b jednozna\u010dn\u011b dosp\u011bla k\u00a0n\u00e1zoru, \u017ee na d\u011bti nemohou b\u00fdt vztahov\u00e1ny jak\u00e9koliv d\u016fsledky chov\u00e1n\u00ed a\u00a0politick\u00fdch n\u00e1zor\u016f rodi\u010d\u016f a\u00a0prarodi\u010d\u016f. To samoz\u0159ejm\u011b plat\u00ed i\u00a0pro d\u011bti a\u00a0vnuky i\u00a0t\u011bch nejzaryt\u011bj\u0161\u00edch nacist\u016f. Oni p\u0159ece za chov\u00e1n\u00ed sv\u00fdch p\u0159edk\u016f nemohou.<\/p>\n<p>Ov\u0161em n\u011bco jin\u00e9ho znamen\u00e1 hled\u00e1n\u00ed stop nacizmu v\u00a0sou\u010dasnosti a\u00a0jejich p\u0159\u00ed\u010din. I\u00a0p\u0159i\u00a0masov\u00e9m ztoto\u017en\u011bn\u00ed n\u011bmeck\u00e9 populace s\u00a0nacizmem lze p\u0159edpokl\u00e1dat u\u00a0N\u011bmc\u016f r\u016fznou m\u00edru identifikace s\u00a0nacizmem. Tzv.\u00a0pov\u00e1le\u010dn\u00e1 denacifikace byla sp\u00ed\u0161e deklarativn\u00ed ne\u017e re\u00e1ln\u00e1, co\u017e dokl\u00e1d\u00e1 zauj\u00edman\u00ed v\u00fdznamn\u00fdch pozic ve st\u00e1tn\u00ed spr\u00e1v\u011b i\u00a0v\u00a0soukrom\u00e9m sektoru v\u00fdznamn\u00fdmi nacisty. To zes\u00edlilo zvl\u00e1\u0161t\u011b po\u00a0tom, co\u00a0<em>Konr\u00e1d Adenauer<\/em>\u00a0protestoval proti denacifikaci. Nacistick\u00e1 skute\u010dnost ve v\u0161ech vrstv\u00e1ch: ideologie, politika, ekonomika, vojenstv\u00ed byla velice v\u00fdrazn\u00e1, a\u00a0nebylo mo\u017en\u00e9 j\u00ed anihilovat<em>\u00a0Norimbersk\u00fdm procesem<\/em>\u00a0\u010di\u00a0jin\u00fdmi soudn\u00edmi procesy.<\/p>\n<p>Vedle proces\u016f form\u00e1ln\u00ed denacifikace prob\u00edhaly procesy zcela opa\u010dn\u00e9, kter\u00e9 a\u0165 ji\u017e z\u00e1m\u011brn\u011b \u010di\u00a0nez\u00e1m\u011brn\u011b posouvaly nacizmus z\u00a0minulosti do budoucnosti. 1000 nacistick\u00fdch zpravodajc\u016f v\u00a0\u010dele s\u00a0<em>gener\u00e1lem Reinhardem Gehlenem<\/em>\u00a0bylo p\u0159evezeno do USA, kde vybudovaly\u00a0<em>CIA<\/em>\u00a0a\u00a0pot\u00e9 byli vr\u00e1ceni do N\u011bmeck\u00e9 spolkov\u00e9 republiky k\u00a0vybudov\u00e1n\u00ed n\u011bmeck\u00e9 zpravodajsk\u00e9 slu\u017eby (<em>BND)<\/em>. M\u016f\u017eeme si polo\u017eit ot\u00e1zku: bylo budov\u00e1n\u00ed t\u011bchto slu\u017eeb steriln\u00ed v\u016f\u010di nacizmu jejich zakladatel\u016f? Tak\u00e9 bundeswehr budovali nacisti\u010dt\u00ed gener\u00e1lov\u00e9 a\u00a0bez vlivu nebyli nacisti\u010dt\u00ed gener\u00e1lov\u00e9 ani p\u0159i\u00a0budov\u00e1n\u00ed\u00a0<em>NATO<\/em>. Tajn\u00e1 organizace \u010di\u00a0operace\u00a0<em>Gladio<\/em>\u00a0vytvo\u0159en\u00e1 a\u00a0\u0159\u00edzen\u00e1\u00a0<em>CIA a\u00a0NATO<\/em>, vyu\u017e\u00edvan\u00e1 v\u00a0z\u00e1padn\u00ed Evrop\u011b v\u00a0dob\u011b studen\u00e9 v\u00e1lky p\u0159i\u00a0teroristick\u00fdch akc\u00edch pod fale\u0161nou vlajkou k\u00a0dosahov\u00e1n\u00ed sv\u00fdch skryt\u00fdch c\u00edl\u016f vyu\u017e\u00edvaly do zna\u010dn\u00e9 m\u00edry b\u00fdval\u00e9 nacisty. Vliv nacist\u016f v\u00a0z\u00e1padn\u00edch st\u00e1tech v\u00a0pov\u00e1le\u010dn\u00e9 dob\u011b byl nejen v\u00a0americk\u00e9m kosmick\u00e9m programu (<em>W. Braun<\/em>\u00a0a\u00a0dal\u0161\u00ed), ale i\u00a0v\u00a0dal\u0161\u00edch oblastech.<\/p>\n<p>Lze p\u0159edpokl\u00e1dat, \u017ee pov\u00e1le\u010dn\u00e9 rodiny nacist\u016f fungovaly jako zmrazen\u00e1 spermie, kter\u00e1 je p\u0159ipravena o\u017eivnout. A\u00a0toto o\u017eiven\u00ed prob\u00edh\u00e1 v\u00a0nov\u00fdch generac\u00edch N\u011bmc\u016f. Logicky se objevuje ot\u00e1zka, nakolik byla tato generace nebo jej\u00ed \u010d\u00e1st ovlivn\u011bna nacizmem a\u00a0nakolik jsou fragmenty nacizmu sou\u010d\u00e1st\u00ed osobnostn\u00ed v\u00fdbavy jej\u00edch p\u0159\u00edslu\u0161n\u00edk\u016f?<\/p>\n<p>Jednou ze sou\u010d\u00e1st\u00ed procesu n\u00e1vratu nacizmu v\u00a0modifikovan\u00e9 podob\u011b je prosazov\u00e1n\u00ed do v\u00fdznamn\u00fdch funkc\u00ed osob s\u00a0nacistick\u00fdmi rodinn\u00fdmi ko\u0159eny. Do v\u00fdznamn\u00fdch pozic se dost\u00e1vaj\u00ed sp\u00ed\u0161e jedinci s\u00a0afinitou k\u00a0nacizmu ne\u017e antinacist\u00e9. Ministryn\u011b p\u0159edchoz\u00ed n\u011bmeck\u00e9 vl\u00e1dy a\u00a0sou\u010dasn\u00e1 p\u0159edsedkyn\u011b Valn\u00e9ho shrom\u00e1\u017ed\u011bn\u00ed OSN\u00a0<em>A. Baerbockov\u00e1<\/em>\u00a0byla hrd\u00e1 na sv\u00e9ho d\u011bde\u010dka, p\u0159\u00edslu\u0161n\u00edka SS s\u00a0nejvy\u0161\u0161\u00edm nacistick\u00fdm vyznamen\u00e1n\u00edm. Extr\u00e9mistick\u00e1 militaristick\u00e1 politika nov\u00e9ho n\u011bmeck\u00e9ho kancl\u00e9\u0159e\u00a0<em>Joachima Merze<\/em>, kter\u00fd si vyslou\u017eil v\u00a0N\u011bmecku p\u0159ezd\u00edvku \u0161\u00edlen\u00fd Fritz, pout\u00e1 pozornost a\u00a0\u017e\u00e1d\u00e1 vysv\u011btlen\u00ed. Tato politika, kter\u00e9 se d\u0159\u00edve \u0159\u00edkalo\u00a0<em>revan\u0161izmus<\/em>, je l\u00e9pe pochopiteln\u00e1 p\u0159i\u00a0znalosti jeho rodinn\u00e9 historie, kdy l\u00e9pe pochop\u00edme jeho militarizmus a\u00a0fanatickou nen\u00e1vist k\u00a0Rusku. Jeho d\u011bde\u010dek se p\u0159idal k\u00a0\u00fadern\u00fdm odd\u00edl\u016fm SA a\u00a0z\u00edskal hodnost oberscharf\u00fchrera a\u00a0<em>otec Joachim Merz<\/em>\u00a0po\u00a0boj\u00edch na v\u00fdchodn\u00ed front\u011b str\u00e1vil \u010dty\u0159i roky v\u00a0sov\u011btsk\u00e9m zajet\u00ed.<\/p>\n<p>Vypjat\u00fdm militarizmem a\u00a0extr\u00e9mn\u00ed nen\u00e1vist\u00ed k\u00a0Rus\u016fm se vyzna\u010duje eurokomisa\u0159ka\u00a0<em>K\u00e1ja Kallasov\u00e1<\/em>, reprezentantka Estonska, zem\u011b s\u00a0nacistickou minulost\u00ed, nejbli\u017e\u0161\u00edm spojencem nacistick\u00e9ho N\u011bmecka. Jej\u00ed rodinn\u00e9 ko\u0159eny jsou jak nacistick\u00e9, tak komunistick\u00e9.\u00a0 K\u00a0rodinn\u00e9 tradici tak\u00e9 pat\u0159\u00ed zneu\u017e\u00edv\u00e1n\u00ed politick\u00e9 pozice ke krimin\u00e1ln\u00edmu obohacov\u00e1n\u00ed. Za jej\u00ed vl\u00e1dy a\u00a0vl\u00e1dy jej\u00edho otce se v\u00a0Estonsku stali Rusov\u00e9 druho\u0159ad\u00fdmi ob\u010dany, tak jako \u017did\u00e9 v\u00a0nacistick\u00e9m N\u011bmecku.<\/p>\n<p>Ve Velk\u00e9 Brit\u00e1nii se \u0161\u00e9fkou zpravodajsk\u00e9 slu\u017eby MI6 stala\u00a0<em>Blaise Metreweliov\u00e1,<\/em>\u00a0jej\u00ed\u017e d\u011bde\u010dek\u00a0<em>Konstantin Dobrowolski<\/em>\u00a0p\u016fsobil jako nacistick\u00fd \u0161pion p\u0159ezd\u00edvan\u00fd \u201e\u0158ezn\u00edk\u201c, kter\u00fd osobn\u011b vra\u017edil \u017didy. Na n\u011bmeckou tradici navazuje\u00a0<em>Ursula von der Leyenov\u00e1<\/em>. Jej\u00ed postaven\u00ed jako p\u0159edsedkyn\u011b Evropsk\u00e9 komise a\u00a0zp\u016fsob jej\u00edho kari\u00e9rn\u00edho postupu je mimo\u0159\u00e1dn\u011b vhodn\u00e1 k\u00a0politologick\u00e9 anal\u00fdze. Jej\u00ed neschopnost v\u00a0roli n\u011bmeck\u00e9 ministryn\u011b obrany je legend\u00e1rn\u00ed, a\u00a0p\u0159esto byla dosazena do nejvy\u0161\u0161\u00ed evropsk\u00e9 pozice. Navzdory jej\u00ed krimin\u00e1ln\u00ed af\u00e9\u0159e v\u00a0dob\u011b jej\u00edho prvn\u00edho funk\u010dn\u00edho obdob\u00ed byla dosazena do nejvy\u0161\u0161\u00ed funkce i\u00a0podruh\u00e9. Jak\u00e9 s\u00edly za n\u00ed stoj\u00ed a\u00a0pro koho prov\u00e1d\u00ed politiku likvidace evropsk\u00e9 civilizace. V\u011brohodn\u011b p\u016fsob\u00ed odhalen\u00ed\u00a0<em>Lubom\u00edra Zaor\u00e1lka<\/em><a href=\"https:\/\/www.novarepublika.cz\/2025\/09\/ozivovani-nacizmu-v-evropskych-demokraciich#_ftn7\" name=\"_ftnref7\">[7]<\/a>\u00a0(\u0160ok. Zaor\u00e1lek odhalil, kdo stoj\u00ed za von der Leynovou), \u017ee do funkce byla dosazena nadn\u00e1rodn\u00edmi korporacemi a\u00a0finan\u010dn\u00edm kapit\u00e1lem (kryptokraci\u00ed), jejich\u017e z\u00e1jmy jako loutka prosazuje. Po\u00a0<em>jedn\u00e1n\u00edch Ursuly von der Leyenov\u00e9\u00a0 s\u00a0Donaldem Trumpem<\/em>\u00a0byla evropsk\u00e1 ve\u0159ejnost \u0161okov\u00e1na v\u00fdsledky jedn\u00e1n\u00ed, kter\u00e9 jsou mimo\u0159\u00e1dn\u011b nev\u00fdhodn\u00e9 pro Evropu. Vysv\u011btlen\u00ed je jednoduch\u00e9, v\u00a0jedn\u00e1n\u00edch nikdo Evropu nezastupoval, oba jednali v\u00a0z\u00e1jmu nadn\u00e1rodn\u00edch korporac\u00ed (kryptokracie). Pod veden\u00edm Ursuly von der Leyenov\u00e9 se pod zna\u010dkou Evropsk\u00e9 unie vyno\u0159uje \u010dtvrt\u00e1 \u0159\u00ed\u0161e.<\/p>\n<p>Mezi nacizmem t\u0159ic\u00e1t\u00fdch a\u00a0\u010dty\u0159ic\u00e1t\u00fdch let a\u00a0sou\u010dasnost\u00ed nen\u00ed soci\u00e1ln\u00ed pr\u00e1zdno, ale vrstevnat\u00e9 strukturovan\u00e9 soci\u00e1lno, v\u00a0n\u011bm\u017e lze p\u00e1trat po\u00a0rezidu\u00edch minul\u00e9ho nacizmu. Jak je zn\u00e1mo, v\u00a0dob\u011b Protektor\u00e1tu B\u00f6hmen und M\u00e4hren m\u011bla\u00a0<em>rodina V\u00e1clava Havla<\/em>\u00a0velice nadstandardn\u00ed vztahy s\u00a0n\u011bmeck\u00fdm veden\u00edm, v\u010detn\u011b gestapa, jeho\u017e byl\u00a0<em>Milo\u0161 Havel, str\u00fdc V\u00e1clava Havla, agentem<\/em>. Po\u00a017.\u00a0listopadu 1989, kdy star\u00fd re\u017eim ji\u017e moc nem\u011bl a\u00a0nov\u00fd ji je\u0161t\u011b nem\u011bl, n\u011bkolik t\u00fddn\u016f \u010ceskoslovensk\u00e1 televize pod veden\u00edm\u00a0<em>Miroslava Pavla<\/em>\u00a0vys\u00edlala svobodn\u011b. V\u00a0tomto obdob\u00ed televize uvedla dokument BBC o\u00a0V\u00e1clavu Havlovi, v\u00a0jeho\u017e r\u00e1mci zve\u0159ejnila fotografii mal\u00e9ho Va\u0161\u00edka Havla na kl\u00edn\u011b zastupuj\u00edc\u00edho \u0159\u00ed\u0161sk\u00e9ho protektora\u00a0<em>Reinharda Heydricha<\/em><a href=\"https:\/\/www.novarepublika.cz\/2025\/09\/ozivovani-nacizmu-v-evropskych-demokraciich#_ftn8\" name=\"_ftnref8\">[8]<\/a>. Zde lze hledat vysv\u011btlen\u00ed cesty V\u00e1clava Havla po\u00a0zvolen\u00ed prezidentem do N\u011bmecka s\u00a0omluvou.<\/p>\n<p>V\u00a0posledn\u00edch letech \u0159ada \u010desk\u00fdch politik\u016f inklinuje k\u00a0<em>sudeton\u011bmeck\u00e9mu landsman\u0161aftu<\/em>, kter\u00fd v\u00a0rozporu s\u00a0jejich proklamacemi se s\u00a0nacistickou zlo\u010dinnou minulost\u00ed nevyrovnal. \u201eNa sudetosn\u011bmu 2025 vystoupil zemsk\u00fd p\u0159edseda bavorsk\u00e9 organizace Sudeton\u011bmeck\u00e9ho krajansk\u00e9ho sdru\u017een\u00ed\u00a0<em>Steffen H\u00f6rtler<\/em>. Prohl\u00e1sil, \u017ee odsun nacistick\u00fdch sudet\u016f z\u00a0\u010cSR v\u00a0roce 1945 byl \u201epov\u00e1le\u010dn\u00fd zlo\u010din\u201c.<a href=\"https:\/\/www.novarepublika.cz\/2025\/09\/ozivovani-nacizmu-v-evropskych-demokraciich#_ftn9\" name=\"_ftnref9\">[9]<\/a>\u00a0Dokonce ve funkci kancl\u00e9\u0159ky\u00a0<em>Angela Merklov\u00e1<\/em>\u00a0na tiskov\u00e9 konferenci prohl\u00e1sila, \u017ee pro odsun nebyly mor\u00e1ln\u00ed ani politick\u00e9 d\u016fvody. \u010ce\u0161t\u00ed politici spolupracuj\u00edc\u00ed se sudeton\u011bmeck\u00fdm landsman\u0161aftem ve sv\u00fdch stanovisc\u00edch p\u0159ech\u00e1zej\u00ed od \u010desk\u00e9 k\u00a0sudeton\u011bmeck\u00e9 pozici. Je ot\u00e1zkou, zda maj\u00ed pouze odli\u0161n\u00fd n\u00e1zor, \u010di\u00a0p\u0159edstavuj\u00ed\u00a0<em>p\u00e1tou kolonu (Pithart, B\u011blobr\u00e1dek, Herman, Ne\u010das, Bek, Pavel, Fiala, Sobotka)<\/em>. M\u016f\u017eeme pochybovat, zda jde o\u00a0\u010cechy.\u00a0<em>Pavel Rychetsk\u00fd<\/em>\u00a0prohl\u00e1sil, \u017ee se nec\u00edt\u00ed \u010cechem a\u00a0<em>Petr Pithart<\/em>\u00a0o\u00a0\u010desk\u00e9m n\u00e1rod\u011b mluv\u00ed a\u00a0p\u00ed\u0161e tak hanebn\u011b, \u017ee lze t\u011b\u017eko p\u0159edpokl\u00e1dat, \u017ee se pova\u017euje za \u010cecha.\u00a0 S\u00a0dal\u0161\u00edmi to m\u016f\u017ee b\u00fdt podobn\u00e9. Typick\u00e9 pro tyto exponenty sudeton\u011bmeck\u00e9ho landsman\u0161aftu je, \u017ee historie pro n\u011b za\u010d\u00edn\u00e1 rokem 1945 a\u00a0koncem v\u00e1lky a\u00a0to, co se d\u011blo v\u00a0Sudetech v\u00a0t\u0159ic\u00e1t\u00fdch letech a\u00a0za protektor\u00e1tu, pro n\u011b neexistuje. Anal\u00fdzu p\u016fsoben\u00ed sudetsk\u00fdch N\u011bmc\u016f obsahuje \u201e<em>Historicko-politick\u00e1 anal\u00fdza \u010cesk\u00e9ho svazu protifa\u0161istick\u00fdch bojovn\u00edk\u016f. \u201eSudetosjezd Brno 2026 NE! P\u00e1t\u00e1 kolona sudetsk\u00e9ho kryptonacismu\u201c<\/em>.<a href=\"https:\/\/www.novarepublika.cz\/2025\/09\/ozivovani-nacizmu-v-evropskych-demokraciich#_ftn10\" name=\"_ftnref10\">[10]<\/a><\/p>\n<p>P\u0159ed na\u0161\u00edm vstupem do Evropsk\u00e9 unie n\u00e1m Evropsk\u00e1 unie p\u0159edkl\u00e1dala sv\u016fj obraz, kter\u00fd se od t\u00e9 doby st\u00e1le v\u00edce m\u011bn\u00ed. Na\u0161e p\u0159edstava o\u00a0EU p\u0159ed na\u0161\u00edm vstupem do EU v\u0161ak byla nere\u00e1ln\u00e1. Obraz EU, kter\u00fd n\u00e1m byl p\u0159edkl\u00e1dan\u00fd p\u0159ed na\u0161\u00edm vstupem, byl pouh\u00fd m\u00fdtus. St\u011b\u017eejn\u00edm prvkem m\u00fdtu bylo, \u017ee EU byla zalo\u017eena jako pojistka m\u00edru v\u00a0Evrop\u011b a\u00a0rozvoje demokracie.\u00a0<em>V\u00a0p\u016fsoben\u00ed EU vid\u00edme prav\u00fd opak; militarizaci Evropy, nahrazov\u00e1n\u00ed demokracie totalitou a\u00a0modifikovan\u00fdm nacizmem.<\/em><\/p>\n<p>Dal\u0161\u00ed informace ukazuj\u00ed skryt\u00e9 sm\u011b\u0159ov\u00e1n\u00ed EU od sam\u00e9ho za\u010d\u00e1tku. O\u00a0tom vypov\u00edd\u00e1, kdo EU zakl\u00e1dal. Za zakladatele Evropsk\u00e9 unie je pova\u017eov\u00e1n\u00a0<em>Robert Schuman<\/em>. Tento politik, a\u010d se narodil v\u00a0roce 1886, pro wikipedii existuje a\u017e od roku 1947. Co se d\u011blo v\u00a0p\u0159edchoz\u00edch letech, \u017ee rad\u011bji nejsou zmi\u0148ov\u00e1na? Byl jedn\u00edm z\u00a0hlavn\u00edch str\u016fjc\u016f\u00a0<em>Locarnsk\u00e9ho paktu<\/em>, kter\u00fd fixoval z\u00e1padn\u00ed hranice N\u011bmecka, ale v\u00fdchodn\u00ed hranici nechal otev\u0159enou. R. Schuman byl \u010dlenem\u00a0<em>delegace Eduarda Daladiera<\/em>\u00a0p\u0159i\u00a0p\u0159ij\u00edm\u00e1n\u00ed Mnichovsk\u00e9 dohody a\u00a0siln\u011b se anga\u017eoval pro jej\u00ed p\u0159ijet\u00ed. Vedle dobr\u00fdch vztah\u016f s\u00a0n\u011bmeck\u00fdmi nacisty m\u011bl dobr\u00e9 vztahy s\u00a0ma\u010farsk\u00fdm nacistou\u00a0<em>Mikl\u00f3sem Horthym<\/em>. V\u00a0\u010dervnu 1940 jako \u010dlen francouzsk\u00e9 vl\u00e1dy prosazoval kapitulaci Francie. V\u00a0z\u00e1\u0159\u00ed 1940 byl N\u011bmci zat\u010den, ale na p\u0159\u00edkaz\u00a0<em>\u0161\u00e9fa trev\u00edrsk\u00e9ho gestapa Heinricha Welsche<\/em>\u00a0byl p\u0159evezen do luxusn\u00edho dom\u00e1c\u00edho v\u011bzen\u00ed. Nen\u00ed proto n\u00e1hoda, \u017ee elitn\u00ed gestap\u00e1k Welsch se po\u00a0v\u00e1lce stal premi\u00e9rem S\u00e1rska. Ji\u017e z\u00e1klady Evropsk\u00e9 unie maj\u00ed p\u0159ekvapiv\u011b skryt\u00e9 nacistick\u00e9 sm\u011b\u0159ov\u00e1n\u00ed.<\/p>\n<p>\u010cten\u00e1\u0159 si v\u0161imne, \u017ee to, co ho ve spole\u010dnosti obklopuje, se odli\u0161uje od reality nacizmu, jak ho zn\u00e1 z\u00a0film\u016f. Nekonaj\u00ed se pochody s\u00a0ho\u0159\u00edc\u00edmi pochodn\u011bmi, charizmatick\u00fd v\u016fdce na stadionech nefanatizuje davy, nefunguj\u00ed koncentr\u00e1ky, \u017did\u00e9 nenos\u00ed \u017elutou hv\u011bzdu. Je v\u0161ak t\u0159eba za formou, designem spole\u010dnosti hledat podstatu, kter\u00e1 b\u00fdv\u00e1 obvykle skryt\u00e1.<\/p>\n<h3><strong>Jak\u00e9 byly c\u00edle nacizmu?<\/strong><\/h3>\n<ul>\n<li>likvidace komunistick\u00e9ho a\u00a0socialistick\u00e9ho hnut\u00ed;<\/li>\n<li>zmocn\u011bn\u00ed se \u00fazem\u00ed a\u00a0nerostn\u00e9ho bohatstv\u00ed Sov\u011btsk\u00e9ho svazu a\u00a0p\u0159edev\u0161\u00edm Ruska;<\/li>\n<li>rasizmus, nad\u0159azenost \u00e1rijsk\u00e9 rasy a\u00a0m\u00e9n\u011bcennost \u017did\u016f a\u00a0Slovan\u016f;<\/li>\n<li>brut\u00e1ln\u00ed netolerance v\u016f\u010di jin\u00fdm ne\u017e vl\u00e1dn\u00edm nacistick\u00fdm n\u00e1zor\u016fm (ideologii).<\/li>\n<\/ul>\n<p>Prvn\u00ed a\u00a0t\u0159et\u00ed bod programu nacistick\u00e1 ideologie koncentrovala do hesla\u00a0<em>\u017eidobol\u0161evizmus<\/em>.<\/p>\n<p>Vedle c\u00edl\u016f charakterizuj\u00ed nacizmus metody dosahov\u00e1n\u00ed t\u011bchto c\u00edl\u016f. N\u00e1stroji k\u00a0dosa\u017een\u00ed t\u011bchto c\u00edl\u016f byla militarizace spole\u010dnosti, rasov\u00e1 a\u00a0etnick\u00e1 nen\u00e1vist \u00fast\u00edc\u00ed v\u00a0genocidu Slovan\u016f a\u00a0holokaust. \u010cesk\u00fd n\u00e1rod byl p\u0159edur\u010den k\u00a0likvidaci. Vylidn\u011bn\u00e9 \u00fazem\u00ed m\u011blo b\u00fdt nov\u00fdm \u017eivotn\u00edm prostorem nad\u0159azen\u00e9 rasy.<\/p>\n<p>A jak\u00e1 je sou\u010dasnost?\u00a0 N\u011bmeck\u00fd nacizmus plynule p\u0159e\u0161el v\u00a0<em>evropsk\u00fd nacizmus<\/em>. Ihned po\u00a0skon\u010den\u00ed 2.\u00a0sv\u011btov\u00e9 v\u00e1lky. Winston Churchill p\u0159ipravoval spustit 1.7.1945 operaci \u201eNemysliteln\u00e9\u201c, co\u017e m\u011bl b\u00fdt \u00fatok z\u00e1padn\u00edch arm\u00e1d s\u00a0pou\u017eit\u00edm n\u011bmeck\u00e9ho wehrmachtu na Sov\u011btsk\u00fd svaz. Co nedok\u00e1zalo nacistick\u00e9 N\u011bmecko, m\u011bl dokon\u010dit z\u00e1pad za pomoci wehrmachtu. C\u00edle byly stejn\u00e9.<\/p>\n<p>P\u0159edn\u00ed americk\u00fd politik a\u00a0politolog\u00a0<em>Zbigniew Brzezinski<\/em>\u00a0vydal knihu\u00a0<em>Velk\u00e1 \u0161achovnice<\/em>, kter\u00e1 obsahuje mapu Ruska rozd\u011blen\u00e9ho do r\u016fzn\u00fdch \u010d\u00e1st\u00ed, kter\u00e9 budou p\u0159id\u00e1ny k\u00a0jin\u00fdm st\u00e1vaj\u00edc\u00edm zem\u00edm. Tak\u00e9 v\u00a0sou\u010dasnosti jsou v\u00a0Evrop\u011b p\u0159edstavy o\u00a0rozdroben\u00ed Ruska na \u0159adu mal\u00fdch st\u00e1te\u010dk\u016f. Tento z\u00e1m\u011br a\u017e fanaticky prosazuje komisa\u0159ka Evropsk\u00e9 komise K\u00e1ja Kallasov\u00e1. Co sly\u0161\u00edme od n\u011bmeck\u00fdch politik\u016f siln\u011b p\u0159ipom\u00edn\u00e1 proklamace a\u00a0c\u00edle n\u011bmeck\u00fdch nacist\u016f z\u00a0t\u0159ic\u00e1t\u00fdch a\u00a0\u010dty\u0159ic\u00e1t\u00fdch let.<\/p>\n<p>S\u00a0postupn\u00fdm vyno\u0159ov\u00e1n\u00edm se obrys\u016f nacizmu v\u00a0evropsk\u00fdch demokraci\u00edch se objevuje tak\u00e9 reflexe t\u00e9to rod\u00edc\u00ed se nov\u00e9 reality. V\u00a0textech upozor\u0148uj\u00edc\u00edch na nov\u00fd trend evropsk\u00e9 civilizace je tento fenom\u00e9n naz\u00fdv\u00e1n hn\u011bdnut\u00edm spole\u010dnosti, kryptonacizmem \u010di\u00a0protonacizmem.<\/p>\n<p>Pokud si \u010dten\u00e1\u0159 nen\u00ed jist\u00fd, zda je v\u00a0Evropsk\u00e9 unii a\u00a0v\u00a0\u010cesku demokracie \u010di\u00a0totalita s\u00a0nacistick\u00fdm n\u00e1t\u011brem, sta\u010d\u00ed si p\u0159ipomenout co je demokracie a\u00a0n\u00e1sledn\u011b si polo\u017eit ot\u00e1zku. Demokracie je \u201evl\u00e1da lidu, pro lid, prost\u0159ednictv\u00edm lidu\u201c.\u00a0<strong>Je migra\u010dn\u00ed politika, v\u00edce ne\u017e 200 miliard K\u010d investovan\u00e9 do ukrajinsk\u00e9 v\u00e1lky, zvy\u0161ov\u00e1n\u00ed plat\u016f politik\u016f a\u00a0sni\u017eov\u00e1n\u00ed valorizace d\u016fchod\u016f, nelogick\u00e9 zdra\u017eov\u00e1n\u00ed elekt\u0159iny n\u011bkolikan\u00e1sobn\u00fdm zv\u00fd\u0161en\u00edm jej\u00ed v\u00fdrobn\u00ed ceny, m\u00edsto levn\u00e9 rusk\u00e9 ropy a\u00a0plynu jej\u00ed nakupov\u00e1n\u00ed za n\u00e1sobn\u011b vy\u0161\u0161\u00ed cenu jako americkou, zasahov\u00e1n\u00ed Evropsk\u00e9 komise do demokratick\u00fdch proces\u016f v\u00a0jednotliv\u00fdch zem\u00edch, zdra\u017eov\u00e1n\u00ed potravin, zdra\u017eov\u00e1n\u00ed \u017eivota a\u00a0sni\u017eov\u00e1n\u00ed \u017eivotn\u00ed \u00farovn\u011b lid\u00ed prost\u0159ednictv\u00edm emisn\u00edch povolenek, nedostupnost bydlen\u00ed pro mlad\u00e9, cenzura m\u00e9di\u00ed a\u00a0potla\u010dov\u00e1n\u00ed svobody slova v\u016fli lidu nebo v\u016fl\u00ed vl\u00e1dn\u00edch politik\u016f?\u00a0<\/strong><\/p>\n<h3><strong>Uskute\u010d\u0148uje vl\u00e1da v\u016fli lidu nebo v\u016fle vl\u00e1dy je lidu mocensky vnucov\u00e1na?<\/strong><\/h3>\n<p>Podobn\u011b jako za vzestupem Hitlera a\u00a0nacizmu byl kapit\u00e1l, tak sou\u010dasnou militarizaci a\u00a0revitalizac\u00ed modifikovan\u00e9ho nacizmu realizuj\u00ed politici jejich\u017e kari\u00e9ra m\u00e1 ko\u0159eny v\u00a0rothschildovsk\u00e9m imp\u00e9riu (Macron, Merz). M\u016f\u017eeme se tak\u00e9 pt\u00e1t, jak\u00fd vliv m\u011bla na kari\u00e9ru\u00a0<em>Petra Fialy<\/em>\u00a0vazba na sudeton\u011bmeck\u00fd landsman\u0161aft a\u00a0p\u0159\u00e1telstv\u00ed s\u00a0jeho p\u0159edsedou\u00a0<em>Berndem\u00a0 Posseltem.<\/em><\/p>\n<p>Na pov\u00e1le\u010dn\u00e9 konferenci \u201e<strong>v<\/strong><strong>\u00a0Postupimi bylo dohodnuto,\u00a0<\/strong><strong>\u017ee se mus<\/strong><strong>\u00ed ud<\/strong><strong>\u011blat v\u0161echna opat\u0159en<\/strong><strong>\u00ed\u201d aby N<\/strong><strong>\u011bmecko ji\u017e nikdy nemohlo ohro\u017eovat sv<\/strong><strong>\u00e9 sousedy nebo sv<\/strong><strong>\u011btov<\/strong><strong>\u00fd m\u00edr\u201d.\u00a0<\/strong>Jakoby v\u0161echny hr\u016fzy 2.\u00a0sv\u011btov\u00e9 v\u00e1lky byly zapomenuty a\u00a0smaz\u00e1ny, abychom se mohli \u0159\u00edtit do je\u0161t\u011b v\u011bt\u0161\u00ed, tentokr\u00e1t ji\u017e jadern\u00e9 katastrofy. Za tuto situaci, kdy jsme na prahu jadern\u00e9 katastrofy, je siln\u011b spoluodpov\u011bdn\u00fd\u00a0<em>M. S. Gorba\u010dov<\/em>, kter\u00fd umo\u017enil sjednocen\u00ed N\u011bmecka a\u00a0st\u00e1hl arm\u00e1du z\u00a0NDR, na rozd\u00edl od USA, kter\u00e1 od konce 2.\u00a0sv\u011btov\u00e9 v\u00e1lky m\u00e1 v\u00a0N\u011bmecku svou okupa\u010dn\u00ed arm\u00e1du. Kdyby nedo\u0161lo ke sjednocen\u00ed N\u011bmecka, situace v\u00a0Evrop\u011b by byla zcela jin\u00e1.\u00a0 Z\u00e1v\u011br z\u00a0Postupimi o\u00a0kontrole N\u011bmecka, aby \u201eji\u017e nikdy nemohlo ohro\u017eovat sv\u00e9 sousedy nebo sv\u011btov\u00fd m\u00edr\u201c by nemohl b\u00fdt pop\u0159en a\u00a0N\u011bmecko by se nemohlo st\u00e1t v\u016fdcem militarizace Evropy.<\/p>\n<h2>*<\/h2>\n<p><a href=\"https:\/\/www.novarepublika.cz\/2025\/09\/ozivovani-nacizmu-v-evropskych-demokraciich#_ftnref1\" name=\"_ftn1\"><em><strong>[1]<\/strong><\/em><\/a><em>\u00a0Necht\u011bn\u00fdm d\u016fkazem n\u00edzk\u00e9 vzd\u011blanostn\u00ed \u00farovn\u011b pr\u00e1vnick\u00fdch profes\u00ed je, \u017ee nerelevantn\u00ed pr\u00e1vnick\u00e9 vzd\u011bl\u00e1n\u00ed, vzd\u011blanostn\u00ed deficit E. Decroix se ve srovn\u00e1n\u00ed s\u00a0kolegy na r\u016fzn\u00fdch pr\u00e1vn\u00edch pozic\u00edch nijak neprojevil.<\/em><\/p>\n<p><a href=\"https:\/\/www.novarepublika.cz\/2025\/09\/ozivovani-nacizmu-v-evropskych-demokraciich#_ftnref2\" name=\"_ftn2\"><em><strong>[2]<\/strong><\/em><\/a><em>\u00a0Jan Kalvoda je temn\u00e1 postava \u010desk\u00e9 politiky, kter\u00e1 se vyno\u0159uje z\u00a0bahna p\u00e1chat zlo. Podvodn\u011b u\u017e\u00edval titul JUDr. a\u00a0a\u010d byl ve vl\u00e1d\u011b, kter\u00e1 zam\u00edtla obchod s\u00a0krv\u00ed s\u00a0Diag Human jedin\u00fdm ministrem s\u00a0pr\u00e1vnick\u00fdm vzd\u011bl\u00e1n\u00edm, n\u00e1sledn\u011b proti vl\u00e1d\u011b zastupoval Diag Human. V\u00fdsledkem je 15,5 miliardy, kter\u00e9 m\u00e1 \u010desk\u00fd st\u00e1t zaplatit. V\u00a0d\u016fsledku t\u00e9to kauzy je tendence vykon\u00e1vat v\u016f\u010di \u010desk\u00e9mu st\u00e1tu exekuce po\u00a0cel\u00e9m sv\u011bt\u011b<\/em><em>.<\/em><\/p>\n<p><em>\u00a0<\/em><a href=\"https:\/\/www.novarepublika.cz\/2025\/09\/ozivovani-nacizmu-v-evropskych-demokraciich#_ftnref3\" name=\"_ftn3\"><em><strong>[3]<\/strong><\/em><\/a><em>\u00a0https:\/\/www.parlamentnilisty.cz\/arena\/monitor\/Automaticka-zbran-na-ceskou-opozici-Armada-pouziva-co-Slovaci-zakazali-777221<\/em><\/p>\n<p><a href=\"https:\/\/www.novarepublika.cz\/2025\/09\/ozivovani-nacizmu-v-evropskych-demokraciich#_ftnref4\" name=\"_ftn4\"><em><strong>[4]<\/strong><\/em><\/a><em>https:\/\/www.parlamentnilisty.cz\/profily\/MUDr-Jiri-Masek-120983\/clanek\/Zpatky-v-roce-1948-Zpatky-u-Gottwalda-S-ODS-141155<\/em><\/p>\n<p><a href=\"https:\/\/www.novarepublika.cz\/2025\/09\/ozivovani-nacizmu-v-evropskych-demokraciich#_ftnref5\" name=\"_ftn5\">[5]<\/a>\u00a0<em>V\u016fdce nacistick\u00e9 boj\u016fvky Oganesjan je Arm\u00e9n.<\/em><\/p>\n<p><a href=\"https:\/\/www.novarepublika.cz\/2025\/09\/ozivovani-nacizmu-v-evropskych-demokraciich#_ftnref6\" name=\"_ftn6\">[6]<\/a>\u00a0<em>Do hloubky nacizmu Velk\u00e9 Brit\u00e1nie pronik\u00e1 Zden\u011bk Zbo\u0159il v\u00a0\u010dl\u00e1nku Hess\u016fv st\u00edn nad britsk\u00fdm imperiem.https:\/\/www.prvnizpravy.cz\/language=cs\/zpravy\/politika\/zdenek-zboril-hessuv-stin-nad-britskym-imperiem\/preview=true\/<\/em><\/p>\n<p><a href=\"https:\/\/www.novarepublika.cz\/2025\/09\/ozivovani-nacizmu-v-evropskych-demokraciich#_ftnref7\" name=\"_ftn7\"><em><strong>[7]<\/strong><\/em><\/a><em>\u00a0Parlament\u00ed listy.cz\/arena\/rozhovory\/Sok-Zaoralek-odhalil-kdo-stoji-za-vonder-Leynovou-777646<\/em><\/p>\n<p><a href=\"https:\/\/www.novarepublika.cz\/2025\/09\/ozivovani-nacizmu-v-evropskych-demokraciich#_ftnref8\" name=\"_ftn8\"><em><strong>[8]<\/strong><\/em><\/a><em>\u00a0Tato fotografie st\u00e1la Miroslava Pavla post \u0159editele \u010cST, po\u00a0tom, co se nov\u00e9 struktury ujaly moci.<\/em><\/p>\n<p><a href=\"https:\/\/www.novarepublika.cz\/2025\/09\/ozivovani-nacizmu-v-evropskych-demokraciich#_ftnref9\" name=\"_ftn9\">[9]<\/a><em>https:\/\/www.novarepublika.cz\/2025\/08\/sudetosjezd-brno-2026-ne-pata-kolona-sudetskeho-kryptonacismu.<\/em><\/p>\n<p><a href=\"https:\/\/www.novarepublika.cz\/2025\/09\/ozivovani-nacizmu-v-evropskych-demokraciich#_ftnref10\" name=\"_ftn10\">[10]<\/a>\u00a0<em>tamt\u00e9\u017e<\/em><\/p>\n<p><a href=\"https:\/\/www.novarepublika.cz\/2025\/09\/ozivovani-nacizmu-v-evropskych-demokraciich\"><strong><em>doc. Petr Sak<\/em><\/strong><\/a><\/p>\n<p><img decoding=\"async\" loading=\"lazy\" class=\"alignnone size-full wp-image-35212\" src=\"http:\/\/www.infokuryr.cz\/n\/wp-content\/uploads\/2023\/08\/Petr-Sak.jpg\" alt=\"\" width=\"180\" height=\"180\" srcset=\"https:\/\/www.infokuryr.cz\/n\/wp-content\/uploads\/2023\/08\/Petr-Sak.jpg 180w, https:\/\/www.infokuryr.cz\/n\/wp-content\/uploads\/2023\/08\/Petr-Sak-150x150.jpg 150w\" sizes=\"(max-width: 180px) 100vw, 180px\" \/><\/p>\n<p><img decoding=\"async\" loading=\"lazy\" class=\"wp-image-86739 aligncenter\" src=\"http:\/\/www.infokuryr.cz\/n\/wp-content\/uploads\/2025\/08\/volby-program-211x300.png\" alt=\"\" width=\"916\" height=\"1302\" srcset=\"https:\/\/www.infokuryr.cz\/n\/wp-content\/uploads\/2025\/08\/volby-program-211x300.png 211w, https:\/\/www.infokuryr.cz\/n\/wp-content\/uploads\/2025\/08\/volby-program-721x1024.png 721w, https:\/\/www.infokuryr.cz\/n\/wp-content\/uploads\/2025\/08\/volby-program-768x1091.png 768w, https:\/\/www.infokuryr.cz\/n\/wp-content\/uploads\/2025\/08\/volby-program-1081x1536.png 1081w, https:\/\/www.infokuryr.cz\/n\/wp-content\/uploads\/2025\/08\/volby-program-1442x2048.png 1442w, https:\/\/www.infokuryr.cz\/n\/wp-content\/uploads\/2025\/08\/volby-program-1024x1455.png 1024w\" sizes=\"(max-width: 916px) 100vw, 916px\" \/><\/p>\n","protected":false},"excerpt":{"rendered":"<p>K problematice revitalizace nacizmu v\u00a0modifikovan\u00e9 podob\u011b jsem se okrajov\u011b zmi\u0148oval v\u00a0rozhovoru pro ne\u010cT24, kter\u00fd byl&#8230;<\/p>\n","protected":false},"author":2,"featured_media":88716,"comment_status":"closed","ping_status":"closed","sticky":false,"template":"","format":"standard","meta":[],"categories":[6],"tags":[1042,41,470,122,365],"_links":{"self":[{"href":"https:\/\/www.infokuryr.cz\/n\/wp-json\/wp\/v2\/posts\/88715"}],"collection":[{"href":"https:\/\/www.infokuryr.cz\/n\/wp-json\/wp\/v2\/posts"}],"about":[{"href":"https:\/\/www.infokuryr.cz\/n\/wp-json\/wp\/v2\/types\/post"}],"author":[{"embeddable":true,"href":"https:\/\/www.infokuryr.cz\/n\/wp-json\/wp\/v2\/users\/2"}],"replies":[{"embeddable":true,"href":"https:\/\/www.infokuryr.cz\/n\/wp-json\/wp\/v2\/comments?post=88715"}],"version-history":[{"count":1,"href":"https:\/\/www.infokuryr.cz\/n\/wp-json\/wp\/v2\/posts\/88715\/revisions"}],"predecessor-version":[{"id":88717,"href":"https:\/\/www.infokuryr.cz\/n\/wp-json\/wp\/v2\/posts\/88715\/revisions\/88717"}],"wp:featuredmedia":[{"embeddable":true,"href":"https:\/\/www.infokuryr.cz\/n\/wp-json\/wp\/v2\/media\/88716"}],"wp:attachment":[{"href":"https:\/\/www.infokuryr.cz\/n\/wp-json\/wp\/v2\/media?parent=88715"}],"wp:term":[{"taxonomy":"category","embeddable":true,"href":"https:\/\/www.infokuryr.cz\/n\/wp-json\/wp\/v2\/categories?post=88715"},{"taxonomy":"post_tag","embeddable":true,"href":"https:\/\/www.infokuryr.cz\/n\/wp-json\/wp\/v2\/tags?post=88715"}],"curies":[{"name":"wp","href":"https:\/\/api.w.org\/{rel}","templated":true}]}}