{"id":88711,"date":"2025-09-27T06:42:59","date_gmt":"2025-09-27T04:42:59","guid":{"rendered":"https:\/\/www.infokuryr.cz\/n\/?p=88711"},"modified":"2025-09-27T06:42:59","modified_gmt":"2025-09-27T04:42:59","slug":"kim-cong-un-oznacil-pripravu-na-jadernou-valku-za-hlavni-ukol-kldr","status":"publish","type":"post","link":"https:\/\/www.infokuryr.cz\/n\/2025\/09\/27\/kim-cong-un-oznacil-pripravu-na-jadernou-valku-za-hlavni-ukol-kldr\/","title":{"rendered":"Kim \u010cong-un ozna\u010dil p\u0159\u00edpravu na jadernou v\u00e1lku za hlavn\u00ed \u00fakol KLDR"},"content":{"rendered":"<div id=\"fb-root\"><\/div>\n<p class=\"lead\"><strong><span dir=\"auto\">Severokorejsk\u00fd v\u016fdce Kim \u010cong-un b\u011bhem setk\u00e1n\u00ed s jadern\u00fdmi v\u011bdci a technick\u00fdmi experty ozna\u010dil p\u0159\u00edpravy na jadern\u00fd boj za nejvy\u0161\u0161\u00ed prioritu pro zaji\u0161t\u011bn\u00ed bezpe\u010dnosti zem\u011b, informovala Korejsk\u00e1 \u00fast\u0159edn\u00ed tiskov\u00e1 agentura (KCNA).<\/span><\/strong><\/p>\n<p><em><span dir=\"auto\">\u201e(Kim \u010cong-un) pevn\u011b prohl\u00e1sil, \u017ee dal\u0161\u00ed posilov\u00e1n\u00ed p\u0159ipravenosti st\u00e1tu k jadern\u00e9 konfrontaci je nezbytn\u00fdm prioritn\u00edm \u00fakolem z hlediska zaji\u0161t\u011bn\u00ed bezpe\u010dnostn\u00edho prost\u0159ed\u00ed republiky, nejspr\u00e1vn\u011bj\u0161\u00ed volbou pro sou\u010dasnost i budoucnost st\u00e1tu a nem\u011bnnou povinnost\u00ed, kterou mus\u00edme dodr\u017eovat,\u201c<\/span><span class=\"after-quote\"><span dir=\"auto\">\u00a0\u2014 informuje KCNA.<\/span><\/span><\/em><\/p>\n<p><span dir=\"auto\">Podle agentury Kim \u010cong-un poznamenal, \u017ee \u201ejadern\u00fd \u0161t\u00edt a me\u010d\u201c maj\u00ed zaru\u010dit ochranu z\u00e1jm\u016f a pr\u00e1v zem\u011b a \u017ee vlastnictv\u00ed strategick\u00e9 jadern\u00e9 kapacity \u201eje spolehlivou z\u00e1rukou budouc\u00ed bezpe\u010dnosti\u201c. B\u011bhem setk\u00e1n\u00ed v\u016fdce KLDR tak\u00e9 nast\u00ednil \u201eprogramov\u00e9 c\u00edle\u201c pro zv\u00fd\u0161en\u00ed jadern\u00e9ho potenci\u00e1lu zem\u011b.<\/span><\/p>\n<p><img decoding=\"async\" loading=\"lazy\" class=\"alignnone size-full wp-image-1185\" src=\"http:\/\/www.infokuryr.cz\/n\/wp-content\/uploads\/2021\/04\/kuryr-podpis.png\" alt=\"\" width=\"84\" height=\"24\" \/><\/p>\n<p><img decoding=\"async\" loading=\"lazy\" class=\"wp-image-86927 aligncenter\" src=\"http:\/\/www.infokuryr.cz\/n\/wp-content\/uploads\/2025\/09\/letak-volby-2025-konference-3-212x300.png\" alt=\"\" width=\"947\" height=\"1340\" srcset=\"https:\/\/www.infokuryr.cz\/n\/wp-content\/uploads\/2025\/09\/letak-volby-2025-konference-3-212x300.png 212w, https:\/\/www.infokuryr.cz\/n\/wp-content\/uploads\/2025\/09\/letak-volby-2025-konference-3-724x1024.png 724w, https:\/\/www.infokuryr.cz\/n\/wp-content\/uploads\/2025\/09\/letak-volby-2025-konference-3-768x1086.png 768w, https:\/\/www.infokuryr.cz\/n\/wp-content\/uploads\/2025\/09\/letak-volby-2025-konference-3-1086x1536.png 1086w, https:\/\/www.infokuryr.cz\/n\/wp-content\/uploads\/2025\/09\/letak-volby-2025-konference-3-1448x2048.png 1448w, https:\/\/www.infokuryr.cz\/n\/wp-content\/uploads\/2025\/09\/letak-volby-2025-konference-3-1024x1448.png 1024w\" sizes=\"(max-width: 947px) 100vw, 947px\" \/><\/p>\n","protected":false},"excerpt":{"rendered":"<p>Severokorejsk\u00fd v\u016fdce Kim \u010cong-un b\u011bhem setk\u00e1n\u00ed s jadern\u00fdmi v\u011bdci a technick\u00fdmi experty ozna\u010dil p\u0159\u00edpravy na&#8230;<\/p>\n","protected":false},"author":2,"featured_media":44380,"comment_status":"closed","ping_status":"closed","sticky":false,"template":"","format":"standard","meta":[],"categories":[7],"tags":[1652,1644,502],"_links":{"self":[{"href":"https:\/\/www.infokuryr.cz\/n\/wp-json\/wp\/v2\/posts\/88711"}],"collection":[{"href":"https:\/\/www.infokuryr.cz\/n\/wp-json\/wp\/v2\/posts"}],"about":[{"href":"https:\/\/www.infokuryr.cz\/n\/wp-json\/wp\/v2\/types\/post"}],"author":[{"embeddable":true,"href":"https:\/\/www.infokuryr.cz\/n\/wp-json\/wp\/v2\/users\/2"}],"replies":[{"embeddable":true,"href":"https:\/\/www.infokuryr.cz\/n\/wp-json\/wp\/v2\/comments?post=88711"}],"version-history":[{"count":0,"href":"https:\/\/www.infokuryr.cz\/n\/wp-json\/wp\/v2\/posts\/88711\/revisions"}],"wp:featuredmedia":[{"embeddable":true,"href":"https:\/\/www.infokuryr.cz\/n\/wp-json\/wp\/v2\/media\/44380"}],"wp:attachment":[{"href":"https:\/\/www.infokuryr.cz\/n\/wp-json\/wp\/v2\/media?parent=88711"}],"wp:term":[{"taxonomy":"category","embeddable":true,"href":"https:\/\/www.infokuryr.cz\/n\/wp-json\/wp\/v2\/categories?post=88711"},{"taxonomy":"post_tag","embeddable":true,"href":"https:\/\/www.infokuryr.cz\/n\/wp-json\/wp\/v2\/tags?post=88711"}],"curies":[{"name":"wp","href":"https:\/\/api.w.org\/{rel}","templated":true}]}}