{"id":88694,"date":"2025-09-27T05:44:18","date_gmt":"2025-09-27T03:44:18","guid":{"rendered":"https:\/\/www.infokuryr.cz\/n\/?p=88694"},"modified":"2025-09-27T05:44:18","modified_gmt":"2025-09-27T03:44:18","slug":"po-odeslani-oresniku-do-beloruska-si-putin-zavolal-lukasenka-do-kremlu","status":"publish","type":"post","link":"https:\/\/www.infokuryr.cz\/n\/2025\/09\/27\/po-odeslani-oresniku-do-beloruska-si-putin-zavolal-lukasenka-do-kremlu\/","title":{"rendered":"Po odesl\u00e1n\u00ed \u201cOre\u0161nik\u016f\u201d do B\u011bloruska si Putin zavolal Luka\u0161enka do Kremlu &#8230;"},"content":{"rendered":"<div id=\"fb-root\"><\/div>\n<h4>Po odesl\u00e1n\u00ed \u201cOre\u0161nik\u016f\u201d do B\u011bloruska si Putin zavolal Luka\u0161enka do Kremlu a p\u0159es dv\u011b hodiny vedli telekonferenci s gener\u00e1ln\u00edm \u0161t\u00e1bem Rusk\u00e9 arm\u00e1dy a s velitelstv\u00edm SVO na Ukrajin\u011b! Luka\u0161enko nazna\u010dil, \u017ee ho Putin pov\u011b\u0159\u00ed jako prost\u0159edn\u00edka pro posledn\u00ed \u0161anci jedn\u00e1n\u00ed se Zelensk\u00fdm! Ten je p\u0159ipraven uznat realitu na frontov\u00e9 linii a usilovat o navr\u00e1cen\u00ed \u00fazem\u00ed v budoucnu jen diplomatick\u00fdmi cestami!<\/h4>\n<p>Prom\u011bna Donalda Trumpa ve v\u00e1le\u010dn\u00e9ho jest\u0159\u00e1ba m\u011bla tento t\u00fdden za n\u00e1sledek odesl\u00e1n\u00ed komplex\u016f rusk\u00fdch balistick\u00fdch raket st\u0159edn\u00edho doletu \u201cOre\u0161nik\u201d do B\u011bloruska jako prvek odstra\u0161en\u00ed od chystan\u00e9 provokace a invaze NATO do B\u011bloruska, kter\u00e1 se nyn\u00ed v Bruselu pr\u00fd pl\u00e1nuje pro p\u0159\u00edpad eskalace v d\u016fsledku provokaci s drony na evropsk\u00fdch leti\u0161t\u00edch.<\/p>\n<p>Informaci z\u00edskala rusk\u00e1 rozv\u011bdka v minul\u00fdch dnech a prom\u011bna Donalda Trumpa je podle v\u0161eho d\u016fsledkem kompro materi\u00e1l\u016f Jeffreyho Epsteina, kter\u00e9 p\u0159ed\u00e1val Mosadu.\u00a0<strong>Donald Trump je podle informac\u00ed z americk\u00e9 alternativy ter\u010dem vyd\u00edr\u00e1n\u00ed kv\u016fli zapojen\u00ed v tzv. seznamu\u00a0<em>high-profile<\/em>\u00a0klient\u016f Jeffreyho Epsteina.<\/strong>\u00a0Od t\u00e9to chv\u00edle je Trump z\u0159ejm\u011b zkorumpovan\u00fd, je vyd\u00edran\u00fd a bude d\u011blat jen to, co bude vyhovovat Deep State, britsk\u00e9 MI-6, Domu Sion a vojensko-pr\u016fmyslov\u00e9mu sektoru. Vice to rozeberu d\u00e1le v \u010dl\u00e1nku.<\/p>\n<p>&nbsp;<\/p>\n<div id=\"rumble_v6xbxcq\">\n<div id=\"vid_v6xbxcq\" class=\"rumble_v6xbxcq-Rumble-cls\" tabindex=\"-1\">\n<div><div class='videoWrapper'>\r\n\t            <iframe src='https:\/\/rumble.com\/embed\/pj.v6xbxcq\/' frameborder='0' allowfullscreen><\/iframe>\r\n\t        <\/div><\/div>\n<\/div>\n<\/div>\n<p>&nbsp;<\/p>\n<p>Rusko si to uv\u011bdomuje, a proto do\u0161lo nejen k okam\u017eit\u00e9mu rozm\u00edst\u011bn\u00ed raket Ore\u0161n\u00edk v B\u011blorusku, ale do\u0161lo rovn\u011b\u017e na urychlenou sch\u016fzku Putina a Luka\u0161enka v Kremlu, kter\u00e1 prob\u011bhla v p\u00e1tek. A po skon\u010den\u00ed jedn\u00e1n\u00ed Luka\u0161enko odhalil v rozhovoru, \u017ee s Putinem vedli telekonferenci s gener\u00e1ln\u00edm \u0161t\u00e1bem Rusk\u00e9 arm\u00e1dy a s Velitelstv\u00edm SVO na Ukrajin\u011b. Rusk\u00e1 arm\u00e1da obkl\u00ed\u010dila Kupjansk a posledn\u00ed z\u00e1kopov\u00e9 linie AFU, m\u011bsto padne z\u0159ejm\u011b ji\u017e o v\u00edkendu. Za Kupjanskem ji\u017e nic nen\u00ed, \u017e\u00e1dn\u00e1 opevn\u011bn\u00ed, \u017e\u00e1dn\u00e9 z\u00e1kopov\u00e9 a ani protitankov\u00e9 linie, \u017e\u00e1dn\u00e1 souvisl\u00e1 minov\u00e1 pole, v\u016fbec nic.<\/p>\n<h3>Pokud Zelensk\u00fd nep\u0159ijme nab\u00eddku z Alja\u0161ky, Ukrajina p\u0159estane existovat<\/h3>\n<p>Putin chce d\u00e1t Ukrajin\u011b posledn\u00ed \u0161anci, ale pokud ji odm\u00edtne, Ukrajina \u00fapln\u011b zanikne. P\u0159estane existovat jako st\u00e1t.\u00a0<strong>Rusko ji podle v\u0161eho anektuje stejn\u011b, jako Izrael anektoval Golansk\u00e9 v\u00fd\u0161iny<\/strong>\u00a0a te\u010f chyst\u00e1 anexi Gazy. Jen\u017ee anexe cel\u00e9 Ukrajiny by byla obrovsk\u00e1 ud\u00e1lost. A zjevn\u011b to Putin nechce ud\u011blat, nech\u00e1v\u00e1 to jako posledn\u00ed mo\u017enost, pokud to jinak nep\u016fjde.<\/p>\n<p><strong>Nicm\u00e9n\u011b by se jednalo o nevyhnuteln\u00fd krok pro zaji\u0161t\u011bn\u00ed bezpe\u010dnosti Ruska, ale i Polska, \u010cesk\u00e9 republiky, Slovenska a v\u0161ech slovansk\u00fdch n\u00e1rod\u016f v Evrop\u011b.<\/strong>\u00a0Moskva nem\u016f\u017ee dovolit pokra\u010dov\u00e1n\u00ed banderovsk\u00e9ho projektu o\u017eiven\u00e9ho v roce 2014 na Majdanu v Kyjev\u011b. Bylo by to pro Rusko i slovansk\u00e9 n\u00e1rody v Evrop\u011b smrteln\u00e9, proto\u017ee\u00a0<em>Banderkrajina<\/em>\u00a0by n\u00e1s v\u0161echny d\u0159\u00edve \u010di pozd\u011bji zat\u00e1hla do zni\u010duj\u00edc\u00ed III. sv. v\u00e1lky s Ruskem.<\/p>\n<figure id=\"attachment_64866\" class=\"wp-caption aligncenter\" style=\"width: 705px;\"><a href=\"https:\/\/aeronet.news\/wp-content\/uploads\/LukasenkoPutinKremlinEmergency.jpg\"><img decoding=\"async\" loading=\"lazy\" class=\"wp-image-64866 \" src=\"https:\/\/aeronet.news\/wp-content\/uploads\/LukasenkoPutinKremlinEmergency-1024x682.jpg\" sizes=\"(max-width: 700px) 100vw, 700px\" srcset=\"https:\/\/aeronet.news\/wp-content\/uploads\/LukasenkoPutinKremlinEmergency-1024x682.jpg 1024w, https:\/\/aeronet.news\/wp-content\/uploads\/LukasenkoPutinKremlinEmergency-300x200.jpg 300w, https:\/\/aeronet.news\/wp-content\/uploads\/LukasenkoPutinKremlinEmergency-768x512.jpg 768w, https:\/\/aeronet.news\/wp-content\/uploads\/LukasenkoPutinKremlinEmergency-700x466.jpg 700w, https:\/\/aeronet.news\/wp-content\/uploads\/LukasenkoPutinKremlinEmergency-536x357.jpg 536w, https:\/\/aeronet.news\/wp-content\/uploads\/LukasenkoPutinKremlinEmergency-725x483.jpg 725w, https:\/\/aeronet.news\/wp-content\/uploads\/LukasenkoPutinKremlinEmergency.jpg 1280w\" alt=\"\" width=\"705\" height=\"469\" \/><\/a><figcaption class=\"wp-caption-text\">Alexander Luka\u0161enko a Vladimir Putin v Kremlu, 26.9.2025<\/figcaption><\/figure>\n<p>Co je zaj\u00edmav\u00e9, to je zm\u00ednka Luka\u0161enka, \u017ee Putin p\u0159edal na Alja\u0161ce Trumpovi n\u00e1vrh pro Ukrajinu, mimo\u0159\u00e1dn\u011b v\u00fdhodn\u00fd n\u00e1vrh, kter\u00fd se nebude opakovat. Luka\u0161enko opakoval, \u017ee jde o velmi dobr\u00fd n\u00e1vrh. Podle informac\u00ed na\u0161\u00ed redakce od rusk\u00fdch novin\u00e1\u0159\u016f jde o lehce modifikovan\u00fd n\u00e1vrh, kdy Moskva u\u017e nepo\u017eaduje faktick\u00e9 uzn\u00e1n\u00ed odtr\u017een\u00fdch \u00fazem\u00ed ze strany Ukrajiny, po\u017eaduje ale uzn\u00e1n\u00ed Krymu ze strany USA. Je to po\u017eadavek na Trumpa.<\/p>\n<p>Dal\u0161\u00edm po\u017eadavkem je sta\u017een\u00ed ukrajinsk\u00e9 arm\u00e1dy z DLR a LLR, ale nikoliv ze Z\u00e1poro\u017e\u00ed a Chersonu, tam by to z\u016fstalo na sou\u010dasn\u00e9 frontov\u00e9 linii. Dal\u0161\u00edm \u00fastupkem Kremlu je pr\u00fd nepo\u017eadov\u00e1n\u00ed prezidentsk\u00fdch voleb na Ukrajin\u011b p\u0159ed podpisem dohod.<\/p>\n<h3>Nab\u00eddka Moskvy je a\u017e nezvykle velkorys\u00e1, ale je posledn\u00ed. Dal\u0161\u00ed u\u017e nebude<\/h3>\n<p>Podpisy by musely p\u0159ipojit 3 osoby za Ukrajinu, a to p\u0159edseda Nejvy\u0161\u0161\u00ed rady, P\u0159edseda \u00dastavn\u00edho soudu a \u00fa\u0159aduj\u00edc\u00ed prezident Zelensk\u00fd. V dohod\u011b m\u00e1 nav\u00edc b\u00fdt uvedeno, \u017ee dohoda z\u016fstane platn\u00e1 i na z\u00e1klad\u011b by\u0165 i jen jedin\u00e9ho podpisu kohokoliv z t\u011bchto t\u0159\u00ed osob, pokud ostatn\u00ed osoby v budoucnu podpis st\u00e1hnou, anebo n\u011bkdo zpochybn\u00ed jejich autoritu k podpisu. T\u00edm by se pr\u00fd zamezilo pochybnostem o statusu Zelensk\u00e9ho.<\/p>\n<p><strong>Vzhledem k tomu, \u017ee Ukrajina nebude uzn\u00e1vat odtr\u017een\u00e1 \u00fazem\u00ed, nehraj\u00ed podpisy vlastn\u011b \u017e\u00e1dnou roli.<\/strong>\u00a0A pr\u00e1v\u011b Luka\u0161enko byl zavol\u00e1n do Kremlu krom\u011b jin\u00e9ho pr\u00fd i proto, \u017ee by mohl slou\u017eit jako prost\u0159edn\u00edk pro rozhovory se Zelensk\u00fdm, pokud k tomu p\u0159ijde z Kremlu podn\u011bt a sign\u00e1l.<\/p>\n<div class=\"twitter-tweet twitter-tweet-rendered\"><iframe id=\"twitter-widget-0\" class=\"\" title=\"X Post\" src=\"https:\/\/platform.twitter.com\/embed\/Tweet.html?dnt=false&amp;embedId=twitter-widget-0&amp;features=eyJ0ZndfdGltZWxpbmVfbGlzdCI6eyJidWNrZXQiOltdLCJ2ZXJzaW9uIjpudWxsfSwidGZ3X2ZvbGxvd2VyX2NvdW50X3N1bnNldCI6eyJidWNrZXQiOnRydWUsInZlcnNpb24iOm51bGx9LCJ0ZndfdHdlZXRfZWRpdF9iYWNrZW5kIjp7ImJ1Y2tldCI6Im9uIiwidmVyc2lvbiI6bnVsbH0sInRmd19yZWZzcmNfc2Vzc2lvbiI6eyJidWNrZXQiOiJvbiIsInZlcnNpb24iOm51bGx9LCJ0ZndfZm9zbnJfc29mdF9pbnRlcnZlbnRpb25zX2VuYWJsZWQiOnsiYnVja2V0Ijoib24iLCJ2ZXJzaW9uIjpudWxsfSwidGZ3X21peGVkX21lZGlhXzE1ODk3Ijp7ImJ1Y2tldCI6InRyZWF0bWVudCIsInZlcnNpb24iOm51bGx9LCJ0ZndfZXhwZXJpbWVudHNfY29va2llX2V4cGlyYXRpb24iOnsiYnVja2V0IjoxMjA5NjAwLCJ2ZXJzaW9uIjpudWxsfSwidGZ3X3Nob3dfYmlyZHdhdGNoX3Bpdm90c19lbmFibGVkIjp7ImJ1Y2tldCI6Im9uIiwidmVyc2lvbiI6bnVsbH0sInRmd19kdXBsaWNhdGVfc2NyaWJlc190b19zZXR0aW5ncyI6eyJidWNrZXQiOiJvbiIsInZlcnNpb24iOm51bGx9LCJ0ZndfdXNlX3Byb2ZpbGVfaW1hZ2Vfc2hhcGVfZW5hYmxlZCI6eyJidWNrZXQiOiJvbiIsInZlcnNpb24iOm51bGx9LCJ0ZndfdmlkZW9faGxzX2R5bmFtaWNfbWFuaWZlc3RzXzE1MDgyIjp7ImJ1Y2tldCI6InRydWVfYml0cmF0ZSIsInZlcnNpb24iOm51bGx9LCJ0ZndfbGVnYWN5X3RpbWVsaW5lX3N1bnNldCI6eyJidWNrZXQiOnRydWUsInZlcnNpb24iOm51bGx9LCJ0ZndfdHdlZXRfZWRpdF9mcm9udGVuZCI6eyJidWNrZXQiOiJvbiIsInZlcnNpb24iOm51bGx9fQ%3D%3D&amp;frame=false&amp;hideCard=false&amp;hideThread=false&amp;id=1971597282421481757&amp;lang=cs&amp;origin=https%3A%2F%2Faeronet.news%2Fpo-odeslani-oresniku-do-beloruska-si-putin-zavolal-lukasenka-do-kremlu-a-pres-dve-hodiny-vedli-telekonferenci-s-generalnim-stabem-ruske-armady-a-s-velitelstvim-svo-na-ukrajine%2F&amp;sessionId=6b2fb9e20a13c29cc28b2477a45d596ff170e7ff&amp;theme=light&amp;widgetsVersion=2615f7e52b7e0%3A1702314776716&amp;width=550px\" frameborder=\"0\" scrolling=\"no\" allowfullscreen=\"allowfullscreen\" data-tweet-id=\"1971597282421481757\" data-mce-fragment=\"1\"><\/iframe><\/div>\n<p>Pokud ale Ukrajina nab\u00eddku z Alja\u0161ky odm\u00edtne, Zelensk\u00fd p\u0159ijde o celou Ukrajinu a bude to pr\u00fd \u0161patn\u00e9 pro v\u0161echny. Putin podle v\u0161eho sezn\u00e1mil Luka\u0161enka se sc\u00e9n\u00e1\u0159em B, tedy se sc\u00e9n\u00e1\u0159em \u201c<em>velk\u00fd \u0161patn\u00fd<\/em>\u201d a s jeho podrobnostmi, proto\u017ee jak u\u017e jsem \u0159\u00edkal v anal\u00fdze na SVCS v p\u00e1tek, v\u00e1lka s NATO v takov\u00e9m p\u0159\u00edpad\u011b bude nevyhnuteln\u00e1.<\/p>\n<p>A to znamen\u00e1, \u017ee i polsko-b\u011blorusk\u00fd front bude nevyhnuteln\u00fd.\u00a0<em>Luki<\/em>\u00a0by musel v B\u011blorusku vyhl\u00e1sit mobilizaci, co\u017e by \u010dekalo podle v\u0161eho i Rusko. To, co se odehr\u00e1v\u00e1 okolo Trumpa, to je mafie. Kompro materi\u00e1ly z Epsteinov\u00fdch archiv\u016f, videop\u00e1sky, VHS kazety, pedofiln\u00ed akce s nezletil\u00fdmi lolitkami a vysoc\u00ed businessmani, politici, bank\u00e9\u0159i, celebrity.<\/p>\n<h3>Zelensk\u00fd v rozhovoru pro AXIOS poprv\u00e9 p\u0159ipustil mo\u017enost odstoupen\u00ed \u00fazem\u00ed Rusku<\/h3>\n<p>Trump tam n\u011bkde na t\u011bch VHS kazet\u00e1ch je, a je \u00fapln\u011b jedno, jestli tam je zachycen v posteli, anebo jenom sed\u00ed n\u011bkde u stolu a pije drinky s n\u011bjakou nezletilou holkou. Takov\u00e9 kompro, kdyby vy\u0161lo ven, jako prezident by musel rezignovat, a to nen\u00ed to nejhor\u0161\u00ed. Prokur\u00e1to\u0159i by ho mohli za\u010d\u00edt st\u00edhat.<\/p>\n<p><strong>Proto se Putin podle m\u00e9ho n\u00e1zoru rozhodl zavolat Luka\u0161enka a p\u0159edstavil mu dva sc\u00e9n\u00e1\u0159e.<\/strong>\u00a0V jednom se poda\u0159\u00ed Zelensk\u00e9ho p\u0159esv\u011bd\u010dit, a to i s Luka\u0161enkovou pomoc\u00ed, \u017ee ta rusk\u00e1 nab\u00eddka je jedin\u00e1 rozumn\u00e1, a \u017ee to cel\u00e9 m\u016f\u017ee hned skon\u010dit, anebo z toho bude III. sv. v\u00e1lka a konec Ukrajiny. A bohu\u017eel, s nejv\u011bt\u0161\u00ed pravd\u011bpodobnost\u00ed i konec Evropy.<\/p>\n<p>&nbsp;<\/p>\n<div id=\"rumble_v6xbxde\">\n<div id=\"vid_v6xbxde\" class=\"rumble_v6xbxde-Rumble-cls\" tabindex=\"-1\">\n<div><div class='videoWrapper'>\r\n\t            <iframe src='https:\/\/rumble.com\/embed\/pj.v6xbxde\/' frameborder='0' allowfullscreen><\/iframe>\r\n\t        <\/div><\/div>\n<\/div>\n<\/div>\n<p>&nbsp;<\/p>\n<p>Proto velmi zaj\u00edmav\u00fd je i rozhovor Zelensk\u00e9ho s redaktorem agentury AXIOS, kter\u00fd se ho ptal, jestli je ochotn\u00fd uznat realitu na frontov\u00e9 linie. A tady do\u0161lo k p\u0159ekvapen\u00ed, \u017ee Zelensk\u00fd prohl\u00e1sil, \u017ee kdy\u017e nem\u016f\u017ee Ukrajina vr\u00e1tit \u00fazem\u00ed vojensky, tak ho zkr\u00e1tka vr\u00e1t\u00ed n\u011bkdy v budoucnu diplomatickou, ale nikoliv vojenskou cestou. A to je pr\u00fd nejlep\u0161\u00ed varianta pro v\u0161echny.<\/p>\n<p>Ze strany Zelensk\u00e9ho jde o dal\u0161\u00ed posun, p\u0159i\u010dem\u017e se sna\u017e\u00ed ujistit, \u017ee Ukrajina nebude o navr\u00e1cen\u00ed \u00fazem\u00ed usilovat vojenskou cestou. To je snaha o uklidn\u011bn\u00ed partner\u016f v NATO. Zcela evidentn\u011b. Zat\u00edm je p\u0159ed\u010dasn\u00e9 v\u0161e hodnotit, ale m\u016f\u017ee se st\u00e1t, \u017ee pokud je Trump ovl\u00e1dan\u00fd kompro d\u00e1lkov\u00fdm ovl\u00e1d\u00e1n\u00edm n\u011bk\u00fdm z Deep State \u010di z vojensko-pr\u016fmyslov\u00e9ho komplexu, anebo z MI-6, tak to m\u016f\u017ee b\u00fdt nakonec Trump, kdo bude nejv\u011bt\u0161\u00ed p\u0159ek\u00e1\u017ekou pro m\u00edr na Ukrajin\u011b.<\/p>\n<h3>Z obratu Trumpa jsou zjeven\u00ed i v EU a Kallasov\u00e1 u\u017e varuje, \u017ee EU nedok\u00e1\u017ee ufinancovat celou operaci s vojenskou podporou Ukrajiny sama<\/h3>\n<p>Ale to nen\u00ed v\u0161echno.\u00a0Evropa pr\u00fd nen\u00ed sama zodpov\u011bdn\u00e1 za to, aby pomohla Ukrajin\u011b ukon\u010dit v\u00e1lku s Ruskem, varovala\u00a0<strong>[<a href=\"https:\/\/href.li\/?https:\/\/www.politico.com\/news\/2025\/09\/25\/kaja-kallas-interview-trump-ukraine-war-00581253\" target=\"_blank\" rel=\"nofollow noopener\">1<\/a>]<\/strong>\u00a0ve \u010dtvrtek nejvy\u0161\u0161\u00ed diplomatka EU Kaja Kallas. To plat\u00ed zejm\u00e9na s ohledem na slib prezidenta Donalda Trumpa zastavit boje, \u0159ekla v rozhovoru na okraj Valn\u00e9ho shrom\u00e1\u017ed\u011bn\u00ed OSN.\u00a0<strong>\u201c<em>Byl to on, kdo sl\u00edbil zastavit zab\u00edjen\u00ed<\/em>,\u201d \u0159ekl Kallasov\u00e1.\u00a0\u201c<em>Tak\u017ee to nem\u016f\u017ee b\u00fdt na n\u00e1s<\/em>.\u201d<\/strong>\u00a0Jej\u00ed koment\u00e1\u0159e p\u0159ich\u00e1zej\u00ed v dob\u011b, kdy se Ukrajina a jej\u00ed spojenci sna\u017e\u00ed pochopit v\u00fdznam Trumpova n\u00e1hl\u00e9ho obratu ve v\u00e1lce mezi Kyjevem a Moskvou.<\/p>\n<div class=\"twitter-tweet twitter-tweet-rendered\"><iframe id=\"twitter-widget-1\" class=\"\" title=\"X Post\" src=\"https:\/\/platform.twitter.com\/embed\/Tweet.html?dnt=false&amp;embedId=twitter-widget-1&amp;features=eyJ0ZndfdGltZWxpbmVfbGlzdCI6eyJidWNrZXQiOltdLCJ2ZXJzaW9uIjpudWxsfSwidGZ3X2ZvbGxvd2VyX2NvdW50X3N1bnNldCI6eyJidWNrZXQiOnRydWUsInZlcnNpb24iOm51bGx9LCJ0ZndfdHdlZXRfZWRpdF9iYWNrZW5kIjp7ImJ1Y2tldCI6Im9uIiwidmVyc2lvbiI6bnVsbH0sInRmd19yZWZzcmNfc2Vzc2lvbiI6eyJidWNrZXQiOiJvbiIsInZlcnNpb24iOm51bGx9LCJ0ZndfZm9zbnJfc29mdF9pbnRlcnZlbnRpb25zX2VuYWJsZWQiOnsiYnVja2V0Ijoib24iLCJ2ZXJzaW9uIjpudWxsfSwidGZ3X21peGVkX21lZGlhXzE1ODk3Ijp7ImJ1Y2tldCI6InRyZWF0bWVudCIsInZlcnNpb24iOm51bGx9LCJ0ZndfZXhwZXJpbWVudHNfY29va2llX2V4cGlyYXRpb24iOnsiYnVja2V0IjoxMjA5NjAwLCJ2ZXJzaW9uIjpudWxsfSwidGZ3X3Nob3dfYmlyZHdhdGNoX3Bpdm90c19lbmFibGVkIjp7ImJ1Y2tldCI6Im9uIiwidmVyc2lvbiI6bnVsbH0sInRmd19kdXBsaWNhdGVfc2NyaWJlc190b19zZXR0aW5ncyI6eyJidWNrZXQiOiJvbiIsInZlcnNpb24iOm51bGx9LCJ0ZndfdXNlX3Byb2ZpbGVfaW1hZ2Vfc2hhcGVfZW5hYmxlZCI6eyJidWNrZXQiOiJvbiIsInZlcnNpb24iOm51bGx9LCJ0ZndfdmlkZW9faGxzX2R5bmFtaWNfbWFuaWZlc3RzXzE1MDgyIjp7ImJ1Y2tldCI6InRydWVfYml0cmF0ZSIsInZlcnNpb24iOm51bGx9LCJ0ZndfbGVnYWN5X3RpbWVsaW5lX3N1bnNldCI6eyJidWNrZXQiOnRydWUsInZlcnNpb24iOm51bGx9LCJ0ZndfdHdlZXRfZWRpdF9mcm9udGVuZCI6eyJidWNrZXQiOiJvbiIsInZlcnNpb24iOm51bGx9fQ%3D%3D&amp;frame=false&amp;hideCard=false&amp;hideThread=false&amp;id=1971536017795825806&amp;lang=cs&amp;origin=https%3A%2F%2Faeronet.news%2Fpo-odeslani-oresniku-do-beloruska-si-putin-zavolal-lukasenka-do-kremlu-a-pres-dve-hodiny-vedli-telekonferenci-s-generalnim-stabem-ruske-armady-a-s-velitelstvim-svo-na-ukrajine%2F&amp;sessionId=6b2fb9e20a13c29cc28b2477a45d596ff170e7ff&amp;theme=light&amp;widgetsVersion=2615f7e52b7e0%3A1702314776716&amp;width=550px\" frameborder=\"0\" scrolling=\"no\" allowfullscreen=\"allowfullscreen\" data-tweet-id=\"1971536017795825806\" data-mce-fragment=\"1\"><\/iframe><\/div>\n<p>Mnoz\u00ed evrop\u0161t\u00ed p\u0159edstavitel\u00e9 sice uv\u00edtali vst\u0159\u00edcn\u011bj\u0161\u00ed t\u00f3n v\u016f\u010di Ukrajin\u011b, ale n\u011bkte\u0159\u00ed varovali, \u017ee Trump m\u016f\u017ee nazna\u010dovat, \u017ee m\u00e1 v \u00famyslu st\u00e1hnout americkou anga\u017eovanost a zbavit Washington odpov\u011bdnosti. NATO bez USA neexistuje, \u0159ekla Kallasov\u00e1. \u201c<em>Amerika je nejv\u011bt\u0161\u00edm spojencem v NATO. Tak\u017ee pokud mluv\u00edte o tom, co by m\u011blo NATO d\u011blat, znamen\u00e1 to tak\u00e9, co by m\u011bla d\u011blat Amerika<\/em>,\u201d \u0159ekla. Ani v Evrop\u011b tak podle v\u00fdrok\u016f Kallasov\u00e9 nen\u00ed jasno, co se vlastn\u011b s Trumpem stalo, co\u017e pouze podtrhuje ten \u0161okuj\u00edc\u00ed Trump\u016fv obrat z poloviny t\u00fddne.<\/p>\n<h3>Stopy obratu Trumpa vedou k Domu Sion a k prost\u0159edk\u016fm MI-6<\/h3>\n<p>Je jasn\u00e9, \u017ee v Evrop\u011b o tom nikdo nic nev\u00ed, tak\u017ee t\u00edm se je\u0161t\u011b v\u00edce potvrzuje, \u017ee toto je proces Domu Sion, kter\u00fd se dostal ke kompro materi\u00e1l\u016fm na Trumpa a de facto Trump te\u010f bude m\u00edt dovoleno se anga\u017eovat jen v ot\u00e1zce Izraele, ale nikoliv v ot\u00e1zce Ukrajiny, proto\u017ee vojensko-pr\u016fmyslov\u00fd komplex USA z\u0159ejm\u011b dostal pomoc od sionist\u016f z Lond\u00fdna.<\/p>\n<p><strong>Kompro materi\u00e1ly proti chabadistick\u00e9mu prezidentu Trumpovi mohl poskytnout D\u016fm Sion ve snaze donutit Trumpa k umo\u017en\u011bn\u00ed pokra\u010dov\u00e1n\u00ed v\u00e1lky na Ukrajin\u011b.<\/strong>\u00a0Mosad m\u00e1 sv\u00e9\u00a0<em>cross-control<\/em>\u00a0pozice i v Lond\u00fdn\u011b. Trump bude m\u00edt dovoleno budovat Velk\u00fd Izrael, ale nebude m\u00edt dovoleno sahat Domu Sion na v\u00e1lku na Ukrajin\u011b. Foto n\u00ed\u017ee je pouze n\u00e1znakem toho, kam podle v\u0161eho vedou kompro materi\u00e1ly ze seznamu Epsteinov\u00fdch klient\u016f.<\/p>\n<figure id=\"attachment_64136\" class=\"wp-caption aligncenter\" style=\"width: 705px;\"><a href=\"https:\/\/aeronet.news\/wp-content\/uploads\/TrumpMelaniaEpsteinMaxwell.jpg\"><img decoding=\"async\" loading=\"lazy\" class=\"wp-image-64136 \" src=\"https:\/\/aeronet.news\/wp-content\/uploads\/TrumpMelaniaEpsteinMaxwell-1024x640.jpg\" sizes=\"(max-width: 700px) 100vw, 700px\" srcset=\"https:\/\/aeronet.news\/wp-content\/uploads\/TrumpMelaniaEpsteinMaxwell-1024x640.jpg 1024w, https:\/\/aeronet.news\/wp-content\/uploads\/TrumpMelaniaEpsteinMaxwell-300x188.jpg 300w, https:\/\/aeronet.news\/wp-content\/uploads\/TrumpMelaniaEpsteinMaxwell-768x480.jpg 768w, https:\/\/aeronet.news\/wp-content\/uploads\/TrumpMelaniaEpsteinMaxwell-700x438.jpg 700w, https:\/\/aeronet.news\/wp-content\/uploads\/TrumpMelaniaEpsteinMaxwell-571x357.jpg 571w, https:\/\/aeronet.news\/wp-content\/uploads\/TrumpMelaniaEpsteinMaxwell-773x483.jpg 773w, https:\/\/aeronet.news\/wp-content\/uploads\/TrumpMelaniaEpsteinMaxwell.jpg 1280w\" alt=\"\" width=\"705\" height=\"440\" \/><\/a><figcaption class=\"wp-caption-text\">Donald Trump, Melania Trump, Jeffrey Epstein a Ghislaine Maxwell<\/figcaption><\/figure>\n<p>Proto mn\u011b napad\u00e1 je\u0161t\u011b jedna mo\u017enost, \u017ee jsme sv\u011bdky k\u0161eftu. Chabad Lubavitch bude m\u00edt proces Velk\u00e9ho Izraele, ale Trump u\u017e p\u0159estane strkat nos do v\u011bc\u00ed Domu Sion a do v\u00e1lky tohoto domu na Ukrajin\u011b. A to znamen\u00e1, \u017ee americk\u00fd vojensko-pr\u016fmyslov\u00fd komplex m\u00e1 Lond\u00fdnsk\u00e9 kancel\u00e1\u0159e a MI-6 te\u010f na sv\u00e9 stran\u011b, a pr\u00e1v\u011b od nich p\u0159i\u0161lo kompro na Trumpa.<\/p>\n<p>Proto ten d\u011bsiv\u00fd obrat o 180 stup\u0148\u016f u Trumpa, proto ten jeho divn\u00fd slovn\u00edk v p\u0159\u00edsp\u011bvku na Truth Social, tedy slovn\u00edk Joea Bidena o kolabuj\u00edc\u00edm a slab\u00e9m Rusku. Je jasn\u00e9, \u017ee ani v EU s n\u011b\u010d\u00edm takov\u00fdm nepo\u010d\u00edtali, obrat je toti\u017e neuv\u011b\u0159iteln\u00fd a n\u00e1hl\u00fd. Co ale nev\u00edme, jak dlouho bude toto d\u00e1lkov\u00e9 vyd\u00edrac\u00ed ovl\u00e1d\u00e1n\u00ed fungovat, jak daleko zajde, a jestli Trumpa n\u011bkdo d\u0159\u00edv neodd\u011bl\u00e1, aby ten, kdo ho ovl\u00e1d\u00e1 a vyd\u00edr\u00e1, nemohl ohrozit kl\u00ed\u010dov\u00e9 z\u00e1jmy Chabadu. A na to si mus\u00edme po\u010dkat.<\/p>\n<p><a href=\"https:\/\/aeronet.news\/po-odeslani-oresniku-do-beloruska-si-putin-zavolal-lukasenka-do-kremlu-a-pres-dve-hodiny-vedli-telekonferenci-s-generalnim-stabem-ruske-armady-a-s-velitelstvim-svo-na-ukrajine\/\">-VK-<\/a><\/p>\n<p><img decoding=\"async\" loading=\"lazy\" class=\"wp-image-86739 aligncenter\" src=\"http:\/\/www.infokuryr.cz\/n\/wp-content\/uploads\/2025\/08\/volby-program-211x300.png\" alt=\"\" width=\"899\" height=\"1278\" srcset=\"https:\/\/www.infokuryr.cz\/n\/wp-content\/uploads\/2025\/08\/volby-program-211x300.png 211w, https:\/\/www.infokuryr.cz\/n\/wp-content\/uploads\/2025\/08\/volby-program-721x1024.png 721w, https:\/\/www.infokuryr.cz\/n\/wp-content\/uploads\/2025\/08\/volby-program-768x1091.png 768w, https:\/\/www.infokuryr.cz\/n\/wp-content\/uploads\/2025\/08\/volby-program-1081x1536.png 1081w, https:\/\/www.infokuryr.cz\/n\/wp-content\/uploads\/2025\/08\/volby-program-1442x2048.png 1442w, https:\/\/www.infokuryr.cz\/n\/wp-content\/uploads\/2025\/08\/volby-program-1024x1455.png 1024w\" sizes=\"(max-width: 899px) 100vw, 899px\" \/><\/p>\n","protected":false},"excerpt":{"rendered":"<p>Po odesl\u00e1n\u00ed \u201cOre\u0161nik\u016f\u201d do B\u011bloruska si Putin zavolal Luka\u0161enka do Kremlu a p\u0159es dv\u011b hodiny&#8230;<\/p>\n","protected":false},"author":2,"featured_media":88695,"comment_status":"closed","ping_status":"closed","sticky":false,"template":"","format":"standard","meta":[],"categories":[6],"tags":[1042,9817,149,8251,102],"_links":{"self":[{"href":"https:\/\/www.infokuryr.cz\/n\/wp-json\/wp\/v2\/posts\/88694"}],"collection":[{"href":"https:\/\/www.infokuryr.cz\/n\/wp-json\/wp\/v2\/posts"}],"about":[{"href":"https:\/\/www.infokuryr.cz\/n\/wp-json\/wp\/v2\/types\/post"}],"author":[{"embeddable":true,"href":"https:\/\/www.infokuryr.cz\/n\/wp-json\/wp\/v2\/users\/2"}],"replies":[{"embeddable":true,"href":"https:\/\/www.infokuryr.cz\/n\/wp-json\/wp\/v2\/comments?post=88694"}],"version-history":[{"count":0,"href":"https:\/\/www.infokuryr.cz\/n\/wp-json\/wp\/v2\/posts\/88694\/revisions"}],"wp:featuredmedia":[{"embeddable":true,"href":"https:\/\/www.infokuryr.cz\/n\/wp-json\/wp\/v2\/media\/88695"}],"wp:attachment":[{"href":"https:\/\/www.infokuryr.cz\/n\/wp-json\/wp\/v2\/media?parent=88694"}],"wp:term":[{"taxonomy":"category","embeddable":true,"href":"https:\/\/www.infokuryr.cz\/n\/wp-json\/wp\/v2\/categories?post=88694"},{"taxonomy":"post_tag","embeddable":true,"href":"https:\/\/www.infokuryr.cz\/n\/wp-json\/wp\/v2\/tags?post=88694"}],"curies":[{"name":"wp","href":"https:\/\/api.w.org\/{rel}","templated":true}]}}