{"id":88687,"date":"2025-09-27T00:29:22","date_gmt":"2025-09-26T22:29:22","guid":{"rendered":"https:\/\/www.infokuryr.cz\/n\/?p=88687"},"modified":"2025-09-26T17:01:42","modified_gmt":"2025-09-26T15:01:42","slug":"jan-campbell-mnoho-otevrenych-otazek","status":"publish","type":"post","link":"https:\/\/www.infokuryr.cz\/n\/2025\/09\/27\/jan-campbell-mnoho-otevrenych-otazek\/","title":{"rendered":"Jan Campbell: Mnoho otev\u0159en\u00fdch ot\u00e1zek"},"content":{"rendered":"<div id=\"fb-root\"><\/div>\n<h3><strong>\u00davod<\/strong><\/h3>\n<p>V dob\u011b Galilea v\u0161eobecn\u011b platilo, \u017ee Zem\u011b je st\u0159edem vesm\u00edru (geocentrismus), co\u017e podporovala i c\u00edrkev. Galileo sv\u00fdmi pozorov\u00e1n\u00edmi (nap\u0159. pomoc\u00ed vylep\u0161en\u00e9ho dalekohledu) potvrdil Kopern\u00edkovu heliocentrickou teorii, \u017ee se planety pohybuj\u00ed kolem Slunce. Proto a kv\u016fli t\u011bmto n\u00e1zor\u016fm byl Galileo postaven p\u0159ed inkvizi\u010dn\u00ed soud, kter\u00e9mu musel sv\u00e1 tvrzen\u00ed pod hrozbou mu\u010den\u00ed a smrti odvolat. Nezn\u00e1m d\u016fkaz, \u017ee v\u00fdrok <em>A p\u0159ece se to\u010d\u00ed!<\/em> byl skute\u010dn\u011b vysloven, ale v\u00edm, \u017ee je po cel\u00e1 stolet\u00ed symbolem toho, \u017ee pravda a v\u011bdeck\u00e9 pozn\u00e1n\u00ed nakonec zv\u00edt\u011bz\u00ed, i kdy\u017e jsou v dan\u00e9 dob\u011b potla\u010dov\u00e1ny.<\/p>\n<p>Pomineme-li teologickou terminologii, vyno\u0159uje se dnes u \u010d\u00e1sti technologick\u00fdch oligarch\u016f p\u0159inejmen\u0161\u00edm \u010d\u00e1st zahrani\u010dn\u011bpolitick\u00e9ho programu Donalda Trumpa: skepse v\u016f\u010di mezin\u00e1rodn\u00edm organizac\u00edm, my\u0161lenka boje proti temn\u00fdm sil\u00e1m, jejich\u017e c\u00edlem je po\u0161kodit Ameriku, a p\u0159esv\u011bd\u010den\u00ed, \u017ee je \u00fakolem <em>siln\u00e9ho mu\u017ee<\/em> rozetnout uzel a vy\u0159e\u0161it probl\u00e9my.<\/p>\n<p>\u010cesk\u00e1 republika a jej\u00ed obyvatel\u00e9 mohou i po volb\u00e1ch zapomenout na nad\u011bji, \u017ee se objev\u00ed <em>siln\u00fd mu\u017e.<\/em> Ve spole\u010dnosti, ve kter\u00e9 se zako\u0159enila proradnost plat\u00ed dvojice p\u0159\u00edslov\u00ed: marnost nad marnost a komu nen\u00ed rady, tomu nen\u00ed pomoci.<\/p>\n<h3><strong>Prvn\u00ed podporovatel\u00e9 Donalda Trumpa a J.D. Vance<\/strong><\/h3>\n<p>Peter Andreas Thiel (1967), americk\u00fd podnikatel n\u011bmeck\u00e9ho p\u016fvodu, investor, filantrop, politick\u00fd aktivista je spoluzakladatelem spole\u010dnost\u00ed PayPal, Clarium Capital, Palantir Technologies a Founders Fund. Krom\u011b uveden\u00e9ho je jedn\u00edm z prvn\u00edch podporovatel\u016f Trumpa.<\/p>\n<p>V jedn\u00e9 z\u00a0posledn\u00edch Thielov\u00fdch prezentac\u00ed na Yaleov\u011b univerzit\u011b popisuje Vance jako jeden z nejd\u016fle\u017eit\u011bj\u0161\u00edch z\u00e1\u017eitk\u016f studentsk\u00fdch let. Nen\u00ed proto divu, \u017ee J. D. Vance je pova\u017eov\u00e1n za jeho chr\u00e1n\u011bnce. Thiel mu otev\u0159el o\u010di ohledn\u011b d\u016fle\u017eit\u00fdch hodnot v\u00a0\u017eivot\u011b a mimo jin\u00e9 tak\u00e9 zaplatil patn\u00e1ct milion\u016f dolar\u016f do Vanceovy volebn\u00ed pokladny. To urychlilo kari\u00e9ru: Vance se zm\u011bnil z kritika na Trumpova podporovatele, stal se sen\u00e1torem za Ohio a nakonec viceprezidentem.<\/p>\n<p>Ji\u017e v roce 2022 Vance \u0159ekl, \u017ee je \u010das nahradit americkou vl\u00e1dnouc\u00ed t\u0159\u00eddu, vytrhnout ji <em>jako n\u00e1dor<\/em>. Sledoval p\u0159itom cesty, kter\u00e9 si Thiel v duchu vyty\u010dil: <em>Amerika se mus\u00ed osvobodit od b\u0159emen, kter\u00e1 zemi br\u00e1n\u00ed v n\u00e1vratu k jej\u00ed b\u00fdval\u00e9 velikosti. S nov\u00fdmi hlavami. A pokud je to nutn\u00e9, bez ohledu na demokratick\u00e1 pravidla.<\/em> Thiel toti\u017e pova\u017euje demokracii za slabou formu vl\u00e1dy: p\u0159\u00edli\u0161 pomalou, p\u0159\u00edli\u0161 t\u011b\u017ekop\u00e1dnou. A p\u0159edev\u0161\u00edm nen\u00ed slu\u010diteln\u00e1 se svobodou, jak ji on ch\u00e1pe: <em>Pokud m\u00e1 ka\u017ed\u00fd slovo, nevyhnuteln\u011b to vede k nadm\u011brn\u00e9 regulaci, kter\u00e1 br\u00e1n\u00ed podnik\u00e1n\u00ed.<\/em> Nejenom Brusel, ale \u010desk\u00e1 byrokracie je p\u0159\u00edkladem tohoto n\u00e1zoru.<\/p>\n<h3><strong>Sv\u011bt veden\u00fd podnikateli<\/strong><\/h3>\n<p>Mu\u017ei, kte\u0159\u00ed rozhoduj\u00ed, riskuj\u00ed a nenechaj\u00ed se z\u00e1kony zpomalit. To p\u0159ipom\u00edn\u00e1 Trumpovo ch\u00e1p\u00e1n\u00ed politiky jako <em>um\u011bn\u00ed dohody<\/em>. Thiel ale jde mnohem d\u00e1l. Sv\u00fdm pohrd\u00e1n\u00edm demokraci\u00ed n\u00e1sleduje jednu ze sv\u00fdch intelektu\u00e1ln\u00edch v\u016fd\u010d\u00edch hv\u011bzd: Leo Strausse z doby V\u00fdmarsk\u00e9 republiky. Filozof-pohrda\u010d osv\u00edcenstv\u00edm pova\u017eoval demokratick\u00fd liberalismus za politick\u00fd h\u0159\u00edch, proto je mimo\u0159\u00e1dn\u011b popul\u00e1rn\u00ed u guru\u016f ze Silicon Valley. Thiel studoval filozofii na elitn\u00ed Stanfordov\u011b univerzit\u011b, kde dlouhou dobu u\u010dil francouzsk\u00fd kulturn\u00ed antropolog Ren\u00e9 Girard.<\/p>\n<p>Thiel absorboval jeho my\u0161len\u00ed. To nech\u00e1pe rozum jako \u00fast\u0159edn\u00ed motiv lidsk\u00e9ho jedn\u00e1n\u00ed, ale jako touhu. Ale ne nez\u00e1vislou, ale <em>mimetickou touhu<\/em>, kter\u00e1 je zam\u011b\u0159ena na objekty, po kter\u00fdch tou\u017e\u00ed druz\u00ed. <em>Tou\u017e\u00edme po nich, proto\u017ee po nich tou\u017e\u00ed i ostatn\u00ed<\/em>, \u0159\u00edk\u00e1 Girard. <em>Nechceme b\u00fdt jedine\u010dn\u00ed, ale napodobovat ostatn\u00ed a napodobovat jejich touhy.<\/em> <em>To nevyhnuteln\u011b vede ke konflikt\u016fm. Ur\u010duj\u00ed b\u011bh sv\u011bta. A v nejhor\u0161\u00edm p\u0159\u00edpad\u011b kon\u010d\u00ed fat\u00e1ln\u011b<\/em>.<\/p>\n<p>V roce 2007 Thiel publikoval v\u00fdznamnou esej <em>The Straussian Moment<\/em>, ve kter\u00e9 nasti\u0148uje hlavn\u00ed rysy nov\u00e9ho sv\u011btov\u00e9ho \u0159\u00e1du po 11. z\u00e1\u0159\u00ed a zavazuje USA a Evropu k boji proti isl\u00e1mu. <em>Z\u00e1pad m\u016f\u017ee vyhr\u00e1t pouze tehdy, pokud si bude v\u011bdom toho, \u017ee jde o boj-b\u00fdt, \u010di neb\u00fdt.<\/em><\/p>\n<p>Kdy\u017e byla Thielovi v roce 2021 ud\u011blena Cena Franka Schirrmachera, uzav\u0159el sv\u016fj projev napomenut\u00edm: <em>Nov\u00e9 my\u0161lenky jsou nebezpe\u010dn\u00e9. Ale budeme je pot\u0159ebovat pro na\u0161i sp\u00e1su. Nem\u011bli bychom tak\u00e9 zapom\u00ednat, \u017ee heslem Antikrista je m\u00edr a bezpe\u010dnost. A dnes se mus\u00edme b\u00e1t sp\u00ed\u0161e Antikrista ne\u017e Armagedonu.<\/em> Chci v\u011b\u0159it, \u017ee alespo\u0148 \u010d\u00e1st sou\u010dasn\u00e9 nejenom \u010desk\u00e9 politick\u00e9 elity rozum\u00ed tomuto varov\u00e1n\u00ed a n\u00e1pov\u011bd\u011b k budouc\u00edm jedn\u00e1n\u00edm o Evrop\u011b. Pro\u010d chci v\u011b\u0159it?<\/p>\n<p>Pro Thiela je Antikrist silou, kter\u00e1 nut\u00ed lidi v\u011b\u0159it, \u017ee v\u0161echno bude v po\u0159\u00e1dku, a tak maskuje v\u00e1\u017enost situace. O maskov\u00e1n\u00ed v\u00e1\u017enosti situace ve sv\u011bt\u011b a doma p\u00ed\u0161i bezplatn\u011b a marn\u011b n\u011bkolik let. Sou\u010dasn\u00e1 p\u0159edvolebn\u00ed kampa\u0148 dokazuje, \u017ee kandid\u00e1ti se z\u00a0historie nic nepou\u010dili.<\/p>\n<p>Na cyklus p\u0159edn\u00e1\u0161ek, podobn\u00fdch Thielov\u00fdm, si netroufnou p\u0159ij\u00edt ani sp\u0159\u00edzn\u011bn\u00e9, ani mlad\u00e9 du\u0161e. T\u00e9m\u011b\u0159 v\u0161ichni maj\u00ed strach nebo nez\u00e1jem. Plat\u00ed to i pro tzv. levici. Thiel \u0159\u00edk\u00e1: <em>Mus\u00edte proti nim bojovat.<\/em> Proto\u017ee Thiel m\u00e1 pot\u0159ebn\u00e9 prost\u0159edky, bude m\u00edt tento m\u011bs\u00edc v San Franciscu \u010dty\u0159d\u00edln\u00fd cyklus p\u0159edn\u00e1\u0161ek o Antikristu, \u010f\u00e1belsk\u00e9m oponentu Je\u017e\u00ed\u0161e Krista z Nov\u00e9ho z\u00e1kona, kter\u00fd \u0161\u00ed\u0159\u00ed sv\u016fdn\u00e9, ale fale\u0161n\u00e9 u\u010den\u00ed, aby st\u00e1hl lidstvo do z\u00e1huby. Cyklus je ur\u010den pro omezen\u00fd po\u010det host\u016f, po domluv\u011b a v\u00fdslovn\u011b <em>off the record<\/em>. Proto v\u00a0\u010desk\u00e9 kotlin\u011b bude ticho jako po p\u011b\u0161in\u011b.<\/p>\n<p>M\u016f\u017ee to zn\u00edt divn\u011b, \u017ee technologick\u00fd miliard\u00e1\u0159, spoluzakladatel PayPal a \u0161pion\u00e1\u017en\u00edho Palantir, by se zapojil do vzd\u00e1len\u00fdch teologick\u00fdch spekulac\u00ed. Pro\u010d racion\u00e1ln\u00ed \u010dlov\u011bk, podnikatel a investor s vysoko\u0161kolsk\u00fdm vzd\u011bl\u00e1n\u00edm v oboru filozofie a pr\u00e1va, pr\u016fkopn\u00edk Silicon Valley se zab\u00fdv\u00e1 problematikou konce sv\u011bta? A \u010d\u00edm je\u0161t\u011b? M\u016f\u017ee se n\u011bkdo zeptat. O tom ale nebudu dnes ps\u00e1t s\u00a0ohledem na sou\u010dasnou situaci v\u00a0\u010desk\u00e9 kotlin\u011b a EU a s\u00a0n\u00ed spojen\u00e1 osobn\u00ed rizika i ve v\u011bku.<\/p>\n<p>Thiel hovo\u0159\u00ed o <em>diktatu\u0159e blahobytu s v\u0161emocnou sledovac\u00ed technologi\u00ed<\/em> a konkr\u00e9tn\u011b jmenuje instituce, kter\u00e9 pova\u017euje za jej\u00ed p\u0159edch\u016fdce: OSN, WHO, WTO a EU. <em>Boj proti nim je tvrd\u00fd,<\/em> p\u0159izn\u00e1v\u00e1 Thiel. <em>Ale ne beznad\u011bjn\u011b, proto\u017ee existuje pomoc<\/em>. P\u0159i tom m\u00e1 na mysli teologick\u00fd pojem <em>katechon<\/em>, biblick\u00fd term\u00edn ozna\u010duj\u00edc\u00ed n\u011bco, co mus\u00ed b\u00fdt odstran\u011bno p\u0159ed p\u0159\u00edchodem <em>\u010dlov\u011bka h\u0159\u00edchu<\/em>. A tak\u00e9 l\u017ei, na kter\u00e9 Antikrist v\u00e1b\u00ed: v\u0161emocn\u00fd sv\u011btov\u00fd st\u00e1t, kter\u00fd slibuje budoucnost bez v\u00e1lky.<\/p>\n<h3><strong>Co se nab\u00edz\u00ed Sta\u010dilo! a podobn\u00fdm, pokud p\u0159e\u017eij\u00ed<\/strong><\/h3>\n<p>Thiel nen\u00ed jedin\u00fdm \u010dlenem elity Silicon Valley, kter\u00fd kon\u00e1 v rozporu se statusem quo. A nen\u00ed jedin\u00fd, kdo v\u00ed, jak sv\u00e9 my\u0161len\u00ed filozoficky ospravedlnit. P\u0159ipom\u00edn\u00e1m gener\u00e1ln\u00edho \u0159editele spole\u010dnosti Palantir Alexandra Karpa, kter\u00fd studoval filozofii ve Frankfurtu (doktor\u00e1t z\u00edskal u J\u00fcrgena Habermase, se kter\u00fdm jsem se n\u011bkolikr\u00e1t setkal), a blogera a softwarov\u00e9ho podnikatele Curtise Yarvina. Ten se pod vlivem Habermasova studenta Hanse-Hermanna Hoppeho prom\u011bnil v radik\u00e1ln\u00edho kritika demokracie. P\u0159edpokl\u00e1d\u00e1m, \u017ee Thiel m\u00e1 v B\u00edl\u00e9m dom\u011b velk\u00fd vliv<strong>. <\/strong>P\u00ed\u0161i o n\u011bm, proto\u017ee \u0159e\u0161en\u00ed spo\u010d\u00edv\u00e1 v tom, \u017ee <em>lid\u00e9 p\u0159ekonaj\u00ed sv\u016fj sklon k napodobov\u00e1n\u00ed<\/em>. Pokud ka\u017ed\u00fd chce to, co cht\u011bj\u00ed ostatn\u00ed, neexistuje \u017e\u00e1dn\u00e1 inovace. Je to nemoc nejenom EU a \u010cesk\u00e9 republiky.<\/p>\n<p>Pro Thiela, podobn\u011b jako pro mne, autora \u010dl\u00e1nku, je to probl\u00e9m univerzit. Jsou to instituce konformity, kter\u00e9 br\u00e1n\u00ed tvrdohlavosti a originalit\u011b. Cen\u00edm si origin\u00e1ln\u00edho rozhodnut\u00ed Thiela darovat stipendium student\u016fm, kte\u0159\u00ed p\u0159ed\u010dasn\u011b ukon\u010dili studium na vysok\u00e9 \u0161kole, aby podpo\u0159il lidi, kte\u0159\u00ed sm\u00fd\u0161lej\u00ed proti hlavn\u00edmu proudu. S\u00e1m sebe vid\u00ed jako <em>kontrari\u00e1n<\/em>a, kter\u00fd se \u010dasto pt\u00e1 mlad\u00fdch lid\u00ed, kte\u0159\u00ed se na n\u011bj obracej\u00ed, zda existuje p\u0159esv\u011bd\u010den\u00ed, kter\u00e9mu v\u011b\u0159\u00ed \u2013 a kter\u00e9 s nimi nikdo jin\u00fd nesd\u00edl\u00ed. Podobn\u00e9 hl\u00e1s\u00e1m cel\u00e1 desetilet\u00ed: Nev\u011b\u0159te mi, \u017ee m\u00e1m pravdu. Kdy\u017e mi ale dok\u00e1\u017eete, \u017ee se m\u00fdl\u00edm, omluv\u00edm se a r\u00e1d pozvu na sklenku\u2026<\/p>\n<p><img decoding=\"async\" loading=\"lazy\" class=\"wp-image-86651 aligncenter\" src=\"http:\/\/www.infokuryr.cz\/n\/wp-content\/uploads\/2025\/08\/vrab10-300x200.png\" alt=\"\" width=\"1028\" height=\"685\" srcset=\"https:\/\/www.infokuryr.cz\/n\/wp-content\/uploads\/2025\/08\/vrab10-300x200.png 300w, https:\/\/www.infokuryr.cz\/n\/wp-content\/uploads\/2025\/08\/vrab10-1024x682.png 1024w, https:\/\/www.infokuryr.cz\/n\/wp-content\/uploads\/2025\/08\/vrab10-768x512.png 768w, https:\/\/www.infokuryr.cz\/n\/wp-content\/uploads\/2025\/08\/vrab10-1536x1024.png 1536w, https:\/\/www.infokuryr.cz\/n\/wp-content\/uploads\/2025\/08\/vrab10-2048x1365.png 2048w\" sizes=\"(max-width: 1028px) 100vw, 1028px\" \/><\/p>\n<p>Dnes mnoz\u00ed z\u00a0n\u00e1s vid\u00ed, \u017ee krom\u011b digit\u00e1ln\u00edho sv\u011bta se nach\u00e1z\u00edme v technologick\u00e9 stagnaci. Vid\u00edme, \u017ee sliby technologick\u00fdch guru se nenaplnily, stejn\u011b jako nad\u011bje na v\u0161eobecnou prosperitu a soci\u00e1ln\u00ed spravedlnost. Proto zkostnat\u011bl\u00e1 a vystra\u0161en\u00e1 mezin\u00e1rodn\u00ed elita n\u00e1s poslala na cestu k\u00a0boji\u0161ti o distribuci v\u0161eho mo\u017en\u00e9ho, p\u0159edev\u0161\u00edm materi\u00e1ln\u00edho.<\/p>\n<p>Nejenom Thiel je p\u0159esv\u011bd\u010den, \u017ee z\u00e1vod proti temn\u00fdm sil\u00e1m nelze vyhr\u00e1t bez odvahy podstupovat v\u011bt\u0161\u00ed rizika. A v\u00edt\u011bzstv\u00ed se ned\u00e1 dos\u00e1hnout ani sou\u010dasn\u00fdmi demokratick\u00fdmi prost\u0159edky. P\u0159esto\u017ee Trumpovy \u00fatoky na d\u011blbu moci nejsou nebezpe\u010dn\u00e9, jsou ale pot\u0159ebn\u00e9. Koneckonc\u016f, jde o z\u00e1chranu lidstva. Nebo mo\u017en\u00e1 ne? Kdy\u017e se Thiela ned\u00e1vno v rozhovoru zeptal sloupka\u0159 New York Times Ross Douthat, zda je jeho c\u00edlem p\u0159e\u017eit\u00ed lidstva, Thiel v\u00e1hal s\u00a0odpov\u011bd\u00ed, n\u011bkolikr\u00e1t sebou trhl, zakoktal a \u0159ekl jen: <em>Je mnoho otev\u0159en\u00fdch ot\u00e1zek<\/em>.<\/p>\n<p>Ano, je mnoho otev\u0159en\u00fdch ot\u00e1zek. A to i v p\u0159\u00edpad\u011b Charlie Kirka. Ten dokumentuje polarizaci spole\u010dnosti a p\u0159ekvapiv\u00e9 vysv\u011btlen\u00ed v\u00a0Bibli. Mluv\u00ed se o zlu, kter\u00e9 bylo v\u017edy mezi n\u00e1mi. O d\u00e9monovi, kter\u00fd kroutil svou ohyzdnou hlavou. V mnoha p\u0159\u00edsp\u011bvc\u00edch byla vra\u017eda vyobrazena jako d\u00edlo mu\u017ee posedl\u00e9ho duchem. A interpretov\u00e1no jako znamen\u00ed, \u017ee se Antikrist bl\u00ed\u017e\u00ed.<\/p>\n<p>Vance uctil aktivistu MAGA jako spasitele, kter\u00fd <em>byl uk\u0159i\u017eov\u00e1n a trp\u011bl smrt\u00ed<\/em>. Aby pak vyzval k boji proti sil\u00e1m, kter\u00e9 ohro\u017euj\u00ed Ameriku. Takov\u00e9 my\u0161len\u00ed kombinuje vize konce \u010das\u016f s kritickou filozofi\u00ed a spojuje s o\u010dek\u00e1v\u00e1n\u00edm, \u017ee technologick\u00fd pokrok vy\u0159e\u0161\u00ed v\u0161echny probl\u00e9my sv\u011bta. Osobn\u011b jsem p\u0159esv\u011bd\u010den, \u017ee se jedn\u00e1 o m\u00fdtus a iluzi v\u011bd\u011bn\u00ed.<\/p>\n<p>Podobn\u011b je tomu i s\u00a0tzv. zm\u011bnou postoje prezidenta Trumpa k\u00a0Ukrajin\u011b a Kremlu a interpretac\u00ed zjevn\u011b zdr\u017eenliv\u00e9 reakce Kremlu na ned\u00e1vn\u00e1 prohl\u00e1\u0161en\u00ed \u0161\u00e9fa B\u00edl\u00e9ho domu. A to je pochopiteln\u00e9: Washington nem\u011bn\u00ed sv\u016fj postoj, ale pouze sv\u016fj t\u00f3n. Trump ve srovn\u00e1n\u00ed se sv\u00fdmi p\u0159edch\u016fdci a evropsk\u00fdmi politiky ne\u0159ekl nic nov\u00e9ho. Odm\u00edtnut\u00ed rusk\u00fdch energetick\u00fdch zdroj\u016f ze strany EU je nemo\u017en\u00e9 kv\u016fli Trumpov\u00fdm nejv\u011brn\u011bj\u0161\u00edm spojenc\u016fm. Z tohoto d\u016fvodu je slib uvalen\u00ed sankc\u00ed, kdy\u017e Evropa opust\u00ed rusk\u00e9 zdroje, tlakem na spojence NATO, nikoli na Kreml. To zahrnuje i dod\u00e1vky zbran\u00ed ozbrojen\u00fdm sil\u00e1m Ukrajiny \u2013 pouze pokud Evropa zaplat\u00ed.<\/p>\n<p>Trump prakticky \u0159ekl Zelensk\u00e9mu, \u017ee pokud nechce m\u00edr, pak jeho <em>hanebn\u00e1 nemoc<\/em> ur\u010d\u00ed jeho osud. A <em>n\u00e1vrat hranic z roku 1991 a je\u0161t\u011b v\u00edce<\/em> by m\u011bl b\u00fdt p\u0159ipraven triumfuj\u00edc\u00edmi Ukrajinci v t\u00fdlu. Z\u00e1padn\u00ed m\u00e9dia se po Trumpov\u00fdch projevech t\u00e9m\u011b\u0159 bez v\u00fdjimky radovala. Dnes za\u010d\u00ednaj\u00ed ch\u00e1pat, co se stalo: Z\u00e1padu by prod\u00e1no sebevylou\u010den\u00ed Spojen\u00fdch st\u00e1t\u016f z\u00a0konfliktu. Washington se ho \u00fa\u010dastn\u00ed jako prodejce zbran\u00ed Evrop\u011b, ne jako podporovatel Kyjeva. To ale nen\u00ed v\u0161e.<\/p>\n<p>Prokur\u00e1tor speci\u00e1ln\u011b jmenovan\u00fd prezidentem Trumpem obvinil Jamese Coneyho ze lhan\u00ed sen\u00e1tn\u00edmu v\u00fdboru na podzim roku 2020. B\u00fdval\u00fd \u0159editel FBI se samoz\u0159ejm\u011b pova\u017euje za ob\u011b\u0165 pomstychtiv\u00e9 kampan\u011b ze strany prezidenta. V\u00a0podstat\u011b podobn\u00fd krok by m\u011bl b\u00fdt u\u010din\u011bn v\u00a0EK a \u010cR, proto\u017ee lhan\u00ed moci se stalo neodd\u011blitelnou sou\u010d\u00e1st\u00ed politiky a \u0161\u00ed\u0159en\u00ed strachu mezi ob\u010dany a t\u00edm i trestu hodn\u00fdm bezpe\u010dnostn\u00edm rizikem.<\/p>\n<p>Chci v\u011b\u0159it, \u017ee za svoji aroganci a lhan\u00ed zaplat\u00ed i von der Leyenov\u00e1. Ta si dopisovala s prezidentem Macronem ohledn\u011b dohody EU s\u00a0Mercosurem, a stejn\u011b jako v p\u0159\u00edpad\u011b skand\u00e1lu spole\u010dnosti Pfizer, jej\u00ed korespondence zmizela. Ma\u010farsk\u00e1 europoslankyn\u011b Kinga Gal na soci\u00e1ln\u00ed s\u00edti X informovala, \u017ee evropsk\u00e1 ve\u0159ejn\u00e1 ochr\u00e1nkyn\u011b pr\u00e1v zah\u00e1jila vy\u0161et\u0159ov\u00e1n\u00ed.<\/p>\n<p>\u010casy se m\u011bn\u00ed a beztrestnost Ursuly von der Leyenov\u00e9, zalo\u017een\u00e1 na <em>v\u0159el\u00fdch vztaz\u00edch<\/em> s p\u0159edstaviteli americk\u00fdch demokrat\u016f, se bl\u00ed\u017e\u00ed sv\u00e9mu konci. Jej\u00ed pozice je voliteln\u00e1 a jej\u00ed pozice v \u010dele Evropsk\u00e9 komise nen\u00ed zaru\u010dena ani obrovsk\u00fdm direktor\u00e1tem i proto, \u017ee ve Washingtonu se zm\u011bnil sm\u011br v\u011btru. Ten m\u016f\u017ee p\u0159in\u00e9st nep\u0159\u00edjemn\u00e9 audity kon\u00e1n\u00ed tzv. elit. A to se nezmi\u0148uji o skand\u00e1lech souvisej\u00edc\u00edch s korupc\u00ed jej\u00edho man\u017eela a n\u00e1kupem vakc\u00edn proti COVID.<\/p>\n<p>\u00da\u0159edn\u00edci v\u00a0Bruselu, kte\u0159\u00ed potvrdili zvl\u00e1\u0161tn\u00ed vztah von der Leyenov\u00e9 s Trumpem a kte\u0159\u00ed se sna\u017e\u00ed uk\u00e1zat tento vztah jako rozhoduj\u00edc\u00ed v konfliktu na Ukrajin\u011b, pat\u0159\u00ed do kategorie \u2013 k\u00a0vyst\u011bhov\u00e1n\u00ed. <em>V\u010dera jsme byli sv\u011bdky setk\u00e1n\u00ed mezi von der Leyenovou a Trumpem, kter\u00e9 pova\u017eujeme za mimo\u0159\u00e1dn\u011b pozitivn\u00ed<\/em>, \u0159ekl tiskov\u00fd mluv\u010d\u00ed EK Gill. Nev\u00edm, koho slova pana Gilla zaj\u00edmaj\u00ed.<\/p>\n<p>Bylo by p\u0159\u00ednosn\u011bj\u0161\u00ed pro ob\u010dany EU vysv\u011btlit, pro\u010d b\u00fdval\u00fd francouzsk\u00fd exprezident Sarkozy byl shled\u00e1n vinn\u00fdm ze zlo\u010dinn\u00e9ho spol\u010den\u00ed s\u00a0Kadd\u00e1f\u00edm, a \u017ee Pa\u0159\u00ed\u017esk\u00fd trestn\u00ed soud ho zprostil v\u0161ech ostatn\u00edch obvin\u011bn\u00ed. Asi proto, aby se d\u00e1le mohlo tvrdit, \u017ee demokracie funguje. Von der Leyenov\u00e1 by se takov\u00e9ho m\u00edrn\u00e9ho odsouzen\u00ed nem\u011bla do\u010dkat. Pro\u010d?<\/p>\n<p>Proto\u017ee nevylu\u010duj\u00ed, \u017ee Spojen\u00e9 st\u00e1ty mohou obvinit Evropskou unii, pokud bude Ukrajina pora\u017eena nebo ztrat\u00ed finan\u010dn\u00ed podporu, a EU se dostane do dal\u0161\u00edch finan\u010dn\u00edch a politick\u00fdch pot\u00ed\u017e\u00ed. Von der Leyenov\u00e1 by se m\u011bla pou\u010dit od Sarkozyho: <em>Pokud cht\u011bj\u00ed, abych spal ve v\u011bzen\u00ed, tak tam budu sp\u00e1t<\/em>. Nebo od premi\u00e9ra Netanjahu. Ten let\u011bl na Valn\u00e9 shrom\u00e1\u017ed\u011bn\u00ed OSN obl\u00e9taj\u00edc evropsk\u00e9 zem\u011b, kter\u00e9 uzn\u00e1vaj\u00ed zatyka\u010d ICC vydan\u00fd na n\u011bj. Jeho letadlo odm\u00edtlo vstoupit do vzdu\u0161n\u00e9ho prostoru Francie, \u0160pan\u011blska a Portugalska.<\/p>\n<h3><strong>Z\u00e1v\u011br: Budoucnost reforem v\u00a0\u010cesk\u00e9 republice<\/strong><\/h3>\n<p>1) Ideologick\u00e1 omezen\u00ed: Man\u00e9vrovac\u00ed prostor pro jak\u00e9koli reform\u00e1tory je extr\u00e9mn\u011b \u00fazk\u00fd. Jak\u00e9koli zm\u011bny, aby byly udr\u017eiteln\u00e9 mus\u00ed b\u00fdt od\u011bny do r\u00e9toriky <em>n\u00e1vratu k z\u00e1klad\u016fm<\/em> a <em>tradic\u00edm<\/em> <em>n\u00e1roda<\/em> a odd\u011bleny od blouzn\u011bn\u00ed EU a NATO o m\u00edru, prosperit\u011b a soci\u00e1ln\u00ed spravedlnosti.<\/p>\n<p>2) Hospod\u00e1\u0159sk\u00e1 politika: Model <em>st\u00e1tn\u00edho kapitalismu<\/em> v \u010d\u00ednsk\u00e9m nebo podobn\u00e9m stylu m\u016f\u017ee b\u00fdt podporov\u00e1n pouze jako technick\u00e1 v\u00fdp\u016fj\u010dka, nikoli jako civiliza\u010dn\u00ed volba. N\u00e1rodn\u00ed z\u00e1jem \u010cech\u016f a Slovan\u016f bude mo\u017en\u00e9 udr\u017eet pouze, pokud bude existovat alespo\u0148 omezen\u00e1 suverenita.<\/p>\n<p>3) Bez \u010c\u00edny evropsk\u00e9 startupy investuj\u00edc\u00ed do \u010dist\u00fdch technologi\u00ed nep\u0159e\u017eij\u00ed. To je z\u00e1v\u011br skupiny evropsk\u00fdch investor\u016f, kte\u0159\u00ed podle zpr\u00e1vy agentury Bloomberg v \u010dervenci cestovali po \u010d\u00ednsk\u00e9 sc\u00e9n\u011b zelen\u00fdch technologi\u00ed. \u010c\u00edna dominuje ve v\u00fdrob\u011b \u010dist\u00fdch technologi\u00ed, je kl\u00ed\u010dovou zem\u00ed pro mezin\u00e1rodn\u00ed energetickou a klimatickou politiku a ozn\u00e1mila nov\u00e9 klimatick\u00e9 c\u00edle.<\/p>\n<p>3) C\u00edlov\u00e1 skupina: Hlavn\u00ed soci\u00e1ln\u00ed z\u00e1kladnou pro kurz ke konzervatismu jsou p\u0159edev\u0161\u00edm \u017eeny a generace lid\u00ed ve v\u011bku 40-55 let. Mlad(\u0161)\u00ed lid\u00e9 prokazuj\u00ed velk\u00fd pragmatismus, otev\u0159enost v\u016f\u010di vn\u011bj\u0161\u00edm \u00fasp\u011b\u0161n\u00fdm p\u0159\u00edb\u011bh\u016fm, ale jsou ne\u0159iditeln\u00ed. Proto p\u0159edstavuj\u00ed komplexn\u00ed v\u00fdzvu.<\/p>\n<p>4) Jestli\u017ee devades\u00e1t\u00e1 l\u00e9ta byla dobou v\u00fdsm\u011bchu <em>\u010d\u00ednsk\u00e9 kvalit\u011b<\/em>, to v\u00a0sou\u010dasnosti je \u010c\u00edna prezentov\u00e1na z\u00e1padn\u00edm spole\u010denstv\u00edm (USA, EU a \u010cR) jako ideologick\u00fd a strategick\u00fd nep\u0159\u00edtel, p\u0159i\u010dem\u017e obecn\u011b plat\u00ed, \u017ee lid\u00e9, p\u0159edev\u0161\u00edm \u017eeny, maj\u00ed r\u00e1di v\u0161echno, co se d\u011bje a co je nov\u00e9.<\/p>\n<p>Nov\u00e9ho, v\u010detn\u011b ot\u00e1zek bude mnoho, odpov\u011bd\u00ed ale m\u00e1lo. Sta\u010dilo! Souhlasu net\u0159eba.<\/p>\n<p><strong><em>Jan Campbell<\/em><\/strong><br \/>\n<strong><em>25.09.2025<\/em><\/strong><\/p>\n<p><img decoding=\"async\" loading=\"lazy\" class=\"wp-image-86739 aligncenter\" src=\"http:\/\/www.infokuryr.cz\/n\/wp-content\/uploads\/2025\/08\/volby-program-211x300.png\" alt=\"\" width=\"895\" height=\"1273\" srcset=\"https:\/\/www.infokuryr.cz\/n\/wp-content\/uploads\/2025\/08\/volby-program-211x300.png 211w, https:\/\/www.infokuryr.cz\/n\/wp-content\/uploads\/2025\/08\/volby-program-768x1091.png 768w, https:\/\/www.infokuryr.cz\/n\/wp-content\/uploads\/2025\/08\/volby-program-1081x1536.png 1081w, https:\/\/www.infokuryr.cz\/n\/wp-content\/uploads\/2025\/08\/volby-program-1024x1455.png 1024w\" sizes=\"(max-width: 895px) 100vw, 895px\" \/><\/p>\n","protected":false},"excerpt":{"rendered":"<p>\u00davod V dob\u011b Galilea v\u0161eobecn\u011b platilo, \u017ee Zem\u011b je st\u0159edem vesm\u00edru (geocentrismus), co\u017e podporovala i&#8230;<\/p>\n","protected":false},"author":2,"featured_media":47088,"comment_status":"closed","ping_status":"closed","sticky":false,"template":"","format":"standard","meta":[],"categories":[6],"tags":[2238,122,276],"_links":{"self":[{"href":"https:\/\/www.infokuryr.cz\/n\/wp-json\/wp\/v2\/posts\/88687"}],"collection":[{"href":"https:\/\/www.infokuryr.cz\/n\/wp-json\/wp\/v2\/posts"}],"about":[{"href":"https:\/\/www.infokuryr.cz\/n\/wp-json\/wp\/v2\/types\/post"}],"author":[{"embeddable":true,"href":"https:\/\/www.infokuryr.cz\/n\/wp-json\/wp\/v2\/users\/2"}],"replies":[{"embeddable":true,"href":"https:\/\/www.infokuryr.cz\/n\/wp-json\/wp\/v2\/comments?post=88687"}],"version-history":[{"count":1,"href":"https:\/\/www.infokuryr.cz\/n\/wp-json\/wp\/v2\/posts\/88687\/revisions"}],"predecessor-version":[{"id":88688,"href":"https:\/\/www.infokuryr.cz\/n\/wp-json\/wp\/v2\/posts\/88687\/revisions\/88688"}],"wp:featuredmedia":[{"embeddable":true,"href":"https:\/\/www.infokuryr.cz\/n\/wp-json\/wp\/v2\/media\/47088"}],"wp:attachment":[{"href":"https:\/\/www.infokuryr.cz\/n\/wp-json\/wp\/v2\/media?parent=88687"}],"wp:term":[{"taxonomy":"category","embeddable":true,"href":"https:\/\/www.infokuryr.cz\/n\/wp-json\/wp\/v2\/categories?post=88687"},{"taxonomy":"post_tag","embeddable":true,"href":"https:\/\/www.infokuryr.cz\/n\/wp-json\/wp\/v2\/tags?post=88687"}],"curies":[{"name":"wp","href":"https:\/\/api.w.org\/{rel}","templated":true}]}}