{"id":88680,"date":"2025-09-27T00:25:30","date_gmt":"2025-09-26T22:25:30","guid":{"rendered":"https:\/\/www.infokuryr.cz\/n\/?p=88680"},"modified":"2025-09-26T12:59:58","modified_gmt":"2025-09-26T10:59:58","slug":"jaroslav-stefec-petr-pavel-neni-prevlekacem-kabatu","status":"publish","type":"post","link":"https:\/\/www.infokuryr.cz\/n\/2025\/09\/27\/jaroslav-stefec-petr-pavel-neni-prevlekacem-kabatu\/","title":{"rendered":"Jaroslav \u0160tefec: Petr Pavel nen\u00ed p\u0159evl\u00e9ka\u010dem kab\u00e1t\u016f,.."},"content":{"rendered":"<div id=\"fb-root\"><\/div>\n<p>Celkem se z\u00e1jmem sleduji v posledn\u00ed dob\u011b vystoupen\u00ed vrchn\u00edho velitele fakticky neexistuj\u00edc\u00edch \u010desk\u00fdch ozbrojen\u00fdch sil a mus\u00edm uznat, \u017ee jsem mu nejsp\u00ed\u0161 k\u0159ivdil. Jejich obsah m\u011b utvrdil v jedin\u00e9m. Petr Pavel nen\u00ed p\u0159evl\u00e9ka\u010dem kab\u00e1t\u016f. Naopak. Dr\u017e\u00ed pevn\u011b linii p\u016fvodn\u011b sov\u011btsk\u00fdch, dnes rusk\u00fdch zpravodajsk\u00fdch slu\u017eeb, do jejich\u017e p\u016fsobnosti sv\u00e9ho \u010dasu spadal.<\/p>\n<p>Jak v\u0161ichni v\u00edme z mainstreamov\u00fdch m\u00e9di\u00ed i projev\u016f na\u0161ich nejvy\u0161\u0161\u00edch politick\u00fdch p\u0159edstavitel\u016f, Vladim\u00edr Putin se jen t\u0159ese na zah\u00e1jen\u00ed v\u00e1lky s NATO a v\u00edt\u011bzn\u00e9 ta\u017een\u00ed rusk\u00fdch vojsk do Evropy. Rady na\u0161eho pana prezidenta, jak rychleji a efektivn\u011bji vyvolat konflikt Aliance s Ruskem, kter\u00fd by urychlil realizaci Putinov\u00fdch pl\u00e1n\u016f, od n\u011bho sly\u0161\u00edme prakticky dnes a denn\u011b. Naposledy v Rad\u011b bezpe\u010dnosti OSN, kde dokonce odv\u00e1\u017en\u011b po\u017e\u00e1dal o st\u00e1l\u00e9 \u010dlenstv\u00ed pro na\u0161i republiku, siln\u00fd, hrd\u00fd, samostatn\u00fd a vst\u0159\u00edc jasn\u00fdm z\u00edt\u0159k\u016fm kr\u00e1\u010dej\u00edc\u00ed st\u00e1t.<\/p>\n<p>Petr Pavel, b\u00fdval\u00fd komunistick\u00fd rozv\u011bd\u010d\u00edk, dnes sv\u011btov\u011b uzn\u00e1van\u00fd politik. Odv\u00e1\u017en\u00fd \u010dlov\u011bk, dr\u017e\u00edc\u00ed st\u00e1le stejnou linii, kter\u00fd se neboj\u00ed jednat dokonce ani s teroristick\u00fdm v\u016fdcem b\u00fdval\u00e9 S\u00fdrie, osobn\u011b se pod\u00edlej\u00edc\u00edm na inhumaci des\u00edtek tis\u00edc odp\u016frc\u016f jeho vl\u00e1dy, k\u0159es\u0165an\u016f, Alavit\u016f, Dr\u00faz\u016f i \u017did\u016f. Neboj\u00ed se proto ani j\u00edt otev\u0159en\u011b vst\u0159\u00edc pl\u00e1n\u016fm Vladim\u00edra Putina na ovl\u00e1dnut\u00ed Evropy. Jen tak d\u00e1l, pane prezidente! Dr\u017e\u00edm v\u00e1m palce. Na p\u00e1r des\u00edtk\u00e1ch mili\u00f3n\u016f mrtv\u00fdch Evropan\u016f, zejm\u00e9na n\u00e1s, v\u00fdchodn\u00edch, p\u0159ece v\u016fbec nez\u00e1le\u017e\u00ed.<\/p>\n<p><strong><em>Jaroslav \u0160tefec<\/em><\/strong><\/p>\n<p><img decoding=\"async\" loading=\"lazy\" class=\"alignnone size-medium wp-image-13906\" src=\"http:\/\/www.infokuryr.cz\/n\/wp-content\/uploads\/2022\/08\/stefec-257x300.jpg\" alt=\"\" width=\"257\" height=\"300\" srcset=\"https:\/\/www.infokuryr.cz\/n\/wp-content\/uploads\/2022\/08\/stefec-257x300.jpg 257w, https:\/\/www.infokuryr.cz\/n\/wp-content\/uploads\/2022\/08\/stefec.jpg 557w\" sizes=\"(max-width: 257px) 100vw, 257px\" \/><\/p>\n<p><img decoding=\"async\" loading=\"lazy\" class=\"wp-image-86739 aligncenter\" src=\"http:\/\/www.infokuryr.cz\/n\/wp-content\/uploads\/2025\/08\/volby-program-211x300.png\" alt=\"\" width=\"900\" height=\"1280\" srcset=\"https:\/\/www.infokuryr.cz\/n\/wp-content\/uploads\/2025\/08\/volby-program-211x300.png 211w, https:\/\/www.infokuryr.cz\/n\/wp-content\/uploads\/2025\/08\/volby-program-721x1024.png 721w, https:\/\/www.infokuryr.cz\/n\/wp-content\/uploads\/2025\/08\/volby-program-768x1091.png 768w, https:\/\/www.infokuryr.cz\/n\/wp-content\/uploads\/2025\/08\/volby-program-1081x1536.png 1081w, https:\/\/www.infokuryr.cz\/n\/wp-content\/uploads\/2025\/08\/volby-program-1024x1455.png 1024w\" sizes=\"(max-width: 900px) 100vw, 900px\" \/><\/p>\n<p>&nbsp;<\/p>\n","protected":false},"excerpt":{"rendered":"<p>Celkem se z\u00e1jmem sleduji v posledn\u00ed dob\u011b vystoupen\u00ed vrchn\u00edho velitele fakticky neexistuj\u00edc\u00edch \u010desk\u00fdch ozbrojen\u00fdch sil&#8230;<\/p>\n","protected":false},"author":2,"featured_media":22065,"comment_status":"closed","ping_status":"closed","sticky":false,"template":"","format":"standard","meta":[],"categories":[6],"tags":[1503,1173,3584],"_links":{"self":[{"href":"https:\/\/www.infokuryr.cz\/n\/wp-json\/wp\/v2\/posts\/88680"}],"collection":[{"href":"https:\/\/www.infokuryr.cz\/n\/wp-json\/wp\/v2\/posts"}],"about":[{"href":"https:\/\/www.infokuryr.cz\/n\/wp-json\/wp\/v2\/types\/post"}],"author":[{"embeddable":true,"href":"https:\/\/www.infokuryr.cz\/n\/wp-json\/wp\/v2\/users\/2"}],"replies":[{"embeddable":true,"href":"https:\/\/www.infokuryr.cz\/n\/wp-json\/wp\/v2\/comments?post=88680"}],"version-history":[{"count":0,"href":"https:\/\/www.infokuryr.cz\/n\/wp-json\/wp\/v2\/posts\/88680\/revisions"}],"wp:featuredmedia":[{"embeddable":true,"href":"https:\/\/www.infokuryr.cz\/n\/wp-json\/wp\/v2\/media\/22065"}],"wp:attachment":[{"href":"https:\/\/www.infokuryr.cz\/n\/wp-json\/wp\/v2\/media?parent=88680"}],"wp:term":[{"taxonomy":"category","embeddable":true,"href":"https:\/\/www.infokuryr.cz\/n\/wp-json\/wp\/v2\/categories?post=88680"},{"taxonomy":"post_tag","embeddable":true,"href":"https:\/\/www.infokuryr.cz\/n\/wp-json\/wp\/v2\/tags?post=88680"}],"curies":[{"name":"wp","href":"https:\/\/api.w.org\/{rel}","templated":true}]}}