{"id":88661,"date":"2025-09-27T00:19:31","date_gmt":"2025-09-26T22:19:31","guid":{"rendered":"https:\/\/www.infokuryr.cz\/n\/?p=88661"},"modified":"2025-09-26T11:55:31","modified_gmt":"2025-09-26T09:55:31","slug":"genocida-v-gaze-a-posun-ve-svetovem-radu-rozhovor-s-chasem-freemanem","status":"publish","type":"post","link":"https:\/\/www.infokuryr.cz\/n\/2025\/09\/27\/genocida-v-gaze-a-posun-ve-svetovem-radu-rozhovor-s-chasem-freemanem\/","title":{"rendered":"Genocida v Gaze a posun ve sv\u011btov\u00e9m \u0159\u00e1du (rozhovor s Chasem Freemanem)"},"content":{"rendered":"<div id=\"fb-root\"><\/div>\n<div class=\"elementor-element elementor-element-1fb4c2c elementor-widget elementor-widget-theme-post-content\" data-id=\"1fb4c2c\" data-element_type=\"widget\" data-widget_type=\"theme-post-content.default\">\n<div class=\"elementor-widget-container\">\n<h4><em><span dir=\"auto\">\u201eDominance Z\u00e1padu nad sv\u011btem skon\u010dila.\u201c<\/span><\/em><\/h4>\n<p><span dir=\"auto\">Chas Freeman je vysoce respektovan\u00fd americk\u00fd diplomat v d\u016fchodu. V\u00edce ne\u017e t\u0159i desetilet\u00ed p\u016fsobil v republik\u00e1nsk\u00e9 i demokratick\u00e9 administrativ\u011b. Mezi jeho kari\u00e9ru pat\u0159ilo p\u016fsoben\u00ed jako hlavn\u00ed tlumo\u010dn\u00edk Richarda Nixona p\u0159i jedn\u00e1n\u00edch s \u010c\u00ednou, jako velvyslanec v Sa\u00fadsk\u00e9 Ar\u00e1bii v letech 1989 a\u017e 1992 a pozd\u011bji jako n\u00e1m\u011bstek ministra obrany. 17. z\u00e1\u0159\u00ed 2025 poskytl rozhovor Helen\u011b Cobbanov\u00e9, prezidentce organizace\u00a0<\/span><em><span dir=\"auto\">Just World Educational<\/span><\/em><span dir=\"auto\">\u00a0. Video rozhovoru je k dispozici n\u00ed\u017ee.<\/span><\/p>\n<p><span dir=\"auto\">Velvyslanec Chas W. Freeman Jr. poskytl rozs\u00e1hlou anal\u00fdzu toho, co popsal jako z\u00e1sadn\u00ed \u201ezm\u011bnu glob\u00e1ln\u00edho \u0159\u00e1du\u201c, urychlenou konfliktem v Gaze. Tvrdil, \u017ee p\u011btisetlet\u00e1 \u00e9ra z\u00e1padn\u00ed dominance skon\u010dila \u2013 Z\u00e1pad, a zejm\u00e9na Spojen\u00e9 st\u00e1ty, ztratily svou mor\u00e1ln\u00ed autoritu pokryteck\u00fdm uplat\u0148ov\u00e1n\u00edm mezin\u00e1rodn\u00edho pr\u00e1va.<\/span><\/p>\n<p><span dir=\"auto\">Freeman argumentoval, \u017ee \u201eglob\u00e1ln\u00ed v\u011bt\u0161ina\u201c veden\u00e1 n\u00e1rody jako \u010c\u00edna a Indie je nyn\u00ed konzervativn\u00ed silou ve sv\u011bt\u011b a sna\u017e\u00ed se o\u017eivit principy pov\u00e1le\u010dn\u00e9ho \u0159\u00e1du budov\u00e1n\u00edm nov\u00fdch instituc\u00ed, jako je BRICS a \u0160anghajsk\u00e1 organizace pro spolupr\u00e1ci, zat\u00edmco Spojen\u00e9 st\u00e1ty se staly \u201eradik\u00e1ln\u00ed a reak\u010dn\u00ed\u201c mocnost\u00ed.<\/span><\/p>\n<p><span dir=\"auto\">Ost\u0159e kritizoval zahrani\u010dn\u00ed politiku USA, kter\u00e1 podle n\u011bj upustila od diplomacie ve prosp\u011bch vojensk\u00e9 s\u00edly. Rozhovor skon\u010dil drastick\u00fdm odsouzen\u00edm sionismu, kter\u00fd nazval \u201enegac\u00ed judaismu\u201c. Izraelsk\u00e9 \u010diny v Gaze jej odhalily sv\u011btu a zpe\u010detily jeho kone\u010dn\u00e9 selh\u00e1n\u00ed. Freeman p\u0159edpov\u011bd\u011bl \u201ekonec dn\u016f&#8230; pro sionisty\u201c.<\/span><\/p>\n<p><span dir=\"auto\">Ve sv\u00e9m \u00favodu pan\u00ed Cobbanov\u00e1 vyzdvihla Freemanovu rozs\u00e1hlou diplomatickou kari\u00e9ru a zd\u016fraznila, \u017ee byl jedn\u00edm z m\u00e1la lid\u00ed, kte\u0159\u00ed profesion\u00e1ln\u011b komunikovali s osobnostmi, jako byli Mao Ce-tung a Fidel Castro.<\/span><\/p>\n<h3 class=\"wp-block-heading\"><span dir=\"auto\">Kl\u00ed\u010dov\u00e9 body velvyslance Freemana<\/span><\/h3>\n<ul>\n<li><span dir=\"auto\">Historick\u00e1 \u00e9ra z\u00e1padn\u00ed sv\u011btov\u00e9 dominance kone\u010dn\u011b skon\u010dila a je nahrazena nov\u00fdm multipol\u00e1rn\u00edm sv\u011btov\u00fdm \u0159\u00e1dem.<\/span><\/li>\n<li><span dir=\"auto\">Z\u00e1pad ztratil svou mor\u00e1ln\u00ed pov\u011bst kv\u016fli hlubok\u00e9mu dvoj\u00edmu metru, zejm\u00e9na kv\u016fli sv\u00e9mu rozho\u0159\u010den\u00ed nad ob\u011b\u0165mi na Ukrajin\u011b ve srovn\u00e1n\u00ed se spolu\u00fa\u010dast\u00ed na smrti milion\u016f muslim\u016f a genocid\u011b v Gaze.<\/span><\/li>\n<li><span dir=\"auto\">Nez\u00e1padn\u00ed \u201eglob\u00e1ln\u00ed v\u011bt\u0161ina\u201c je nyn\u00ed novou konzervativn\u00ed silou, kter\u00e1 se sna\u017e\u00ed obnovit principy mezin\u00e1rodn\u00edho pr\u00e1va vytv\u00e1\u0159en\u00edm nov\u00fdch instituc\u00ed (BRICS, SCO), kter\u00e9 by nahradily selh\u00e1vaj\u00edc\u00ed instituce ovl\u00e1dan\u00e9 Z\u00e1padem.<\/span><\/li>\n<li><span dir=\"auto\">Spojen\u00e9 st\u00e1ty se staly \u201eradik\u00e1ln\u00edm a reak\u010dn\u00edm\u201c glob\u00e1ln\u00edm akt\u00e9rem, kter\u00fd opustil diplomacii, zapletl se do personalizovan\u00e9 politiky a prosazuje sebedestruktivn\u00ed ekonomickou politiku.<\/span><\/li>\n<li><span dir=\"auto\">Evropsk\u00e9 n\u00e1rody charakterizoval jako \u201euboh\u00e9\u201c a \u201ekoalici pom\u00fdlen\u00fdch\u201c, kter\u00fdm chyb\u00ed s\u00edla, jednota a vize k tomu, aby jednaly jako v\u00fdznamn\u00ed glob\u00e1ln\u00ed hr\u00e1\u010di.<\/span><\/li>\n<li><span dir=\"auto\">Zv\u011brstva v Gaze trvale poskvrnila sionismus a vyvolala masivn\u00ed glob\u00e1ln\u00ed odpor \u2013 a to i mezi rostouc\u00edm po\u010dtem americk\u00fdch \u017did\u016f, kte\u0159\u00ed jej nyn\u00ed pova\u017euj\u00ed za \u201ekac\u00ed\u0159sk\u00e9\u201c pop\u0159en\u00ed \u017eidovsk\u00e9 etiky.<\/span><\/li>\n<li><span dir=\"auto\">Tvrdil, \u017ee izraelsk\u00fd apartheid byl \u201enekone\u010dn\u011b hor\u0161\u00ed\u201c ne\u017e jeho jihoafrick\u00e1 verze, proto\u017ee jeho kone\u010dn\u00fdm c\u00edlem bylo vyhn\u00e1n\u00ed nebo vra\u017eda domorod\u00e9ho obyvatelstva.<\/span><\/li>\n<li><span dir=\"auto\">A\u010dkoli byl Ham\u00e1s vojensky m\u00e9n\u011bcenn\u00fd, dos\u00e1hl strategick\u00e9ho v\u00edt\u011bzstv\u00ed t\u00edm, \u017ee \u00fasp\u011b\u0161n\u011b postavil palestinskou v\u011bc na vrchol glob\u00e1ln\u00ed agendy \u2013 a t\u00edm \u201ezv\u00edt\u011bzil ve sv\u011bt\u011b idej\u00ed a propagandy\u201c.<\/span><\/li>\n<\/ul>\n<h3 class=\"wp-block-heading\"><span dir=\"auto\">Pozoruhodn\u00e9 cit\u00e1ty z rozhovoru<\/span><\/h3>\n<ul>\n<li><span dir=\"auto\">\u201eP\u011bt stolet\u00ed trvaj\u00edc\u00ed nadvl\u00e1da Z\u00e1padu nad sv\u011btem skon\u010dila.\u201c<\/span><\/li>\n<li><span dir=\"auto\">\u201eZ\u00e1pad nejen\u017ee ztratil svou dominantn\u00ed moc ve v\u0161ech sf\u00e9r\u00e1ch, v\u010detn\u011b arm\u00e1dy, ale tak\u00e9 ztratil sv\u00e9 mor\u00e1ln\u00ed postaven\u00ed.\u201c<\/span><\/li>\n<li><span dir=\"auto\">\u201eEvropany pova\u017euji za uboh\u00e9. Jsou to j\u00e1, \u010demu \u0159\u00edk\u00e1m koalice pom\u00fdlen\u00fdch.\u201c<\/span><\/li>\n<li><span dir=\"auto\">\u201eNejen\u017ee jsme opilci dali kl\u00ed\u010de od auta. Opili jsme se sami a sd\u00edleli s n\u00edm volant.\u201c<\/span><\/li>\n<li><span dir=\"auto\">\u201eHamas, kter\u00fd si 7. \u0159\u00edjna kladl za c\u00edl dostat palestinskou ot\u00e1zku na vrchol glob\u00e1ln\u00ed agendy, toho dos\u00e1hl. Mo\u017en\u00e1 se kr\u010d\u00ed v tunelech, ale ve sv\u011bt\u011b idej\u00ed a propagandy zv\u00edt\u011bzil.\u201c<\/span><\/li>\n<li><span dir=\"auto\">\u201eMysl\u00edm, \u017ee jsme sv\u011bdky konce dn\u016f v Palestin\u011b \u2013 nejen pro Palestince, ale i pro sionisty.\u201c<\/span><\/li>\n<\/ul>\n<p><span dir=\"auto\">N\u011bmeck\u00e9 titulky lze aktivovat v nastaven\u00ed YouTube.<\/span><\/p>\n<figure class=\"wp-block-embed is-type-video is-provider-youtube wp-block-embed-youtube wp-embed-aspect-16-9 wp-has-aspect-ratio\">\n<div class=\"wp-block-embed__wrapper\"><iframe loading=\"lazy\" title=\"Genocida v Gaze a n\u00e1\u0161 m\u011bn\u00edc\u00ed se sv\u011btov\u00fd \u0159\u00e1d\" src=\"https:\/\/www.youtube.com\/embed\/Bw3Q7RbE6mw?feature=oembed\" width=\"800\" height=\"450\" frameborder=\"0\" allowfullscreen=\"allowfullscreen\" data-mce-fragment=\"1\"><\/iframe><\/div>\n<\/figure>\n<\/div>\n<\/div>\n<div class=\"elementor-element elementor-element-8c57238 quelle dc-has-condition dc-condition-empty elementor-widget elementor-widget-heading\" data-id=\"8c57238\" data-element_type=\"widget\" data-widget_type=\"heading.default\">\n<div class=\"elementor-widget-container\">\n<h4 class=\"elementor-heading-title elementor-size-default\"><span dir=\"auto\">od Ricka Sterlinga<\/span><\/h4>\n<p><span style=\"font-size: 10pt;\"><a href=\"https:\/\/www.antiwar.com\/blog\/2025\/09\/21\/gazas-genocide-and-the-shifting-world-order-interview-with-chas-freeman\/\" target=\"_blank\" rel=\"nofollow noopener\"><span dir=\"auto\">Zdroj<\/span><\/a><\/span><\/p>\n<p><img decoding=\"async\" loading=\"lazy\" class=\"wp-image-86927 aligncenter\" src=\"http:\/\/www.infokuryr.cz\/n\/wp-content\/uploads\/2025\/09\/letak-volby-2025-konference-3-212x300.png\" alt=\"\" width=\"829\" height=\"1173\" srcset=\"https:\/\/www.infokuryr.cz\/n\/wp-content\/uploads\/2025\/09\/letak-volby-2025-konference-3-212x300.png 212w, https:\/\/www.infokuryr.cz\/n\/wp-content\/uploads\/2025\/09\/letak-volby-2025-konference-3-724x1024.png 724w, https:\/\/www.infokuryr.cz\/n\/wp-content\/uploads\/2025\/09\/letak-volby-2025-konference-3-768x1086.png 768w, https:\/\/www.infokuryr.cz\/n\/wp-content\/uploads\/2025\/09\/letak-volby-2025-konference-3-1086x1536.png 1086w, https:\/\/www.infokuryr.cz\/n\/wp-content\/uploads\/2025\/09\/letak-volby-2025-konference-3-1448x2048.png 1448w, https:\/\/www.infokuryr.cz\/n\/wp-content\/uploads\/2025\/09\/letak-volby-2025-konference-3-1024x1448.png 1024w\" sizes=\"(max-width: 829px) 100vw, 829px\" \/><\/p>\n<\/div>\n<\/div>\n","protected":false},"excerpt":{"rendered":"<p>\u201eDominance Z\u00e1padu nad sv\u011btem skon\u010dila.\u201c Chas Freeman je vysoce respektovan\u00fd americk\u00fd diplomat v d\u016fchodu. V\u00edce&#8230;<\/p>\n","protected":false},"author":2,"featured_media":88662,"comment_status":"closed","ping_status":"closed","sticky":false,"template":"","format":"standard","meta":[],"categories":[7],"tags":[348,178,1052,365],"_links":{"self":[{"href":"https:\/\/www.infokuryr.cz\/n\/wp-json\/wp\/v2\/posts\/88661"}],"collection":[{"href":"https:\/\/www.infokuryr.cz\/n\/wp-json\/wp\/v2\/posts"}],"about":[{"href":"https:\/\/www.infokuryr.cz\/n\/wp-json\/wp\/v2\/types\/post"}],"author":[{"embeddable":true,"href":"https:\/\/www.infokuryr.cz\/n\/wp-json\/wp\/v2\/users\/2"}],"replies":[{"embeddable":true,"href":"https:\/\/www.infokuryr.cz\/n\/wp-json\/wp\/v2\/comments?post=88661"}],"version-history":[{"count":0,"href":"https:\/\/www.infokuryr.cz\/n\/wp-json\/wp\/v2\/posts\/88661\/revisions"}],"wp:featuredmedia":[{"embeddable":true,"href":"https:\/\/www.infokuryr.cz\/n\/wp-json\/wp\/v2\/media\/88662"}],"wp:attachment":[{"href":"https:\/\/www.infokuryr.cz\/n\/wp-json\/wp\/v2\/media?parent=88661"}],"wp:term":[{"taxonomy":"category","embeddable":true,"href":"https:\/\/www.infokuryr.cz\/n\/wp-json\/wp\/v2\/categories?post=88661"},{"taxonomy":"post_tag","embeddable":true,"href":"https:\/\/www.infokuryr.cz\/n\/wp-json\/wp\/v2\/tags?post=88661"}],"curies":[{"name":"wp","href":"https:\/\/api.w.org\/{rel}","templated":true}]}}