{"id":88660,"date":"2025-09-27T00:18:01","date_gmt":"2025-09-26T22:18:01","guid":{"rendered":"https:\/\/www.infokuryr.cz\/n\/?p=88660"},"modified":"2025-09-26T11:51:12","modified_gmt":"2025-09-26T09:51:12","slug":"migrace-vede-k-terorismu-rika-madarsky-ministr-zahranici","status":"publish","type":"post","link":"https:\/\/www.infokuryr.cz\/n\/2025\/09\/27\/migrace-vede-k-terorismu-rika-madarsky-ministr-zahranici\/","title":{"rendered":"Migrace vede k terorismu, \u0159\u00edk\u00e1 ma\u010farsk\u00fd ministr zahrani\u010d\u00ed"},"content":{"rendered":"<div id=\"fb-root\"><\/div>\n<div class=\"elementor-element elementor-element-1fb4c2c elementor-widget elementor-widget-theme-post-content\" data-id=\"1fb4c2c\" data-element_type=\"widget\" data-widget_type=\"theme-post-content.default\">\n<div class=\"elementor-widget-container\">\n<p><strong><em><span dir=\"auto\">Zejm\u00e9na ty zem\u011b, kter\u00e9 p\u0159ij\u00edmaj\u00ed velk\u00e9 mno\u017estv\u00ed migrant\u016f a jsou proto v\u00edce posti\u017eeny teroristick\u00fdmi \u00fatoky, tuto hrozbu vyu\u017e\u00edvaj\u00ed jako ospravedln\u011bn\u00ed pro st\u00e1le komplexn\u011bj\u0161\u00ed sledov\u00e1n\u00ed cel\u00e9 sv\u00e9 populace.<\/span><\/em><\/strong><\/p>\n<p><span dir=\"auto\">\u201eMigra\u010dn\u00ed vlny poskytuj\u00ed lidem se zl\u00fdmi \u00famysly, v\u010detn\u011b terorist\u016f, p\u0159\u00edle\u017eitosti k voln\u00e9mu a neru\u0161en\u00e9mu pohybu,\u201c \u0159ekl P\u00e9ter Szijj\u00e1rt\u00f3 na zased\u00e1n\u00ed OSN.<\/span><\/p>\n<p><span dir=\"auto\">Ma\u010farsk\u00fd ministr zahrani\u010d\u00ed v \u00fater\u00fd v s\u00eddle OSN v New Yorku propojil masovou imigraci s terorismem.<\/span><\/p>\n<p><span dir=\"auto\">\u201eMa\u010farsk\u00e1 vl\u00e1da nen\u00ed p\u0159ipravena zm\u011bnit svou migra\u010dn\u00ed politiku kv\u016fli jak\u00e9mukoli tlaku, proto\u017ee opat\u0159en\u00ed jsou \u00fa\u010dinn\u00e1 a dr\u017eet neleg\u00e1ln\u00ed imigranty venku je spr\u00e1vn\u00e1 cesta,\u201c \u0159ekl ministr zahrani\u010d\u00ed a obchodu Szijj\u00e1rt\u00f3.<\/span><\/p>\n<p><span dir=\"auto\">Podle prohl\u00e1\u0161en\u00ed ministerstva zahrani\u010dn\u00edch v\u011bc\u00ed a obchodu, kter\u00e9 informuje\u00a0<\/span><em><span dir=\"auto\">Hirado<\/span><\/em><span dir=\"auto\">\u00a0, Szijj\u00e1rt\u00f3 pronesl sv\u00e9 pozn\u00e1mky b\u011bhem setk\u00e1n\u00ed o boji proti terorismu v Organizaci spojen\u00fdch n\u00e1rod\u016f.<\/span><\/p>\n<p><span dir=\"auto\">Hrozba terorismu je v\u011bt\u0161\u00ed ne\u017e kdy d\u0159\u00edve, \u0159ekl, p\u0159i\u010dem\u017e v\u00e1lky po cel\u00e9m sv\u011bt\u011b a z nich plynouc\u00ed migra\u010dn\u00ed vlny v\u00fdznamn\u011b p\u0159isp\u00edvaj\u00ed k nebezpe\u010dn\u00e9 dob\u011b, ve kter\u00e9 \u017eijeme.<\/span><\/p>\n<p><span dir=\"auto\">Je pozoruhodn\u00e9, \u017ee Ma\u010farsko v posledn\u00edch letech nezaznamenalo \u017e\u00e1dn\u00e9 teroristick\u00e9 \u00fatoky, zat\u00edmco zem\u011b, kter\u00e9 povolily masovou imigraci, jako je N\u011bmecko a Francie, se s v\u00e1\u017en\u00fdmi \u00fatoky pot\u00fdkaj\u00ed ji\u017e l\u00e9ta. V obou zem\u00edch vy\u0161et\u0159ovatel\u00e9 tak\u00e9 aktivn\u011b ma\u0159ili \u010detn\u00e9 \u00fatoky, z nich\u017e drtivou v\u011bt\u0161inu provedli isl\u00e1m\u0161t\u00ed extremist\u00e9.<\/span><\/p>\n<p><span dir=\"auto\">Ve skute\u010dnosti nejnov\u011bj\u0161\u00ed pololetn\u00ed data z N\u011bmecka uk\u00e1zala, \u017ee 99 procent z\u00e1va\u017en\u00fdch teroristick\u00fdch \u00fatok\u016f sp\u00e1chali radik\u00e1ln\u00ed islamist\u00e9.<\/span><\/p>\n<p><span dir=\"auto\">Szijj\u00e1rt\u00f3 zd\u016fraznil, \u017ee loni do\u0161lo po cel\u00e9m sv\u011bt\u011b k 3 495 teroristick\u00fdm \u00fatok\u016fm, a z\u00e1rove\u0148 pouk\u00e1zal na to, \u017ee Ma\u010farsko je v pop\u0159ed\u00ed neleg\u00e1ln\u00ed migrace, migranti se \u010dasto pokou\u0161ej\u00ed dostat do zem\u011b n\u00e1sil\u00edm.<\/span><\/p>\n<p><span dir=\"auto\">\u201eTerorismus je obvykle jedn\u00edm z hlavn\u00edch d\u016fvod\u016f, pro\u010d lid\u00e9 opou\u0161t\u011bj\u00ed sv\u00e9 domovy. Migra\u010dn\u00ed vlny poskytuj\u00ed lidem se zl\u00fdmi \u00famysly, v\u010detn\u011b terorist\u016f, p\u0159\u00edle\u017eitost voln\u011b a bez p\u0159ek\u00e1\u017eek se pohybovat mezi r\u016fzn\u00fdmi \u010d\u00e1stmi sv\u011bta,\u201c \u0159ekl.<\/span><\/p>\n<p><span dir=\"auto\">Ma\u010farsko dlouhodob\u011b poukazuje na sousedn\u00ed N\u011bmecko a jeho akceptov\u00e1n\u00ed masov\u00e9 imigrace jako hlavn\u00ed faktor poh\u00e1n\u011bj\u00edc\u00ed terorismus v t\u00e9to zemi.<\/span><\/p>\n<p><span dir=\"auto\">Zejm\u00e9na N\u011bmci si toto riziko uv\u011bdomuj\u00ed. Pr\u016fzkum z roku 2023 zjistil, \u017ee 71,1 procenta respondent\u016f se domn\u00edv\u00e1, \u017ee imigrace z muslimsk\u00fdch zem\u00ed p\u0159edstavuje pro N\u011bmecko bezpe\u010dnostn\u00ed riziko. Od t\u00e9 doby N\u011bmecko zas\u00e1hla \u0159ada podobn\u00fdch teroristick\u00fdch \u00fatok\u016f.<\/span><\/p>\n<\/div>\n<\/div>\n<div class=\"elementor-element elementor-element-8c57238 quelle dc-has-condition dc-condition-empty elementor-widget elementor-widget-heading\" data-id=\"8c57238\" data-element_type=\"widget\" data-widget_type=\"heading.default\">\n<div class=\"elementor-widget-container\">\n<h3 class=\"elementor-heading-title elementor-size-default\"><span style=\"font-size: 10pt;\"><a href=\"https:\/\/rmx.news\/hungary\/migration-leads-to-terrorism-says-hungarys-foreign-minister\/\" target=\"_blank\" rel=\"nofollow noopener\"><span dir=\"auto\">Zdroj<\/span><\/a><\/span><\/h3>\n<p><img decoding=\"async\" loading=\"lazy\" class=\"wp-image-86927 aligncenter\" src=\"http:\/\/www.infokuryr.cz\/n\/wp-content\/uploads\/2025\/09\/letak-volby-2025-konference-3-212x300.png\" alt=\"\" width=\"829\" height=\"1173\" srcset=\"https:\/\/www.infokuryr.cz\/n\/wp-content\/uploads\/2025\/09\/letak-volby-2025-konference-3-212x300.png 212w, https:\/\/www.infokuryr.cz\/n\/wp-content\/uploads\/2025\/09\/letak-volby-2025-konference-3-724x1024.png 724w, https:\/\/www.infokuryr.cz\/n\/wp-content\/uploads\/2025\/09\/letak-volby-2025-konference-3-768x1086.png 768w, https:\/\/www.infokuryr.cz\/n\/wp-content\/uploads\/2025\/09\/letak-volby-2025-konference-3-1086x1536.png 1086w, https:\/\/www.infokuryr.cz\/n\/wp-content\/uploads\/2025\/09\/letak-volby-2025-konference-3-1448x2048.png 1448w, https:\/\/www.infokuryr.cz\/n\/wp-content\/uploads\/2025\/09\/letak-volby-2025-konference-3-1024x1448.png 1024w\" sizes=\"(max-width: 829px) 100vw, 829px\" \/><\/p>\n<\/div>\n<\/div>\n","protected":false},"excerpt":{"rendered":"<p>Zejm\u00e9na ty zem\u011b, kter\u00e9 p\u0159ij\u00edmaj\u00ed velk\u00e9 mno\u017estv\u00ed migrant\u016f a jsou proto v\u00edce posti\u017eeny teroristick\u00fdmi \u00fatoky,&#8230;<\/p>\n","protected":false},"author":2,"featured_media":67562,"comment_status":"closed","ping_status":"closed","sticky":false,"template":"","format":"standard","meta":[],"categories":[7],"tags":[1095,458,2703],"_links":{"self":[{"href":"https:\/\/www.infokuryr.cz\/n\/wp-json\/wp\/v2\/posts\/88660"}],"collection":[{"href":"https:\/\/www.infokuryr.cz\/n\/wp-json\/wp\/v2\/posts"}],"about":[{"href":"https:\/\/www.infokuryr.cz\/n\/wp-json\/wp\/v2\/types\/post"}],"author":[{"embeddable":true,"href":"https:\/\/www.infokuryr.cz\/n\/wp-json\/wp\/v2\/users\/2"}],"replies":[{"embeddable":true,"href":"https:\/\/www.infokuryr.cz\/n\/wp-json\/wp\/v2\/comments?post=88660"}],"version-history":[{"count":0,"href":"https:\/\/www.infokuryr.cz\/n\/wp-json\/wp\/v2\/posts\/88660\/revisions"}],"wp:featuredmedia":[{"embeddable":true,"href":"https:\/\/www.infokuryr.cz\/n\/wp-json\/wp\/v2\/media\/67562"}],"wp:attachment":[{"href":"https:\/\/www.infokuryr.cz\/n\/wp-json\/wp\/v2\/media?parent=88660"}],"wp:term":[{"taxonomy":"category","embeddable":true,"href":"https:\/\/www.infokuryr.cz\/n\/wp-json\/wp\/v2\/categories?post=88660"},{"taxonomy":"post_tag","embeddable":true,"href":"https:\/\/www.infokuryr.cz\/n\/wp-json\/wp\/v2\/tags?post=88660"}],"curies":[{"name":"wp","href":"https:\/\/api.w.org\/{rel}","templated":true}]}}