{"id":88659,"date":"2025-09-27T00:17:12","date_gmt":"2025-09-26T22:17:12","guid":{"rendered":"https:\/\/www.infokuryr.cz\/n\/?p=88659"},"modified":"2025-09-26T11:47:43","modified_gmt":"2025-09-26T09:47:43","slug":"vysetrovatel-ministerstva-spravedlnosti-odhaluje-epstein-pracoval-pro-cia-a-divky-byly-znasilnovany-pred-clintonem","status":"publish","type":"post","link":"https:\/\/www.infokuryr.cz\/n\/2025\/09\/27\/vysetrovatel-ministerstva-spravedlnosti-odhaluje-epstein-pracoval-pro-cia-a-divky-byly-znasilnovany-pred-clintonem\/","title":{"rendered":"Vy\u0161et\u0159ovatel ministerstva spravedlnosti odhaluje: \u201eEpstein pracoval pro CIA a d\u00edvky byly zn\u00e1sil\u0148ov\u00e1ny p\u0159ed Clintonem\u201c"},"content":{"rendered":"<div id=\"fb-root\"><\/div>\n<div class=\"elementor-element elementor-element-1fb4c2c elementor-widget elementor-widget-theme-post-content\" data-id=\"1fb4c2c\" data-element_type=\"widget\" data-widget_type=\"theme-post-content.default\">\n<div class=\"elementor-widget-container\">\n<p><span dir=\"auto\">Glenn Prager, vy\u0161et\u0159ovatel, kter\u00fd na p\u0159\u00edpadu Epstein pracoval v\u00edce ne\u017e 20 let na americk\u00e9m ministerstvu spravedlnosti, odhalil, \u017ee Jeffrey Epstein pracoval pro CIA. Potvrdil tak\u00e9, \u017ee v letadle pedofila byly d\u00edvky zn\u00e1siln\u011bny za p\u0159\u00edtomnosti b\u00fdval\u00e9ho prezidenta Billa Clintona.<\/span><\/p>\n<p><span dir=\"auto\">Vy\u0161et\u0159ovatel d\u00e1le vysv\u011btlil, \u017ee prezident Trump, kter\u00fd ozna\u010dil spisy o Epsteinovi za \u201epodvod\u201c, je pou\u017e\u00edval k ochran\u011b mnoha dal\u0161\u00edch lid\u00ed, kte\u0159\u00ed tak\u00e9 let\u011bli na palub\u011b nechvaln\u011b zn\u00e1m\u00e9ho \u201eLolita Expressu\u201c. S\u00e1m Trump v\u0161ak nem\u00e1 co skr\u00fdvat, tvrdil Prager.<\/span><\/p>\n<div class=\"twitter-tweet twitter-tweet-rendered\"><iframe id=\"twitter-widget-0\" class=\"\" title=\"X Post\" src=\"https:\/\/platform.twitter.com\/embed\/Tweet.html?dnt=false&amp;embedId=twitter-widget-0&amp;features=eyJ0ZndfdGltZWxpbmVfbGlzdCI6eyJidWNrZXQiOltdLCJ2ZXJzaW9uIjpudWxsfSwidGZ3X2ZvbGxvd2VyX2NvdW50X3N1bnNldCI6eyJidWNrZXQiOnRydWUsInZlcnNpb24iOm51bGx9LCJ0ZndfdHdlZXRfZWRpdF9iYWNrZW5kIjp7ImJ1Y2tldCI6Im9uIiwidmVyc2lvbiI6bnVsbH0sInRmd19yZWZzcmNfc2Vzc2lvbiI6eyJidWNrZXQiOiJvbiIsInZlcnNpb24iOm51bGx9LCJ0ZndfZm9zbnJfc29mdF9pbnRlcnZlbnRpb25zX2VuYWJsZWQiOnsiYnVja2V0Ijoib24iLCJ2ZXJzaW9uIjpudWxsfSwidGZ3X21peGVkX21lZGlhXzE1ODk3Ijp7ImJ1Y2tldCI6InRyZWF0bWVudCIsInZlcnNpb24iOm51bGx9LCJ0ZndfZXhwZXJpbWVudHNfY29va2llX2V4cGlyYXRpb24iOnsiYnVja2V0IjoxMjA5NjAwLCJ2ZXJzaW9uIjpudWxsfSwidGZ3X3Nob3dfYmlyZHdhdGNoX3Bpdm90c19lbmFibGVkIjp7ImJ1Y2tldCI6Im9uIiwidmVyc2lvbiI6bnVsbH0sInRmd19kdXBsaWNhdGVfc2NyaWJlc190b19zZXR0aW5ncyI6eyJidWNrZXQiOiJvbiIsInZlcnNpb24iOm51bGx9LCJ0ZndfdXNlX3Byb2ZpbGVfaW1hZ2Vfc2hhcGVfZW5hYmxlZCI6eyJidWNrZXQiOiJvbiIsInZlcnNpb24iOm51bGx9LCJ0ZndfdmlkZW9faGxzX2R5bmFtaWNfbWFuaWZlc3RzXzE1MDgyIjp7ImJ1Y2tldCI6InRydWVfYml0cmF0ZSIsInZlcnNpb24iOm51bGx9LCJ0ZndfbGVnYWN5X3RpbWVsaW5lX3N1bnNldCI6eyJidWNrZXQiOnRydWUsInZlcnNpb24iOm51bGx9LCJ0ZndfdHdlZXRfZWRpdF9mcm9udGVuZCI6eyJidWNrZXQiOiJvbiIsInZlcnNpb24iOm51bGx9fQ%3D%3D&amp;frame=false&amp;hideCard=false&amp;hideThread=false&amp;id=1971101712665772255&amp;lang=cs&amp;origin=https%3A%2F%2Funcutnews.ch%2Fermittler-des-justizministeriums-enthuellt-epstein-war-bei-der-cia-und-maedchen-wurden-vor-clinton-vergewaltigt%2F&amp;sessionId=4a55857a8cad42e8dd0a8536bb5ea296c4b0b30c&amp;theme=light&amp;widgetsVersion=2615f7e52b7e0%3A1702314776716&amp;width=550px\" frameborder=\"0\" scrolling=\"no\" allowfullscreen=\"allowfullscreen\" data-tweet-id=\"1971101712665772255\" data-mce-fragment=\"1\"><\/iframe><\/div>\n<h3 class=\"wp-block-heading\"><span dir=\"auto\">Inform\u00e1tor CIA<\/span><\/h3>\n<p><span dir=\"auto\">Prager uvedl, \u017ee ministerstvo spravedlnosti necht\u011blo proti Epsteinovi zakro\u010dit, proto\u017ee pracoval pro USA i Izrael. Jeho v\u00fdpov\u011bdi byly nahr\u00e1v\u00e1ny skryt\u00fdmi kamerami.<\/span><\/p>\n<p><em><span dir=\"auto\">\u201eZat\u00edm se nic nev\u00ed, ale brzy vyjde najevo, \u017ee [Epstein] byl inform\u00e1torem CIA.\u201c<\/span><\/em><\/p>\n<h3 class=\"wp-block-heading\"><span dir=\"auto\">\u00daplatk\u00e1\u0159stv\u00ed ob\u011bt\u00ed<\/span><\/h3>\n<p><span dir=\"auto\">Prager tak\u00e9 uvedl, \u017ee vyslechl v\u0161echny ob\u011bti. Jakmile se v\u0161ak dostavily k soudu, n\u00e1hle zm\u011bnily sv\u016fj postoj \u2013 \u201ejako list, kter\u00fd se ot\u00e1\u010d\u00ed ve v\u011btru\u201c. Epstein je v\u0161echny podplatil.<\/span><\/p>\n<p><span dir=\"auto\">Podle ministerstva spravedlnosti si v\u0161ak Prager \u201ev\u0161echno vym\u00fd\u0161l\u00ed\u201c.<\/span><\/p>\n<p><span dir=\"auto\">Kompletn\u00ed video:<\/span><\/p>\n<div class=\"twitter-tweet twitter-tweet-rendered\"><iframe id=\"twitter-widget-1\" class=\"\" title=\"X Post\" src=\"https:\/\/platform.twitter.com\/embed\/Tweet.html?dnt=false&amp;embedId=twitter-widget-1&amp;features=eyJ0ZndfdGltZWxpbmVfbGlzdCI6eyJidWNrZXQiOltdLCJ2ZXJzaW9uIjpudWxsfSwidGZ3X2ZvbGxvd2VyX2NvdW50X3N1bnNldCI6eyJidWNrZXQiOnRydWUsInZlcnNpb24iOm51bGx9LCJ0ZndfdHdlZXRfZWRpdF9iYWNrZW5kIjp7ImJ1Y2tldCI6Im9uIiwidmVyc2lvbiI6bnVsbH0sInRmd19yZWZzcmNfc2Vzc2lvbiI6eyJidWNrZXQiOiJvbiIsInZlcnNpb24iOm51bGx9LCJ0ZndfZm9zbnJfc29mdF9pbnRlcnZlbnRpb25zX2VuYWJsZWQiOnsiYnVja2V0Ijoib24iLCJ2ZXJzaW9uIjpudWxsfSwidGZ3X21peGVkX21lZGlhXzE1ODk3Ijp7ImJ1Y2tldCI6InRyZWF0bWVudCIsInZlcnNpb24iOm51bGx9LCJ0ZndfZXhwZXJpbWVudHNfY29va2llX2V4cGlyYXRpb24iOnsiYnVja2V0IjoxMjA5NjAwLCJ2ZXJzaW9uIjpudWxsfSwidGZ3X3Nob3dfYmlyZHdhdGNoX3Bpdm90c19lbmFibGVkIjp7ImJ1Y2tldCI6Im9uIiwidmVyc2lvbiI6bnVsbH0sInRmd19kdXBsaWNhdGVfc2NyaWJlc190b19zZXR0aW5ncyI6eyJidWNrZXQiOiJvbiIsInZlcnNpb24iOm51bGx9LCJ0ZndfdXNlX3Byb2ZpbGVfaW1hZ2Vfc2hhcGVfZW5hYmxlZCI6eyJidWNrZXQiOiJvbiIsInZlcnNpb24iOm51bGx9LCJ0ZndfdmlkZW9faGxzX2R5bmFtaWNfbWFuaWZlc3RzXzE1MDgyIjp7ImJ1Y2tldCI6InRydWVfYml0cmF0ZSIsInZlcnNpb24iOm51bGx9LCJ0ZndfbGVnYWN5X3RpbWVsaW5lX3N1bnNldCI6eyJidWNrZXQiOnRydWUsInZlcnNpb24iOm51bGx9LCJ0ZndfdHdlZXRfZWRpdF9mcm9udGVuZCI6eyJidWNrZXQiOiJvbiIsInZlcnNpb24iOm51bGx9fQ%3D%3D&amp;frame=false&amp;hideCard=false&amp;hideThread=false&amp;id=1970945090412498949&amp;lang=cs&amp;origin=https%3A%2F%2Funcutnews.ch%2Fermittler-des-justizministeriums-enthuellt-epstein-war-bei-der-cia-und-maedchen-wurden-vor-clinton-vergewaltigt%2F&amp;sessionId=4a55857a8cad42e8dd0a8536bb5ea296c4b0b30c&amp;theme=light&amp;widgetsVersion=2615f7e52b7e0%3A1702314776716&amp;width=550px\" frameborder=\"0\" scrolling=\"no\" allowfullscreen=\"allowfullscreen\" data-tweet-id=\"1970945090412498949\" data-mce-fragment=\"1\"><\/iframe><\/div>\n<\/div>\n<\/div>\n<div class=\"elementor-element elementor-element-46a8472 elementor-grid-3 elementor-grid-tablet-2 elementor-grid-mobile-1 elementor-posts--thumbnail-top elementor-widget elementor-widget-posts\" data-id=\"46a8472\" data-element_type=\"widget\" data-settings=\"{&quot;classic_row_gap&quot;:{&quot;unit&quot;:&quot;px&quot;,&quot;size&quot;:25,&quot;sizes&quot;:[]},&quot;classic_columns&quot;:&quot;3&quot;,&quot;classic_columns_tablet&quot;:&quot;2&quot;,&quot;classic_columns_mobile&quot;:&quot;1&quot;,&quot;classic_row_gap_tablet&quot;:{&quot;unit&quot;:&quot;px&quot;,&quot;size&quot;:&quot;&quot;,&quot;sizes&quot;:[]},&quot;classic_row_gap_mobile&quot;:{&quot;unit&quot;:&quot;px&quot;,&quot;size&quot;:&quot;&quot;,&quot;sizes&quot;:[]}}\" data-widget_type=\"posts.classic\">\n<div class=\"elementor-widget-container\">\n<div class=\"elementor-posts-container elementor-posts elementor-posts--skin-classic elementor-grid elementor-has-item-ratio\" role=\"list\">\n<article class=\"elementor-post elementor-grid-item post-485564 post type-post status-publish format-standard has-post-thumbnail hentry category-usa\" role=\"listitem\">\n<div class=\"elementor-post__thumbnail\">\n<img decoding=\"async\" loading=\"lazy\" class=\"alignnone size-full wp-image-1185\" src=\"http:\/\/www.infokuryr.cz\/n\/wp-content\/uploads\/2021\/04\/kuryr-podpis.png\" alt=\"\" width=\"84\" height=\"24\" \/><\/p>\n<p><img decoding=\"async\" loading=\"lazy\" class=\"wp-image-86927 aligncenter\" src=\"http:\/\/www.infokuryr.cz\/n\/wp-content\/uploads\/2025\/09\/letak-volby-2025-konference-3-212x300.png\" alt=\"\" width=\"859\" height=\"1216\" srcset=\"https:\/\/www.infokuryr.cz\/n\/wp-content\/uploads\/2025\/09\/letak-volby-2025-konference-3-212x300.png 212w, https:\/\/www.infokuryr.cz\/n\/wp-content\/uploads\/2025\/09\/letak-volby-2025-konference-3-724x1024.png 724w, https:\/\/www.infokuryr.cz\/n\/wp-content\/uploads\/2025\/09\/letak-volby-2025-konference-3-768x1086.png 768w, https:\/\/www.infokuryr.cz\/n\/wp-content\/uploads\/2025\/09\/letak-volby-2025-konference-3-1086x1536.png 1086w, https:\/\/www.infokuryr.cz\/n\/wp-content\/uploads\/2025\/09\/letak-volby-2025-konference-3-1448x2048.png 1448w, https:\/\/www.infokuryr.cz\/n\/wp-content\/uploads\/2025\/09\/letak-volby-2025-konference-3-1024x1448.png 1024w\" sizes=\"(max-width: 859px) 100vw, 859px\" \/><\/div>\n<\/article>\n<\/div>\n<\/div>\n<\/div>\n","protected":false},"excerpt":{"rendered":"<p>Glenn Prager, vy\u0161et\u0159ovatel, kter\u00fd na p\u0159\u00edpadu Epstein pracoval v\u00edce ne\u017e 20 let na americk\u00e9m ministerstvu&#8230;<\/p>\n","protected":false},"author":2,"featured_media":43979,"comment_status":"closed","ping_status":"closed","sticky":false,"template":"","format":"standard","meta":[],"categories":[7],"tags":[562,4710,6249],"_links":{"self":[{"href":"https:\/\/www.infokuryr.cz\/n\/wp-json\/wp\/v2\/posts\/88659"}],"collection":[{"href":"https:\/\/www.infokuryr.cz\/n\/wp-json\/wp\/v2\/posts"}],"about":[{"href":"https:\/\/www.infokuryr.cz\/n\/wp-json\/wp\/v2\/types\/post"}],"author":[{"embeddable":true,"href":"https:\/\/www.infokuryr.cz\/n\/wp-json\/wp\/v2\/users\/2"}],"replies":[{"embeddable":true,"href":"https:\/\/www.infokuryr.cz\/n\/wp-json\/wp\/v2\/comments?post=88659"}],"version-history":[{"count":0,"href":"https:\/\/www.infokuryr.cz\/n\/wp-json\/wp\/v2\/posts\/88659\/revisions"}],"wp:featuredmedia":[{"embeddable":true,"href":"https:\/\/www.infokuryr.cz\/n\/wp-json\/wp\/v2\/media\/43979"}],"wp:attachment":[{"href":"https:\/\/www.infokuryr.cz\/n\/wp-json\/wp\/v2\/media?parent=88659"}],"wp:term":[{"taxonomy":"category","embeddable":true,"href":"https:\/\/www.infokuryr.cz\/n\/wp-json\/wp\/v2\/categories?post=88659"},{"taxonomy":"post_tag","embeddable":true,"href":"https:\/\/www.infokuryr.cz\/n\/wp-json\/wp\/v2\/tags?post=88659"}],"curies":[{"name":"wp","href":"https:\/\/api.w.org\/{rel}","templated":true}]}}