{"id":88644,"date":"2025-09-26T07:37:49","date_gmt":"2025-09-26T05:37:49","guid":{"rendered":"https:\/\/www.infokuryr.cz\/n\/?p=88644"},"modified":"2025-09-26T07:37:49","modified_gmt":"2025-09-26T05:37:49","slug":"izraelske-utoky-z-pomsty-znicily-jemenske-hlavni-mesto","status":"publish","type":"post","link":"https:\/\/www.infokuryr.cz\/n\/2025\/09\/26\/izraelske-utoky-z-pomsty-znicily-jemenske-hlavni-mesto\/","title":{"rendered":"Izraelsk\u00e9 \u00fatoky z pomsty zni\u010dily jemensk\u00e9 hlavn\u00ed m\u011bsto"},"content":{"rendered":"<div id=\"fb-root\"><\/div>\n<p><strong><span dir=\"auto\">Vlna izraelsk\u00fdch \u00fader\u016f zas\u00e1hla 25. z\u00e1\u0159\u00ed jemensk\u00e9 hlavn\u00ed m\u011bsto San\u00e1, kter\u00e9 ovl\u00e1daj\u00ed H\u00fat\u00edov\u00e9 (AnsarAll\u00e1h), a zp\u016fsobila si ob\u011bti a \u0161kody.<\/span><\/strong><\/p>\n<p><span dir=\"auto\">B\u011bhem \u00fatoku ministr obrany Israel Katz chv\u00e1lil to, co nazval \u201esiln\u00fdmi\u201c \u00fadery proti c\u00edl\u016fm H\u00fat\u00ed\u016f v San\u00e1.<\/span><\/p>\n<p><em><span dir=\"auto\">\u201eIzraelsk\u00e9 obrann\u00e9 s\u00edly (IDF) za\u00fato\u010dily na n\u011bkolik vojensk\u00fdch t\u00e1bor\u016f, v\u010detn\u011b t\u00e1bora gener\u00e1ln\u00edho \u0161t\u00e1bu H\u00fat\u00ed\u016f, zlikvidovaly des\u00edtky teroristick\u00fdch agent\u016f H\u00fat\u00ed\u016f a zni\u010dily z\u00e1soby bezpilotn\u00edch letoun\u016f a zbran\u00ed,\u201c uvedl ministr ve sv\u00e9m prohl\u00e1\u0161en\u00ed.<\/span><\/em><\/p>\n<p><span dir=\"auto\">Izraelsk\u00e9 obrann\u00e9 s\u00edly (IDF) pozd\u011bji ve sv\u00e9m prohl\u00e1\u0161en\u00ed uvedly, \u017ee \u00fadery proveden\u00e9 izraelsk\u00fdm letectvem (IAF) zas\u00e1hly c\u00edle pat\u0159\u00edc\u00ed \u201ebezpe\u010dnostn\u00edmu a zpravodajsk\u00e9mu apar\u00e1tu\u201c a arm\u00e1d\u011b H\u00fat\u00ed\u016f, v\u010detn\u011b velitelstv\u00ed gener\u00e1ln\u00edho \u0161t\u00e1bu skupiny, komplex\u016f pat\u0159\u00edc\u00edch bezpe\u010dnostn\u00edmu a zpravodajsk\u00e9mu apar\u00e1tu, velitelstv\u00ed \u201epropagandistick\u00e9ho odd\u011blen\u00ed\u201c skupiny a dal\u0161\u00edch vojensk\u00fdch t\u00e1bor\u016f, kde byly skladov\u00e1ny zbran\u011b a shroma\u017e\u010fov\u00e1ni agenti.<\/span><\/p>\n<p><span dir=\"auto\">B\u011bhem \u00fatoku, kter\u00fd podle IDF zahrnoval i dopl\u0148ov\u00e1n\u00ed paliva ve vzduchu, shodilo p\u0159ibli\u017en\u011b 20 st\u00edha\u010dek IAF na sedm c\u00edl\u016f v\u00edce ne\u017e 65 kus\u016f munice.<\/span><\/p>\n<p><span dir=\"auto\">Z\u00e1b\u011bry ze San\u00e1 ukazuj\u00ed velk\u00e9 v\u00fdbuchy v samotn\u00e9m m\u011bst\u011b a ministerstvo zdravotnictv\u00ed veden\u00e9 H\u00fat\u00edy pozd\u011bji informovalo, \u017ee izraelsk\u00e9 \u00fadery zabily dva lidi a v\u00edce ne\u017e 48 dal\u0161\u00edch zranily.<\/span><\/p>\n<p><iframe loading=\"lazy\" src=\"https:\/\/s5.cdnstatic.space\/wp-content\/uploads\/2025\/09\/sanaaa1-1.mp4\" width=\"600\" height=\"338\" data-mce-fragment=\"1\"><\/iframe><\/p>\n<p><iframe loading=\"lazy\" src=\"https:\/\/s5.cdnstatic.space\/wp-content\/uploads\/2025\/09\/sanaaa2-1.mp4\" width=\"600\" height=\"338\" data-mce-fragment=\"1\"><\/iframe><\/p>\n<p><iframe loading=\"lazy\" src=\"https:\/\/s5.cdnstatic.space\/wp-content\/uploads\/2025\/09\/sanaaa.mp4\" width=\"600\" height=\"338\" data-mce-fragment=\"1\"><\/iframe><\/p>\n<p><span dir=\"auto\">\u00datok IDF byl zjevn\u011b zam\u00fd\u0161len jako reakce na dva \u00fatoky dron\u016f H\u00fat\u00ed\u016f, kter\u00e9 zas\u00e1hly jihoizraelsk\u00e9 p\u0159\u00edstavn\u00ed m\u011bsto Ejlat 19. a 24. z\u00e1\u0159\u00ed. Druh\u00fd \u00fatok si vy\u017e\u00e1dal v\u00edce ne\u017e 20 zran\u011bn\u00fdch, v\u010detn\u011b dvou, kte\u0159\u00ed jsou \u00fadajn\u011b ve v\u00e1\u017en\u00e9m stavu.<\/span><\/p>\n<p><span dir=\"auto\">V posledn\u00edch t\u00fddnech Izrael eskaloval sv\u00e9 \u00fatoky na Jemen v nov\u00e9 snaze odstra\u0161it H\u00fat\u00ede. Koncem srpna p\u0159i \u00fatoc\u00edch na San\u00e1 zabil Ahmada al-Rahawiho, premi\u00e9ra vl\u00e1dy veden\u00e9 touto skupinou, spolu s dal\u0161\u00edmi ministry. Pot\u00e9 za\u010d\u00e1tkem z\u00e1\u0159\u00ed ve dvou samostatn\u00fdch vln\u00e1ch \u00fader\u016f zabil p\u0159es 30 novin\u00e1\u0159\u016f pracuj\u00edc\u00edch v m\u00e9di\u00edch napojen\u00fdch na tuto skupinu a za\u010d\u00e1tkem z\u00e1\u0159\u00ed zdevastoval p\u0159\u00edstav al-Hodajda na z\u00e1pad\u011b zem\u011b.<\/span><\/p>\n<p><span dir=\"auto\">Izraelsk\u00e9 \u00fatoky zat\u00edm nem\u011bly na H\u00fat\u00edye \u017e\u00e1dn\u00fd vliv. Od 18. b\u0159ezna, kdy IDF obnovila ofenz\u00edvu proti Ham\u00e1su v p\u00e1smu Gazy, skupina na Izrael odp\u00e1lila t\u00e9m\u011b\u0159 90 balistick\u00fdch raket a nejm\u00e9n\u011b 40 dron\u016f.<\/span><\/p>\n<p><span dir=\"auto\">Katz ned\u00e1vno sl\u00edbil, \u017ee po\u0161le Abdal-Malika al-H\u00fat\u00edho, v\u016fdce skupiny, do \u201ehlubin pekla\u201c a \u017ee jeho skupina ztrat\u00ed kontrolu nad San\u00e1.<\/span><\/p>\n<p><span dir=\"auto\">A\u010dkoli je Izrael evidentn\u011b odhodl\u00e1n j\u00edt po H\u00fat\u00ed\u00edch, jeho mo\u017enosti v tomto ohledu z\u016fst\u00e1vaj\u00ed omezen\u00e9 vzhledem k tomu, \u017ee Jemen se nach\u00e1z\u00ed asi 2 000 kilometr\u016f daleko. \u00datoky H\u00fat\u00ed\u016f na zemi se mezit\u00edm zdaj\u00ed b\u00fdt ka\u017ed\u00fdm t\u00fddnem p\u0159esn\u011bj\u0161\u00ed.<\/span><\/p>\n<p><img decoding=\"async\" loading=\"lazy\" class=\"alignnone size-full wp-image-1185\" src=\"http:\/\/www.infokuryr.cz\/n\/wp-content\/uploads\/2021\/04\/kuryr-podpis.png\" alt=\"\" width=\"84\" height=\"24\" \/><\/p>\n<p><img decoding=\"async\" loading=\"lazy\" class=\"wp-image-86927 aligncenter\" src=\"http:\/\/www.infokuryr.cz\/n\/wp-content\/uploads\/2025\/09\/letak-volby-2025-konference-3-212x300.png\" alt=\"\" width=\"782\" height=\"1107\" srcset=\"https:\/\/www.infokuryr.cz\/n\/wp-content\/uploads\/2025\/09\/letak-volby-2025-konference-3-212x300.png 212w, https:\/\/www.infokuryr.cz\/n\/wp-content\/uploads\/2025\/09\/letak-volby-2025-konference-3-724x1024.png 724w, https:\/\/www.infokuryr.cz\/n\/wp-content\/uploads\/2025\/09\/letak-volby-2025-konference-3-768x1086.png 768w, https:\/\/www.infokuryr.cz\/n\/wp-content\/uploads\/2025\/09\/letak-volby-2025-konference-3-1086x1536.png 1086w, https:\/\/www.infokuryr.cz\/n\/wp-content\/uploads\/2025\/09\/letak-volby-2025-konference-3-1448x2048.png 1448w, https:\/\/www.infokuryr.cz\/n\/wp-content\/uploads\/2025\/09\/letak-volby-2025-konference-3-1024x1448.png 1024w\" sizes=\"(max-width: 782px) 100vw, 782px\" \/><\/p>\n","protected":false},"excerpt":{"rendered":"<p>Vlna izraelsk\u00fdch \u00fader\u016f zas\u00e1hla 25. z\u00e1\u0159\u00ed jemensk\u00e9 hlavn\u00ed m\u011bsto San\u00e1, kter\u00e9 ovl\u00e1daj\u00ed H\u00fat\u00edov\u00e9 (AnsarAll\u00e1h), a&#8230;<\/p>\n","protected":false},"author":2,"featured_media":64078,"comment_status":"closed","ping_status":"closed","sticky":false,"template":"","format":"standard","meta":[],"categories":[7],"tags":[107,1400,1863,5135],"_links":{"self":[{"href":"https:\/\/www.infokuryr.cz\/n\/wp-json\/wp\/v2\/posts\/88644"}],"collection":[{"href":"https:\/\/www.infokuryr.cz\/n\/wp-json\/wp\/v2\/posts"}],"about":[{"href":"https:\/\/www.infokuryr.cz\/n\/wp-json\/wp\/v2\/types\/post"}],"author":[{"embeddable":true,"href":"https:\/\/www.infokuryr.cz\/n\/wp-json\/wp\/v2\/users\/2"}],"replies":[{"embeddable":true,"href":"https:\/\/www.infokuryr.cz\/n\/wp-json\/wp\/v2\/comments?post=88644"}],"version-history":[{"count":0,"href":"https:\/\/www.infokuryr.cz\/n\/wp-json\/wp\/v2\/posts\/88644\/revisions"}],"wp:featuredmedia":[{"embeddable":true,"href":"https:\/\/www.infokuryr.cz\/n\/wp-json\/wp\/v2\/media\/64078"}],"wp:attachment":[{"href":"https:\/\/www.infokuryr.cz\/n\/wp-json\/wp\/v2\/media?parent=88644"}],"wp:term":[{"taxonomy":"category","embeddable":true,"href":"https:\/\/www.infokuryr.cz\/n\/wp-json\/wp\/v2\/categories?post=88644"},{"taxonomy":"post_tag","embeddable":true,"href":"https:\/\/www.infokuryr.cz\/n\/wp-json\/wp\/v2\/tags?post=88644"}],"curies":[{"name":"wp","href":"https:\/\/api.w.org\/{rel}","templated":true}]}}