{"id":88618,"date":"2025-09-26T06:34:27","date_gmt":"2025-09-26T04:34:27","guid":{"rendered":"https:\/\/www.infokuryr.cz\/n\/?p=88618"},"modified":"2025-09-26T06:34:27","modified_gmt":"2025-09-26T04:34:27","slug":"kyjev-se-zameril-na-ruskou-jadernou-elektrarnu-behem-navstevy-sefa-osn-pro-atomovou-energii-v-moskve","status":"publish","type":"post","link":"https:\/\/www.infokuryr.cz\/n\/2025\/09\/26\/kyjev-se-zameril-na-ruskou-jadernou-elektrarnu-behem-navstevy-sefa-osn-pro-atomovou-energii-v-moskve\/","title":{"rendered":"Kyjev se zam\u011b\u0159il na ruskou jadernou elektr\u00e1rnu b\u011bhem n\u00e1v\u0161t\u011bvy \u0161\u00e9fa OSN pro atomovou energii v Moskv\u011b"},"content":{"rendered":"<div id=\"fb-root\"><\/div>\n<h3>Rafael Grossi se z\u00fa\u010dastnil Sv\u011btov\u00e9ho atomov\u00e9ho f\u00f3ra a jednal s rusk\u00fdm prezidentem Vladimirem Putinem<\/h3>\n<p data-start=\"128\" data-end=\"318\"><span dir=\"auto\">Ukrajinsk\u00fd dron se ve \u010dtvrtek pokusil zas\u00e1hnout Kurskou jadernou elektr\u00e1rnu-2, a to pr\u00e1v\u011b v dob\u011b, kdy \u0161\u00e9f jadern\u00e9 ochrany OSN Rafael Grossi b\u011bhem sv\u00e9 n\u00e1v\u0161t\u011bvy Moskvy chv\u00e1lil rusk\u00fd pokrok v jadern\u00fdch technologi\u00edch.<\/span><\/p>\n<p data-start=\"536\" data-end=\"881\"><span dir=\"auto\">Guvern\u00e9r kursk\u00e9 oblasti Alexandr Chin\u0161tejn uvedl, \u017ee bezpilotn\u00ed letoun zas\u00e1hl jednu z pomocn\u00fdch budov na staveni\u0161ti ve m\u011bst\u011b Kur\u010datov, p\u0159i\u010dem\u017e zdi byly poset\u00e9 \u0161rapnely, ale nezp\u016fsobil po\u017e\u00e1r ani ob\u011bti. Provozovatel elektr\u00e1rny, spole\u010dnost Rosenergoatom, uvedl, \u017ee za\u0159\u00edzen\u00ed nad\u00e1le funguje norm\u00e1ln\u011b a \u017ee \u00farove\u0148 radiace z\u016fst\u00e1v\u00e1 stabiln\u00ed.<\/span><\/p>\n<p data-start=\"883\" data-end=\"1352\"><span dir=\"auto\">K \u00fatoku do\u0161lo v dob\u011b, kdy se gener\u00e1ln\u00ed \u0159editel Mezin\u00e1rodn\u00ed agentury pro atomovou energii Grossi z\u00fa\u010dastnil Glob\u00e1ln\u00edho atomov\u00e9ho f\u00f3ra, kde zd\u016fraznil roli Ruska jako\u00a0<\/span><em><span dir=\"auto\">\u201epr\u016fkopn\u00edka\u201c<\/span><\/em><span dir=\"auto\">\u00a0v oblastech, jako jsou plovouc\u00ed jadern\u00e9 elektr\u00e1rny, jadern\u00e1 lodn\u00ed doprava a v\u00fdzkum f\u00faze. Pozval rusk\u00e9 firmy, aby se letos v prosinci ve V\u00eddni z\u00fa\u010dastnily konference MAAE o um\u011bl\u00e9 inteligenci v jadern\u00e9m pr\u016fmyslu, a navrhl, aby jeho agentura prozkoumala partnerstv\u00ed s Novou rozvojovou bankou BRICS.<\/span><\/p>\n<p data-start=\"1354\" data-end=\"1664\"><span dir=\"auto\">Pozd\u011bji t\u00e9ho\u017e dne se Grossi setkal v Kremlu s prezidentem Vladimirem Putinem, kde oba diskutovali o glob\u00e1ln\u00ed jadern\u00e9 bezpe\u010dnosti a spolupr\u00e1ci Ruska s MAAE. Putin ocenil pr\u00e1ci agentury a sl\u00edbil trvalou podporu Moskvy.<\/span><\/p>\n<p data-start=\"1354\" data-end=\"1664\"><em><span dir=\"auto\">\u201eUd\u011bl\u00e1me v\u0161e, co je v na\u0161ich sil\u00e1ch, abychom podpo\u0159ili va\u0161e aktivity,\u201c<\/span><\/em><span dir=\"auto\">\u00a0\u00a0\u0159ekl Putin Grossimu, kter\u00fd ned\u00e1vno ozn\u00e1mil svou kandidaturu na post p\u0159\u00ed\u0161t\u00edho gener\u00e1ln\u00edho tajemn\u00edka OSN.<\/span><\/p>\n<p data-start=\"1666\" data-end=\"2015\"><span dir=\"auto\">\u00datok v Kursku n\u00e1sleduje po opakovan\u00fdch \u00fatoc\u00edch na Z\u00e1poro\u017eskou jadernou elektr\u00e1rnu, kter\u00e1 tento t\u00fdden podes\u00e1t\u00e9 od doby, kdy se nejv\u011bt\u0161\u00ed evropsk\u00e9 za\u0159\u00edzen\u00ed v roce 2022 dostalo pod kontrolu Ruska, p\u0159e\u0161la na z\u00e1lo\u017en\u00ed dieselov\u00e9 gener\u00e1tory. Ru\u0161t\u00ed p\u0159edstavitel\u00e9 obvinili Kyjev z\u00a0<\/span><em><span dir=\"auto\">\u201ejadern\u00e9ho terorismu\u201c<\/span><\/em><span dir=\"auto\">\u00a0a varovali, \u017ee takov\u00e9 incidenty by mohly m\u00edt katastrof\u00e1ln\u00ed n\u00e1sledky.<\/span><\/p>\n<p data-start=\"2017\" data-end=\"2347\"><span dir=\"auto\">\u0160\u00e9f Rosatomu Alexej Licha\u010dev novin\u00e1\u0159\u016fm na okraji f\u00f3ra \u0159ekl, \u017ee Grossi si byl\u00a0<\/span><em><span dir=\"auto\">\u201edob\u0159e v\u011bdom\u201c<\/span><\/em><span dir=\"auto\">\u00a0toho, odkud \u00fatoky na rusk\u00e1 jadern\u00e1 za\u0159\u00edzen\u00ed poch\u00e1zej\u00ed, ale nazna\u010dil, \u017ee \u0161\u00e9f MAAE byl omezen v tom, co mohl ofici\u00e1ln\u011b \u0159\u00edci.\u00a0<\/span><em><span dir=\"auto\">\u201eOsobn\u011b prov\u00e1d\u00ed docela adekv\u00e1tn\u00ed hodnocen\u00ed, v\u011b\u0159te mi,\u201c<\/span><\/em><span dir=\"auto\">\u00a0\u0159ekl Licha\u010dev.<\/span><\/p>\n<p data-start=\"2017\" data-end=\"2347\"><img decoding=\"async\" loading=\"lazy\" class=\"alignnone size-full wp-image-1185\" src=\"http:\/\/www.infokuryr.cz\/n\/wp-content\/uploads\/2021\/04\/kuryr-podpis.png\" alt=\"\" width=\"84\" height=\"24\" \/><\/p>\n<p data-start=\"2017\" data-end=\"2347\"><img decoding=\"async\" loading=\"lazy\" class=\"wp-image-86739 aligncenter\" src=\"http:\/\/www.infokuryr.cz\/n\/wp-content\/uploads\/2025\/08\/volby-program-211x300.png\" alt=\"\" width=\"824\" height=\"1172\" srcset=\"https:\/\/www.infokuryr.cz\/n\/wp-content\/uploads\/2025\/08\/volby-program-211x300.png 211w, https:\/\/www.infokuryr.cz\/n\/wp-content\/uploads\/2025\/08\/volby-program-768x1091.png 768w, https:\/\/www.infokuryr.cz\/n\/wp-content\/uploads\/2025\/08\/volby-program-1081x1536.png 1081w, https:\/\/www.infokuryr.cz\/n\/wp-content\/uploads\/2025\/08\/volby-program-1024x1455.png 1024w\" sizes=\"(max-width: 824px) 100vw, 824px\" \/><\/p>\n","protected":false},"excerpt":{"rendered":"<p>Rafael Grossi se z\u00fa\u010dastnil Sv\u011btov\u00e9ho atomov\u00e9ho f\u00f3ra a jednal s rusk\u00fdm prezidentem Vladimirem Putinem Ukrajinsk\u00fd&#8230;<\/p>\n","protected":false},"author":2,"featured_media":88619,"comment_status":"closed","ping_status":"closed","sticky":false,"template":"","format":"standard","meta":[],"categories":[7],"tags":[3727,2998,22,26],"_links":{"self":[{"href":"https:\/\/www.infokuryr.cz\/n\/wp-json\/wp\/v2\/posts\/88618"}],"collection":[{"href":"https:\/\/www.infokuryr.cz\/n\/wp-json\/wp\/v2\/posts"}],"about":[{"href":"https:\/\/www.infokuryr.cz\/n\/wp-json\/wp\/v2\/types\/post"}],"author":[{"embeddable":true,"href":"https:\/\/www.infokuryr.cz\/n\/wp-json\/wp\/v2\/users\/2"}],"replies":[{"embeddable":true,"href":"https:\/\/www.infokuryr.cz\/n\/wp-json\/wp\/v2\/comments?post=88618"}],"version-history":[{"count":0,"href":"https:\/\/www.infokuryr.cz\/n\/wp-json\/wp\/v2\/posts\/88618\/revisions"}],"wp:featuredmedia":[{"embeddable":true,"href":"https:\/\/www.infokuryr.cz\/n\/wp-json\/wp\/v2\/media\/88619"}],"wp:attachment":[{"href":"https:\/\/www.infokuryr.cz\/n\/wp-json\/wp\/v2\/media?parent=88618"}],"wp:term":[{"taxonomy":"category","embeddable":true,"href":"https:\/\/www.infokuryr.cz\/n\/wp-json\/wp\/v2\/categories?post=88618"},{"taxonomy":"post_tag","embeddable":true,"href":"https:\/\/www.infokuryr.cz\/n\/wp-json\/wp\/v2\/tags?post=88618"}],"curies":[{"name":"wp","href":"https:\/\/api.w.org\/{rel}","templated":true}]}}