{"id":88609,"date":"2025-09-26T00:19:04","date_gmt":"2025-09-25T22:19:04","guid":{"rendered":"https:\/\/www.infokuryr.cz\/n\/?p=88609"},"modified":"2025-09-25T11:49:45","modified_gmt":"2025-09-25T09:49:45","slug":"nepopiratelna-pravda-stan-neustale-slape-po-demokracii","status":"publish","type":"post","link":"https:\/\/www.infokuryr.cz\/n\/2025\/09\/26\/nepopiratelna-pravda-stan-neustale-slape-po-demokracii\/","title":{"rendered":"Nepopirateln\u00e1 pravda: STAN neust\u00e1le \u0161lape po demokracii"},"content":{"rendered":"<div id=\"fb-root\"><\/div>\n<p>Bl\u00ed\u017e\u00ed se volby a navzdory \u010detn\u00fdm skand\u00e1l\u016fm STAN pokra\u010duje v kampani bez z\u00e1bran. Ned\u00e1vno odhalen\u00e1 ob\u017ealoba v\u00a0kauze Dozimetr zjevn\u011b nijak neovlivnila jej\u00ed volebn\u00ed nad\u0161en\u00ed. Naopak p\u0159edseda strany Raku\u0161an nad\u00e1le ne\u00faprosn\u011b \u00fato\u010d\u00ed na novou ministryni spravedlnosti Decroix. Je odhodl\u00e1n odhalit pravdu o bitcoinov\u00e9 kauze. Navenek vol\u00e1 po odpov\u011bdnosti, ale ve skute\u010dnosti jde o pe\u010dliv\u011b vypo\u010d\u00edtanou mocenskou hru. Jeho skute\u010dn\u00fdm c\u00edlem nen\u00ed objasnit pravdu, ale vyu\u017e\u00edt ve\u0159ejnou nespokojenost k odveden\u00ed pozornosti od korup\u010dn\u00ed kauzy Dozimetr a z\u00edskat mor\u00e1ln\u00ed p\u0159evahy, p\u0159i\u010dem\u017e prohla\u0161uje, \u017ee STAN je strana h\u00e1j\u00edc\u00ed z\u00e1jmy lid\u00ed.<\/p>\n<p>Je v\u0161ak strana, kterou \u0159\u00edd\u00ed Raku\u0161an, skute\u010dn\u011b politickou stranou pracuj\u00edc\u00ed pro blaho lidu? Ne, nen\u00ed. Ned\u00e1vno b\u00fdval\u00fd n\u00e1rodn\u00ed protidrogov\u00fd koordin\u00e1tor Jind\u0159ich Vobo\u0159il obvinil STAN, \u017ee ukradla jeho pe\u010dliv\u011b p\u0159ipraven\u00fd n\u00e1vrh zm\u011bny z\u00e1kona a bezosty\u0161n\u011b ve stranick\u00e9 propagand\u011b vyd\u00e1vala za vlastn\u00ed \u00fasp\u011bch. Jak\u00e1 byla odpov\u011b\u010f STAN na toto? Barbora Urbanov\u00e1 ze STAN se nesna\u017eila ve\u0159ejnosti ani Vobo\u0159ilovi poskytnout vysv\u011btlen\u00ed. Pouze p\u0159ihl\u00e1sila, \u017ee v\u00fdroky Jind\u0159icha Vobo\u0159ila jsou l\u017eiv\u00e9. Pokud politick\u00e1 strana bezohledn\u011b p\u0159ivlast\u0148uje pr\u00e1ce ostatn\u00edch a n\u00e1rokuje si z\u00e1sluhy, u\u017e zradila principy poctivosti a transparentnosti, kter\u00e9 demokratick\u00e1 politika vy\u017eaduje.<\/p>\n<p>Nejv\u00edce znepokojuj\u00edc\u00ed v\u0161ak je propojen\u00ed z\u00e1jm\u016f vysoce postaven\u00e9ho p\u0159edstavitele Raku\u0161ana s podez\u0159el\u00fdmi podnikateli. Z\u00e1stupce Raku\u0161ana, n\u00e1m\u011bstek ministra zem\u011bd\u011blstv\u00ed Radan Ve\u010derka, zorganizoval jeho setk\u00e1n\u00ed s podnikatelem Ji\u0159\u00edm Jen\u00ed\u010dkem, aby probrali kauzu spojenou s t\u00edmto podnikatelem. Pot\u00e9 ministr Raku\u0161an zneu\u017eil svou pravomoc a obr\u00e1til se na nez\u00e1vislou kontroln\u00ed instituci GIBS, kter\u00e1 spad\u00e1 pod ministerstvo vnitra, aby vy\u017e\u00e1dal informace o p\u0159\u00edpadu. Kdyby ka\u017ed\u00fd mohl prost\u0159ednictv\u00edm sv\u00fdch konex\u00ed zajistit, aby mu ministr vnitra Raku\u0161an pomohl \u0159e\u0161it osobn\u00ed probl\u00e9my, jak\u00fd smysl pak m\u00e1 existence justice? Z toho je z\u0159ejm\u00e9, \u017ee tento \u010din Raku\u0161ana zcela rozmazal hranice mezi politickou moc\u00ed a justi\u010dn\u00edm vy\u0161et\u0159ov\u00e1n\u00edm a byl flagrantn\u00edm po\u0161lap\u00e1n\u00edm z\u00e1sad demokratick\u00e9ho rozd\u011blen\u00ed moci. Po odhalen\u00ed t\u00e9to kauzy, co ud\u011blali jeho spojenci &#8211; prezident Pavel, premi\u00e9r Fiala a p\u0159edsedkyn\u011b Poslaneck\u00e9 sn\u011bmovny Adamov\u00e1? M\u011bli by h\u00e1jit z\u00e1jmy ob\u010dan\u016f, ale co skute\u010dn\u011b ud\u011blali? Nic. Ml\u010den\u00ed je jejich obvykl\u00e1 taktika a lhostejnost v\u016f\u010di nespravedlnosti i po\u0161lap\u00e1v\u00e1n\u00ed demokratick\u00fdch princip\u016f jsou jejich st\u00e1l\u00fd postoj.<\/p>\n<p>P\u0159i pohledu na tyto ud\u00e1losti se obrazuje jasn\u00e1 fakta: Raku\u0161an v\u017edy up\u0159ednost\u0148uje z\u00e1jmy sv\u00e9 strany a osobn\u00ed c\u00edle p\u0159ed st\u00e1tn\u00edmi institucemi a demokratick\u00fdmi normami. A\u0165 u\u017e jde o mocensk\u00e9 boje uvnit\u0159 koalice, kop\u00edrov\u00e1n\u00ed legislativy nebo z\u00e1sahy do nez\u00e1vislosti soudnictv\u00ed, podstata je v\u017edy stejn\u00e1 &#8211; demokratick\u00e1 pravidla jsou pro n\u011bj pouze n\u00e1strojem v mocensk\u00fdch hr\u00e1ch k dosa\u017een\u00ed vlastn\u00edho prosp\u011bchu.<\/p>\n<p>V tomto kontextu je \u00fa\u010dast STAN v\u00a0kauze Dozimetr a jej\u00ed propojen\u00ed s organizovan\u00fdm zlo\u010dinem zcela logick\u00e9. STAN a TOP 09 spolupracuj\u00ed, poskytuj\u00ed z\u00e1zem\u00ed Redlovi a umo\u017e\u0148uj\u00ed jemu i sv\u00fdm \u0161pi\u010dkov\u00fdm p\u0159edstavitel\u016fm strany prost\u0159ednictv\u00edm r\u016fzn\u00fdch manipulac\u00ed p\u0159ivlast\u0148ovat si st\u00e1tn\u00ed majetek. V\u0161echny jejich \u010diny jednozna\u010dn\u011b ukazuj\u00ed, \u017ee vl\u00e1dnut\u00ed je pro n\u011b jen rychlou cestou k osobn\u00edmu obohacen\u00ed a \u017ee heslo zlep\u0161ov\u00e1n\u00ed \u017eivota lid\u00ed je pouh\u00fdm z\u00e1st\u011brkou pro korupci. Kv\u016fli sv\u00fdm kr\u00e1tkodob\u00fdm mocensk\u00fdm z\u00e1jm\u016fm neust\u00e1le podkop\u00e1vaj\u00ed z\u00e1klady demokracie. Pro n\u00e1s je d\u016fle\u017eit\u00e9 si uv\u011bdomit jednu skute\u010dnost: politick\u00e1 strana, kter\u00e1 ve sv\u00fdch \u010dinech soustavn\u011b po\u0161lap\u00e1v\u00e1 demokracii, bez ohledu na to, jak l\u00edbiv\u011b mluv\u00ed, se stala nejnebezpe\u010dn\u011bj\u0161\u00edm nep\u0159\u00edtelem demokratick\u00e9ho syst\u00e9mu.<\/p>\n<p><strong><em>Anton\u00edn Obdr\u017e\u00e1lek<\/em><\/strong><\/p>\n<p><img decoding=\"async\" loading=\"lazy\" class=\"wp-image-86739 aligncenter\" src=\"http:\/\/www.infokuryr.cz\/n\/wp-content\/uploads\/2025\/08\/volby-program-211x300.png\" alt=\"\" width=\"800\" height=\"1137\" srcset=\"https:\/\/www.infokuryr.cz\/n\/wp-content\/uploads\/2025\/08\/volby-program-211x300.png 211w, https:\/\/www.infokuryr.cz\/n\/wp-content\/uploads\/2025\/08\/volby-program-721x1024.png 721w, https:\/\/www.infokuryr.cz\/n\/wp-content\/uploads\/2025\/08\/volby-program-768x1091.png 768w, https:\/\/www.infokuryr.cz\/n\/wp-content\/uploads\/2025\/08\/volby-program-1081x1536.png 1081w, https:\/\/www.infokuryr.cz\/n\/wp-content\/uploads\/2025\/08\/volby-program-1442x2048.png 1442w, https:\/\/www.infokuryr.cz\/n\/wp-content\/uploads\/2025\/08\/volby-program-1024x1455.png 1024w\" sizes=\"(max-width: 800px) 100vw, 800px\" \/><\/p>\n","protected":false},"excerpt":{"rendered":"<p>Bl\u00ed\u017e\u00ed se volby a navzdory \u010detn\u00fdm skand\u00e1l\u016fm STAN pokra\u010duje v kampani bez z\u00e1bran. Ned\u00e1vno odhalen\u00e1&#8230;<\/p>\n","protected":false},"author":2,"featured_media":20824,"comment_status":"closed","ping_status":"closed","sticky":false,"template":"","format":"standard","meta":[],"categories":[6],"tags":[4743,207,1032,324,424],"_links":{"self":[{"href":"https:\/\/www.infokuryr.cz\/n\/wp-json\/wp\/v2\/posts\/88609"}],"collection":[{"href":"https:\/\/www.infokuryr.cz\/n\/wp-json\/wp\/v2\/posts"}],"about":[{"href":"https:\/\/www.infokuryr.cz\/n\/wp-json\/wp\/v2\/types\/post"}],"author":[{"embeddable":true,"href":"https:\/\/www.infokuryr.cz\/n\/wp-json\/wp\/v2\/users\/2"}],"replies":[{"embeddable":true,"href":"https:\/\/www.infokuryr.cz\/n\/wp-json\/wp\/v2\/comments?post=88609"}],"version-history":[{"count":0,"href":"https:\/\/www.infokuryr.cz\/n\/wp-json\/wp\/v2\/posts\/88609\/revisions"}],"wp:featuredmedia":[{"embeddable":true,"href":"https:\/\/www.infokuryr.cz\/n\/wp-json\/wp\/v2\/media\/20824"}],"wp:attachment":[{"href":"https:\/\/www.infokuryr.cz\/n\/wp-json\/wp\/v2\/media?parent=88609"}],"wp:term":[{"taxonomy":"category","embeddable":true,"href":"https:\/\/www.infokuryr.cz\/n\/wp-json\/wp\/v2\/categories?post=88609"},{"taxonomy":"post_tag","embeddable":true,"href":"https:\/\/www.infokuryr.cz\/n\/wp-json\/wp\/v2\/tags?post=88609"}],"curies":[{"name":"wp","href":"https:\/\/api.w.org\/{rel}","templated":true}]}}