{"id":88601,"date":"2025-09-26T00:24:56","date_gmt":"2025-09-25T22:24:56","guid":{"rendered":"https:\/\/www.infokuryr.cz\/n\/?p=88601"},"modified":"2025-09-25T11:26:06","modified_gmt":"2025-09-25T09:26:06","slug":"vase-litost-nebude-stacit-a-my-vase-omluvy-neprijmeme","status":"publish","type":"post","link":"https:\/\/www.infokuryr.cz\/n\/2025\/09\/26\/vase-litost-nebude-stacit-a-my-vase-omluvy-neprijmeme\/","title":{"rendered":"Va\u0161e l\u00edtost nebude sta\u010dit a my va\u0161e omluvy nep\u0159ijmeme"},"content":{"rendered":"<div id=\"fb-root\"><\/div>\n<p><span dir=\"auto\">\u201e\u00a0<\/span><em><span dir=\"auto\">P\u0159e\u017eijeme. (\u2026) Vyjdeme siln\u011bj\u0161\u00ed. Povstaneme z trosek, jak jsme to jako Palestinci v\u017edy d\u011blali. (\u2026) Ale vy, kte\u0159\u00ed jste byli spoluvin\u00edky, vzpamatujete se? Va\u0161e laskavost a va\u0161e slova nebudou sta\u010dit. Va\u0161e l\u00edtost nebudou sta\u010dit a my nep\u0159ijmeme va\u0161e omluvy. Chci, abyste se pak pod\u00edvali do zrcadla a zeptali se sami sebe: \u201aKde jsem byl b\u011bhem genocidy?\u2018<\/span><\/em><span dir=\"auto\">\u00a0\u201c ~\u00a0\u00a0<\/span><a title=\"\" href=\"https:\/\/www.youtube.com\/watch?v=YlCTkupKcn8\" target=\"_blank\" rel=\"noopener\"><span dir=\"auto\">Munther Isaac<\/span><\/a><span dir=\"auto\">\u00a0, pastor v Betl\u00e9m\u011b, prosinec 2023.<\/span><\/p>\n<p><span dir=\"auto\">Genocida je vyvrcholen\u00edm sionistick\u00e9ho koloni\u00e1ln\u00edho projektu, ale tak\u00e9 logick\u00fdm d\u016fsledkem desetilet\u00ed tot\u00e1ln\u00ed, spolupachatelsk\u00e9, absurdn\u00ed a sebevra\u017eedn\u00e9 beztrestnosti.<\/span><\/p>\n<p><span dir=\"auto\">\u010cek\u00e1me na den, kdy nad Gazou vyjde slunce. \u010cek\u00e1me na den, kdy bude Palestina svobodn\u00e1. Na den, kdy se sv\u011bt poklon\u00ed v \u00fact\u011b p\u0159ed bojem palestinsk\u00e9ho lidu za spravedlnost. Na den, kdy sv\u011bt uzn\u00e1, \u017ee Palestinci ct\u00ed lidstvo.<\/span><\/p>\n<p><span dir=\"auto\">\u010cek\u00e1me na den, kdy palestinsk\u00e9 slovo, obt\u00ed\u017een\u00e9 t\u00edhou t\u011bl desetitis\u00edc\u016f d\u011bt\u00ed, sraz\u00ed propagandu okupanta a s n\u00ed i v\u0161echny vektory, kte\u0159\u00ed ji \u0161\u00ed\u0159ili.<\/span><\/p>\n<p><span dir=\"auto\">\u010cek\u00e1me na den, kdy bude u\u010din\u011bno zadost spravedlnosti. Na den, kdy bude genocidn\u00ed st\u00e1t pohn\u00e1n k odpov\u011bdnosti za sv\u00e9 zlo\u010diny; na den, kdy budou pohn\u00e1ny k odpov\u011bdnosti i jeho podporovatel\u00e9: spolupachatelsk\u00e9 st\u00e1ty a m\u00e9dia, bez kter\u00fdch by genocida nebyla mo\u017en\u00e1.<\/span><\/p>\n<p><span dir=\"auto\">Co ud\u011blala Francie za posledn\u00ed dva roky? Vyu\u017eila jako \u010dlen Rady bezpe\u010dnosti OSN ve\u0161kerou svou moc k zastaven\u00ed genocidy? Odvolala sv\u00e9ho velvyslance? Zablokovala v\u00fdvoz zbran\u00ed? Uvalila sankce? Ud\u011blala v\u0161e pro to, aby zatkla premi\u00e9ra hledan\u00e9ho pro zlo\u010diny proti lidskosti? P\u0159eru\u0161ila ve\u0161ker\u00e9 obchodn\u00ed a finan\u010dn\u00ed vztahy s okupantem? Za\u0159adila sv\u00e9 st\u00e1tn\u00ed p\u0159\u00edslu\u0161n\u00edky, kte\u0159\u00ed se pod\u00edleli na genocid\u011b, na seznam terorist\u016f?<\/span><\/p>\n<p><span dir=\"auto\">Ne, Francie bude dva roky mluvit o v\u00e1lce a zu\u0161lech\u0165ovat genocidu. Mluven\u00edm o humanit\u00e1rn\u00ed krizi bude eufemizovat hladomor, ni\u010den\u00ed nemocnic a vra\u017ed\u011bn\u00ed l\u00e9ka\u0159\u016f.<\/span><\/p>\n<p><span dir=\"auto\">Prod\u00e1\u00a0v\u00edce zbran\u00ed ne\u017e kdy d\u0159\u00edve st\u00e1tu st\u00edhan\u00e9mu za genocidu u nejvy\u0161\u0161\u00edho soudu sv\u011bta. Bude i nad\u00e1le profitovat z ekonomiky okupace t\u00edm, \u017ee bude\u00a0<\/span><a title=\"\" href=\"https:\/\/www.middleeasteye.net\/news\/israeli-orders-french-arms-experienced-record-year-2024\" target=\"_blank\" rel=\"noopener\"><span dir=\"auto\">des\u00e1t\u00fdm\u00a0<\/span><\/a><a title=\"\" href=\"https:\/\/www.tresor.economie.gouv.fr\/Pays\/IL\/cartographie-de-la-presence-israelienne-en-france\" target=\"_blank\" rel=\"noopener\"><span dir=\"auto\">nejv\u011bt\u0161\u00edm dodavatelem<\/span><\/a><span dir=\"auto\">\u00a0Izraele .<\/span><\/p>\n<p><span dir=\"auto\">\u201e\u00a0<\/span><em><span dir=\"auto\">Z\u00e1pad nad\u00e1le podporuje Izrael ne ze zbab\u011blosti, ale z ideologie<\/span><\/em><span dir=\"auto\">\u00a0,\u201c p\u00ed\u0161e palestinsk\u00fd badatel Layth Hanbali. \u201e\u00a0<\/span><em><span dir=\"auto\">Bez ohledu na to, kolik nezvratn\u00fdch materi\u00e1l\u016f dokazuje genocidu, nebude to sta\u010dit k p\u0159esv\u011bd\u010den\u00ed z\u00e1padn\u00edch v\u016fdc\u016f, aby p\u0159estali podporovat Izrael. Genocidu zastav\u00ed pouze tehdy, kdy\u017e bude st\u00e1t v\u00edc, ne\u017e vyd\u011bl\u00e1. (\u2026) Mnoho evropsk\u00fdch v\u016fdc\u016f je tak odd\u00e1no sionistick\u00e9mu koloni\u00e1ln\u00edmu projektu, \u017ee jsou ochotni b\u00fdt obvin\u011bni ze spolu\u00fa\u010dasti na v\u00e1le\u010dn\u00fdch zlo\u010dinech, ne\u017e aby pozastavili obchod a dohody o zbran\u00edch. (\u2026) Politick\u00e9 a ekonomick\u00e9 v\u00fdhody, kter\u00e9 ze sionistick\u00e9ho koloni\u00e1ln\u00edho projektu plynou, jsou mnohem v\u011bt\u0161\u00ed ne\u017e hodnota, kterou p\u0159ikl\u00e1daj\u00ed palestinsk\u00fdm \u017eivot\u016fm<\/span><\/em><span dir=\"auto\">\u00a0.\u201c<\/span><\/p>\n<p><span dir=\"auto\">Francie dva roky opakovala bajku o pr\u00e1vu okupanta na sebeobranu a zast\u00edrala tak fakt, \u017ee Izrael jako okupa\u010dn\u00ed mocnost nem\u00e1 ze z\u00e1kona \u017e\u00e1dn\u00e1 pr\u00e1va.<\/span><\/p>\n<p><span dir=\"auto\">Ji\u017e 7. \u0159\u00edjna 2023, jakmile okupant ozn\u00e1mil sv\u00e9 genocidn\u00ed \u00famysly, m\u011bla Francie, signat\u00e1\u0159 \u00damluvy o zabr\u00e1n\u011bn\u00ed zlo\u010dinu genocidy, pr\u00e1vn\u00ed povinnost Izrael zastavit. B\u011bhem prvn\u00edch \u0161esti dn\u016f okupa\u010dn\u00ed arm\u00e1da shodila na Gazu\u00a0<\/span><a title=\"\" href=\"https:\/\/www.aljazeera.com\/news\/2023\/10\/12\/israel-says-6000-bombs-dropped-on-gaza-as-war-with-hamas-nears-a-week\" target=\"_blank\" rel=\"noopener\"><span dir=\"auto\">6 000 bomb<\/span><\/a><span dir=\"auto\">\u00a0, kter\u00e9 zavra\u017edily v\u00edce ne\u017e 1 400 civilist\u016f, a bylo jasn\u00e9, \u017ee \u010dtvrt\u00e1 \u017denevsk\u00e1 \u00famluva se na Gazu vztahovat nebude.<\/span><\/p>\n<p><span dir=\"auto\">B\u011bhem prvn\u00edch 24 dn\u016f bylo\u00a0v Gaze\u00a0<\/span><a title=\"\" href=\"https:\/\/gaza-patterns-harm.airwars.org\/assets\/Airwars%20Patterns%20of%20harm%20analysis%20-%20Gaza%20October%202023.pdf\" target=\"_blank\" rel=\"noopener\"><span dir=\"auto\">zavra\u017ed\u011bno 2 000 d\u011bt\u00ed.<\/span><\/a><\/p>\n<p><span dir=\"auto\">B\u011bhem \u010dty\u0159 t\u00fddn\u016f okupant shodil na zajat\u00e9 obyvatelstvo Gazy\u00a0<\/span><a title=\"\" href=\"https:\/\/www.aljazeera.com\/news\/longform\/2023\/11\/9\/israel-attacks-on-gaza-weapons-and-scale-of-destruction\" target=\"_blank\" rel=\"noopener\"><span dir=\"auto\">25 000 tun<\/span><\/a><span dir=\"auto\">\u00a0bomb. U\u017e d\u00e1vno jsme p\u0159estali b\u00fdt v \u0159\u00ed\u0161i pr\u00e1va a pravdy, ale v z\u00f3n\u011b, kde p\u0159evl\u00e1dala pouze hrub\u00e1 s\u00edla a dobr\u00e1 v\u016fle okupanta \u2013 a pod\u0159\u00edzenost v\u0161ech ostatn\u00edch, p\u0159ipraven\u00fdch pou\u017e\u00edt jak\u00e9koli l\u017ei, jak\u00e9koli zkreslen\u00ed, k ospravedln\u011bn\u00ed neospravedlniteln\u00e9ho.<\/span><\/p>\n<p><span dir=\"auto\">Francie musela nakonec jednat 26. ledna 2024, kdy Mezin\u00e1rodn\u00ed trestn\u00ed soud vydal sv\u00e1 prozat\u00edmn\u00ed opat\u0159en\u00ed s ohledem na riziko genocidy.<\/span><\/p>\n<p><span dir=\"auto\">Palestinci, pos\u00edleni po sob\u011b jdouc\u00edmi traumatick\u00fdmi zku\u0161enostmi spojen\u00fdmi s p\u011bti v\u00e1lkami b\u011bhem 15 let, v\u011bd\u011bli od prvn\u00edch dn\u016f \u00fatoku z vlastn\u00ed krve, \u017ee tentokr\u00e1t je to jejich posledn\u00ed v\u00e1lka, jejich genocida, jejich vyhlazen\u00ed.<\/span><\/p>\n<p><span dir=\"auto\">Dvan\u00e1ctilet\u00fd Malak b\u011bhem dlouh\u00e9ho t\u00fddne ag\u00f3nie vypr\u00e1v\u011bl sv\u00e9mu otci, co mu jeho matka Aya \u0159ekla prvn\u00ed den \u00fatoku: \u201e\u00a0<\/span><em><span dir=\"auto\">V\u0161ichni zem\u0159eme. U\u017e\u00edvejme si posledn\u00ed chv\u00edle na\u0161ich \u017eivot\u016f<\/span><\/em><span dir=\"auto\">\u00a0.\u201c Aya byla\u00a0<\/span><a title=\"\" href=\"https:\/\/wearenotnumbers.org\/israel-thought-they-could-bury-my-family-but-they-planted-seeds\/\" target=\"_blank\" rel=\"noopener\"><span dir=\"auto\">zavra\u017ed\u011bna<\/span><\/a><span dir=\"auto\">\u00a022. \u0159\u00edjna 2023 spolu s jednadvaceti \u010dleny sv\u00e9 rodiny.<\/span><\/p>\n<p><span dir=\"auto\">\u201e\u00a0<\/span><em><span dir=\"auto\">Jedin\u00ed, kdo pop\u00edraj\u00ed genocidu, jsou politici, kte\u0159\u00ed se ob\u00e1vaj\u00ed praktick\u00fdch d\u016fsledk\u016f, kter\u00e9 by pro n\u011b m\u011blo uzn\u00e1n\u00ed genocidy. Nesna\u017e\u00ed se argumentovat, \u017ee k n\u00ed nedo\u0161lo, cht\u011bj\u00ed se jednodu\u0161e vyhnout z\u00e1vazk\u016fm, kter\u00e9 by takov\u00e9 ozna\u010den\u00ed pro n\u011b a jejich zemi uvalilo<\/span><\/em><span dir=\"auto\">\u00a0,\u201c\u00a0<\/span><a title=\"\" href=\"https:\/\/www.aljazeera.com\/video\/inside-story\/2025\/9\/18\/who-can-stop-israels-genocide-in-gaza\" target=\"_blank\" rel=\"noopener\"><span dir=\"auto\">vysv\u011btluje<\/span><\/a><span dir=\"auto\">\u00a0palestinsk\u00fd pr\u00e1vn\u00edk Jonathan Kuttab.<\/span><\/p>\n<p><span dir=\"auto\">Francie dva roky mor\u00e1ln\u011b podporovala genocidu a dovolila, aby se masakry a po\u0161lap\u00e1v\u00e1n\u00ed z\u00e1kona staly b\u011b\u017enou z\u00e1le\u017eitost\u00ed.<\/span><\/p>\n<p><span dir=\"auto\">\u201e\u00a0<\/span><em><span dir=\"auto\">P\u0159ed \u0159\u00edjnem 2023 Izrael v\u011b\u0159il, \u017ee existuj\u00ed \u010derven\u00e9 linie, kter\u00e9 by nem\u011bly b\u00fdt p\u0159ekro\u010deny, jinak by do\u0161lo k d\u016fsledk\u016fm<\/span><\/em><span dir=\"auto\">\u00a0,\u201c\u00a0<\/span><a title=\"\" href=\"https:\/\/www.youtube.com\/watch?v=HMROl16SfEY\" target=\"_blank\" rel=\"noopener\"><span dir=\"auto\">poznamen\u00e1v\u00e1<\/span><\/a><span dir=\"auto\">\u00a0palestinsk\u00fd analytik Moin Rabbani. \u201e\u00a0<\/span><em><span dir=\"auto\">Od \u0159\u00edjna 2023 si Izrael uv\u011bdomil, \u017ee tyto \u010derven\u00e9 linie neexistuj\u00ed a \u017ee se nen\u00ed \u010deho b\u00e1t. \u010c\u00edm n\u00e1siln\u011bj\u0161\u00ed, brut\u00e1ln\u011bj\u0161\u00ed a genocidn\u011bj\u0161\u00ed je jeho kampa\u0148 proti Palestinc\u016fm, t\u00edm masivn\u011bj\u0161\u00ed je podpora a aktivn\u011bj\u0161\u00ed je spolu\u00fa\u010dast<\/span><\/em><span dir=\"auto\">\u00a0.\u201c<\/span><\/p>\n<p><span dir=\"auto\">\u201e\u00a0<\/span><em><span dir=\"auto\">Izrael je opil\u00fd z\u00e1padn\u00ed beztrestnost\u00ed<\/span><\/em><span dir=\"auto\">\u00a0,\u201c\u00a0<\/span><a title=\"\" href=\"https:\/\/www.youtube.com\/shorts\/wIWZySbWNtw\" target=\"_blank\" rel=\"noopener\"><span dir=\"auto\">shrnuje<\/span><\/a><span dir=\"auto\">\u00a0palestinsk\u00fd l\u00e9ka\u0159 Ghassan Abu Sitta.<\/span><\/p>\n<p><span dir=\"auto\">\u010cek\u00e1me na den, kdy Svobodn\u00e1 Palestina u\u017e nebude jen sloganem, ale konstatov\u00e1n\u00edm faktu. Tak\u00e9 \u010dek\u00e1me na den, kdy budou m\u00e9dia vol\u00e1na k odpov\u011bdnosti za tolerov\u00e1n\u00ed zlo\u010din\u016f a spolu\u00fa\u010dasti na genocid\u011b.<\/span><\/p>\n<p><span dir=\"auto\">Dva roky m\u00e9dia serviln\u011b p\u0159ed\u00e1vala narativ okupanta bez uvozovek a podmi\u0148ovac\u00edch v\u00fdraz\u016f. Jako v\u011brn\u00ed mluv\u010d\u00ed okupanta ospravedl\u0148ovali masakry tvrzen\u00edm, \u017ee v ka\u017ed\u00e9m stanu, ka\u017ed\u00e9m dom\u011b, ka\u017ed\u00e9 nemocnici, ka\u017ed\u00e9 \u0161kole byl \u201eterorista\u201c.<\/span><\/p>\n<p><span dir=\"auto\">Dva roky se neust\u00e1le d\u00edvali jinam od \u017eivot\u016f Palestinc\u016f pod izraelsk\u00fdmi bombami, pod izraelskou blok\u00e1dou. Dva roky m\u00e9dia normalizovala masakry t\u00edm, \u017ee je ml\u010dela. Dva roky eufemizace, minimalizace a neviditelnosti Palestinc\u016f: Palestinci neexistuj\u00ed, jejich utrpen\u00ed a jejich boj nejsou na\u0161e. Na druhou stranu dva roky empatie k \u00fanav\u011b a rizik\u016fm, kter\u00e1 podstupuje okupa\u010dn\u00ed arm\u00e1da.<\/span><\/p>\n<p><span dir=\"auto\">S jistotou budou tvrdit, \u017ee zni\u010den\u00ed nemocnice al-Ahli (600 mrtv\u00fdch) bylo d\u016fsledkem palestinsk\u00e9 rakety. Se stejnou ne\u00factou k fyzik\u00e1ln\u00edm z\u00e1kon\u016fm a z\u00e1kladn\u00edmu zdrav\u00e9mu rozumu budou p\u0159ipisovat zap\u00e1len\u00ed aut a zni\u010den\u00ed kibuc\u016f z\u00e1kladn\u00edm palestinsk\u00fdm zbran\u00edm, \u010d\u00edm\u017e uml\u010d\u00ed Hannibalovu sm\u011brnici a sv\u011bdectv\u00ed d\u016fstojn\u00edk\u016f a pilot\u016f vrtuln\u00edk\u016f okupanta a zatabuizuj\u00ed to, co nen\u00ed tajemstv\u00edm ani v Izraeli.<\/span><\/p>\n<p><span dir=\"auto\">Dva roky m\u00e1vali kouzeln\u00fdmi slovy Ham\u00e1s, islamista, terorista a nechali je chovat se jako otev\u0159en\u00e1 sezamov\u00e1 sem\u00ednka, kter\u00e1 okupantovi prop\u016fj\u010duj\u00ed v\u0161echna pr\u00e1va.<\/span><\/p>\n<p><span dir=\"auto\">Stejn\u00e9ho zach\u00e1zen\u00ed se do\u010dkalo i systematick\u00e9ho vra\u017ed\u011bn\u00ed jejich palestinsk\u00fdch koleg\u016f. Kdy\u017e agentura c\u00edlila na novin\u00e1\u0159e agentury Reuters Husama al-Masriho, nepova\u017eovala za vhodn\u00e9 zm\u00ednit, \u017ee inkriminovan\u00e1 kamera je kamera Reuters, a m\u00edsto toho slovo od slova opakovala propagandu okupanta, bez jedin\u00e9ho slova odsouzen\u00ed \u010di trestu. Kdy\u017e byla zavra\u017ed\u011bna novin\u00e1\u0159ka agentury AP Mariam Abu Daqqa, agentura AP se ani nestyd\u011bla jmenovat ji.<\/span><\/p>\n<p><span dir=\"auto\">Po dva roky se m\u00e9dia sna\u017eila d\u00e1t hlas levicov\u00fdm rasist\u016fm a humanistick\u00fdm genocidn\u00edm aktivist\u016fm s \u00famyslem zachr\u00e1nit sionistick\u00fd projekt. Pojmy pr\u00e1va, kolonizace a okupace byly zast\u00edn\u011bny a kontext koloni\u00e1ln\u00edho \u00fatlaku byl tabu.<\/span><\/p>\n<p><span dir=\"auto\">M\u00e9dia budou dva roky poh\u0159b\u00edvat Mnichovskou chartu, zapom\u00ednat na svou prim\u00e1rn\u00ed povinnost, kterou je \u201e\u00a0<\/span><em><span dir=\"auto\">respektovat pravdu, a\u0165 u\u017e to pro n\u011bkoho bude m\u00edt jak\u00e9koli d\u016fsledky, kv\u016fli pr\u00e1vu ve\u0159ejnosti zn\u00e1t pravdu<\/span><\/em><span dir=\"auto\">\u00a0\u201c. Nebudou podstupovat \u017e\u00e1dn\u00e1 rizika, nebudou p\u0159ipravena vzd\u00e1t se \u017e\u00e1dn\u00e9ho pohodl\u00ed.<\/span><\/p>\n<p><span dir=\"auto\">Za ka\u017ed\u00fd uml\u010den\u00fd masakr, za ka\u017edou bagatelizovanou postavu, za ka\u017ed\u00fd eufemizovan\u00fd zlo\u010din, za ka\u017ed\u00e9 ospravedl\u0148ovan\u00e9 poru\u0161en\u00ed z\u00e1kona, se tito lid\u00e9 pod\u00edleli na genocid\u011b a budou se za ni muset zodpov\u00eddat.<\/span><\/p>\n<p><span dir=\"auto\">\u010cek\u00e1me na den, kdy se budeme moci vr\u00e1tit a obejmout lid a palestinskou zemi. Ale do t\u00e9 doby neo\u010dek\u00e1vejme nic od vl\u00e1dy ani \u017e\u00e1dnou zm\u011bnu srdce od m\u00e9di\u00ed. Zm\u011bna p\u0159ijde skrze n\u00e1s, ob\u010danskou spole\u010dnost.<\/span><\/p>\n<p><span dir=\"auto\">V sou\u010dasn\u00e9 dob\u011b se v Gaze odehr\u00e1vaj\u00ed dva miliony smutn\u00fdch p\u0159\u00edb\u011bh\u016f, traumatizovan\u00fdch a zni\u010den\u00fdch \u017eivot\u016f.<\/span><\/p>\n<p><span dir=\"auto\">\u201e\u00a0<\/span><em><span dir=\"auto\">Je to oce\u00e1n zoufalstv\u00ed, kter\u00fd se t\u00e1hne, kam a\u017e oko dohl\u00e9dne. V\u011bzen\u00ed pro ty, kte\u0159\u00ed ztratili v\u0161echno: rodinu, pr\u00e1ci, nad\u011bji na p\u0159e\u017eit\u00ed dal\u0161\u00edho dne. Jsou zde vrstvy a vrstvy utrpen\u00ed, v z\u00e1pachu oh\u0148\u016f sm\u00edchan\u00e9m se z\u00e1pachem hniloby<\/span><\/em><span dir=\"auto\">\u00a0,\u201c\u00a0<\/span><a title=\"\" href=\"https:\/\/www.youtube.com\/watch?v=Pw8tM2Sbfo0\" target=\"_blank\" rel=\"noopener\"><span dir=\"auto\">\u0159\u00edk\u00e1<\/span><\/a><span dir=\"auto\">\u00a0novin\u00e1\u0159 Tareq Abu Azzoum.<\/span><\/p>\n<p><span dir=\"auto\">Pot\u00e9, co je jej\u00ed kryt bombardov\u00e1n, Lana najde pouze ply\u0161ovou hra\u010dku sv\u00e9ho d\u00edt\u011bte.<\/span><\/p>\n<p><span dir=\"auto\">\u201e\u00a0<\/span><em><span dir=\"auto\">Nev\u00edm, jak\u00e1 letadla, zbran\u011b nebo v\u00fdbu\u0161niny pou\u017e\u00edvaj\u00ed k zab\u00edjen\u00ed na\u0161ich d\u011bt\u00ed. Na\u0161e d\u011bti sp\u00ed v rukou Bo\u017e\u00edch, kdy\u017e na n\u011b shazuj\u00ed bomby<\/span><\/em><span dir=\"auto\">\u00a0,\u201c\u00a0<\/span><a title=\"\" href=\"https:\/\/www.aljazeera.com\/video\/newsfeed\/2025\/9\/17\/palestinians-under-relentless-attack-as-israel-steps-up-gaza-city-assault\" target=\"_blank\" rel=\"noopener\"><span dir=\"auto\">zouf\u00e1 si<\/span><\/a><span dir=\"auto\">\u00a0Ab\u00fa al-Abd Zakk\u00fat .<\/span><\/p>\n<p><span dir=\"auto\">Na cest\u011b na jih rodi\u010de nev\u011bd\u00ed, kter\u00e9 d\u00edt\u011b n\u00e9st a kter\u00e9 t\u00e1hnout za pa\u017ei. Mal\u00e9 d\u011bti nesou d\u00edt\u011b sotva men\u0161\u00ed ne\u017e jsou oni sami.<\/span><\/p>\n<p><span dir=\"auto\">\u201e\u00a0<\/span><em><span dir=\"auto\">\u017dijeme ve st\u00ednu nov\u00e9ho vys\u00eddlen\u00ed, kter\u00e9 by mohlo smazat i ruiny, kter\u00e9 jsme naz\u00fdvali sv\u00fdmi. Toto je hr\u016fza, kter\u00e1 definuje n\u00e1\u0161 ka\u017edodenn\u00ed \u017eivot: nejen p\u0159e\u017e\u00edv\u00e1n\u00ed bomb, ale tak\u00e9 pro\u017e\u00edv\u00e1n\u00ed ka\u017ed\u00e9ho dne ve strachu, \u017ee dal\u0161\u00ed kapitola u\u017e byla naps\u00e1na a \u017ee to nejhor\u0161\u00ed teprve p\u0159ijde,<\/span><\/em><span dir=\"auto\">\u00a0\u201c\u00a0<\/span><a title=\"\" href=\"https:\/\/www.aljazeera.com\/opinions\/2025\/9\/12\/gazas-worst-fear-is-no-longer-bombs-but-humanitarian\" target=\"_blank\" rel=\"noopener\"><span dir=\"auto\">p\u00ed\u0161e<\/span><\/a><span dir=\"auto\">\u00a0student Logain Hamdan.<\/span><\/p>\n<p><span dir=\"auto\">R\u00e1da bych zakon\u010dila my\u0161lenkou pro\u00a0<\/span><a title=\"\" href=\"https:\/\/x.com\/QudsNen\/status\/1961850864987242931\" target=\"_blank\" rel=\"noopener\"><span dir=\"auto\">Yaru<\/span><\/a><span dir=\"auto\">\u00a0, malou osi\u0159elou hol\u010di\u010dku, pop\u00e1lenou, s amputovanou kon\u010detinou, kter\u00e1 sn\u00ed o tom, \u017ee najde svou matku v r\u00e1ji, \u201e\u00a0<\/span><em><span dir=\"auto\">jedin\u00e9m m\u00edst\u011b, kde je l\u00e1ska, j\u00eddlo a voda<\/span><\/em><span dir=\"auto\">\u00a0\u201c.<\/span><\/p>\n<p><span dir=\"auto\">Vzpom\u00ednka na dev\u00edtilet\u00e9ho Rataba, kter\u00fd p\u0159i \u00fat\u011bku do \u201ebezpe\u010dn\u00e9\u201c z\u00f3ny p\u0159i\u0161el o matku a nohu. Z kusu hadi\u010dky si vyrobil prot\u00e9zu. Sn\u00ed o tom, \u017ee bude b\u011bhat se skute\u010dnou prot\u00e9zou, najde sv\u00e9ho otce a vr\u00e1t\u00ed se do \u0161koly.<\/span><\/p>\n<p><span dir=\"auto\">Posledn\u00ed\u00a0<\/span><a title=\"\" href=\"https:\/\/x.com\/bobanDriclek\/status\/1968333722677281084\" target=\"_blank\" rel=\"noopener\"><span dir=\"auto\">slova<\/span><\/a><span dir=\"auto\">\u00a0pat\u0159\u00ed tomuto mu\u017ei z Gazy: \u201e\u00a0<\/span><em><span dir=\"auto\">Jestli\u017ee se n\u00e1m o\u010di pln\u00ed slzami, nen\u00ed to ze strachu z n\u011bkoho. Na\u0161e slzy te\u010dou smutkem, proto\u017ee se na n\u00e1s vrhli v\u0161ichni supi zem\u011b a v\u0161echny zem\u011b sv\u011bta n\u00e1s opustily. Vzali jsme si s sebou to, co n\u00e1m je nejdra\u017e\u0161\u00ed, na\u0161i identitu, na\u0161i d\u016fstojnost a na\u0161i v\u00edru. A nechali jsme jim to, co je jim drah\u00e9: dve\u0159e, okna, kameny, stromy. Je nepravdiv\u00e9 \u0159\u00edkat, \u017ee netrp\u00edme. Trp\u00edme. Ale jsme trp\u011bliv\u00ed. \u010cekali jsme tak dlouho, \u017ee m\u016f\u017eeme \u010dekat d\u00e9le<\/span><\/em><span dir=\"auto\">\u00a0.\u201c<\/span><\/p>\n<p><span dir=\"auto\">od\u00a0<\/span><strong><span dir=\"auto\">Marie Schwabov\u00e9<\/span><\/strong><\/p>\n<p><span dir=\"auto\">Zdroj: <\/span><a title=\"\" href=\"https:\/\/www.chroniquepalestine.com\/vos-regrets-ne-suffiront-pas-et-nous-naccepterons-pas-vos-excuses\/\" target=\"_blank\" rel=\"noopener\"><span dir=\"auto\">Kronika Palestiny<\/span><\/a><\/p>\n<p><img decoding=\"async\" loading=\"lazy\" class=\"wp-image-86927 aligncenter\" src=\"http:\/\/www.infokuryr.cz\/n\/wp-content\/uploads\/2025\/09\/letak-volby-2025-konference-3-212x300.png\" alt=\"\" width=\"879\" height=\"1244\" srcset=\"https:\/\/www.infokuryr.cz\/n\/wp-content\/uploads\/2025\/09\/letak-volby-2025-konference-3-212x300.png 212w, https:\/\/www.infokuryr.cz\/n\/wp-content\/uploads\/2025\/09\/letak-volby-2025-konference-3-724x1024.png 724w, https:\/\/www.infokuryr.cz\/n\/wp-content\/uploads\/2025\/09\/letak-volby-2025-konference-3-768x1086.png 768w, https:\/\/www.infokuryr.cz\/n\/wp-content\/uploads\/2025\/09\/letak-volby-2025-konference-3-1086x1536.png 1086w, https:\/\/www.infokuryr.cz\/n\/wp-content\/uploads\/2025\/09\/letak-volby-2025-konference-3-1448x2048.png 1448w, https:\/\/www.infokuryr.cz\/n\/wp-content\/uploads\/2025\/09\/letak-volby-2025-konference-3-1024x1448.png 1024w\" sizes=\"(max-width: 879px) 100vw, 879px\" \/><\/p>\n","protected":false},"excerpt":{"rendered":"<p>\u201e\u00a0P\u0159e\u017eijeme. (\u2026) Vyjdeme siln\u011bj\u0161\u00ed. Povstaneme z trosek, jak jsme to jako Palestinci v\u017edy d\u011blali. (\u2026)&#8230;<\/p>\n","protected":false},"author":2,"featured_media":88602,"comment_status":"closed","ping_status":"closed","sticky":false,"template":"","format":"standard","meta":[],"categories":[7],"tags":[178,107,313],"_links":{"self":[{"href":"https:\/\/www.infokuryr.cz\/n\/wp-json\/wp\/v2\/posts\/88601"}],"collection":[{"href":"https:\/\/www.infokuryr.cz\/n\/wp-json\/wp\/v2\/posts"}],"about":[{"href":"https:\/\/www.infokuryr.cz\/n\/wp-json\/wp\/v2\/types\/post"}],"author":[{"embeddable":true,"href":"https:\/\/www.infokuryr.cz\/n\/wp-json\/wp\/v2\/users\/2"}],"replies":[{"embeddable":true,"href":"https:\/\/www.infokuryr.cz\/n\/wp-json\/wp\/v2\/comments?post=88601"}],"version-history":[{"count":0,"href":"https:\/\/www.infokuryr.cz\/n\/wp-json\/wp\/v2\/posts\/88601\/revisions"}],"wp:featuredmedia":[{"embeddable":true,"href":"https:\/\/www.infokuryr.cz\/n\/wp-json\/wp\/v2\/media\/88602"}],"wp:attachment":[{"href":"https:\/\/www.infokuryr.cz\/n\/wp-json\/wp\/v2\/media?parent=88601"}],"wp:term":[{"taxonomy":"category","embeddable":true,"href":"https:\/\/www.infokuryr.cz\/n\/wp-json\/wp\/v2\/categories?post=88601"},{"taxonomy":"post_tag","embeddable":true,"href":"https:\/\/www.infokuryr.cz\/n\/wp-json\/wp\/v2\/tags?post=88601"}],"curies":[{"name":"wp","href":"https:\/\/api.w.org\/{rel}","templated":true}]}}