{"id":88586,"date":"2025-09-26T00:15:59","date_gmt":"2025-09-25T22:15:59","guid":{"rendered":"https:\/\/www.infokuryr.cz\/n\/?p=88586"},"modified":"2025-09-25T11:46:53","modified_gmt":"2025-09-25T09:46:53","slug":"najednou-vsichni-uznavaji-palestinu-ale-proc","status":"publish","type":"post","link":"https:\/\/www.infokuryr.cz\/n\/2025\/09\/26\/najednou-vsichni-uznavaji-palestinu-ale-proc\/","title":{"rendered":"Najednou v\u0161ichni \u201euzn\u00e1vaj\u00ed\u201c Palestinu \u2013 ale pro\u010d?"},"content":{"rendered":"<div id=\"fb-root\"><\/div>\n<div class=\"elementor-element elementor-element-1fb4c2c elementor-widget elementor-widget-theme-post-content\" data-id=\"1fb4c2c\" data-element_type=\"widget\" data-widget_type=\"theme-post-content.default\">\n<div class=\"elementor-widget-container\">\n<p><span dir=\"auto\">V posledn\u00edch 48 hodin\u00e1ch ozn\u00e1mily vl\u00e1dy Francie, San Marina, Lucemburska, Monaka, Andorry, Malty, Spojen\u00e9ho kr\u00e1lovstv\u00ed, Kanady, Portugalska a Austr\u00e1lie uzn\u00e1n\u00ed St\u00e1tu Palestina.<\/span><\/p>\n<p><span dir=\"auto\">Je to nejv\u011bt\u0161\u00ed po\u010det zem\u00ed, kter\u00e9 k tomuto kroku u\u010dinily ve stejn\u00e9m roce od roku 1988 \u2013 a v\u0161echny tak u\u010dinily b\u011bhem prodlou\u017een\u00e9ho v\u00edkendu.<\/span><\/p>\n<p><span dir=\"auto\">Pro\u010d?<\/span><\/p>\n<p><span dir=\"auto\">Je to proto, \u017ee \u2013 \u010dist\u011b n\u00e1hodou \u2013 se zvolen\u00ed z\u00e1stupci v\u0161ech t\u011bchto zem\u00ed rozhodli, \u017ee se po cel\u00e1 desetilet\u00ed m\u00fdlili?<\/span><\/p>\n<p><span dir=\"auto\">Je to proto, \u017ee politick\u00fd tlak ze strany p\u0159ev\u00e1\u017en\u011b propalestinsk\u00e9 ve\u0159ejnosti se stal p\u0159\u00edli\u0161 velk\u00fdm?<\/span><\/p>\n<p><span dir=\"auto\">Je to proto, \u017ee si skute\u010dn\u011b p\u0159ej\u00ed m\u00edr a v\u011b\u0159\u00ed, \u017ee toto je cesta k jeho dosa\u017een\u00ed?<\/span><\/p>\n<p><span dir=\"auto\">Zn\u00ed to jako pravd\u011bpodobn\u00e9 vysv\u011btlen\u00ed?<\/span><\/p>\n<p><span dir=\"auto\">V It\u00e1lii \u2013 jedn\u00e9 z m\u00e1la zem\u00ed sv\u011bta, kter\u00e1 dosud neuznala Palestinu \u2013 n\u00e1m bylo \u0159e\u010deno, \u017ee masov\u00e9 protesty o v\u00edkendu vyz\u00fdvaly k \u201eakci v Gaze\u201c.<\/span><\/p>\n<p><span dir=\"auto\">Ve sv\u00e9m projevu k OSN, v n\u011bm\u017e tento krok ozn\u00e1mil, Emmanuel Macron \u0159ekl: \u201eU\u017e nem\u016f\u017eeme d\u00e9le \u010dekat\u201c&#8230; ale na co p\u0159esn\u011b? Zopakoval tak\u00e9 svou v\u00fdzvu k nasazen\u00ed m\u00edrov\u00fdch sil OSN v ter\u00e9nu.<\/span><\/p>\n<p><span dir=\"auto\">Izrael piln\u011b p\u0159isp\u00edv\u00e1 k obrazu sv\u00e9mu vlastn\u00edmu padoucha \u2013 nez\u00e1konn\u00fdmi \u00fatoky na Dauh\u00e1, hlavn\u00ed m\u011bsto Kataru, za\u010d\u00e1tkem tohoto m\u011bs\u00edce a \u00fadajn\u00fdm zabit\u00edm 31 novin\u00e1\u0159\u016f v Jemenu. Nemluv\u011b o sardonick\u00e9m prohl\u00e1\u0161en\u00ed izraelsk\u00e9ho ministra financ\u00ed o \u201erealitn\u00ed bonanze\u201c v Gaze, jakmile bombardov\u00e1n\u00ed kone\u010dn\u011b skon\u010d\u00ed.<\/span><\/p>\n<p><span dir=\"auto\">Dokonce i USA stoj\u00ed za Izraelem nejist\u011bji ne\u017e obvykle: Trumpova administrativa ve\u0159ejn\u011b zpochybnila leteck\u00e9 \u00fatoky na Katar a \u010dl\u00e1nky v americk\u00e9m tisku jej ozna\u010dily za \u201ehranici, kterou USA nemohou ignorovat\u201c. Ve sv\u00e9m projevu na Valn\u00e9m shrom\u00e1\u017ed\u011bn\u00ed OSN asi p\u0159ed hodinou Trump vyzval k \u201eokam\u017eit\u00e9mu\u201c ukon\u010den\u00ed v\u00e1lky v Gaze.<\/span><\/p>\n<p><em><span dir=\"auto\">\u010casopis The Economist<\/span><\/em><span dir=\"auto\">\u00a0p\u0159ed p\u011bti dny publikoval \u010dl\u00e1nek s titulkem:<\/span><\/p>\n<p><strong><em><span dir=\"auto\">Amerika se zamilovala do Izraele.<\/span><\/em><\/strong><\/p>\n<p><span dir=\"auto\">Teprve minul\u00fd t\u00fdden komise OSN ofici\u00e1ln\u011b prohl\u00e1sila, \u017ee Izrael p\u00e1ch\u00e1 v Gaze genocidu, a Valn\u00e9 shrom\u00e1\u017ed\u011bn\u00ed schv\u00e1lilo \u0159e\u0161en\u00ed dvou st\u00e1t\u016f. Paul Adams pro BBC napsal, \u017ee jejich \u201eizolace se prohlubuje\u201c.<\/span><\/p>\n<p><span dir=\"auto\">Zd\u00e1 se, \u017ee se situace obrac\u00ed, \u017ee?<\/span><\/p>\n<p><span dir=\"auto\">Ale za jak\u00fdm \u00fa\u010delem? Kam tento p\u0159\u00edb\u011bh vede?<\/span><\/p>\n<p><span dir=\"auto\">Macronova v\u00fdzva k nasazen\u00ed sil OSN by mohla b\u00fdt kl\u00ed\u010dov\u00e1. Indon\u00e9sk\u00fd prezident prohl\u00e1sil, \u017ee jeho zem\u011b by v p\u0159\u00edpad\u011b pot\u0159eby mohla poskytnout 20 000 \u201em\u00edrov\u00fdch sil\u201c. V USA demokrati\u010dt\u00ed \u010dlenov\u00e9 Sn\u011bmovny reprezentant\u016f vyzvali k nasazen\u00ed m\u00edrov\u00fdch sil OSN, aby \u201echr\u00e1nily humanit\u00e1rn\u00ed konvoje\u201c (a\u010dkoli to prezentuj\u00ed jako zabr\u00e1n\u011bn\u00ed doru\u010den\u00ed pomoci Ham\u00e1su \u2013 jde zjevn\u011b o stejnou agendu).<\/span><\/p>\n<p><span dir=\"auto\">Mezit\u00edm prezidentka EU Ursula von der Leyenov\u00e1 sl\u00edbila vytvo\u0159en\u00ed \u201ePalestinsk\u00e9 d\u00e1rcovsk\u00e9 skupiny\u201c, co\u017e je speci\u00e1ln\u00ed fond pro obnovu infrastruktury Gazy.<\/span><\/p>\n<p><span dir=\"auto\">Mo\u017en\u00e1 je c\u00edlem z\u00e1\u0159iv\u00fd nov\u00fd st\u00e1t. Vyrvan\u00fd Izraeli, pod dohledem nov\u00e9 mezin\u00e1rodn\u00ed brig\u00e1dy a znovu vybudovan\u00fd z fond\u016f OSN a EU \u2013 vzorov\u00e1, udr\u017eiteln\u00e1 utopie.<\/span><\/p>\n<p><span dir=\"auto\">Mo\u017en\u00e1 z\u00e1\u0159iv\u00fd maj\u00e1k mezin\u00e1rodn\u00ed spolupr\u00e1ce.<\/span><\/p>\n<p><span dir=\"auto\">Nebyl bych p\u0159ekvapen.<\/span><\/p>\n<p><strong><em><span dir=\"auto\">Od Kita Knightlyho<\/span><\/em><\/strong><\/p>\n<\/div>\n<\/div>\n<div class=\"elementor-element elementor-element-8c57238 quelle dc-has-condition dc-condition-empty elementor-widget elementor-widget-heading\" data-id=\"8c57238\" data-element_type=\"widget\" data-widget_type=\"heading.default\">\n<div class=\"elementor-widget-container\">\n<h3 class=\"elementor-heading-title elementor-size-default\"><span style=\"font-size: 10pt;\"><a href=\"https:\/\/off-guardian.org\/2025\/09\/23\/everyone-is-suddenly-recognizing-palestine-but-why\/\" target=\"_blank\" rel=\"nofollow noopener\"><span dir=\"auto\">Zdroj<\/span><\/a><\/span><\/h3>\n<p><img decoding=\"async\" loading=\"lazy\" class=\"wp-image-86927 aligncenter\" src=\"http:\/\/www.infokuryr.cz\/n\/wp-content\/uploads\/2025\/09\/letak-volby-2025-konference-3-212x300.png\" alt=\"\" width=\"715\" height=\"1012\" srcset=\"https:\/\/www.infokuryr.cz\/n\/wp-content\/uploads\/2025\/09\/letak-volby-2025-konference-3-212x300.png 212w, https:\/\/www.infokuryr.cz\/n\/wp-content\/uploads\/2025\/09\/letak-volby-2025-konference-3-724x1024.png 724w, https:\/\/www.infokuryr.cz\/n\/wp-content\/uploads\/2025\/09\/letak-volby-2025-konference-3-768x1086.png 768w, https:\/\/www.infokuryr.cz\/n\/wp-content\/uploads\/2025\/09\/letak-volby-2025-konference-3-1086x1536.png 1086w, https:\/\/www.infokuryr.cz\/n\/wp-content\/uploads\/2025\/09\/letak-volby-2025-konference-3-1448x2048.png 1448w, https:\/\/www.infokuryr.cz\/n\/wp-content\/uploads\/2025\/09\/letak-volby-2025-konference-3-1024x1448.png 1024w\" sizes=\"(max-width: 715px) 100vw, 715px\" \/><\/p>\n<\/div>\n<\/div>\n","protected":false},"excerpt":{"rendered":"<p>V posledn\u00edch 48 hodin\u00e1ch ozn\u00e1mily vl\u00e1dy Francie, San Marina, Lucemburska, Monaka, Andorry, Malty, Spojen\u00e9ho kr\u00e1lovstv\u00ed,&#8230;<\/p>\n","protected":false},"author":2,"featured_media":88587,"comment_status":"closed","ping_status":"closed","sticky":false,"template":"","format":"standard","meta":[],"categories":[7],"tags":[8901,312,387,4200],"_links":{"self":[{"href":"https:\/\/www.infokuryr.cz\/n\/wp-json\/wp\/v2\/posts\/88586"}],"collection":[{"href":"https:\/\/www.infokuryr.cz\/n\/wp-json\/wp\/v2\/posts"}],"about":[{"href":"https:\/\/www.infokuryr.cz\/n\/wp-json\/wp\/v2\/types\/post"}],"author":[{"embeddable":true,"href":"https:\/\/www.infokuryr.cz\/n\/wp-json\/wp\/v2\/users\/2"}],"replies":[{"embeddable":true,"href":"https:\/\/www.infokuryr.cz\/n\/wp-json\/wp\/v2\/comments?post=88586"}],"version-history":[{"count":0,"href":"https:\/\/www.infokuryr.cz\/n\/wp-json\/wp\/v2\/posts\/88586\/revisions"}],"wp:featuredmedia":[{"embeddable":true,"href":"https:\/\/www.infokuryr.cz\/n\/wp-json\/wp\/v2\/media\/88587"}],"wp:attachment":[{"href":"https:\/\/www.infokuryr.cz\/n\/wp-json\/wp\/v2\/media?parent=88586"}],"wp:term":[{"taxonomy":"category","embeddable":true,"href":"https:\/\/www.infokuryr.cz\/n\/wp-json\/wp\/v2\/categories?post=88586"},{"taxonomy":"post_tag","embeddable":true,"href":"https:\/\/www.infokuryr.cz\/n\/wp-json\/wp\/v2\/tags?post=88586"}],"curies":[{"name":"wp","href":"https:\/\/api.w.org\/{rel}","templated":true}]}}