{"id":88561,"date":"2025-09-25T05:20:38","date_gmt":"2025-09-25T03:20:38","guid":{"rendered":"https:\/\/www.infokuryr.cz\/n\/?p=88561"},"modified":"2025-09-25T05:20:38","modified_gmt":"2025-09-25T03:20:38","slug":"jiri-vyvadil-uvidime-jak-dlouho-to-nove-prozreni-trumpovi-vydrzi","status":"publish","type":"post","link":"https:\/\/www.infokuryr.cz\/n\/2025\/09\/25\/jiri-vyvadil-uvidime-jak-dlouho-to-nove-prozreni-trumpovi-vydrzi\/","title":{"rendered":"Ji\u0159\u00ed Vyvadil: Uvid\u00edme, jak dlouho to nov\u00e9 proz\u0159en\u00ed Trumpovi vydr\u017e\u00ed"},"content":{"rendered":"<div id=\"fb-root\"><\/div>\n<p><strong>Donalda Trumpa je mo\u017en\u00e9 br\u00e1t v\u00e1\u017en\u011b jen z\u0159\u00eddka kdy a jeho dramatick\u00e1 prohl\u00e1\u0161en\u00ed jsme u\u017e mnohokr\u00e1te zaznamenali. A n\u00e1sledn\u011b to bylo v lep\u0161\u00edm p\u0159\u00edpad\u011b pro sm\u00edch a v hor\u0161\u00edm dokonce o vzbuzen\u00edm pochybnost\u00ed, o tom, \u017ee s\u00e1m sebe m\u00e1 pod kontrolou.<\/strong><\/p>\n<p style=\"font-weight: 400;\">Jen nam\u00e1tkou p\u0159ipomenu jeho fantasmagorie, \u017ee si p\u0159ipoj\u00ed Kanadu jako dal\u0161\u00ed st\u00e1t USA, \u010di p\u0159evezme Gr\u00f3nsko, kam dokonce vyslal sv\u00e9ho viceprezidenta J.D. Vance na obhl\u00eddku a minul\u00fd t\u00fdden uplatnil kategorick\u00fd po\u017eadavek v\u016f\u010di Afgh\u00e1nist\u00e1nu, aby mu ihned p\u0159edal vojenskou z\u00e1kladnu Baghram, ze kter\u00e9 p\u0159ed \u010dty\u0159mi roky na posledn\u00ed chv\u00edli prchali ameri\u010dt\u00ed voj\u00e1ci.<\/p>\n<p style=\"font-weight: 400;\">Podobn\u011b jako v\u00a0p\u0159edchoz\u00edch v\u00fd\u0161e uveden\u00fdch p\u0159\u00edpadech to i nyn\u00ed p\u0159\u00edslu\u0161n\u00ed afgh\u00e1n\u0161t\u00ed\u00a0\u00a0politici vzali po sv\u00e9m a u\u017e nev\u00edm, kdo z\u00a0nich mu nechal polo\u017eit ot\u00e1zku, zda si chce za USA zopakovat novou tvrdou por\u00e1\u017eku jako p\u0159ed lety\u2026Ta ot\u00e1zka v\u016fbec nen\u00ed n\u011bjak dehonestuj\u00edc\u00ed.<\/p>\n<p style=\"font-weight: 400;\">Nevzpom\u00edn\u00e1m si toti\u017e, \u017ee by Ameri\u010dan\u00e9 n\u011bjakou v\u00e1lku po\u010d\u00ednaje tou v\u00a0Koreji jednozna\u010dn\u011b vyhr\u00e1li.<\/p>\n<p style=\"font-weight: 400;\">Korejsk\u00e1 byla nep\u0159\u00edjemnou plichtou a rozd\u011blen\u00ed Koreje na Severn\u00ed a Ji\u017en\u00ed rozhodn\u011b v\u00edt\u011bzstv\u00edm nebylo.<\/p>\n<p style=\"font-weight: 400;\">V\u00e1lka ve Vietnamu byla brut\u00e1ln\u00ed a pro USA katastrofou a jist\u011b si vzpom\u00edn\u00e1me na padaj\u00edc\u00ed t\u011bla z\u00a0odl\u00e9taj\u00edc\u00ed helikopt\u00e9ry.<\/p>\n<p style=\"font-weight: 400;\">Dvacetilet\u00e1 v\u00e1lka v\u00a0Afgh\u00e1nist\u00e1nu byla doslova potupou a katastrofou.<\/p>\n<p style=\"font-weight: 400;\">V\u00e1lka v\u00a0Ir\u00e1ku trvala 16 let (to tak\u00e9 nen\u00ed kr\u00e1tk\u00e1 doba) a t\u00edm \u017ee dala vzniknout isl\u00e1msk\u00e9mu st\u00e1tu a jeho odno\u017e\u00edm, kter\u00e9 se nad\u00e1le po Bl\u00edzk\u00e9m v\u00fdchod\u011b, ale n\u00e1sledn\u011b v\u00a0Africe rozl\u00e9zaj\u00ed.<\/p>\n<p style=\"font-weight: 400;\">Kdy\u017e se v\u010dera Trump vysm\u00edval Putinovi, \u017ee Rusko je jen pap\u00edrov\u00fdm tigrem, kdy\u017e nen\u00ed schopen porazit za t\u0159i a p\u016fl roku\u00a0\u00a0Ukrajinu, tak konstatuji, \u017ee Ukrajin\u011b pom\u00e1h\u00e1 26 st\u00e1t\u016f EU a 32 NATO, kter\u00e9 Ukrajinu, jako sv\u016fj n\u00e1stroj proxy v\u00e1lky proti Rusku finan\u010dn\u011b i zbrojov\u011b podporuj\u00ed .<\/p>\n<p style=\"font-weight: 400;\">V\u010dera Donald Trump\u00a0\u00a0n\u00e1hle obr\u00e1til o 180 stup\u0148\u016f a jestli\u017ee do ned\u00e1vna tvrdil, \u017ee Ukrajina nem\u016f\u017ee Rusko,\u00a0\u00a0nyn\u00ed optimisticky na Truth Social prohl\u00e1sil, \u201ePot\u00e9, co jsem vid\u011bl ekonomick\u00e9 probl\u00e9my, kter\u00e9 v\u00e1lka zp\u016fsobuje Rusku, si mysl\u00edm, \u017ee Ukrajina je s podporou Evropsk\u00e9 unie v pozici, kdy m\u016f\u017ee bojovat a Z\u00cdSKAT zp\u011bt celou Ukrajinu v jej\u00ed p\u016fvodn\u00ed podob\u011b,\u201c \u0159ekl.<\/p>\n<p style=\"font-weight: 400;\">Vtipn\u00e9\u2026<\/p>\n<p style=\"font-weight: 400;\">To by vy\u017eadovalo, aby Kyjev vyhnal rusk\u00e9 s\u00edly z 20 % sv\u00e9ho \u00fazem\u00ed, v\u010detn\u011b Krymsk\u00e9ho poloostrova, kter\u00fd Moskva dr\u017e\u00ed od roku 2014.<\/p>\n<p style=\"font-weight: 400;\">Nem\u00edn\u00edm d\u00e1l tyto \u00favahy d\u00e1l komentovat, proto\u017ee na rozd\u00edl od Trumpa nechci d\u011blat obrat o 180 stup\u0148\u016f.\u00a0\u00a0A proto\u017ee jsem a\u017e doposud v\u00a0z\u00e1sad\u011b Trumpa h\u00e1jil, by\u0165 se to st\u00e1valo \u010d\u00edm d\u00e1l t\u00edm slo\u017eit\u011bj\u0161\u00edm, \u010dten\u00e1\u0159e rad\u011bji sezn\u00e1m\u00edm s\u00a0t\u00edm, jak dalece nov\u00e1torsk\u00e9 Trumpovy \u00favahy ovlivnily nejbli\u017e\u0161\u00edho okol\u00ed Vladim\u00edra Putina.<\/p>\n<p style=\"font-weight: 400;\">Nep\u0159ekvapiv\u011b zareagovali obvykl\u00fdm humorem.<\/p>\n<p style=\"font-weight: 400;\">\u201eRusko nen\u00ed tygr. Rusko je sp\u00ed\u0161e spojov\u00e1no s medv\u011bdem. \u017d\u00e1dn\u00ed pap\u00edrov\u00ed medv\u011bdi neexistuj\u00ed,\u201c \u0159ekl Dmitrij Peskov v koment\u00e1\u0159i k Trumpov\u00fdm v\u00fdrok\u016fm o \u201epap\u00edrov\u00e9m tygrovi\u201c. Tiskov\u00fd mluv\u010d\u00ed rusk\u00e9ho prezidenta zd\u016fraznil, \u017ee dynamika v prvn\u00ed linii ukazuje, \u017ee ti, kte\u0159\u00ed nejsou ochotni vyjedn\u00e1vat nyn\u00ed, se z\u00edtra a poz\u00edt\u0159\u00ed ocitnou v mnohem hor\u0161\u00ed pozici.<\/p>\n<p style=\"font-weight: 400;\">M\u00edstop\u0159edseda Bezpe\u010dnostn\u00ed rady Ruska Dmitrij Medved\u011bv se domn\u00edv\u00e1, \u017ee Trump op\u011bt vstoupil do alternativn\u00ed reality. \u201eV t\u00e9to realit\u011b je v\u0161echno jinak. Kyjev v\u00edt\u011bz\u00ed, Rusko je v trosk\u00e1ch a ekonomika Banderovy Ukrajiny sebev\u011bdom\u011b roste d\u00edky vlastn\u00edm zdroj\u016fm,\u201c napsal na sv\u00e9m\u00a0Telegram kan\u00e1lu.<\/p>\n<p style=\"font-weight: 400;\">A prezident Rusk\u00e9 federace, jako obvykle jako hr\u00e1\u010d pokeru nereagoval.<\/p>\n<p style=\"font-weight: 400;\">Pro\u010d taky?<\/p>\n<p style=\"font-weight: 400;\">Zdrav\u00edm &#8230;<\/p>\n<p><a href=\"https:\/\/vasevec.info\/vip-blogy\/uvidime-jak-dlouho-nove-prozreni-trumpovi-vydrzi\">Ji\u0159\u00ed Vyvadil<\/a><\/p>\n<p><img decoding=\"async\" loading=\"lazy\" class=\"alignnone size-medium wp-image-16474\" src=\"http:\/\/www.infokuryr.cz\/n\/wp-content\/uploads\/2022\/10\/jiri-vyvadil-300x200.jpg\" alt=\"\" width=\"300\" height=\"200\" srcset=\"https:\/\/www.infokuryr.cz\/n\/wp-content\/uploads\/2022\/10\/jiri-vyvadil-300x200.jpg 300w, https:\/\/www.infokuryr.cz\/n\/wp-content\/uploads\/2022\/10\/jiri-vyvadil-768x512.jpg 768w, https:\/\/www.infokuryr.cz\/n\/wp-content\/uploads\/2022\/10\/jiri-vyvadil.jpg 800w\" sizes=\"(max-width: 300px) 100vw, 300px\" \/><\/p>\n<p><img decoding=\"async\" loading=\"lazy\" class=\"wp-image-86927 aligncenter\" src=\"http:\/\/www.infokuryr.cz\/n\/wp-content\/uploads\/2025\/09\/letak-volby-2025-konference-3-212x300.png\" alt=\"\" width=\"823\" height=\"1165\" srcset=\"https:\/\/www.infokuryr.cz\/n\/wp-content\/uploads\/2025\/09\/letak-volby-2025-konference-3-212x300.png 212w, https:\/\/www.infokuryr.cz\/n\/wp-content\/uploads\/2025\/09\/letak-volby-2025-konference-3-724x1024.png 724w, https:\/\/www.infokuryr.cz\/n\/wp-content\/uploads\/2025\/09\/letak-volby-2025-konference-3-768x1086.png 768w, https:\/\/www.infokuryr.cz\/n\/wp-content\/uploads\/2025\/09\/letak-volby-2025-konference-3-1086x1536.png 1086w, https:\/\/www.infokuryr.cz\/n\/wp-content\/uploads\/2025\/09\/letak-volby-2025-konference-3-1448x2048.png 1448w, https:\/\/www.infokuryr.cz\/n\/wp-content\/uploads\/2025\/09\/letak-volby-2025-konference-3-1024x1448.png 1024w\" sizes=\"(max-width: 823px) 100vw, 823px\" \/><\/p>\n<p>&nbsp;<\/p>\n","protected":false},"excerpt":{"rendered":"<p>Donalda Trumpa je mo\u017en\u00e9 br\u00e1t v\u00e1\u017en\u011b jen z\u0159\u00eddka kdy a jeho dramatick\u00e1 prohl\u00e1\u0161en\u00ed jsme u\u017e&#8230;<\/p>\n","protected":false},"author":2,"featured_media":87554,"comment_status":"closed","ping_status":"closed","sticky":false,"template":"","format":"standard","meta":[],"categories":[6],"tags":[1503,122,22,452],"_links":{"self":[{"href":"https:\/\/www.infokuryr.cz\/n\/wp-json\/wp\/v2\/posts\/88561"}],"collection":[{"href":"https:\/\/www.infokuryr.cz\/n\/wp-json\/wp\/v2\/posts"}],"about":[{"href":"https:\/\/www.infokuryr.cz\/n\/wp-json\/wp\/v2\/types\/post"}],"author":[{"embeddable":true,"href":"https:\/\/www.infokuryr.cz\/n\/wp-json\/wp\/v2\/users\/2"}],"replies":[{"embeddable":true,"href":"https:\/\/www.infokuryr.cz\/n\/wp-json\/wp\/v2\/comments?post=88561"}],"version-history":[{"count":0,"href":"https:\/\/www.infokuryr.cz\/n\/wp-json\/wp\/v2\/posts\/88561\/revisions"}],"wp:featuredmedia":[{"embeddable":true,"href":"https:\/\/www.infokuryr.cz\/n\/wp-json\/wp\/v2\/media\/87554"}],"wp:attachment":[{"href":"https:\/\/www.infokuryr.cz\/n\/wp-json\/wp\/v2\/media?parent=88561"}],"wp:term":[{"taxonomy":"category","embeddable":true,"href":"https:\/\/www.infokuryr.cz\/n\/wp-json\/wp\/v2\/categories?post=88561"},{"taxonomy":"post_tag","embeddable":true,"href":"https:\/\/www.infokuryr.cz\/n\/wp-json\/wp\/v2\/tags?post=88561"}],"curies":[{"name":"wp","href":"https:\/\/api.w.org\/{rel}","templated":true}]}}