{"id":88554,"date":"2025-09-25T04:49:43","date_gmt":"2025-09-25T02:49:43","guid":{"rendered":"https:\/\/www.infokuryr.cz\/n\/?p=88554"},"modified":"2025-09-25T04:49:43","modified_gmt":"2025-09-25T02:49:43","slug":"jindrich-kulhavy-je-to-tak-lakave","status":"publish","type":"post","link":"https:\/\/www.infokuryr.cz\/n\/2025\/09\/25\/jindrich-kulhavy-je-to-tak-lakave\/","title":{"rendered":"Jind\u0159ich Kulhav\u00fd: Je to tak l\u00e1kav\u00e9?"},"content":{"rendered":"<div id=\"fb-root\"><\/div>\n<p><span class=\"anotation\">I kdy\u017e se u n\u00e1s bl\u00ed\u017e\u00ed volby, co\u017e by m\u011bla b\u00fdt leto\u0161n\u00ed z\u00e1sadn\u00ed ud\u00e1lost, daleko dramati\u010dt\u011bj\u0161\u00ed se jev\u00ed b\u00fdt mezin\u00e1rodn\u00ed situace. Mopsl\u00edci z\u00a0NATO d\u011blaj\u00ed v\u0161e proto, aby vyvolali ozbrojen\u00fd konflikt s\u00a0Ruskou federac\u00ed. Na d\u00e1lku to \u0159\u00edd\u00ed Britov\u00e9, respektive jejich tajn\u00e9 slu\u017eby, ov\u0161em banda ochotn\u00fdch se doslova t\u011b\u0161\u00ed, a\u017e Kreml \u0159ekne dost a vyu\u017eije zku\u0161enost\u00ed, kter\u00fdch nabyl na Ukrajin\u011b.<\/span><\/p>\n<div id=\"pagetext\">\n<p>\u00a0 V\u00a0N\u011bmecku otev\u0159en\u011b hovo\u0159\u00ed o p\u0159\u00edprav\u00e1ch na v\u00e1lku, \u010desk\u00fd stosedmi\u010dkov\u00fd prezident nab\u00e1d\u00e1 k\u00a0sest\u0159elov\u00e1n\u00ed rusk\u00fdch letadel, Macron by r\u00e1d vid\u011bl Francouze um\u00edrat v\u00a0boj\u00edch o Od\u011bsu, polsk\u00fd ministr Sikorsky vyhro\u017euje a Estonci blafuj\u00ed se sv\u00fdm vzdu\u0161n\u00fdm prostorem. Ukrajinci \u00fato\u010d\u00ed na civiln\u00ed c\u00edle, co\u017e ostatn\u011b d\u011blaj\u00ed od roku 2014, kdy nejd\u0159\u00edve pr\u00e1v\u011b v\u00a0Od\u011bse up\u00e1lili p\u00e1r Rus\u016f, a pot\u00e9 je demolovali tam, kde jich m\u011bli na sv\u00e9m \u00fazem\u00ed nejv\u00edce. Dos\u00e1hli jen toho, \u017ee u\u017e to sou\u010d\u00e1st jejich zem\u011b prost\u011b nen\u00ed. \u0158ekli si o z\u00e1sah a dostalo se jim ho. Op\u011bt to v\u0161e v\u00a0re\u017eii zahrani\u010dn\u00edch tajn\u00fdch slu\u017eeb. A je t\u0159eba konstatovat, \u017ee Moskva m\u016f\u017ee ukrajinskou proch\u00e1zku peklem pova\u017eovat za dar z\u00a0nebes.<\/p>\n<p>Rusk\u00e1 SVO uk\u00e1zala mnoh\u00e9. T\u0159eba to, jak zastaralou technikou disponovala slavn\u00e1 EU. V\u0161e, co dodala na Ukrajinu, postupn\u011b sho\u0159elo. Vypr\u00e1zdn\u011bn\u00e9 vojensk\u00e9 sklady jen tak p\u0159i v\u00fdkonnosti ekonomik eurounijn\u00edch st\u00e1t\u016f naplnit nep\u016fjdou. Dal\u0161\u00ed komplikac\u00ed je ochota evropsk\u00fdch civilist\u016f nastoupit do arm\u00e1dy a vz\u00e1p\u011bt\u00ed um\u00edrat za ide\u00e1ly, ve kter\u00e9 nev\u011b\u0159\u00ed. Rusov\u00e9 to maj\u00ed jinak, ti bojuj\u00ed o sv\u00e9 p\u0159e\u017eit\u00ed. Maj\u00ed o co p\u0159ij\u00edt, ale rozhodn\u011b by to nikdy nedali z\u00e1padn\u00edm vy\u017e\u00edrk\u016fm zadarmo. Jelcin mo\u017en\u00e1 kdysi ano, ale Putin a jeho generace ud\u011blali z Ruska zp\u00e1tky velk\u00e9ho sv\u011btov\u00e9ho hr\u00e1\u010de. Na Ukrajin\u011b zdokonalili sv\u00e9 vojensk\u00e9 schopnosti, poznali nov\u00e9 mo\u017enosti a hlavn\u011b, Putin na n\u00e1vratu Ruska na \u0161pici pracuje \u010dtvrt stolet\u00ed. Tedy dobu, za kterou Evropa z degradovala a Ameri\u010dan\u00e9 ztratili v\u00fdsostn\u00e9 postaven\u00ed.<\/p>\n<p>P\u0159esto tu jsou fanatici tou\u017e\u00edc\u00ed po v\u00e1lce. Tupost, se kterou opakuj\u00ed sv\u00e9 mantry, je neuv\u011b\u0159iteln\u00e1. Rusov\u00e9 maj\u00ed v\u0161e pot\u0159ebn\u00e9. \u00da\u010dinn\u00e9 zbran\u011b, prostor pro man\u00e9vrov\u00e1n\u00ed, mor\u00e1lku, nerostn\u00e9 bohatstv\u00ed i zdroje potravin. Nav\u00edc udr\u017euj\u00ed dobr\u00e9 vztahy s\u00a0\u010c\u00ednou, Indi\u00ed a mnoha dal\u0161\u00edmi st\u00e1ty v\u010detn\u011b africk\u00fdch. Z\u00e1pad si za posledn\u00edch p\u00e1r desetilet\u00ed ud\u011blal dost nep\u0159\u00e1tel, nav\u00edc solidn\u011b zdegeneroval. Co m\u00e1 NATO k dispozici? Jist\u011b, Ameri\u010dan\u00e9 jsou zvykl\u00ed v\u00e1l\u010dit neust\u00e1le, ale dosud se nestalo, \u017ee by p\u0159ilet\u011blo n\u011bco k\u00a0nim. I ta Dvoj\u010data si museli shodit pravd\u011bpodobn\u011b sami. U Rus\u016f si mohou b\u00fdt jisti, \u017ee jsou schopni je nah\u00e1n\u011bt i u nich t\u0159eba v\u00a0Arizon\u011b nebo jim spl\u00e1chnout pob\u0159e\u017e\u00ed. A op\u011bt p\u0159ipom\u00edn\u00e1me \u010c\u00ednu maj\u00edc\u00ed t\u0159eba st\u00edha\u010dky 6.generace a mnohamilionov\u00fd potenci\u00e1l lid\u00ed v\u00a0arm\u00e1d\u011b. Evropsk\u00e1 \u010d\u00e1st NATO moment\u00e1ln\u011b disponuje arzen\u00e1lem p\u0159ed v\u00fdm\u011bnou, mor\u00e1lkou pod psa a obrovsk\u00fdmi dluhy.<\/p>\n<p>Zastavme se u n\u00e1s. Gener\u00e1l Pavel by v\u00e1l\u010dil hned. Tedy po odsunu sv\u00e9 rodiny do bezpe\u010d\u00ed. A stejn\u00e9 je to s\u00a0politiky. Bu\u010f jsou to agresivn\u00ed \u017eensk\u00e9, kter\u00e9 nikdy do prvn\u00ed lajny nep\u016fjdou, nebo jde o atrapy na mu\u017ee typu Lipavsk\u00e9ho \u010di Zdechovsk\u00e9ho, jejich\u017e hrdinstv\u00ed kon\u010d\u00ed u prvn\u00ed detonace. Gener\u00e1l \u0158ehka je tak\u00e9 drsn\u00fd v\u00e1le\u010dn\u00edk, ov\u0161em kolem n\u011bj chyb\u00ed arm\u00e1da schopn\u00e1 bojovat d\u00e9le ne\u017e t\u0159i hodiny. Nepochopen\u00ed zm\u011bn ve veden\u00ed v\u00e1lky dovedlo na\u0161\u00ed vl\u00e1du k\u00a0n\u00e1kupu ne zrovna technologicky dokonal\u00fdch letadel, zastaral\u00fdch a p\u0159edra\u017een\u00fdch tank\u016f a OTP \u010di BVP, z\u00e1rove\u0148 n\u00e1m chyb\u00ed kvalitn\u00ed protivzdu\u0161n\u00e1 obrana. Ostatn\u011b, ta \u00fadajn\u011b na sv\u011bt\u011b nejdokonalej\u0161\u00ed, tedy izraelsk\u00e1, tak\u00e9 moc \u00fasp\u011bch\u016f p\u0159i ochran\u011b zem\u011b ned\u00e1vno nezaznamenala. A to nemusela odol\u00e1vat nejmodern\u011bj\u0161\u00edm rusk\u00fdm raket\u00e1m. My v\u00a0podstat\u011b nem\u00e1me nic, \u010d\u00edm bychom Rus\u016fm mohli vzdorovat, nato\u017e na n\u011b \u00fato\u010dit. Snad je jedin\u011b rozesm\u00e1t. A to nehovo\u0159\u00edme o tom, kolik lid\u00ed by n\u00e1hle zmizelo, kdyby tu v\u00e1lka za\u010dala. Za EU a proti Rus\u016fm tu jen tak n\u011bkdo cht\u00edt um\u00edrat nebude.<\/p>\n<p>Vyvolat v\u00e1lku je snadn\u00e9. Vyhr\u00e1t ji, to je slo\u017eit\u011bj\u0161\u00ed. A p\u0159e\u017e\u00edt ji? Tak to by se p\u0159i glob\u00e1ln\u00edm konfliktu, v\u00a0n\u011bm\u017e bychom nest\u00e1li na stran\u011b Ruska a \u010c\u00edny, asi nepoda\u0159ilo. Jedin\u011b snad zalo\u017eit pluk kdesi u Uralu a p\u0159idat se na spr\u00e1vnou stranu k\u00a0bratr\u016fm Slovan\u016fm. Ne, nechceme \u017e\u00e1dnou v\u00e1lku, um\u00edr\u00e1n\u00ed na\u0161ich syn\u016f a dcer. P\u0159ejeme si prosperitu v\u00a0m\u00edru. Bohu\u017eel se na\u0161e p\u0159\u00e1n\u00ed rozch\u00e1z\u00ed s\u00a0realitou, kterou p\u0159edstavuj\u00ed vrcholn\u00ed pred\u00e1to\u0159i z\u00a0byznysu, bankovnictv\u00ed a pr\u016fmyslu. Mo\u017en\u00e1 jsme na prahu v\u00e1lky vyvolan\u00e9 Z\u00e1padem. A dokud tento nedostane op\u011bt p\u0159es hubu, bude \u0161t\u011bkat. Rusov\u00e9 u\u017e jednou sv\u011btu uk\u00e1zali, \u017ee se um\u00ed porvat. A douf\u00e1me, \u017ee dot\u00e1hnou svou pr\u00e1ci s\u00a0nacisty do dobr\u00e9ho konce.<\/p>\n<p><a href=\"https:\/\/www.inadhled.live\/uvaha-dne\/je-to-tak-lakave-\/\">Jind\u0159ich Kulhav\u00fd<\/a><\/p>\n<p><img decoding=\"async\" loading=\"lazy\" class=\"alignnone size-full wp-image-48136\" src=\"http:\/\/www.infokuryr.cz\/n\/wp-content\/uploads\/2024\/02\/kulhavy-jindrich.jpg\" alt=\"\" width=\"219\" height=\"221\" srcset=\"https:\/\/www.infokuryr.cz\/n\/wp-content\/uploads\/2024\/02\/kulhavy-jindrich.jpg 219w, https:\/\/www.infokuryr.cz\/n\/wp-content\/uploads\/2024\/02\/kulhavy-jindrich-150x150.jpg 150w\" sizes=\"(max-width: 219px) 100vw, 219px\" \/><\/p>\n<p><img decoding=\"async\" loading=\"lazy\" class=\"wp-image-86739 aligncenter\" src=\"http:\/\/www.infokuryr.cz\/n\/wp-content\/uploads\/2025\/08\/volby-program-211x300.png\" alt=\"\" width=\"814\" height=\"1157\" srcset=\"https:\/\/www.infokuryr.cz\/n\/wp-content\/uploads\/2025\/08\/volby-program-211x300.png 211w, https:\/\/www.infokuryr.cz\/n\/wp-content\/uploads\/2025\/08\/volby-program-721x1024.png 721w, https:\/\/www.infokuryr.cz\/n\/wp-content\/uploads\/2025\/08\/volby-program-768x1091.png 768w, https:\/\/www.infokuryr.cz\/n\/wp-content\/uploads\/2025\/08\/volby-program-1081x1536.png 1081w, https:\/\/www.infokuryr.cz\/n\/wp-content\/uploads\/2025\/08\/volby-program-1442x2048.png 1442w, https:\/\/www.infokuryr.cz\/n\/wp-content\/uploads\/2025\/08\/volby-program-1024x1455.png 1024w\" sizes=\"(max-width: 814px) 100vw, 814px\" \/><\/p>\n<\/div>\n","protected":false},"excerpt":{"rendered":"<p>I kdy\u017e se u n\u00e1s bl\u00ed\u017e\u00ed volby, co\u017e by m\u011bla b\u00fdt leto\u0161n\u00ed z\u00e1sadn\u00ed ud\u00e1lost, daleko&#8230;<\/p>\n","protected":false},"author":2,"featured_media":88555,"comment_status":"closed","ping_status":"closed","sticky":false,"template":"","format":"standard","meta":[],"categories":[6],"tags":[41,39,35,40],"_links":{"self":[{"href":"https:\/\/www.infokuryr.cz\/n\/wp-json\/wp\/v2\/posts\/88554"}],"collection":[{"href":"https:\/\/www.infokuryr.cz\/n\/wp-json\/wp\/v2\/posts"}],"about":[{"href":"https:\/\/www.infokuryr.cz\/n\/wp-json\/wp\/v2\/types\/post"}],"author":[{"embeddable":true,"href":"https:\/\/www.infokuryr.cz\/n\/wp-json\/wp\/v2\/users\/2"}],"replies":[{"embeddable":true,"href":"https:\/\/www.infokuryr.cz\/n\/wp-json\/wp\/v2\/comments?post=88554"}],"version-history":[{"count":0,"href":"https:\/\/www.infokuryr.cz\/n\/wp-json\/wp\/v2\/posts\/88554\/revisions"}],"wp:featuredmedia":[{"embeddable":true,"href":"https:\/\/www.infokuryr.cz\/n\/wp-json\/wp\/v2\/media\/88555"}],"wp:attachment":[{"href":"https:\/\/www.infokuryr.cz\/n\/wp-json\/wp\/v2\/media?parent=88554"}],"wp:term":[{"taxonomy":"category","embeddable":true,"href":"https:\/\/www.infokuryr.cz\/n\/wp-json\/wp\/v2\/categories?post=88554"},{"taxonomy":"post_tag","embeddable":true,"href":"https:\/\/www.infokuryr.cz\/n\/wp-json\/wp\/v2\/tags?post=88554"}],"curies":[{"name":"wp","href":"https:\/\/api.w.org\/{rel}","templated":true}]}}