{"id":88546,"date":"2025-09-25T04:33:41","date_gmt":"2025-09-25T02:33:41","guid":{"rendered":"https:\/\/www.infokuryr.cz\/n\/?p=88546"},"modified":"2025-09-25T04:33:41","modified_gmt":"2025-09-25T02:33:41","slug":"mafie-okolo-dozimetru-rozdelovala-penize-z-uplatku-ze-zakazek-dpp-do-stranickych-pokladen-stan-a-top-09","status":"publish","type":"post","link":"https:\/\/www.infokuryr.cz\/n\/2025\/09\/25\/mafie-okolo-dozimetru-rozdelovala-penize-z-uplatku-ze-zakazek-dpp-do-stranickych-pokladen-stan-a-top-09\/","title":{"rendered":"Mafie okolo Dozimetru rozd\u011blovala pen\u00edze z \u00faplatk\u016f ze zak\u00e1zek DPP do stranick\u00fdch pokladen STAN a TOP 09"},"content":{"rendered":"<div id=\"fb-root\"><\/div>\n<h4>Mafie okolo Dozimetru rozd\u011blovala pen\u00edze z \u00faplatk\u016f ze zak\u00e1zek DPP do stranick\u00fdch pokladen STAN a TOP 09 na financov\u00e1n\u00ed obou politick\u00fdch partaj\u00ed! SPD podala podn\u011bt ke zru\u0161en\u00ed obou stran v d\u016fsledku financov\u00e1n\u00ed obou politick\u00fdch subjekt\u016f v\u00fdnosy z trestn\u00e9 \u010dinnosti! V\u00fdpov\u011bdi korunn\u00edch sv\u011bdk\u016f potvrzuj\u00ed, \u017ee po skand\u00e1lu ministra za ODS s bitcoiny je odhalen\u00ed o financov\u00e1n\u00ed STAN a TOP 09 potvrzen\u00edm Fialovy vl\u00e1dn\u00ed mafie!<\/h4>\n<p>Do parlamentn\u00edch voleb v \u010cR zb\u00fdv\u00e1 u\u017e jen 8 dn\u00ed a pr\u00e1v\u011b v t\u00e9to chv\u00edli se rozjel nejv\u011bt\u0161\u00ed skand\u00e1l \u010desk\u00e9 politiky za v\u00edce ne\u017e posledn\u00edch 30 let.\u00a0<strong>Podle v\u00fdpov\u011bd\u00ed korunn\u00edch sv\u011bdk\u016f v kauze Dozimetr toti\u017e v\u00fdnosy z \u00faplatk\u016f ze zak\u00e1zek Pra\u017esk\u00e9ho dopravn\u00edho podniku (DPP) proudily rovn\u00fdm d\u00edlem do stranick\u00fdch pokladen hnut\u00ed STAN a strany TOP 09.<\/strong>\u00a0Po skand\u00e1lu ministra spravedlnosti Pavla Bla\u017eka z ODS, kter\u00fd p\u0159ijal Bitcoiny z drogov\u00e9ho tr\u017ei\u0161t\u011b na Darknetu, je to nyn\u00ed kompletn\u00ed. STAN i TOP 09 maj\u00ed rovn\u011b\u017e financov\u00e1n\u00ed \u201c<em>bokem<\/em>\u201d a ukazuje se, \u017ee v politice v \u010cR se nic ned\u011bje n\u00e1hodou.<\/p>\n<p><a href=\"https:\/\/aeronet.news\/wp-content\/uploads\/PetrFialaNovela.jpg\"><img decoding=\"async\" loading=\"lazy\" class=\"wp-image-58975 aligncenter\" src=\"https:\/\/aeronet.news\/wp-content\/uploads\/PetrFialaNovela.jpg\" sizes=\"(max-width: 1280px) 100vw, 1280px\" srcset=\"https:\/\/aeronet.news\/wp-content\/uploads\/PetrFialaNovela.jpg 1280w, https:\/\/aeronet.news\/wp-content\/uploads\/PetrFialaNovela-300x169.jpg 300w, https:\/\/aeronet.news\/wp-content\/uploads\/PetrFialaNovela-768x433.jpg 768w, https:\/\/aeronet.news\/wp-content\/uploads\/PetrFialaNovela-1024x577.jpg 1024w, https:\/\/aeronet.news\/wp-content\/uploads\/PetrFialaNovela-700x394.jpg 700w, https:\/\/aeronet.news\/wp-content\/uploads\/PetrFialaNovela-634x357.jpg 634w, https:\/\/aeronet.news\/wp-content\/uploads\/PetrFialaNovela-857x483.jpg 857w\" alt=\"\" width=\"806\" height=\"454\" \/><\/a><\/p>\n<p>Kdy\u017e tehdy 25. \u00fanora 2022 nechal Petr FIala zablokovat 8 opozi\u010dn\u00edch web\u016f v \u010cR v \u010dele s na\u0161im serverem, a to bez rozhodnut\u00ed soudu, na z\u00e1klad\u011b pamfletu\u00a0<em>\u010du\u010dka\u0159\u016f<\/em>\u00a0z Vojensk\u00e9ho zpravodajstv\u00ed, kter\u00fd rozeslali na v\u0161echny strany internetov\u00fdm a dom\u00e9nov\u00fdm oper\u00e1tor\u016fm, tak to tehdy Petr Fiala zd\u016fvodnil slovy, \u017ee i kdy\u017e to neprob\u011bhlo na z\u00e1klad\u011b z\u00e1kona, bez rozhodnut\u00ed soudu, tak se nic nestalo, \u017ee to pr\u00fd \u201c<em>cht\u011blo odvahu<\/em>\u201d ud\u011blat.<\/p>\n<p><strong>Tehdy jsme do\u0161li v redakci k n\u00e1zoru, \u017ee toto jedn\u00e1n\u00ed Fialovy vl\u00e1dy vykazuje v\u0161echny znaky mafie<\/strong>, proto\u017ee v demokratick\u00e9 zemi by k takov\u00e9mu po\u0161lap\u00e1n\u00ed \u00fastavn\u00edch pr\u00e1v na svobodu slova a na spravedliv\u00fd soudn\u00ed proces garantovan\u00fd Chartou OSN nikdy nedo\u0161lo. Strany, kter\u00e9 \u010derpaj\u00ed finance z korupce, maj\u00ed logicky korup\u010dn\u00ed postoj i k pr\u00e1vn\u00edmu st\u00e1tu i k \u00dastav\u011b, tak\u017ee t\u00edm se to zp\u011btn\u011b v\u0161echno vysv\u011btluje.<\/p>\n<div>\n<h3>Dozimetr: \u0160okuj\u00edc\u00ed sv\u011bdectv\u00ed o rozd\u011blov\u00e1n\u00ed \u00faplatk\u016f. Pen\u00edze \u00fadajn\u011b proudily do pokladen STAN a TOP 09<\/h3>\n<p>Kauza Dozimetr, kter\u00e1 od sv\u00e9ho propuknut\u00ed v roce 2022 ot\u0159\u00e1s\u00e1 \u010deskou politickou sc\u00e9nou, toti\u017e dost\u00e1v\u00e1 v posledn\u00edch t\u00fddnech zcela nov\u00fd rozm\u011br. Zat\u00edmco ve\u0159ejnost dosud vn\u00edmala p\u0159\u00edpad p\u0159edev\u0161\u00edm jako spletitou s\u00ed\u0165 \u00faplatk\u016f, zmanipulovan\u00fdch zak\u00e1zek a z\u00e1kulisn\u00edch dohod v prost\u0159ed\u00ed pra\u017esk\u00e9ho dopravn\u00edho podniku, nejnov\u011bj\u0161\u00ed v\u00fdpov\u011bdi ob\u017ealovan\u00fdch i sv\u011bdk\u016f nazna\u010duj\u00ed n\u011bco mnohem z\u00e1va\u017en\u011bj\u0161\u00edho.<\/p>\n<p>Podle informac\u00ed z m\u00e9di\u00ed a investigativn\u00edch server\u016f, v\u010detn\u011b Odkryto.cz a Seznam Zpr\u00e1v, toti\u017e\u00a0<strong>nemal\u00e1 \u010d\u00e1st finan\u010dn\u00edch tok\u016f z \u00faplatk\u016f mohla nekon\u010dit jen v kaps\u00e1ch jednotlivc\u016f, ale \u00fadajn\u011b p\u0159\u00edmo v pokladn\u00e1ch politick\u00fdch stran \u2013 konkr\u00e9tn\u011b hnut\u00ed STAN a TOP 09.<\/strong>\u00a0Pokud by se tyto informace potvrdily, znamenalo by to bezprecedentn\u00ed ot\u0159es \u010desk\u00e9ho politick\u00e9ho syst\u00e9mu od dob opozi\u010dn\u00ed smlouvy.<\/p>\n<p>&nbsp;<\/p>\n<div id=\"rumble_v6x8eo8\">\n<div id=\"vid_v6x8eo8\" class=\"rumble_v6x8eo8-Rumble-cls\" tabindex=\"-1\">\n<div><div class='videoWrapper'>\r\n\t            <iframe src='https:\/\/rumble.com\/embed\/pj.v6x8eo8\/' frameborder='0' allowfullscreen><\/iframe>\r\n\t        <\/div><\/div>\n<\/div>\n<\/div>\n<p>&nbsp;<\/p>\n<p>Kdy\u017e v \u010dervnu 2022 N\u00e1rodn\u00ed centr\u00e1la proti organizovan\u00e9mu zlo\u010dinu (NCOZ) rozjela operaci s kryc\u00edm n\u00e1zvem Dozimetr, zd\u00e1lo se, \u017ee jde o dal\u0161\u00ed korup\u010dn\u00ed af\u00e9ru v oblasti ve\u0159ejn\u00fdch zak\u00e1zek. Vysoce postaven\u00ed mana\u017ee\u0159i Dopravn\u00edho podniku hl. m. Prahy (DPP), podnikatel\u00e9 s vazbami na mocensk\u00e9 struktury, ale i poradci \u010delili obvin\u011bn\u00edm z bran\u00ed \u00faplatk\u016f v\u00fdm\u011bnou za v\u00fdhodn\u00e9 zak\u00e1zky. Postupn\u011b se v\u0161ak uk\u00e1zalo, \u017ee syst\u00e9m m\u016f\u017ee sahat hloub\u011bji, ne\u017e se \u010dekalo.<\/p>\n<p>Z\u00e1sadn\u00ed roli m\u011bl podle obvin\u011bn\u00ed Petr Hlubu\u010dek (d\u0159\u00edve STAN), n\u011bkdej\u0161\u00ed n\u00e1m\u011bstek pra\u017esk\u00e9ho prim\u00e1tora a p\u0159edseda p\u0159edstavenstva DPP, zat\u010den v r\u00e1mci akce Dozimetr. Dal\u0161\u00ed st\u011b\u017eejn\u00ed osoba v procesu je podnikatel Michal Redl, kter\u00e9ho \u017ealoba ozna\u010duje za kl\u00ed\u010dov\u00e9ho akt\u00e9ra organizovan\u00e9 skupiny, kter\u00e1 v pozad\u00ed ovliv\u0148ovala zak\u00e1zky v DPP a rozd\u00e1vala provize. Ostatn\u00ed ob\u017ealovan\u00ed zahrnuj\u00ed podnikatele, prost\u0159edn\u00edky i lidi s vazbami na politick\u00e9 strany\u00a0<strong>[<a href=\"https:\/\/href.li\/?https:\/\/ct24.ceskatelevize.cz\/clanek\/domaci\/hlubucek-chce-v-dozimetru-vypovidat-dle-redla-bylo-poruseno-pravo-na-obhajobu-365289\" target=\"_blank\" rel=\"nofollow noopener\">1<\/a>]<\/strong>.<\/p>\n<h3>\u201eDeset procent pro politiku\u201c \u2013 sv\u011bdectv\u00ed, kter\u00e9 m\u011bn\u00ed pohled na kauzu<\/h3>\n<p>V pr\u016fb\u011bhu hlavn\u00edho l\u00ed\u010den\u00ed vypov\u00eddal podnikatel\u00a0<strong>Pavel Kos<\/strong>, kter\u00fd se k \u010d\u00e1sti obvin\u011bn\u00ed p\u0159iznal a usiluje o dohodu s \u017ealobcem. Podle medi\u00e1ln\u00edch v\u00fdstup\u016f u soudu uvedl\u00a0<strong>[<a href=\"https:\/\/href.li\/?https:\/\/www.seznamzpravy.cz\/clanek\/domaci-kauzy-online-redluv-duvernik-se-v-kauze-dozimetr-priznal-bude-vypovidat-286695\" target=\"_blank\" rel=\"nofollow noopener\">2<\/a>]<\/strong>, \u017ee byl osloven, aby \u201epodpo\u0159il\u201c hnut\u00ed STAN a TOP 09, a \u017ee \u201e<em>platili jsme, proto\u017ee jsme byli p\u0159\u00edznivci<\/em>\u201c t\u011bchto stran. Kos podle sv\u00fdch slov p\u0159iznal, \u017ee finan\u010dn\u011b podporoval STAN v letech 2015 a\u017e 2016 a \u017ee jeho firma darovala i v roce 2022. Tyto prost\u0159edky \u00fadajn\u011b m\u011bly b\u00fdt financov\u00e1ny z v\u00fdnos\u016f zak\u00e1zek ovliv\u0148ovan\u00fdch v kauze Dozimetr\u00a0<strong>[<a href=\"https:\/\/href.li\/?https:\/\/www.seznamzpravy.cz\/clanek\/domaci-kauzy-nove-priznani-v-kauze-dozimetr-co-meni-svedectvi-redlovy-prave-ruky-286802\" target=\"_blank\" rel=\"nofollow noopener\">3<\/a>]<\/strong>.<\/p>\n<figure id=\"attachment_59850\" class=\"wp-caption aligncenter\" style=\"width: 703px;\"><a href=\"https:\/\/aeronet.news\/wp-content\/uploads\/DozimetrChobotniceMapa.jpg\"><img decoding=\"async\" loading=\"lazy\" class=\"wp-image-59850 \" src=\"https:\/\/aeronet.news\/wp-content\/uploads\/DozimetrChobotniceMapa-1024x630.jpg\" sizes=\"(max-width: 700px) 100vw, 700px\" srcset=\"https:\/\/aeronet.news\/wp-content\/uploads\/DozimetrChobotniceMapa-1024x630.jpg 1024w, https:\/\/aeronet.news\/wp-content\/uploads\/DozimetrChobotniceMapa-300x185.jpg 300w, https:\/\/aeronet.news\/wp-content\/uploads\/DozimetrChobotniceMapa-768x473.jpg 768w, https:\/\/aeronet.news\/wp-content\/uploads\/DozimetrChobotniceMapa-700x431.jpg 700w, https:\/\/aeronet.news\/wp-content\/uploads\/DozimetrChobotniceMapa-580x357.jpg 580w, https:\/\/aeronet.news\/wp-content\/uploads\/DozimetrChobotniceMapa-785x483.jpg 785w, https:\/\/aeronet.news\/wp-content\/uploads\/DozimetrChobotniceMapa.jpg 1581w\" alt=\"\" width=\"703\" height=\"433\" \/><\/a><figcaption class=\"wp-caption-text\">Korup\u010dn\u00ed vztahy v kauze Dozimetr<\/figcaption><\/figure>\n<p>Dal\u0161\u00ed sv\u011bdek vypov\u011bd\u011bl, \u017ee d\u011blen\u00ed prob\u00edhalo rovn\u00fdm d\u00edlem, pro TOP 09 pr\u00fd \u0161lo do stranick\u00e9 pokladny 50% z pod\u00edlu na \u00faplatky, do STAN \u0161lo tak\u00e9 50% z pod\u00edlu, ale z toho pod\u00edlu pro STAN \u0161lo 30% pro stranu a 20% pro lidi okolo Redla jako poplatek za \u201c<em>realizaci<\/em>\u201d t\u011bchto k\u0161eft\u016f. Dal\u0161\u00ed sv\u011bdectv\u00ed poch\u00e1z\u00ed z v\u00fdpov\u011bd\u00ed, kter\u00e9 m\u00e9dia cituj\u00ed, \u017ee \u010d\u00e1st \u00faplatk\u016f m\u011bla syst\u00e9mov\u011b proudit\u00a0<strong>[<a href=\"https:\/\/href.li\/?https:\/\/www.denik.cz\/krimi\/pri-projednavani-kauzy-dozimetr-obzalovany-kos-ukazal-na-hnuti-stan.html\" target=\"_blank\" rel=\"nofollow noopener\">4<\/a>]\u00a0<\/strong>do struktur STAN a TOP 09. Jeden z ob\u017ealovan\u00fdch \u00fadajn\u011b vypov\u011bd\u011bl, \u017ee rozd\u011blov\u00e1n\u00ed zak\u00e1zky umo\u017e\u0148ovalo tzv. \u201e<em>pod\u00edl pro politiku<\/em>\u201c.<\/p>\n<h3>Sch\u00e9ma \u201et\u0159\u00ed proud\u016f\u201c: Jak \u00fadajn\u011b fungovalo rozd\u011blov\u00e1n\u00ed pen\u011bz<\/h3>\n<p>Podle rekonstrukce v\u00fdpov\u011bd\u00ed m\u011blo b\u00fdt rozd\u011blov\u00e1n\u00ed \u00faplatk\u016f organizov\u00e1no do t\u0159\u00ed proud\u016f:<\/p>\n<ul>\n<li><strong>Osobn\u00ed odm\u011bny<\/strong>\u00a0\u2013 pro mana\u017eery, \u00fa\u0159edn\u00edky a jednotlivce, kte\u0159\u00ed zak\u00e1zku zprost\u0159edkovali \u010di zajistili.<\/li>\n<li><strong>Provozn\u00ed n\u00e1klady syst\u00e9mu<\/strong>\u00a0\u2013 pr\u00e1vn\u00ed kryt\u00ed, \u201e\u00faklid\u201c d\u016fkaz\u016f a operativn\u00ed n\u00e1klady.<\/li>\n<li><strong>Financov\u00e1n\u00ed politiky<\/strong>\u00a0\u2013 \u010d\u00e1st pen\u011bz sm\u011b\u0159ovala do struktur politick\u00fdch stran nebo jejich podpory.<\/li>\n<\/ul>\n<p>V\u00fdpov\u011bdi nazna\u010duj\u00ed, \u017ee u v\u011bt\u0161\u00edch zak\u00e1zek se tradi\u010dn\u011b po\u010d\u00edtalo s p\u0159ibli\u017en\u011b\u00a0<strong>10% pau\u0161\u00e1lem<\/strong>\u00a0pro odklon do TOP 09 a STAN rovn\u00fdm d\u00edlem, a ty se potom d\u00e1l d\u011blily mezi akt\u00e9ry napojen\u00e9 na oba stranick\u00e9 subjekty. Z toho, jak vypov\u00eddaj\u00ed\u00a0<strong>[<a href=\"https:\/\/href.li\/?https:\/\/www.seznamzpravy.cz\/clanek\/domaci-kauzy-nove-priznani-v-kauze-dozimetr-co-meni-svedectvi-redlovy-prave-ruky-286802\" target=\"_blank\" rel=\"nofollow noopener\">5<\/a>]\u00a0<\/strong>n\u011bkte\u0159\u00ed ob\u017ealovan\u00ed, m\u011bla \u010d\u00e1st sm\u011b\u0159ovat \u201enahoru\u201c \u2013 tedy do stranick\u00fdch struktur.<strong>\u00a0<\/strong>Zat\u00edm nen\u00ed jasn\u00e9, jak\u00fdm mechanismem by m\u011bly tyto \u010d\u00e1stky vstupovat do stranick\u00fdch pokladen. Mezi variantami se objevuj\u00ed:<\/p>\n<ul>\n<li>dary fyzick\u00fdch \u010di pr\u00e1vnick\u00fdch osob,<\/li>\n<li>fakturace \u201emarketingov\u00fdch slu\u017eeb\u201c \u010di PR aktivit,<\/li>\n<li>skryt\u00e9 finan\u010dn\u00ed toky p\u0159es sp\u0159\u00e1telen\u00e9 podniky nebo neziskov\u00e9 organizace.<\/li>\n<\/ul>\n<p>V\u00fd\u0148atkem z medi\u00e1ln\u00edch report\u00e1\u017e\u00ed\u00a0<strong>[<a href=\"https:\/\/href.li\/?https:\/\/www.seznamzpravy.cz\/clanek\/domaci-kauzy-online-redluv-duvernik-se-v-kauze-dozimetr-priznal-bude-vypovidat-286695\" target=\"_blank\" rel=\"nofollow noopener\">6<\/a>]\u00a0<\/strong>je tvrzen\u00ed, \u017ee n\u011bkter\u00e9 dary stran\u00e1m m\u011bly b\u00fdt evidov\u00e1ny od subjekt\u016f, kter\u00e9 samy v\u00fdb\u011brov\u00e1 \u0159\u00edzen\u00ed nevyhr\u00e1ly, ale m\u011bly vazby na akt\u00e9ry kauzy.<\/p>\n<h3>STAN i TOP 09 ml\u010d\u00ed. Opozice \u017e\u00e1d\u00e1 vy\u0161et\u0159ovac\u00ed komisi a SPD podala podn\u011bt k rozpu\u0161t\u011bn\u00ed obou partaj\u00ed<\/h3>\n<p>Na v\u00fdzvy novin\u00e1\u0159\u016f, zda m\u011bly strany v\u011bdomost o \u00fadajn\u011b p\u0159ij\u00edman\u00fdch pen\u011bz\u00edch z korup\u010dn\u00edch zdroj\u016f, reaguj\u00ed opatrn\u011b. Hnut\u00ed STAN vydalo prohl\u00e1\u0161en\u00ed, \u017ee s kauzou Dozimetr nem\u00e1 nic spole\u010dn\u00e9ho, a \u017ee pokud se prok\u00e1\u017eou pochyben\u00ed, je p\u0159ipraveno p\u0159ijmout d\u016fsledky. TOP 09 naopak prohla\u0161uje, \u017ee jeho \u00fa\u010detnictv\u00ed je auditov\u00e1no nez\u00e1visl\u00fdm auditorem a \u017ee nikdy nep\u0159ijalo \u017e\u00e1dn\u00e9 nez\u00e1konn\u00e9 prost\u0159edky.<\/p>\n<p>Opozice vol\u00e1 po z\u0159\u00edzen\u00ed parlamentn\u00ed vy\u0161et\u0159ovac\u00ed komise, jej\u00edm\u017e \u00fakolem by bylo odhalit p\u0159\u00edpadn\u00e9 propojen\u00ed politiky a korupce v r\u00e1mci t\u00e9to kauzy.\u00a0<strong>P\u0159edseda ANO ji\u017e ve\u0159ejn\u011b tvrd\u00ed, \u017ee pokud by se prok\u00e1zalo financov\u00e1n\u00ed stran z \u00faplatk\u016f, \u0161lo by o kolaps d\u016fv\u011bry v demokracii.<\/strong>\u00a0A p\u0159edseda SPD Tomio Okamura ji\u017e ozn\u00e1mil, \u017ee jeho strana podal n\u00e1vrh na zru\u0161en\u00ed TOP 09 a STAN kv\u016fli neleg\u00e1ln\u00edmu financov\u00e1n\u00ed stran v rozporu se z\u00e1konem.<\/p>\n<p>&nbsp;<\/p>\n<div id=\"rumble_v6x8eog\">\n<div id=\"vid_v6x8eog\" class=\"rumble_v6x8eog-Rumble-cls\" tabindex=\"-1\">\n<div><div class='videoWrapper'>\r\n\t            <iframe src='https:\/\/rumble.com\/embed\/pj.v6x8eog\/' frameborder='0' allowfullscreen><\/iframe>\r\n\t        <\/div><\/div>\n<\/div>\n<\/div>\n<p>&nbsp;<\/p>\n<p>Odborn\u00edci na financov\u00e1n\u00ed stran a politickou korupci varuj\u00ed, \u017ee potvrzen\u00ed varianty, \u017ee politick\u00e9 strany byly p\u0159\u00edmo financov\u00e1ny z \u00faplatk\u016f, by znamenalo z\u00e1sadn\u00ed zm\u011bnu paradigmatu \u010desk\u00e9 politiky. Zat\u00edmco jednotliv\u00e9 korup\u010dn\u00ed p\u0159\u00edpady jsou v \u010cesku zn\u00e1my, p\u0159\u00edm\u00e9 propojen\u00ed stran a korup\u010dn\u00edch s\u00edt\u00ed by bylo preceden\u010dn\u00ed. Analytik Jan N\u011bmec upozor\u0148uje, \u017ee by mohlo doj\u00edt i k legislativn\u00edm \u00faprav\u00e1m (nap\u0159\u00edklad zp\u0159\u00edsn\u011bn\u00ed darovac\u00edch pravidel) \u010di \u2013 v extr\u00e9mn\u00edm sc\u00e9n\u00e1\u0159i \u2013 i k rozpu\u0161t\u011bn\u00ed n\u011bkter\u00fdch stran, pokud by se prok\u00e1zalo, \u017ee v\u011bdom\u011b p\u0159ij\u00edmaly neleg\u00e1ln\u00ed prost\u0159edky. Nezodpov\u011bzeny z\u016fst\u00e1vaj\u00ed i tyto ot\u00e1zky:<\/p>\n<ul>\n<li>Kdo konkr\u00e9tn\u011b m\u011bl dohl\u00ed\u017eet na tok pen\u011bz sm\u011brem ke stranick\u00fdm struktur\u00e1m?<\/li>\n<li>Jak\u00fd byl skute\u010dn\u00fd objem prost\u0159edk\u016f, kter\u00e9 sm\u011b\u0159ovaly do politiky?<\/li>\n<li>Jak mnoho zak\u00e1zek mohlo b\u00fdt ovlivn\u011bno obdobn\u00fdm syst\u00e9mem?<\/li>\n<li>Existuj\u00ed \u00fa\u010detn\u00ed doklady, kter\u00e9 by prok\u00e1zaly tyto finan\u010dn\u00ed toky v ofici\u00e1ln\u00edm \u00fa\u010detnictv\u00ed stran?<\/li>\n<\/ul>\n<p>Dozimetr otev\u00edr\u00e1 znovu star\u00e9 r\u00e1ny spojen\u00e9 s protilehlou ot\u00e1zkou: kam a\u017e sah\u00e1 vztah mezi politick\u00fdmi stranami, lobbistick\u00fdmi skupinami a zak\u00e1zkami. V minulosti u\u017e se objevily kauzy jako Opencard, sol\u00e1rn\u00ed projekty \u010di p\u0159\u00edpady na komun\u00e1ln\u00ed \u00farovni, kter\u00e9 nazna\u010dovaly, \u017ee politick\u00e9 strany mohou b\u00fdt zprost\u0159edkovan\u011b napojeny na korup\u010dn\u00ed toky. Av\u0161ak rozd\u00edl oproti dosavadn\u00edm p\u0159\u00edpad\u016fm je v rozsahu, syst\u00e9movosti a potenci\u00e1lu \u2013 pokud se potvrzen\u00ed dostane na \u00farove\u0148 faktu, Dozimetr by mohl b\u00fdt zaps\u00e1n jako jeden z nejv\u011bt\u0161\u00edch politick\u00fdch skand\u00e1l\u016f po roce 1989.<\/p>\n<h3>Cht\u011blo to odvahu!<\/h3>\n<p>V\u0161echny tyto ot\u00e1zky z\u016fst\u00e1vaj\u00ed v tuto chv\u00edli otev\u0159en\u00e9 \u2013 prob\u00edh\u00e1 vy\u0161et\u0159ov\u00e1n\u00ed, hlavn\u00ed l\u00ed\u010den\u00ed pokra\u010duje a \u017ealoba i obhajoba si vym\u011b\u0148uj\u00ed nab\u00eddky d\u016fkaz\u016f i sv\u011bdectv\u00ed. Soudn\u00ed proces se o\u010dek\u00e1v\u00e1 do roku 2026, a a\u017e tehdy m\u016f\u017ee b\u00fdt jasn\u011bji, jak hluboko tato s\u00ed\u0165 skute\u010dn\u011b sah\u00e1. Kauza Dozimetr se postupn\u011b m\u011bn\u00ed z p\u0159\u00edpadu zmanipulovan\u00fdch zak\u00e1zek v dopravn\u00edm podniku na jeden z nejv\u011bt\u0161\u00edch politick\u00fdch skand\u00e1l\u016f modern\u00ed \u010desk\u00e9 historie.<\/p>\n<p>Pokud se sv\u011bdectv\u00ed o rozd\u011blov\u00e1n\u00ed \u00faplatk\u016f sm\u011brem do stranick\u00fdch pokladen potvrd\u00ed, p\u016fjde o potvrzen\u00ed kolapsu pr\u00e1vn\u00edho st\u00e1tu.\u00a0<strong>Mafie ovl\u00e1dla \u010desk\u00fd st\u00e1t a ten Fial\u016fv v\u00fdrok z \u00fanora 2022 o to, \u017ee \u201c<em>Cht\u011blo to odvahu!<\/em>\u201d by se mohl dostat na prezidentskou standartu na Hrad\u011b nam\u00edsto hesla \u201c<em>Pravda v\u00edt\u011bz\u00ed!<\/em>\u201c<\/strong>\u00a0a sed\u011blo by to p\u0159esn\u011b a v\u00fdsti\u017en\u011b jako hrnec na pozad\u00ed. Jak se \u0159\u00edkalo d\u0159\u00edve: \u201c<em>Toto u\u017e nen\u00ed selh\u00e1n\u00ed jednotlivce, soudruzi, to je anarchie!<\/em>\u201c<\/p>\n<figure id=\"attachment_50993\" class=\"wp-caption aligncenter\" style=\"width: 705px;\"><a href=\"https:\/\/aeronet.news\/wp-content\/uploads\/PavelBlazekPetrFiala.jpg\"><img decoding=\"async\" loading=\"lazy\" class=\"wp-image-50993 \" src=\"https:\/\/aeronet.news\/wp-content\/uploads\/PavelBlazekPetrFiala-1024x682.jpg\" sizes=\"(max-width: 700px) 100vw, 700px\" srcset=\"https:\/\/aeronet.news\/wp-content\/uploads\/PavelBlazekPetrFiala-1024x682.jpg 1024w, https:\/\/aeronet.news\/wp-content\/uploads\/PavelBlazekPetrFiala-300x200.jpg 300w, https:\/\/aeronet.news\/wp-content\/uploads\/PavelBlazekPetrFiala-768x512.jpg 768w, https:\/\/aeronet.news\/wp-content\/uploads\/PavelBlazekPetrFiala-700x466.jpg 700w, https:\/\/aeronet.news\/wp-content\/uploads\/PavelBlazekPetrFiala-536x357.jpg 536w, https:\/\/aeronet.news\/wp-content\/uploads\/PavelBlazekPetrFiala-725x483.jpg 725w, https:\/\/aeronet.news\/wp-content\/uploads\/PavelBlazekPetrFiala.jpg 1280w\" alt=\"\" width=\"705\" height=\"469\" \/><\/a><figcaption class=\"wp-caption-text\">Don Pablo a Profesor<\/figcaption><\/figure>\n<p>Cht\u011blo to odvahu zvolit v roce 2021 vl\u00e1du mafi\u00e1n\u016f. Cht\u011blo to odvahu okr\u00e1st d\u016fchodce na valorizac\u00edch d\u016fchod\u016f kv\u016fli inflaci zp\u016fsoben\u00e9 pr\u00e1v\u011b Fialovou vl\u00e1dou. D\u016fchodc\u016fm brali, sob\u011b si odkl\u00e1n\u011bli. Jako v n\u011bjak\u00e9 poh\u00e1dce, ale tak trochu morbidn\u00ed. Cht\u011blo to odvahu zvolit prezidentem rozv\u011bd\u010d\u00edka \u010cSLA a p\u0159edsedu m\u00edstn\u00ed bu\u0148ky KS\u010c, kter\u00fd do\u0161el po roce 1989 proz\u0159en\u00ed v nejvy\u0161\u0161\u00ed funkci v NATO jako k\u00e1dr z\u00e1padn\u00edch hodnot. Takov\u00e9\u00a0<em>chucpe<\/em>! Voli\u010di se stali\u00a0<em>voly\u010dy<\/em>\u00a0s tvrd\u00fdm \u010di znateln\u011b natvrdl\u00fdm mozkem!<\/p>\n<p>Cht\u011blo to odvahu ministra spravedlnosti p\u0159ijmout krypto od drogov\u00e9ho dealera z Darknetu! Cht\u011blo to odvahu financovat z korupce a pen\u011bz DPP dv\u011b partaje, kter\u00e9 p\u0159itom dlouh\u00e1 l\u00e9ta \u0159valy na Babi\u0161e kv\u016fli \u010cap\u00edmu hn\u00edzdu. Prost\u011b tohle v\u0161echno cht\u011blo odvahu. \u017d\u00e1dnou pravdu, ale prost\u011b jenom odvahu s v\u011bdom\u00edm, \u017ee\u00a0<em>\u010cesko snese f\u0161ecko!<\/em>\u00a0A takov\u00e1 je realita.<\/p>\n<p><a href=\"https:\/\/aeronet.news\/mafie-okolo-dozimetru-rozdelovala-penize-z-uplatku-ze-zakazek-dpp-do-stranickych-pokladen-stan-a-top-09-na-financovani-obou-politickych-partaji-spd-podala-podnet-ke-zruseni-obou-stran\/\">-VK-<\/a><\/p>\n<p><img decoding=\"async\" loading=\"lazy\" class=\"wp-image-86739 aligncenter\" src=\"http:\/\/www.infokuryr.cz\/n\/wp-content\/uploads\/2025\/08\/volby-program-211x300.png\" alt=\"\" width=\"857\" height=\"1218\" srcset=\"https:\/\/www.infokuryr.cz\/n\/wp-content\/uploads\/2025\/08\/volby-program-211x300.png 211w, https:\/\/www.infokuryr.cz\/n\/wp-content\/uploads\/2025\/08\/volby-program-721x1024.png 721w, https:\/\/www.infokuryr.cz\/n\/wp-content\/uploads\/2025\/08\/volby-program-768x1091.png 768w, https:\/\/www.infokuryr.cz\/n\/wp-content\/uploads\/2025\/08\/volby-program-1081x1536.png 1081w, https:\/\/www.infokuryr.cz\/n\/wp-content\/uploads\/2025\/08\/volby-program-1442x2048.png 1442w, https:\/\/www.infokuryr.cz\/n\/wp-content\/uploads\/2025\/08\/volby-program-1024x1455.png 1024w\" sizes=\"(max-width: 857px) 100vw, 857px\" \/><\/p>\n<\/div>\n","protected":false},"excerpt":{"rendered":"<p>Mafie okolo Dozimetru rozd\u011blovala pen\u00edze z \u00faplatk\u016f ze zak\u00e1zek DPP do stranick\u00fdch pokladen STAN a&#8230;<\/p>\n","protected":false},"author":2,"featured_media":88547,"comment_status":"closed","ping_status":"closed","sticky":false,"template":"","format":"standard","meta":[],"categories":[6],"tags":[4743,207,424,193],"_links":{"self":[{"href":"https:\/\/www.infokuryr.cz\/n\/wp-json\/wp\/v2\/posts\/88546"}],"collection":[{"href":"https:\/\/www.infokuryr.cz\/n\/wp-json\/wp\/v2\/posts"}],"about":[{"href":"https:\/\/www.infokuryr.cz\/n\/wp-json\/wp\/v2\/types\/post"}],"author":[{"embeddable":true,"href":"https:\/\/www.infokuryr.cz\/n\/wp-json\/wp\/v2\/users\/2"}],"replies":[{"embeddable":true,"href":"https:\/\/www.infokuryr.cz\/n\/wp-json\/wp\/v2\/comments?post=88546"}],"version-history":[{"count":0,"href":"https:\/\/www.infokuryr.cz\/n\/wp-json\/wp\/v2\/posts\/88546\/revisions"}],"wp:featuredmedia":[{"embeddable":true,"href":"https:\/\/www.infokuryr.cz\/n\/wp-json\/wp\/v2\/media\/88547"}],"wp:attachment":[{"href":"https:\/\/www.infokuryr.cz\/n\/wp-json\/wp\/v2\/media?parent=88546"}],"wp:term":[{"taxonomy":"category","embeddable":true,"href":"https:\/\/www.infokuryr.cz\/n\/wp-json\/wp\/v2\/categories?post=88546"},{"taxonomy":"post_tag","embeddable":true,"href":"https:\/\/www.infokuryr.cz\/n\/wp-json\/wp\/v2\/tags?post=88546"}],"curies":[{"name":"wp","href":"https:\/\/api.w.org\/{rel}","templated":true}]}}