{"id":88538,"date":"2025-09-25T04:02:31","date_gmt":"2025-09-25T02:02:31","guid":{"rendered":"https:\/\/www.infokuryr.cz\/n\/?p=88538"},"modified":"2025-09-25T04:03:06","modified_gmt":"2025-09-25T02:03:06","slug":"andrew-korybko-zelenskyj-manipuluje-trumpa-a-dohani-ho-k-katastrofe-epickych-rozmeru","status":"publish","type":"post","link":"https:\/\/www.infokuryr.cz\/n\/2025\/09\/25\/andrew-korybko-zelenskyj-manipuluje-trumpa-a-dohani-ho-k-katastrofe-epickych-rozmeru\/","title":{"rendered":"Andrew Korybko: Zelenskyj manipuluje Trumpa a doh\u00e1n\u00ed ho k katastrof\u011b epick\u00fdch rozm\u011br\u016f"},"content":{"rendered":"<div id=\"fb-root\"><\/div>\n<p><strong><span dir=\"auto\">Je\u0161t\u011b hor\u0161\u00ed by bylo, kdyby to v\u0161echno bylo kv\u016fli Zelensk\u00e9ho touze po pen\u011bz\u00edch a moci, nikoli kv\u016fli n\u011bjak\u00e9mu legitimn\u00edmu d\u016fvodu.<\/span><\/strong><\/p>\n<p><span dir=\"auto\">Trump\u016fv obrat v ot\u00e1zce Ukrajiny byl\u00a0<\/span><a href=\"https:\/\/korybko.substack.com\/p\/the-five-most-likely-motives-behind\" rel=\"\"><span dir=\"auto\">zde vysv\u011btlen\u00a0<\/span><\/a><span dir=\"auto\">\u010d\u00e1ste\u010dn\u011b t\u00edm, \u017ee reagoval na \u0161ept\u00e1n\u00ed v\u00e1le\u010dn\u00fdch \u0161tv\u00e1\u010d\u016f, jako byl Zelensk\u00fd, kter\u00fd se pozd\u011bji\u00a0<\/span><a href=\"https:\/\/kyivindependent.com\/now-he-trusts-me-much-more-zelensky-says-as-trump-shifts-tone-on-russia\/\" rel=\"\"><span dir=\"auto\">chlubil\u00a0<\/span><\/a><span dir=\"auto\">: \u201ePostupn\u011b si (Trump) uv\u011bdomil, \u017ee Putin na boji\u0161ti jednodu\u0161e sd\u00edlel informace, kter\u00e9 byly daleko od pravdy. Te\u010f mi mnohem v\u00edc d\u016fv\u011b\u0159uje, proto\u017ee informace, kter\u00e9 m\u00e1 moje tajn\u00e1 slu\u017eba, sd\u00edl\u00edme s na\u0161imi partnery.\u201c To vede k tomu, \u017ee Trump bude Zelensk\u00fdm manipulov\u00e1n a prom\u011bn\u00ed ho v katastrofu epick\u00fdch rozm\u011br\u016f, pokud se brzy neujasn\u00ed.<\/span><\/p>\n<p><span dir=\"auto\">Americk\u00fd v\u016fdce pravd\u011bpodobn\u011b vzal za pravdu tvrzen\u00ed sv\u00e9ho ukrajinsk\u00e9ho prot\u011bj\u0161ku o znovudobyt\u00ed\u00a0<\/span><a href=\"https:\/\/kyivindependent.com\/breaking-ukraine-is-in-a-position-to-fight-and-win-all-of-ukraine-back-trump-says-following-meeting-with-zelensky\/#:~:text=The%20Ukrainian%20president%20spoke%20about%20developments%20on%20the%20battlefield%2C%20saying%20Ukrainian%20troops%20had%20advanced%20some%20360%20kilometers%20(223%20miles)%20in%20recent%20weeks%20and%20inflicted%20losses%20on%20Russian%20forces.\" rel=\"\"><span dir=\"auto\">360 kilometr\u016f \u010dtvere\u010dn\u00edch\u00a0<\/span><\/a><span dir=\"auto\">v posledn\u00edch t\u00fddnech, p\u0159esto\u017ee jeho vlastn\u00ed gener\u00e1l d\u0159\u00edve odhadoval, \u017ee se jedn\u00e1 o m\u00e9n\u011b ne\u017e polovinu, tedy pouh\u00fdch\u00a0<\/span><a href=\"https:\/\/kyivindependent.com\/ukraine-liberates-160-km2-during-counteroffensive-operations\/\" rel=\"\"><span dir=\"auto\">160 kilometr\u016f \u010dtvere\u010dn\u00edch\u00a0<\/span><\/a><span dir=\"auto\">. To ho mohlo p\u0159esv\u011bd\u010dit, \u017ee jeho nov\u00e1 politika prodeje nov\u00fdch zbran\u00ed NATO za plnou cenu s n\u00e1sledn\u00fdm transferem na Ukrajinu se vypl\u00e1c\u00ed. Zelenskyj byl pravd\u011bpodobn\u011b tak\u00e9 zodpov\u011bdn\u00fd za to, \u017ee Trump ve sv\u00e9m\u00a0<\/span><a href=\"https:\/\/x.com\/WhiteHouse\/status\/1970564074850123952\" rel=\"\"><span dir=\"auto\">p\u0159\u00edsp\u011bvku napsal\u00a0<\/span><\/a><span dir=\"auto\">, \u017ee rusk\u00e1 ekonomika je v hlubok\u00fdch probl\u00e9mech.<\/span><\/p>\n<p><span dir=\"auto\">Tyto fale\u0161n\u00e9 p\u0159esv\u011bd\u010den\u00ed, kter\u00e9 jsou zalo\u017eeny na l\u017e\u00edch, je\u017e Zelenskyj vyd\u00e1v\u00e1 za \u201ezpravodajsk\u00e9 informace\u201c, pravd\u011bpodobn\u011b povzbudily Trumpa k tomu, aby po\u00a0<\/span><span dir=\"auto\"><a href=\"https:\/\/korybko.substack.com\/p\/estonias-airspace-violation-allegation\" rel=\"\">posledn\u00edm pochybn\u00e9m tvrzen\u00ed Estonska v tomto smyslu\u00a0<\/a><\/span><a href=\"https:\/\/www.rt.com\/news\/625151-nato-states-can-shoot-down\/\" rel=\"\"><span dir=\"auto\">prohl\u00e1sil\u00a0<\/span><\/a><span dir=\"auto\">svou podporu sest\u0159elov\u00e1n\u00ed rusk\u00fdch letadel NATO pod z\u00e1minkou naru\u0161en\u00ed vzdu\u0161n\u00e9ho prostoru bloku . Ve sv\u00e9m\u00a0<\/span><span dir=\"auto\"><a href=\"https:\/\/www.rev.com\/transcripts\/trump-speaks-at-un\" rel=\"\">projevu v OSN\u00a0<\/a>tak\u00e9 pohrozil \u201evelmi siln\u00fdm kolom siln\u00fdch cel\u201c proti Rusku\u00a0, pravd\u011bpodobn\u011b proti\u00a0<a href=\"https:\/\/korybko.substack.com\/p\/trumps-proposal-for-nato-to-stop\" rel=\"\">\u010c\u00edn\u011b a Indii\u00a0<\/a>, kter\u00e9 ozna\u010dil za \u201ehlavn\u00ed financovatele prob\u00edhaj\u00edc\u00ed v\u00e1lky\u201c, pokud se EU bude \u0159\u00eddit jeho p\u0159\u00edkladem.<\/span><\/p>\n<p><span dir=\"auto\">Tato vyv\u00edjej\u00edc\u00ed se politika v\u016f\u010di\u00a0<\/span><a href=\"https:\/\/thealtworld.com\/andrew_korybko\/heres-what-i-learned-from-analyzing-the-new-cold-war-every-day-for-three-years-straight\" rel=\"\"><span dir=\"auto\">ukrajinsk\u00e9mu konfliktu\u00a0<\/span><\/a><span dir=\"auto\">\u2013 kter\u00e1 zahrnuje vojenskou (dal\u0161\u00ed prodej zbran\u00ed NATO a podpora bloku p\u0159i sest\u0159elov\u00e1n\u00ed rusk\u00fdch letadel) a ekonomickou (prim\u00e1rn\u00ed a sekund\u00e1rn\u00ed sankce) slo\u017eku \u2013 je tak\u00e9 do zna\u010dn\u00e9 m\u00edry poh\u00e1n\u011bna dal\u0161\u00ed Zelensk\u00e9ho l\u017e\u00ed, kter\u00e9 Trump nalet\u011bl. Ta se t\u00fdk\u00e1 jeho fale\u0161n\u00e9ho p\u0159esv\u011bd\u010den\u00ed, \u017ee \u201eRusko bezc\u00edln\u011b bojuje t\u0159i a p\u016fl roku, v\u00e1lku, kterou by skute\u010dn\u00e1 vojensk\u00e1 mocnost m\u011bla vyhr\u00e1t za m\u00e9n\u011b ne\u017e t\u00fdden&#8230; kv\u016fli tomu vypad\u00e1 jako \u201apap\u00edrov\u00fd tygr\u2018.\u201c<\/span><\/p>\n<p><span dir=\"auto\">Realita je takov\u00e1, \u017ee\u00a0<\/span><a href=\"https:\/\/korybko.substack.com\/p\/poland-was-just-as-much-to-blame\" rel=\"\"><span dir=\"auto\">Spojen\u00e9 kr\u00e1lovstv\u00ed a Polsko\u00a0<\/span><\/a><span dir=\"auto\">sabotovaly m\u00edrov\u00e1 jedn\u00e1n\u00ed na ja\u0159e 2022, po nich\u017e se konflikt vyvinul ve \u201evyhlazovac\u00ed v\u00e1lku\u201c, jeliko\u017e se NATO sna\u017eilo vyv\u00e1\u017eit ruskou silovou p\u0159evahu nad Ukrajinou prost\u0159ednictv\u00edm bezprecedentn\u00ed vojensk\u00e9, logistick\u00e9 a zpravodajsk\u00e9 pomoci. Putinova\u00a0<\/span><a href=\"https:\/\/voiceofeast.net\/2022\/04\/08\/vladimir-putin-monster-madman-or-mastermind\/\" rel=\"\"><span dir=\"auto\">neochota proaktivn\u011b eskalovat\u00a0<\/span><\/a><span dir=\"auto\">speci\u00e1ln\u00ed\u00a0<\/span><a href=\"https:\/\/korybko.substack.com\/p\/korybko-to-azerbaijani-media-all\" rel=\"\"><span dir=\"auto\">operaci\u00a0<\/span><\/a><span dir=\"auto\">do \u0161okuj\u00edc\u00ed v\u00e1lky, a\u0165 u\u017e s jeho logikou souhlas\u00edme, nebo ne, je zp\u016fsobena jeho up\u0159\u00edmn\u00fdm p\u0159esv\u011bd\u010den\u00edm, \u017ee Rusov\u00e9 a Ukrajinci \u201ejsou jeden n\u00e1rod\u201c, jak\u00a0<a href=\"https:\/\/korybko.substack.com\/p\/20-constructive-critiques-about-russias\" rel=\"\">ob\u0161\u00edrn\u011b\u00a0<\/a><a href=\"http:\/\/en.kremlin.ru\/events\/president\/news\/66181\" rel=\"\">vysv\u011btlil\u00a0<\/a>v \u010dervenci 2021.<\/span><\/p>\n<p><span dir=\"auto\">P\u0159esto za\u010d\u00e1tkem t\u00fddne\u00a0<\/span><a href=\"https:\/\/www.rt.com\/russia\/625066-putin-makes-nuclear-offer-full\/\" rel=\"\"><span dir=\"auto\">znovu potvrdil\u00a0<\/span><\/a><span dir=\"auto\">, \u017ee \u201eRusko je pln\u011b schopno reagovat na jakoukoli sou\u010dasnou nebo vznikaj\u00edc\u00ed hrozbu, ne slovy, ale konkr\u00e9tn\u00edmi vojensko-technick\u00fdmi opat\u0159en\u00edmi.\u201c Pokud se tedy Trump nech\u00e1 Zelensk\u00fdm manipulovat k eskalaci nap\u011bt\u00ed s Ruskem nebo k podpo\u0159e t\u011bch, kte\u0159\u00ed tak \u010din\u00ed (nap\u0159\u00edklad kdy\u017e spojenec NATO sest\u0159el\u00ed rusk\u00fd letoun), \u010dek\u00e1 ho katastrofa epick\u00fdch rozm\u011br\u016f. Je\u0161t\u011b hor\u0161\u00ed je, \u017ee by to v\u0161echno bylo kv\u016fli Zelensk\u00e9ho touze po pen\u011bz\u00edch a moci, nikoli z n\u011bjak\u00e9ho legitimn\u00edho d\u016fvodu.<\/span><\/p>\n<p><span dir=\"auto\">Zelenskyj si jen p\u0159eje, aby na Ukrajinu proudilo v\u00edce finan\u010dn\u00edch prost\u0159edk\u016f a zbran\u00ed, kter\u00e9 EU st\u00e1le v\u00edce poskytuje na \u00fakor \u017eivotn\u00ed \u00farovn\u011b jej\u00edch ob\u010dan\u016f, je\u017e se kv\u016fli protirusk\u00fdm sankc\u00edm bloku neust\u00e1le zhor\u0161uje, a p\u0159esto si Trump nyn\u00ed mysl\u00ed, \u017ee je nov\u00fdm Churchillem bojuj\u00edc\u00edm s nov\u00fdm Hitlerem. Je zklam\u00e1n\u00edm, \u017ee stejn\u00e9ho mu\u017ee, kter\u00fd napsal \u201eUm\u011bn\u00ed obchodu\u201c, nyn\u00ed hraje b\u00fdval\u00fd komik, kter\u00e9ho kdysi posm\u011b\u0161n\u011b ozna\u010dil za \u201e\u00a0<\/span><a href=\"https:\/\/www.foxnews.com\/world\/trump-skip-russia-ukraine-peace-talks-calls-zelenskyy-greatest-salesman-maybe-history\" rel=\"\"><span dir=\"auto\">nejv\u011bt\u0161\u00edho obchodn\u00edka\u00a0<\/span><\/a><span dir=\"auto\">\u201c, ale takov\u00fd je stav v\u011bc\u00ed.<\/span><\/p>\n<div class=\"subscribe-widget\" data-component-name=\"SubscribeWidget\">\n<div class=\"pencraft pc-display-flex pc-justifyContent-center pc-reset\">\n<div class=\"container-IpPqBD\">\n<form class=\"form form-M5sC90\" action=\"https:\/\/korybko.substack.com\/api\/v1\/free?nojs=true\" method=\"post\" novalidate=\"\">\n<div class=\"sideBySideWrap-vGXrwP\"><a href=\"https:\/\/korybko.substack.com\/p\/zelensky-is-manipulating-trump-into\">Andrew Korybko, PhD<\/a><\/p>\n<\/div>\n<div><img decoding=\"async\" loading=\"lazy\" class=\"alignnone wp-image-22017\" src=\"http:\/\/www.infokuryr.cz\/n\/wp-content\/uploads\/2023\/01\/andrew-korybko-300x300.jpg\" alt=\"\" width=\"185\" height=\"185\" srcset=\"https:\/\/www.infokuryr.cz\/n\/wp-content\/uploads\/2023\/01\/andrew-korybko-300x300.jpg 300w, https:\/\/www.infokuryr.cz\/n\/wp-content\/uploads\/2023\/01\/andrew-korybko-150x150.jpg 150w, https:\/\/www.infokuryr.cz\/n\/wp-content\/uploads\/2023\/01\/andrew-korybko.jpg 400w\" sizes=\"(max-width: 185px) 100vw, 185px\" \/><\/div>\n<div><img decoding=\"async\" loading=\"lazy\" class=\"wp-image-86927 aligncenter\" src=\"http:\/\/www.infokuryr.cz\/n\/wp-content\/uploads\/2025\/09\/letak-volby-2025-konference-3-212x300.png\" alt=\"\" width=\"762\" height=\"1078\" srcset=\"https:\/\/www.infokuryr.cz\/n\/wp-content\/uploads\/2025\/09\/letak-volby-2025-konference-3-212x300.png 212w, https:\/\/www.infokuryr.cz\/n\/wp-content\/uploads\/2025\/09\/letak-volby-2025-konference-3-724x1024.png 724w, https:\/\/www.infokuryr.cz\/n\/wp-content\/uploads\/2025\/09\/letak-volby-2025-konference-3-768x1086.png 768w, https:\/\/www.infokuryr.cz\/n\/wp-content\/uploads\/2025\/09\/letak-volby-2025-konference-3-1086x1536.png 1086w, https:\/\/www.infokuryr.cz\/n\/wp-content\/uploads\/2025\/09\/letak-volby-2025-konference-3-1448x2048.png 1448w, https:\/\/www.infokuryr.cz\/n\/wp-content\/uploads\/2025\/09\/letak-volby-2025-konference-3-1024x1448.png 1024w\" sizes=\"(max-width: 762px) 100vw, 762px\" \/><\/div>\n<\/form>\n<\/div>\n<\/div>\n<\/div>\n","protected":false},"excerpt":{"rendered":"<p>Je\u0161t\u011b hor\u0161\u00ed by bylo, kdyby to v\u0161echno bylo kv\u016fli Zelensk\u00e9ho touze po pen\u011bz\u00edch a moci,&#8230;<\/p>\n","protected":false},"author":2,"featured_media":88539,"comment_status":"closed","ping_status":"closed","sticky":false,"template":"","format":"standard","meta":[],"categories":[7],"tags":[1042,607,452,1000],"_links":{"self":[{"href":"https:\/\/www.infokuryr.cz\/n\/wp-json\/wp\/v2\/posts\/88538"}],"collection":[{"href":"https:\/\/www.infokuryr.cz\/n\/wp-json\/wp\/v2\/posts"}],"about":[{"href":"https:\/\/www.infokuryr.cz\/n\/wp-json\/wp\/v2\/types\/post"}],"author":[{"embeddable":true,"href":"https:\/\/www.infokuryr.cz\/n\/wp-json\/wp\/v2\/users\/2"}],"replies":[{"embeddable":true,"href":"https:\/\/www.infokuryr.cz\/n\/wp-json\/wp\/v2\/comments?post=88538"}],"version-history":[{"count":0,"href":"https:\/\/www.infokuryr.cz\/n\/wp-json\/wp\/v2\/posts\/88538\/revisions"}],"wp:featuredmedia":[{"embeddable":true,"href":"https:\/\/www.infokuryr.cz\/n\/wp-json\/wp\/v2\/media\/88539"}],"wp:attachment":[{"href":"https:\/\/www.infokuryr.cz\/n\/wp-json\/wp\/v2\/media?parent=88538"}],"wp:term":[{"taxonomy":"category","embeddable":true,"href":"https:\/\/www.infokuryr.cz\/n\/wp-json\/wp\/v2\/categories?post=88538"},{"taxonomy":"post_tag","embeddable":true,"href":"https:\/\/www.infokuryr.cz\/n\/wp-json\/wp\/v2\/tags?post=88538"}],"curies":[{"name":"wp","href":"https:\/\/api.w.org\/{rel}","templated":true}]}}