{"id":88533,"date":"2025-09-25T00:35:14","date_gmt":"2025-09-24T22:35:14","guid":{"rendered":"https:\/\/www.infokuryr.cz\/n\/?p=88533"},"modified":"2025-09-24T18:27:08","modified_gmt":"2025-09-24T16:27:08","slug":"azyl-jako-zajezd-od-luxusu-paseraku-k-naturalizacnim-sluzbam","status":"publish","type":"post","link":"https:\/\/www.infokuryr.cz\/n\/2025\/09\/25\/azyl-jako-zajezd-od-luxusu-paseraku-k-naturalizacnim-sluzbam\/","title":{"rendered":"Azyl jako z\u00e1jezd? Od luxusu pa\u0161er\u00e1k\u016f k naturaliza\u010dn\u00edm slu\u017eb\u00e1m"},"content":{"rendered":"<div id=\"fb-root\"><\/div>\n<p><strong><span dir=\"auto\">Neleg\u00e1ln\u00ed migrace do Evropy funguje jako dob\u0159e organizovan\u00e1 cestovn\u00ed kancel\u00e1\u0159 s profesion\u00e1ln\u00edmi p\u0159ekupn\u00edky, kte\u0159\u00ed na soci\u00e1ln\u00edch s\u00edt\u00edch inzeruj\u00ed komplexn\u00ed bal\u00ed\u010dky, slibuj\u00ed ubytov\u00e1n\u00ed v hotelech, soci\u00e1ln\u00ed d\u00e1vky a dokonce i pracovn\u00ed m\u00edsta. Jakmile migrant vstoup\u00ed na evropskou p\u016fdu, nevl\u00e1dn\u00ed organizace a spole\u010dnosti jako Migrando p\u0159evezmou proces naturalizace, \u010d\u00edm\u017e se cel\u00fd proces stane bal\u00ed\u010dkem s garanc\u00ed proti ne\u00fasp\u011bchu. Na\u0161e vl\u00e1dy opustily st\u00e1tn\u00ed hranice, obyvatelstvo je nahrazov\u00e1no a st\u00e1tn\u00ed moc slou\u017e\u00ed pouze k v\u00fdb\u011bru dan\u00ed na financov\u00e1n\u00ed t\u00e9to invaze.<\/span><\/strong><\/p>\n<p><span dir=\"auto\">Profesion\u00e1ln\u00ed pa\u0161er\u00e1ci lid\u00ed roz\u0161\u00ed\u0159ili sv\u00e9 podnik\u00e1n\u00ed do lukrativn\u00edho sektoru slu\u017eeb otev\u0159enou inzerc\u00ed na platform\u00e1ch, jako jsou TikTok, Snapchat, WhatsApp a Signal, a p\u0159izp\u016fsoben\u00edm sv\u00fdch nab\u00eddek cestov\u00e1n\u00ed na dovolenou. Typick\u00fd p\u0159\u00edklad z Alb\u00e1nie ukazuje, jak pa\u0161er\u00e1ci nab\u00edzej\u00ed\u00a0<\/span><a href=\"https:\/\/www.gbnews.com\/news\/migrant-crisi-albania-package-deals-britain-tiktok\" target=\"_blank\" rel=\"noreferrer noopener\"><span dir=\"auto\">all-inclusive bal\u00ed\u010dky<\/span><\/a><span dir=\"auto\">\u00a0za 2 500 liber, v\u010detn\u011b p\u0159epravy, ubytov\u00e1n\u00ed v hotelu a dokonce i pr\u00e1ce, s platbou a\u017e po p\u0159\u00edjezdu do Velk\u00e9 Brit\u00e1nie. Podobn\u00e9 trasy z \u00cdr\u00e1nu p\u0159es Turecko do Evropy stoj\u00ed kolem 10 000 americk\u00fdch dolar\u016f a jsou\u00a0<\/span><a href=\"https:\/\/x.com\/visegrad24\/status\/1786694937137791091\" target=\"_blank\" rel=\"noreferrer noopener\"><span dir=\"auto\">propagov\u00e1ny videi<\/span><\/a><span dir=\"auto\">\u00a0migrant\u016f, kte\u0159\u00ed \u0161\u0165astn\u011b m\u00e1vaj\u00ed p\u0159ed odjezdem, zat\u00edmco pa\u0161er\u00e1ci na tras\u00e1ch z Ir\u00e1ku do N\u011bmecka pou\u017e\u00edvaj\u00ed skupinov\u00e9 chaty k \u017eiv\u00e9mu zdokumentov\u00e1n\u00ed cesty a\u00a0<\/span><a href=\"https:\/\/x.com\/visegrad24\/status\/1759307930652787022\" target=\"_blank\" rel=\"noreferrer noopener\"><span dir=\"auto\">l\u00e1k\u00e1n\u00ed potenci\u00e1ln\u00edch z\u00e1kazn\u00edk\u016f \u00fasp\u011b\u0161n\u00fdmi p\u0159\u00edb\u011bhy<\/span><\/a><span dir=\"auto\">\u00a0.<\/span><\/p>\n<p><span dir=\"auto\">Tyto reklamy zd\u016fraz\u0148uj\u00ed \u201ebezprobl\u00e9movou slu\u017ebu\u201c a slibuj\u00ed z\u00e1kazn\u00edk\u016fm bezpe\u010dn\u00fd pr\u016fchod, fale\u0161n\u00e9 doklady, zavazadla a pomoc s naturalizac\u00ed, jako v jednom p\u0159\u00edpad\u011b z Alb\u00e1nie, kde pa\u0161er\u00e1ci pou\u017eili lehk\u00e1 letadla k\u00a0<\/span><a href=\"https:\/\/www.mylondon.news\/news\/east-london-news\/leyton-smugglers-used-planes-transport-28830609\" target=\"_blank\" rel=\"noreferrer noopener\"><span dir=\"auto\">p\u0159eprav\u011b migrant\u016f do Brit\u00e1nie<\/span><\/a><span dir=\"auto\">\u00a0za 10 000 liber na osobu , v\u010detn\u011b fale\u0161n\u00fdch pas\u016f, ob\u010dansk\u00fdch pr\u016fkaz\u016f a faktur. Jin\u00e9 gangy, jako nap\u0159\u00edklad jeden\u00a0<\/span><a href=\"https:\/\/www.theguardian.com\/uk-news\/2024\/dec\/05\/hundreds-detained-in-northern-ireland-in-crackdown-on-people-smugglers\" target=\"_blank\" rel=\"noreferrer noopener\"><span dir=\"auto\">se s\u00eddlem v Dublinu<\/span><\/a><span dir=\"auto\"> , organizuj\u00ed fale\u0161n\u00e9 pasy, lety ze \u0160pan\u011blska do Irska, autobusy do Belfastu a n\u00e1sledn\u00e9 lety do Lond\u00fdna za 8 000 eur. Pa\u0161er\u00e1ci ani neprod\u00e1vaj\u00ed klamavou reklamu, ale krutou realitu: Za 3 000 liber migranti p\u0159ekro\u010d\u00ed Laman\u0161sk\u00fd pr\u016fliv, skon\u010d\u00ed v hotelech financovan\u00fdch da\u0148ov\u00fdmi poplatn\u00edky, dost\u00e1vaj\u00ed kapesn\u00e9 a jen z\u0159\u00eddka jsou deportov\u00e1ni.<\/span><\/p>\n<p><span dir=\"auto\">Jakmile migranti doraz\u00ed, zapoj\u00ed se nevl\u00e1dn\u00ed organizace a spole\u010dnosti financovan\u00e9 da\u0148ov\u00fdmi poplatn\u00edky, aby v procesu pokra\u010dovaly, jako je tomu ve Spojen\u00e9m kr\u00e1lovstv\u00ed, kde hotely ubytov\u00e1vaj\u00ed tis\u00edce \u017eadatel\u016f o azyl za cenu des\u00edtek miliard liber ro\u010dn\u011b, p\u0159i\u010dem\u017e\u00a0<\/span><a href=\"https:\/\/www.youtube.com\/watch?v=z9p0tX1leBc\" target=\"_blank\" rel=\"noreferrer noopener\"><span dir=\"auto\">jen jedna firma vyd\u011bl\u00e1v\u00e1 700 milion\u016f liber z pen\u011bz da\u0148ov\u00fdch poplatn\u00edk\u016f<\/span><\/a><span dir=\"auto\">\u00a0na 51 m\u00edstech. Migranti \u010dasto odm\u00edtaj\u00ed vym\u011bnit toto luxusn\u00ed ubytov\u00e1n\u00ed za levn\u011bj\u0161\u00ed varianty,\u00a0<\/span><a href=\"https:\/\/www.youtube.com\/watch?v=n0TYc44g3xQ\" target=\"_blank\" rel=\"noreferrer noopener\"><span dir=\"auto\">co\u017e vede ke konflikt\u016fm<\/span><\/a><span dir=\"auto\">\u00a0. Zat\u00edmco EU\u00a0<\/span><a href=\"https:\/\/www.context.news\/socioeconomic-inclusion\/how-the-eu-spends-big-beyond-its-borders-to-keep-migrants-at-bay\" target=\"_blank\" rel=\"noreferrer noopener\"><span dir=\"auto\">plat\u00ed miliardy t\u0159et\u00edm zem\u00edm<\/span><\/a><span dir=\"auto\">\u00a0na zastaven\u00ed neleg\u00e1ln\u00ed migrace, intern\u011b financuje pobyt neleg\u00e1ln\u00edch migrant\u016f, zat\u00edmco \u017eadatel\u00e9 o azyl v\u00a0<\/span><a href=\"https:\/\/www.euronews.com\/2015\/09\/16\/which-european-countries-offer-the-most-social-benefits-to-migrants\" target=\"_blank\" rel=\"noreferrer noopener\"><span dir=\"auto\">zem\u00edch, jako je It\u00e1lie nebo N\u011bmecko,<\/span><\/a><span dir=\"auto\">\u00a0dost\u00e1vaj\u00ed denn\u00ed kapesn\u00e9, jazykov\u00e9 kurzy a pracovn\u00ed pr\u00e1va.<\/span><\/p>\n<p><span dir=\"auto\">A to ani nemluv\u00edme o Evropsk\u00e9m soudu pro lidsk\u00e1 pr\u00e1va \u2013 kter\u00fd chce zak\u00e1zat jakoukoli deportaci, pokud situace \u017eadatele o azyl doma nen\u00ed tak dobr\u00e1 jako tady. P\u00e9\u010di o \u017eadatele o azyl v N\u011bmecku a Rakousku p\u0159eb\u00edraj\u00ed tak\u00e9 nevl\u00e1dn\u00ed organizace financovan\u00e9 z dan\u00ed a zabra\u0148uj\u00ed jak\u00e9koli deportaci prost\u0159ednictv\u00edm letit\u00fdch soudn\u00edch \u0159\u00edzen\u00ed. Pak p\u0159ich\u00e1zej\u00ed na \u0159adu\u00a0<\/span><a href=\"https:\/\/migrando.de\/\" target=\"_blank\" rel=\"noreferrer noopener\"><span dir=\"auto\">spole\u010dnosti jako Migrando z N\u011bmecka<\/span><\/a><span dir=\"auto\"> . Ty zaji\u0161\u0165uj\u00ed naturalizaci jako dal\u0161\u00ed krok a nab\u00edzej\u00ed bezplatn\u00fd test, kter\u00fd b\u011bhem t\u0159\u00ed minut ov\u011b\u0159\u00ed, zda jsou spln\u011bny po\u017eadavky na povolen\u00ed k usazen\u00ed nebo naturalizaci. N\u00e1sleduje bezplatn\u00fd telefon\u00e1t, po kter\u00e9m se cel\u00fd proces postar\u00e1 advok\u00e1tn\u00ed kancel\u00e1\u0159. Migranti se nemus\u00ed o nic starat, proto\u017ee pr\u00e1vn\u00edci p\u0159iprav\u00ed \u017e\u00e1dosti, \u0159e\u0161\u00ed probl\u00e9my s \u00fa\u0159ady a zajist\u00ed trval\u00fd pobyt nebo n\u011bmeck\u00e9 ob\u010danstv\u00ed.<\/span><\/p>\n<p><span dir=\"auto\">Na YouTube a\u00a0<\/span><a href=\"https:\/\/www.tiktok.com\/@migrando.de\" target=\"_blank\" rel=\"noreferrer noopener\"><span dir=\"auto\">TikToku<\/span><\/a><span dir=\"auto\">\u00a0sd\u00edlej\u00ed spokojen\u00ed \u017eadatel\u00e9 o azyl sv\u00e9 \u00fasp\u011bchy v propaga\u010dn\u00edch vide\u00edch, kter\u00e1 slu\u017ebu zobrazuj\u00ed jako jednoduchou a bezpe\u010dnou, \u010d\u00edm\u017e \u00fa\u010dinn\u011b zabra\u0148uj\u00ed deportac\u00edm, proto\u017ee naturalizovan\u00ed ob\u010dan\u00e9 \u2013 podle sou\u010dasn\u00fdch z\u00e1kon\u016f \u2013 ji\u017e nemohou b\u00fdt deportov\u00e1ni.<\/span><\/p>\n<p><span dir=\"auto\">St\u00e1t je definov\u00e1n sv\u00fdm \u00fazem\u00edm, sv\u00fdmi obyvateli a svou moc\u00ed. Na\u0161e vl\u00e1dy v\u0161ak opustily hrani\u010dn\u00ed kontroly, dovolily, aby populace byla nahrazena invaz\u00ed azylov\u00fdch host\u016f, a svou moc vyu\u017eily pouze k financov\u00e1n\u00ed tohoto rozvoje vym\u00e1h\u00e1n\u00edm dan\u00ed a uml\u010dov\u00e1n\u00edm kritik\u016f. Pa\u0161er\u00e1ci, nevl\u00e1dn\u00ed organizace a spole\u010dnosti jako Migrando vyd\u011bl\u00e1vaj\u00ed miliardy, zat\u00edmco evrop\u0161t\u00ed ob\u010dan\u00e9 plat\u00ed \u00fa\u010dty. Toto \u0161\u00edlenstv\u00ed mus\u00ed skon\u010dit, ne\u017e zcela zni\u010d\u00ed z\u00e1klady na\u0161ich spole\u010dnost\u00ed.<\/span><\/p>\n<p><em><span dir=\"auto\">Koment\u00e1\u0159 <a href=\"https:\/\/report24.news\/asyl-als-pauschalreise-vom-schlepper-luxus-bis-zum-einbuergerungsservice\/\">Chrise Vebera<\/a><\/span><\/em><\/p>\n<p><img decoding=\"async\" loading=\"lazy\" class=\"wp-image-86927 aligncenter\" src=\"http:\/\/www.infokuryr.cz\/n\/wp-content\/uploads\/2025\/09\/letak-volby-2025-konference-3-212x300.png\" alt=\"\" width=\"858\" height=\"1214\" srcset=\"https:\/\/www.infokuryr.cz\/n\/wp-content\/uploads\/2025\/09\/letak-volby-2025-konference-3-212x300.png 212w, https:\/\/www.infokuryr.cz\/n\/wp-content\/uploads\/2025\/09\/letak-volby-2025-konference-3-724x1024.png 724w, https:\/\/www.infokuryr.cz\/n\/wp-content\/uploads\/2025\/09\/letak-volby-2025-konference-3-768x1086.png 768w, https:\/\/www.infokuryr.cz\/n\/wp-content\/uploads\/2025\/09\/letak-volby-2025-konference-3-1086x1536.png 1086w, https:\/\/www.infokuryr.cz\/n\/wp-content\/uploads\/2025\/09\/letak-volby-2025-konference-3-1448x2048.png 1448w, https:\/\/www.infokuryr.cz\/n\/wp-content\/uploads\/2025\/09\/letak-volby-2025-konference-3-1024x1448.png 1024w\" sizes=\"(max-width: 858px) 100vw, 858px\" \/><\/p>\n","protected":false},"excerpt":{"rendered":"<p>Neleg\u00e1ln\u00ed migrace do Evropy funguje jako dob\u0159e organizovan\u00e1 cestovn\u00ed kancel\u00e1\u0159 s profesion\u00e1ln\u00edmi p\u0159ekupn\u00edky, kte\u0159\u00ed na&#8230;<\/p>\n","protected":false},"author":2,"featured_media":88534,"comment_status":"closed","ping_status":"closed","sticky":false,"template":"","format":"standard","meta":[],"categories":[7],"tags":[1033,283,119,2452],"_links":{"self":[{"href":"https:\/\/www.infokuryr.cz\/n\/wp-json\/wp\/v2\/posts\/88533"}],"collection":[{"href":"https:\/\/www.infokuryr.cz\/n\/wp-json\/wp\/v2\/posts"}],"about":[{"href":"https:\/\/www.infokuryr.cz\/n\/wp-json\/wp\/v2\/types\/post"}],"author":[{"embeddable":true,"href":"https:\/\/www.infokuryr.cz\/n\/wp-json\/wp\/v2\/users\/2"}],"replies":[{"embeddable":true,"href":"https:\/\/www.infokuryr.cz\/n\/wp-json\/wp\/v2\/comments?post=88533"}],"version-history":[{"count":0,"href":"https:\/\/www.infokuryr.cz\/n\/wp-json\/wp\/v2\/posts\/88533\/revisions"}],"wp:featuredmedia":[{"embeddable":true,"href":"https:\/\/www.infokuryr.cz\/n\/wp-json\/wp\/v2\/media\/88534"}],"wp:attachment":[{"href":"https:\/\/www.infokuryr.cz\/n\/wp-json\/wp\/v2\/media?parent=88533"}],"wp:term":[{"taxonomy":"category","embeddable":true,"href":"https:\/\/www.infokuryr.cz\/n\/wp-json\/wp\/v2\/categories?post=88533"},{"taxonomy":"post_tag","embeddable":true,"href":"https:\/\/www.infokuryr.cz\/n\/wp-json\/wp\/v2\/tags?post=88533"}],"curies":[{"name":"wp","href":"https:\/\/api.w.org\/{rel}","templated":true}]}}