{"id":88514,"date":"2025-09-25T00:25:52","date_gmt":"2025-09-24T22:25:52","guid":{"rendered":"https:\/\/www.infokuryr.cz\/n\/?p=88514"},"modified":"2025-09-24T12:52:40","modified_gmt":"2025-09-24T10:52:40","slug":"david-dvorak-ustavni-soud-ani-pesky-ani-na-voze","status":"publish","type":"post","link":"https:\/\/www.infokuryr.cz\/n\/2025\/09\/25\/david-dvorak-ustavni-soud-ani-pesky-ani-na-voze\/","title":{"rendered":"David Dvo\u0159\u00e1k: \u00dastavn\u00ed soud \u2013 ani p\u011b\u0161ky ani na voze \u2026"},"content":{"rendered":"<div id=\"fb-root\"><\/div>\n<p>\u201e<em>Dob\u0159e tedy, kdy\u017e je tv\u00e1 dcera tak chytr\u00e1, a\u0165 p\u0159ijde z\u00edtra ke mn\u011b, ale a\u0165 to nen\u00ed\u00a0<\/em><em>ani<\/em><em>\u00a0ve dne\u00a0<\/em><em>ani<\/em><em>\u00a0v noci,\u00a0<\/em><em>ani<\/em><em>\u00a0ustrojen\u00e1\u00a0<\/em><em>ani<\/em><em>\u00a0nah\u00e1,\u00a0<\/em><em>ani p\u011b\u0161ky ani<\/em><em>\u00a0na voze.\u201c<\/em><\/p>\n<p>Citace je od B. N\u011bmcov\u00e9 z poh\u00e1dky \u201eChytr\u00e1 hor\u00e1kyn\u011b\u201c. Podle m\u00e9ho, \u00daS stoj\u00ed p\u0159ed podobn\u00fdm r\u00e9busem. Jen\u017ee lep\u0161olidem jde o udr\u017een\u00ed moci, tak\u017ee stoj\u00ed za to, pokusit se r\u00e9bus vy\u0159e\u0161it.<\/p>\n<h3><strong>Kde m\u00e1 \u00daS \u201eprobl\u00e9m\u201c<\/strong><\/h3>\n<p>Pokud soudci p\u0159em\u00fd\u0161lej\u00ed, \u017ee zas\u00e1hnou do voleb, co\u017e jim jist\u011b nebude \u010dinit probl\u00e9m \u2013 bo z\u00e1chrana demokracie, pak se mus\u00ed popasovat s n\u00e1sleduj\u00edc\u00edm:<\/p>\n<ul>\n<li>\u00daS se ji\u017e jednou NEP\u0158\u00cdMO \u201eskryt\u00fdmi koalicemi\u201c zab\u00fdval a vydal n\u00e1lez, kde \u0159\u00edk\u00e1, \u017ee z\u00e1kon koalice nedefinuje a proto z\u00e1le\u017e\u00ed jen a v\u00fdhradn\u011b na tom, jak svoji kandid\u00e1tku ozna\u010d\u00ed kandiduj\u00edc\u00ed subjekt<\/li>\n<li>tzv. \u201eskryt\u00e9 koalice\u201c se pou\u017e\u00edvaj\u00ed dlouhodob\u011b a p\u0159\u00edpadn\u00fd N\u00e1lez \u00daS by mohl zpochybnit i \u00fastavnost voleb minul\u00fdch, tedy prob\u011bhl\u00fdch.<\/li>\n<li>i v leto\u0161n\u00edch volb\u00e1ch se na kandid\u00e1tk\u00e1ch lep\u0161olid\u00ed, kte\u0159\u00ed zachra\u0148uj\u00ed demokracii dle vzoru pana Pot\u011bmkina, vyskytuj\u00ed kandid\u00e1ti jin\u00fdch pol. subjekt\u016f, tak\u017ee jde taky o \u201eskryt\u00e9 koalice\u201c \u2026 a tyto nepot\u0159ebuj\u00ed vy\u0159adit<\/li>\n<li>\u00daS nem\u016f\u017ee z\u00e1kony proaktivn\u011b tvo\u0159it, v podstat\u011b m\u016f\u017ee jen ru\u0161it a prov\u00e1d\u011bt v\u00fdklad u nejasnost\u00ed \u2026 tedy taky hodn\u011b z\u00e1vis\u00ed na konkr\u00e9tn\u00edm zn\u011bn\u00ed pod\u00e1n\u00ed strany Volt, resp. \u010deho se p\u0159esn\u011b pod\u00e1n\u00edm do\u017eaduje.<\/li>\n<li>c\u00edlem nen\u00ed samoz\u0159ejm\u011b \u201ez\u00e1chrana demokracie\u201c, ale prost\u00fd fakt udr\u017een\u00ed se u moci a vy\u0159adit nejsiln\u011bj\u0161\u00ed konkurenty, v nejhor\u0161\u00edm p\u0159\u00edpad\u011b alespo\u0148 jednoho, v\u00fdsledek ohro\u017euj\u00edc\u00edho, konkurenta.<\/li>\n<\/ul>\n<h3><strong>Jedno \u0159e\u0161en\u00ed r\u00e9busu se nab\u00edz\u00ed<\/strong><\/h3>\n<p>Osobn\u011b bych si nechal zpracovat dv\u011b jednoduch\u00e9 anal\u00fdzy:<\/p>\n<ol>\n<li>Jak\u00fd pom\u011br kandid\u00e1t\u016f z jin\u00fdch politick\u00fdch stran byl za\u00a0<strong>celou existenci voleb od sametov\u00e9ho p\u0159evratu<\/strong>\u00a0u subjekt\u016f, kter\u00e9 svoji kandid\u00e1tku\u00a0<strong>NEozna\u010dili<\/strong>\u00a0jako koali\u010dn\u00ed. Tedy kolik bylo \u201ekmenov\u00fdch\u201c kandid\u00e1t\u016f strany pod\u00e1vaj\u00edc\u00ed kandid\u00e1tn\u00ed listinu (a neza\u0159azen\u00fdch) a kolik na t\u00e9to listin\u011b \u201ehostovalo\u201c \u010dlen\u016f jin\u00fdch politick\u00fdch stran.<\/li>\n<li>To sam\u00e9, jako v bod\u011b 1., ale jen pro leto\u0161n\u00ed volby.<\/li>\n<\/ol>\n<p>C\u00edlil bych na fakt, \u017ee z\u00e1konod\u00e1rce evidentn\u011b n\u011bjak\u00e9 rozhran\u00ed mezi samostatnou a koali\u010dn\u00ed kandid\u00e1tn\u00ed listinou m\u011bl na mysli, kdy\u017e hovo\u0159\u00ed v podstat\u011b o dvou variant\u00e1ch kandid\u00e1tn\u00edch listin. \u017de nen\u00ed specifikov\u00e1na hranice mezi nimi pak neznamen\u00e1, \u017ee hranice nen\u00ed, ale jen, \u017ee je t\u0159eba hranici definovat, kdy\u017e za\u010d\u00edn\u00e1 doch\u00e1zek k \u201ezneu\u017e\u00edv\u00e1n\u00ed\u201c (jak asi argumentuje Volt) \u2026 chce to stanovit definici \u2013 n\u011bco jako v\u00fdrok \u201emno\u017estv\u00ed v\u011bt\u0161\u00ed ne\u017e mal\u00e9\u201c.<\/p>\n<p>Po prostudov\u00e1n\u00ed zadan\u00fdch anal\u00fdz bych ur\u010dil n\u011bjak\u00e9 procento, do kter\u00e9ho se nejedn\u00e1 o koalici a co by p\u0159esahovalo stanoven\u00fd limit bych ozna\u010dil jako obch\u00e1zen\u00ed smyslu z\u00e1kona a prohl\u00e1sil takov\u00e9 kandid\u00e1tky za \u201ekoali\u010dn\u00ed\u201c se v\u0161emi d\u016fsledky \u2013 tedy nap\u0159.:<\/p>\n<ul>\n<li>pokud v sou\u010dtu kandid\u00e1tn\u00ed listiny tvo\u0159\u00ed kandid\u00e1ti jin\u00fdch pol. stran max. 40% (a zbytek 60% jsou tedy \u201ekmenov\u00ed\u201c nebo neza\u0159azen\u00ed kandid\u00e1ti kandiduj\u00edc\u00ed strany), pak se nejedn\u00e1 o koalici ani o skrytou koalici. Takov\u00e1 kandid\u00e1tka m\u016f\u017ee z\u016fstat jako kandid\u00e1tn\u00ed listina samostatn\u011b kandiduj\u00edc\u00edho subjektu.<\/li>\n<li>pokud bude v sou\u010dtu kandid\u00e1t\u016f na kandid\u00e1tn\u00ed listin\u011b tvo\u0159it skupina \u010dlen\u016f jin\u00fdch politick\u00fdch subjekt\u016f v\u00edce ne\u017e nap\u0159. 40%, pak se fakticky jedn\u00e1 o koalici a mus\u00ed p\u0159ekro\u010dit volebn\u00ed pr\u00e1h pro koalice.<\/li>\n<\/ul>\n<p>M\u00e1m toti\u017e takov\u00fd pocit, \u017ee dosavadn\u00ed kandid\u00e1tn\u00ed listiny \u201eskryt\u00fdch koalic\u201c hostovaly pouze v\u00fdraznou men\u0161inu \u010dlen\u016f jin\u00fdch politick\u00fdch subjekt\u016f. D\u00e1 se \u0159\u00edct, \u017ee a\u017e Sta\u010dilo! k tomu p\u0159istoupilo opravdu s velk\u00fdm rozmachem a kandid\u00e1t\u016f jin\u00fdch politick\u00fdch subjekt\u016f tam je asi v\u011bt\u0161ina.<\/p>\n<h3><strong>Mo\u017en\u00e9 zd\u016fvodn\u011bn\u00ed<\/strong><\/h3>\n<p><strong>AD d\u0159\u00edv\u011bj\u0161\u00ed N\u00e1lez \u00daS<\/strong>\u00a0\u2013 ozn\u00e1mil bych, \u017ee z\u00e1kon skute\u010dn\u011b nedefinuje koalice, nicm\u00e9n\u011b fakt, \u017ee umo\u017e\u0148uje pod\u00e1vat jednotlivou i koali\u010dn\u00ed kandid\u00e1tku zna\u010d\u00ed, \u017ee z\u00e1konod\u00e1rce m\u011bl v \u00famyslu rozli\u0161ovat mezi samostatn\u011b kandiduj\u00edc\u00edmi politick\u00fdmi subjekty a koalicemi. Probl\u00e9m nast\u00e1v\u00e1 v okam\u017eiku, kdy je nejasnost z\u00e1kona zneu\u017e\u00edv\u00e1na \u2026 a dodal bych p\u0159ehled z anal\u00fdzy. Sou\u010dasn\u011b bych zd\u016fraznil, \u017ee by asi m\u011bl b\u00fdt rozd\u00edl mezi kandid\u00e1tn\u00ed listinou, kde \u010dlenov\u00e9 jin\u00fdch politick\u00fdch subjekt\u016f tvo\u0159\u00ed men\u0161inu a kdy naopak tvo\u0159\u00ed v\u011bt\u0161inu z celkov\u00e9ho po\u010dtu kandid\u00e1t\u016f. Pouk\u00e1zal bych na fakt, \u017ee u koali\u010dn\u00edch kandid\u00e1tek se d\u00e1 o\u010dek\u00e1vat rovnom\u011brn\u00e9 zastoupen\u00ed a u \u201enekoali\u010dn\u00edch\u201c, tedy samostatn\u00fdch, tvo\u0159\u00ed hostuj\u00edc\u00ed kandid\u00e1ti jin\u00fdch pol. stran men\u0161inu a jedn\u00e1 se nap\u0159. o v\u00fdznamn\u00e9 osobnosti dle pohledu kandiduj\u00edc\u00edho subjektu. Logicky tedy \u2013 pokud \u201ekmenov\u00ed\u201c kandid\u00e1ti a nestran\u00edci tvo\u0159\u00ed na kandid\u00e1tn\u00ed listin\u011b men\u0161inu a kandid\u00e1ti jin\u00fdch politick\u00fdch subjekt\u016f v\u011bt\u0161inu, pak je to faktick\u00fd znak koali\u010dn\u00ed listiny.<\/p>\n<p><strong>AD dosavadn\u00ed volby<\/strong>\u00a0\u2013 pr\u00e1v\u011b vyhotoven\u00e9 anal\u00fdzy by uk\u00e1zaly procentn\u00ed hranici, kterou bych tedy stanovil tak, aby se moje rozhodnut\u00ed net\u00fdkalo minul\u00fdch voleb.<\/p>\n<p><strong>AD nepo\u0161kodit kandid\u00e1tn\u00ed listiny lep\u0161olid\u00ed<\/strong>\u00a0\u2013 tohle by bylo vy\u0159e\u0161eno stejn\u011b jako bod v\u00fd\u0161e, tedy podle anal\u00fdzy, jak to bylo v minulosti.<\/p>\n<p><strong>AD vy\u0159azen\u00ed konkurence<\/strong>\u00a0\u2013 odhaduji, \u017ee je velmi pravd\u011bpodobn\u00e9, \u017ee bych t\u00edmto zas\u00e1hl jen kandid\u00e1tku Sta\u010dilo! a nikoliv SPD. No, co by se dalo d\u011blat, nen\u00ed ka\u017ed\u00fd den posv\u00edcen\u00ed \u2026<\/p>\n<p>A pokud bych cht\u011bl S! p\u0159it\u00ed\u017eit a sob\u011b ud\u011blat alibi, pak bych sv\u016fj N\u00e1lez zve\u0159ejnil tak 2-3 dny P\u0158ED volbami \u2026 aby nov\u00e1 pravidla m\u011bli voli\u010di sice p\u0159ed svou volbou, ale veden\u00ed Sta\u010dilo! u\u017e nesta\u010dilo reagovat \u2013 c\u00edlil bych na pr\u016fzkumy, \u017ee S! nez\u00edsk\u00e1 11+% hlas\u016f (pokud jsou pravdiv\u00e9) a tedy dojde rozpo\u010d\u00edt\u00e1n\u00ed jejich hlas\u016f mezi ostatn\u00ed \u00fasp\u011b\u0161n\u00e9 subjekty. T\u00edm bych se aktivn\u011b vyhnul spekulac\u00edm, \u017ee jsem PO VOLB\u00c1CH m\u011bnil v\u00fdsledek.<\/p>\n<h3><strong>Vzkaz mo\u017en\u00fdm \u00fastavn\u00edm pu\u010dist\u016fm<\/strong><\/h3>\n<p>Pro partu kolem soudce Baxy, kte\u0159\u00ed la\u0161kuj\u00ed j\u00edt volebn\u00edmu \u0161t\u011bst\u00ed\u010dku Fialovy demoli\u010dn\u00ed party aktivn\u011b naproti, m\u00e1m n\u00e1sleduj\u00edc\u00ed nevy\u017e\u00e1dan\u00fd vzkaz \u2013 existuje v\u011bdn\u00ed obor \u201eteorie her\u201c a modelov\u00e1 hra \u201ev\u011bz\u0148ovo dilema\u201c. Ve h\u0159e jde o nalezen\u00ed optim\u00e1ln\u00ed strategie pro hr\u00e1\u010de. Nutno je\u0161t\u011b p\u0159edeslat, \u017ee jin\u00e1 optim\u00e1ln\u00ed strategie je, kdy\u017e se tato hra hraje jenom jednou a jin\u00e1 optim\u00e1ln\u00ed strategie je, kdy\u017e se hra hraje opakovan\u011b. Kr\u00e1sn\u00fd \u010dl\u00e1nek na to najdete na webu \u201asyrzdarma.cz\u2018\u00a0<a href=\"https:\/\/www.syrzdarma.cz\/clanek\/veznovo-dilema-plati-i-pro-svobodu-slova\" target=\"_blank\" rel=\"noreferrer noopener\">&gt;&gt; zde &lt;&lt;<\/a>. V na\u0161\u00ed volebn\u00ed realit\u011b jde o to, \u017ee optim\u00e1ln\u00ed strategie je \u201etit-for-tat\u201c, tedy stru\u010dn\u011b \u2013 pokud za\u010dnete poru\u0161ovat pravidla, pak v druh\u00e9m kole je optim\u00e1ln\u00ed strategi\u00ed soupe\u0159e za\u010d\u00edt taky poru\u0161ovat pravidla. Pokud provedete \u00fastavn\u00ed podraz, pak v druh\u00e9m kole je optim\u00e1ln\u00ed strategi\u00ed pro protistranu vykonat \u00fastavn\u00ed podraz na v\u00e1s.<\/p>\n<p><strong>A v\u011b\u0159te, \u017ee ka\u017ed\u00e1 hra se d\u00e1 hr\u00e1t ve dvou \u2026 tedy v\u017edy je v\u00edcekolov\u00e1.<\/strong><\/p>\n<p><a href=\"https:\/\/web.litterate.cz\/ustavni-soud-ani-pesky-ani-na-voze\/\">David Dvo\u0159\u00e1k<\/a><\/p>\n<p><img decoding=\"async\" loading=\"lazy\" class=\"wp-image-86739 aligncenter\" src=\"http:\/\/www.infokuryr.cz\/n\/wp-content\/uploads\/2025\/08\/volby-program-211x300.png\" alt=\"\" width=\"770\" height=\"1095\" srcset=\"https:\/\/www.infokuryr.cz\/n\/wp-content\/uploads\/2025\/08\/volby-program-211x300.png 211w, https:\/\/www.infokuryr.cz\/n\/wp-content\/uploads\/2025\/08\/volby-program-721x1024.png 721w, https:\/\/www.infokuryr.cz\/n\/wp-content\/uploads\/2025\/08\/volby-program-768x1091.png 768w, https:\/\/www.infokuryr.cz\/n\/wp-content\/uploads\/2025\/08\/volby-program-1081x1536.png 1081w, https:\/\/www.infokuryr.cz\/n\/wp-content\/uploads\/2025\/08\/volby-program-1442x2048.png 1442w, https:\/\/www.infokuryr.cz\/n\/wp-content\/uploads\/2025\/08\/volby-program-1024x1455.png 1024w\" sizes=\"(max-width: 770px) 100vw, 770px\" \/><\/p>\n","protected":false},"excerpt":{"rendered":"<p>\u201eDob\u0159e tedy, kdy\u017e je tv\u00e1 dcera tak chytr\u00e1, a\u0165 p\u0159ijde z\u00edtra ke mn\u011b, ale a\u0165&#8230;<\/p>\n","protected":false},"author":2,"featured_media":88515,"comment_status":"closed","ping_status":"closed","sticky":false,"template":"","format":"standard","meta":[],"categories":[6],"tags":[1042,357,335,27],"_links":{"self":[{"href":"https:\/\/www.infokuryr.cz\/n\/wp-json\/wp\/v2\/posts\/88514"}],"collection":[{"href":"https:\/\/www.infokuryr.cz\/n\/wp-json\/wp\/v2\/posts"}],"about":[{"href":"https:\/\/www.infokuryr.cz\/n\/wp-json\/wp\/v2\/types\/post"}],"author":[{"embeddable":true,"href":"https:\/\/www.infokuryr.cz\/n\/wp-json\/wp\/v2\/users\/2"}],"replies":[{"embeddable":true,"href":"https:\/\/www.infokuryr.cz\/n\/wp-json\/wp\/v2\/comments?post=88514"}],"version-history":[{"count":0,"href":"https:\/\/www.infokuryr.cz\/n\/wp-json\/wp\/v2\/posts\/88514\/revisions"}],"wp:featuredmedia":[{"embeddable":true,"href":"https:\/\/www.infokuryr.cz\/n\/wp-json\/wp\/v2\/media\/88515"}],"wp:attachment":[{"href":"https:\/\/www.infokuryr.cz\/n\/wp-json\/wp\/v2\/media?parent=88514"}],"wp:term":[{"taxonomy":"category","embeddable":true,"href":"https:\/\/www.infokuryr.cz\/n\/wp-json\/wp\/v2\/categories?post=88514"},{"taxonomy":"post_tag","embeddable":true,"href":"https:\/\/www.infokuryr.cz\/n\/wp-json\/wp\/v2\/tags?post=88514"}],"curies":[{"name":"wp","href":"https:\/\/api.w.org\/{rel}","templated":true}]}}