{"id":88513,"date":"2025-09-25T00:22:31","date_gmt":"2025-09-24T22:22:31","guid":{"rendered":"https:\/\/www.infokuryr.cz\/n\/?p=88513"},"modified":"2025-09-24T12:39:00","modified_gmt":"2025-09-24T10:39:00","slug":"zdenek-koudelka-uznani-statu-palestina","status":"publish","type":"post","link":"https:\/\/www.infokuryr.cz\/n\/2025\/09\/25\/zdenek-koudelka-uznani-statu-palestina\/","title":{"rendered":"Zden\u011bk Koudelka: Uzn\u00e1n\u00ed St\u00e1tu Palestina"},"content":{"rendered":"<div id=\"fb-root\"><\/div>\n<p>Ministr zahrani\u010d\u00ed Jan Lipavsk\u00fd odm\u00edtl uzn\u00e1n\u00ed St\u00e1tu Palestina Franci\u00ed, Maltou, Brit\u00e1ni\u00ed a jin\u00fdmi st\u00e1ty. Jeho ministerstvo prohl\u00e1silo, \u017ee \u010cesk\u00e1 republika St\u00e1t Palestina neuzn\u00e1v\u00e1. Prezident Petr Pavel ozna\u010dil na Valn\u00e9m shrom\u00e1\u017ed\u011bn\u00ed 22. 9. 2025 jeho uzn\u00e1n\u00ed za problematick\u00e9. \u010cesk\u00e1 republika ale St\u00e1t Palestina uznala.<\/p>\n<p>St\u00e1t Palestina byl vyhl\u00e1\u0161en 15. 11. 1988 na zased\u00e1n\u00ed Palestinsk\u00e9 n\u00e1rodn\u00ed rady v\u00a0Al\u017e\u00edru a uznalo jej p\u0159es 150 st\u00e1t\u016f. St\u00e1t Palestina dos\u00e1hl 29. 11. 2012 uzn\u00e1n\u00ed za ne\u010dlensk\u00fd st\u00e1t na Valn\u00e9m shrom\u00e1\u017ed\u011bn\u00ed Organizace spojen\u00fdch n\u00e1rod\u016f. \u010clenstv\u00ed v OSN nen\u00ed mo\u017en\u00e9 kv\u016fli vetu USA v\u00a0Rad\u011b bezpe\u010dnosti, je\u017e p\u0159ijet\u00ed \u010dlena mus\u00ed doporu\u010dit.<\/p>\n<p>\u010ceskoslovensko uznalo St\u00e1t Palestinu po jeho vyhl\u00e1\u0161en\u00ed a nav\u00e1zalo s\u00a0n\u00edm diplomatick\u00e9 vztahy na \u00farovni velvyslanectv\u00ed. P\u0159i rozd\u011blen\u00ed \u010ceskoslovenska uznala \u010cesk\u00e1 republika v\u0161echny st\u00e1ty, je\u017e uzn\u00e1valo \u010ceskoslovensko k\u00a031. 12. 1992 dle \u010dl. 5 odst. 1 \u00fastavn\u00edho z\u00e1kona \u010d. 4\/1993 Sb., o opat\u0159en\u00edch souvisej\u00edc\u00edch se z\u00e1nikem \u010ceskoslovenska, p\u0159ijat\u00fdm \u010ceskou n\u00e1rodn\u00ed radou 15. 12. 1992 na n\u00e1vrh vl\u00e1dy V\u00e1clava Klause. V d\u016fvodov\u00e9 zpr\u00e1v\u011b vl\u00e1da uvedla:\u00a0<em>\u201eUstanoven\u00ed odstavce 1 je \u00fastavn\u00edm z\u00e1kladem kontinuity zahrani\u010dn\u00ed politiky. Je pot\u0159ebn\u00e9, a to vzhledem k tomu, \u017ee dosud \u010cR nem\u011bla kompetenci v oblasti zahrani\u010dn\u00edch v\u011bc\u00ed a nem\u011bla tud\u00ed\u017e mo\u017enost sv\u00fdm chov\u00e1n\u00edm projevit v\u016fli uznat ciz\u00ed st\u00e1ty a vl\u00e1dy. Podle pravidel mezin\u00e1rodn\u00edho pr\u00e1va st\u00e1t uzn\u00e1v\u00e1 ostatn\u00ed st\u00e1ty a vl\u00e1dy t\u00edm, \u017ee se k nim jako k takov\u00fdm chov\u00e1. Nam\u00edsto uskute\u010dn\u011bn\u00ed \u0159ady konkludentn\u00edch chov\u00e1n\u00ed v\u016f\u010di ciz\u00edm st\u00e1t\u016fm a vl\u00e1d\u00e1m se navrhuje projevit v\u016fli gener\u00e1ln\u011b formou \u00fastavn\u00edho z\u00e1kona, kter\u00fd se tak stane v\u00fdchodiskem pro navazov\u00e1n\u00ed diplomatick\u00fdch styk\u016f a pokra\u010dov\u00e1n\u00ed v mezin\u00e1rodn\u00edch vztaz\u00edch v\u016fbec a vytvo\u0159it tak p\u0159edpoklady k mezin\u00e1rodn\u00edmu uzn\u00e1n\u00ed samostatn\u00e9 \u010cesk\u00e9 republiky.\u201c.<\/em><\/p>\n<p>\u010cesk\u00e1 n\u00e1rodn\u00ed rada nemusela uznat v\u0161echny st\u00e1ty, kter\u00e9 uzn\u00e1valo \u010ceskoslovensko, ale ud\u011blala to kv\u016fli kontinuit\u011b s \u010ceskoslovenskem. Uzn\u00e1n\u00ed st\u00e1tu de iure je neodvolateln\u00e9, by\u0165 se to v\u00a0politice vl\u00e1dy neprojevuje. Tato dvojakost je i v\u00a0tom, \u017ee v\u00a0Praze p\u016fsob\u00ed velvyslanectv\u00ed St\u00e1tu Palestina, zat\u00edmco \u010cesk\u00e1 republika provozuje jen sty\u010dn\u00fd \u00fa\u0159ad v\u00a0Ramall\u00e1hu.<\/p>\n<p>Jin\u00fd je p\u0159\u00edpad Tchaj-wanu, kdy n\u011bkter\u00e9 st\u00e1ty jej uzn\u00e1valy za reprezentanta \u010c\u00edny a pozd\u011bji to opustily, proto\u017e zde jde o uzn\u00e1n\u00ed vl\u00e1dy, ne st\u00e1tu. Uzn\u00e1n\u00ed vl\u00e1dy je zm\u011bniteln\u00e9. V\u0161echny st\u00e1ty \u010c\u00ednu uzn\u00e1vaj\u00ed, jen n\u011bkdo uzn\u00e1v\u00e1 vl\u00e1du v Pekingu a jin\u00ed v Tchaj-peji (z\u00e1sada jedn\u00e9 \u010c\u00edny).<\/p>\n<p>P\u0159\u00edstup k\u00a0uzn\u00e1n\u00ed St\u00e1tu Palestina je prim\u00e1rn\u011b ot\u00e1zkou, zda ministerstva, \u010dlenov\u00e9 vl\u00e1dy i prezident mus\u00ed dodr\u017eovat \u00fastavn\u00ed \u0159\u00e1d. Nen\u00ed-li \u00fastavn\u00ed z\u00e1kon zm\u011bn\u011bn, plat\u00ed a prezident i \u010dlenov\u00e9 vl\u00e1dy jej mus\u00ed respektovat, co\u017e sl\u00edbili p\u0159i sv\u00e9m jmenov\u00e1n\u00ed.<\/p>\n<p><iframe loading=\"lazy\" title=\"Uzn\u00e1n\u00ed St\u00e1tu Palestina\" width=\"640\" height=\"360\" src=\"https:\/\/www.youtube.com\/embed\/9ZyEfU4gw2w?start=5&#038;feature=oembed\" frameborder=\"0\" allow=\"accelerometer; autoplay; clipboard-write; encrypted-media; gyroscope; picture-in-picture; web-share\" referrerpolicy=\"strict-origin-when-cross-origin\" allowfullscreen><\/iframe><\/p>\n<h4>Zden\u011bk Koudelka<\/h4>\n<p><img decoding=\"async\" loading=\"lazy\" class=\"alignnone size-full wp-image-6154\" src=\"http:\/\/www.infokuryr.cz\/n\/wp-content\/uploads\/2021\/11\/zdenek-koudelka.jpeg\" alt=\"\" width=\"280\" height=\"210\" \/><\/p>\n<p><img decoding=\"async\" loading=\"lazy\" class=\"wp-image-86739 aligncenter\" src=\"http:\/\/www.infokuryr.cz\/n\/wp-content\/uploads\/2025\/08\/volby-program-211x300.png\" alt=\"\" width=\"710\" height=\"1009\" srcset=\"https:\/\/www.infokuryr.cz\/n\/wp-content\/uploads\/2025\/08\/volby-program-211x300.png 211w, https:\/\/www.infokuryr.cz\/n\/wp-content\/uploads\/2025\/08\/volby-program-721x1024.png 721w, https:\/\/www.infokuryr.cz\/n\/wp-content\/uploads\/2025\/08\/volby-program-768x1091.png 768w, https:\/\/www.infokuryr.cz\/n\/wp-content\/uploads\/2025\/08\/volby-program-1081x1536.png 1081w, https:\/\/www.infokuryr.cz\/n\/wp-content\/uploads\/2025\/08\/volby-program-1442x2048.png 1442w, https:\/\/www.infokuryr.cz\/n\/wp-content\/uploads\/2025\/08\/volby-program-1024x1455.png 1024w\" sizes=\"(max-width: 710px) 100vw, 710px\" \/><\/p>\n","protected":false},"excerpt":{"rendered":"<p>Ministr zahrani\u010d\u00ed Jan Lipavsk\u00fd odm\u00edtl uzn\u00e1n\u00ed St\u00e1tu Palestina Franci\u00ed, Maltou, Brit\u00e1ni\u00ed a jin\u00fdmi st\u00e1ty. Jeho&#8230;<\/p>\n","protected":false},"author":2,"featured_media":37858,"comment_status":"closed","ping_status":"closed","sticky":false,"template":"","format":"standard","meta":[],"categories":[6],"tags":[1503,9805,312,4200],"_links":{"self":[{"href":"https:\/\/www.infokuryr.cz\/n\/wp-json\/wp\/v2\/posts\/88513"}],"collection":[{"href":"https:\/\/www.infokuryr.cz\/n\/wp-json\/wp\/v2\/posts"}],"about":[{"href":"https:\/\/www.infokuryr.cz\/n\/wp-json\/wp\/v2\/types\/post"}],"author":[{"embeddable":true,"href":"https:\/\/www.infokuryr.cz\/n\/wp-json\/wp\/v2\/users\/2"}],"replies":[{"embeddable":true,"href":"https:\/\/www.infokuryr.cz\/n\/wp-json\/wp\/v2\/comments?post=88513"}],"version-history":[{"count":0,"href":"https:\/\/www.infokuryr.cz\/n\/wp-json\/wp\/v2\/posts\/88513\/revisions"}],"wp:featuredmedia":[{"embeddable":true,"href":"https:\/\/www.infokuryr.cz\/n\/wp-json\/wp\/v2\/media\/37858"}],"wp:attachment":[{"href":"https:\/\/www.infokuryr.cz\/n\/wp-json\/wp\/v2\/media?parent=88513"}],"wp:term":[{"taxonomy":"category","embeddable":true,"href":"https:\/\/www.infokuryr.cz\/n\/wp-json\/wp\/v2\/categories?post=88513"},{"taxonomy":"post_tag","embeddable":true,"href":"https:\/\/www.infokuryr.cz\/n\/wp-json\/wp\/v2\/tags?post=88513"}],"curies":[{"name":"wp","href":"https:\/\/api.w.org\/{rel}","templated":true}]}}