{"id":88511,"date":"2025-09-25T00:19:47","date_gmt":"2025-09-24T22:19:47","guid":{"rendered":"https:\/\/www.infokuryr.cz\/n\/?p=88511"},"modified":"2025-09-24T12:33:32","modified_gmt":"2025-09-24T10:33:32","slug":"erik-best-male-ryby-v-kauze-dozimetr","status":"publish","type":"post","link":"https:\/\/www.infokuryr.cz\/n\/2025\/09\/25\/erik-best-male-ryby-v-kauze-dozimetr\/","title":{"rendered":"Erik Best: Mal\u00e9 ryby v kauze Dozimetr"},"content":{"rendered":"<div id=\"fb-root\"><\/div>\n<p>M\u00e9dia to zmi\u0148uj\u00ed jen m\u00e1lokdy, ale p\u016fvodn\u011b byl z\u0159ejm\u011b hlavn\u00edm ter\u010dem policie v\u00a0trestn\u00ed kauze Dozimetr dnes ji\u017e zesnul\u00fd m\u00edstop\u0159edseda strany STAN V\u011bslav Michalik. Byl to zku\u0161en\u00fd investi\u010dn\u00ed bank\u00e9\u0159 a\u00a0vyjednava\u010d a\u00a0pro svou stranu fungoval jako jej\u00ed finan\u010dn\u00ed mozek. Byl tak\u00e9\u00a0<a href=\"https:\/\/inis.iaea.org\/records\/cq4cf-mvh33\" target=\"_blank\" rel=\"noopener\">jadern\u00fdm fyzikem<\/a>, kter\u00fd kdysi pracoval v\u00a0<a href=\"https:\/\/www.ceskenoviny.cz\/zpravy\/2218680\" target=\"_blank\" rel=\"noopener\">\u00dastavu dozimetrie z\u00e1\u0159en\u00ed<\/a>, odkud z\u0159ejm\u011b poch\u00e1z\u00ed ozna\u010den\u00ed policejn\u00ed akce.<\/p>\n<p>Kdy\u017e se v\u00a0ned\u011bln\u00ed politick\u00e9 debat\u011b na\u00a0<a href=\"https:\/\/www.youtube.com\/live\/AVNmVrwmKLg?t=823s\" target=\"_blank\" rel=\"noopener\">TV Prima<\/a>\u00a0zeptal kandid\u00e1t SPD Miroslav \u0160ev\u010d\u00edk poslance Petra Letochy (STAN), \u00a0zda jeho strana vr\u00e1tila pen\u00edze, kter\u00fdmi j\u00ed Michalik financoval minulou volebn\u00ed kampa\u0148, Letocha odpov\u011bd\u011bl, \u017ee je to trapn\u00e9 a\u00a0hnusn\u00e9, kdy\u017e se \u0160ev\u010d\u00edk op\u00edr\u00e1 o\u00a0n\u011bkoho, kdo nebyl nikdy v\u00a0ni\u010dem obvin\u011bn a\u00a0ji\u017e nen\u00ed mezi n\u00e1mi.<\/p>\n<p>Jeliko\u017e se v\u0161ak\u00a0<a href=\"https:\/\/www.fsfinalword.cz\/?page=archive&amp;day=2023-06-12\" target=\"_blank\" rel=\"noopener\">Michalikovo jm\u00e9no<\/a>\u00a0v\u00a0prob\u00edhaj\u00edc\u00edm soudn\u00edm l\u00ed\u010den\u00ed a\u00a0v\u00a0<a href=\"https:\/\/www.idnes.cz\/volby\/rakusan-se-ohradil-nahraavka-kauza-dozimetr-nekdo-s-ni-manipulovat.A250922_153912_volby_kop\" target=\"_blank\" rel=\"noopener\">\u00fanic\u00edch do tisku<\/a>\u00a0objevuje st\u00e1le \u010dast\u011bji, sou\u010dasn\u00ed ob\u017ealovan\u00ed (Michal Redl, Petr Hlubu\u010dek, Pavel Kos atd.) by dost dob\u0159e mohli za\u010d\u00edt vypadat jako pouh\u00e9 mal\u00e9 ryby.<\/p>\n<p><a href=\"https:\/\/www.fsfinalword.cz\/?page=archive&amp;day=2025-09-24\">Erik Best<\/a><\/p>\n<p><img decoding=\"async\" loading=\"lazy\" class=\"alignnone  wp-image-1179\" src=\"http:\/\/www.infokuryr.cz\/n\/wp-content\/uploads\/2021\/04\/erik-best.jpg\" alt=\"\" width=\"133\" height=\"150\" \/><\/p>\n<p><img decoding=\"async\" loading=\"lazy\" class=\"wp-image-86739 aligncenter\" src=\"http:\/\/www.infokuryr.cz\/n\/wp-content\/uploads\/2025\/08\/volby-program-211x300.png\" alt=\"\" width=\"709\" height=\"1008\" srcset=\"https:\/\/www.infokuryr.cz\/n\/wp-content\/uploads\/2025\/08\/volby-program-211x300.png 211w, https:\/\/www.infokuryr.cz\/n\/wp-content\/uploads\/2025\/08\/volby-program-721x1024.png 721w, https:\/\/www.infokuryr.cz\/n\/wp-content\/uploads\/2025\/08\/volby-program-768x1091.png 768w, https:\/\/www.infokuryr.cz\/n\/wp-content\/uploads\/2025\/08\/volby-program-1081x1536.png 1081w, https:\/\/www.infokuryr.cz\/n\/wp-content\/uploads\/2025\/08\/volby-program-1442x2048.png 1442w, https:\/\/www.infokuryr.cz\/n\/wp-content\/uploads\/2025\/08\/volby-program-1024x1455.png 1024w\" sizes=\"(max-width: 709px) 100vw, 709px\" \/><\/p>\n","protected":false},"excerpt":{"rendered":"<p>M\u00e9dia to zmi\u0148uj\u00ed jen m\u00e1lokdy, ale p\u016fvodn\u011b byl z\u0159ejm\u011b hlavn\u00edm ter\u010dem policie v\u00a0trestn\u00ed kauze Dozimetr&#8230;<\/p>\n","protected":false},"author":2,"featured_media":84466,"comment_status":"closed","ping_status":"closed","sticky":false,"template":"","format":"standard","meta":[],"categories":[6],"tags":[4743,1503,324],"_links":{"self":[{"href":"https:\/\/www.infokuryr.cz\/n\/wp-json\/wp\/v2\/posts\/88511"}],"collection":[{"href":"https:\/\/www.infokuryr.cz\/n\/wp-json\/wp\/v2\/posts"}],"about":[{"href":"https:\/\/www.infokuryr.cz\/n\/wp-json\/wp\/v2\/types\/post"}],"author":[{"embeddable":true,"href":"https:\/\/www.infokuryr.cz\/n\/wp-json\/wp\/v2\/users\/2"}],"replies":[{"embeddable":true,"href":"https:\/\/www.infokuryr.cz\/n\/wp-json\/wp\/v2\/comments?post=88511"}],"version-history":[{"count":1,"href":"https:\/\/www.infokuryr.cz\/n\/wp-json\/wp\/v2\/posts\/88511\/revisions"}],"predecessor-version":[{"id":88512,"href":"https:\/\/www.infokuryr.cz\/n\/wp-json\/wp\/v2\/posts\/88511\/revisions\/88512"}],"wp:featuredmedia":[{"embeddable":true,"href":"https:\/\/www.infokuryr.cz\/n\/wp-json\/wp\/v2\/media\/84466"}],"wp:attachment":[{"href":"https:\/\/www.infokuryr.cz\/n\/wp-json\/wp\/v2\/media?parent=88511"}],"wp:term":[{"taxonomy":"category","embeddable":true,"href":"https:\/\/www.infokuryr.cz\/n\/wp-json\/wp\/v2\/categories?post=88511"},{"taxonomy":"post_tag","embeddable":true,"href":"https:\/\/www.infokuryr.cz\/n\/wp-json\/wp\/v2\/tags?post=88511"}],"curies":[{"name":"wp","href":"https:\/\/api.w.org\/{rel}","templated":true}]}}