{"id":88508,"date":"2025-09-25T00:16:49","date_gmt":"2025-09-24T22:16:49","guid":{"rendered":"https:\/\/www.infokuryr.cz\/n\/?p=88508"},"modified":"2025-09-24T12:30:08","modified_gmt":"2025-09-24T10:30:08","slug":"petr-pokorny-chapete-to-ministryne-decroixova-s-falesnymi-tituly-z-erasmus-ukradne-44-milionu-a-policie-nic","status":"publish","type":"post","link":"https:\/\/www.infokuryr.cz\/n\/2025\/09\/25\/petr-pokorny-chapete-to-ministryne-decroixova-s-falesnymi-tituly-z-erasmus-ukradne-44-milionu-a-policie-nic\/","title":{"rendered":"Petr Pokorn\u00fd: Ch\u00e1pete to? Ministryn\u011b Decroixov\u00e1 s fale\u0161n\u00fdmi tituly z ERASMUS+ ukradne 44 milion\u016f a policie nic?"},"content":{"rendered":"<div id=\"fb-root\"><\/div>\n<div class=\"introtext\">\n<h4>V\u00e1\u017een\u00ed pr\u00e1vn\u00edci, advok\u00e1ti a soudci: vysv\u011btlete to pros\u00edm ve\u0159ejnosti. Aby ne\u0161el Stanjura a Bla\u017eek do krimin\u00e1lu za obchody bitcoin\u016f z d\u011btsk\u00e9 prostituce, Decroixov\u00e1 s\u00e1hne do st\u00e1tn\u00ed pokladny a zaplat\u00ed to?<\/h4>\n<\/div>\n<div class=\"fulltext\">\n<p>Pokud tomu dob\u0159e rozum\u00edm, tak vr\u00e1t\u00ed-li se \u010cernochov\u00e1 na p\u0159ep\u00e1\u017eku a n\u011bjak\u00e1 k\u00e1mo\u0161ka zciz\u00ed miliony, \u010cernochov\u00e1 s\u00e1hne do \u0161upl\u00edku, okrade banku a zaplat\u00ed to za ni?<\/p>\n<p>Nebo kdy\u017e n\u011bkdo bude pracovat v supermarketu a man\u017eel, \u010di man\u017eelka ukradne miliony, pracovnice v kase vybere kasu supermarketu a zaplat\u00ed zlod\u011bjny man\u017eela \u010di man\u017eelky z kasy supermarketu?<\/p>\n<h3><strong>J\u00e1 si mysl\u00edm, \u017ee takto to nefunguje. Kdyby tam nebyla ODS Fialy a Raku\u0161anova Dozimetru!<\/strong><\/h3>\n<p>Tak\u017ee jak je mo\u017en\u00e9, \u017ee ministryn\u011b nespravedlnosti v \u010cesk\u00e9 republice a absolventka Erasmus+ na plozen\u00ed d\u011bt\u00ed Decroixov\u00e1 toto sm\u00ed?<\/p>\n<p>Pros\u00edm justici, a\u0165 ve\u0159ejnosti vysv\u011btl\u00ed, jak m\u016f\u017ee Decroixov\u00e1 z ODS odcizit pen\u00edze a zaplatit\u00a0 jimi soukrom\u00e9 osob\u011b za bitcoiny 44 milion\u016f a t\u00edm o\u010distit Bla\u017eka a Stanjuru z ODS!<\/p>\n<h3><strong>To je \u0161\u00edlen\u00e9!<\/strong><\/h3>\n<p><a title=\"Hlavn\u00edm kupc\u016fm bitcoin\u016f vyplatilo ministerstvo spravedlnosti 44 milion\u016f korun\" href=\"https:\/\/ct24.ceskatelevize.cz\/clanek\/domaci\/hlavnim-kupcum-bitcoinu-vyplatilo-ministerstvo-spravedlnosti-44-milionu-korun-365164\" target=\"_blank\" rel=\"noopener\">Hlavn\u00edm kupc\u016fm bitcoin\u016f vyplatilo ministerstvo spravedlnosti 44 milion\u016f korun<\/a><\/p>\n<p>To je \u0161\u00edlen\u00e9, fakt \u0161\u00edlen\u00e9! A Raku\u0161anova policie se tv\u00e1\u0159\u00ed, jako by to u ODS byla samoz\u0159ejmost! To je \u0161\u00edlen\u00e9, neskute\u010dn\u011b \u0161\u00edlen\u00e9. Raku\u0161anova banda m\u00e1 za sebou hromady mrtvol, na ministerstvech se krade za b\u00edl\u00e9ho dne nastojato a tyto loupe\u017ee kryje ministerstvo spravedlnosti z dota\u010dn\u00edho programu ERASMUS + na soulo\u017ee a plozen\u00ed d\u011bt\u00ed pod dohledem Decroixov\u00e9.<\/p>\n<h3>To je fakt \u0161\u00edlen\u00e9!<\/h3>\n<p><img decoding=\"async\" loading=\"lazy\" class=\"aligncenter\" src=\"https:\/\/www.skrytapravda.cz\/images\/blogy\/805\/2025\/%C5%A1mejdi_korouhvi%C4%8Dky\/krev_raku%C5%A1ana2_97c0b.webp\" alt=\"krev raku\u0161ana2 97c0b\" width=\"658\" height=\"373\" \/><\/p>\n<h4>Hlavn\u011b \u017ee zn\u00e1me toho, kdo to zavinil!<\/h4>\n<div class=\"clauthor\">\n<div id=\"article_author\"><a href=\"https:\/\/www.skrytapravda.cz\/z-domova\/2786-chapete-to-ministryne-decroixova-s-falesnymi-tituly-z-erasmus-ukradne-44-milionu-a-policie-nic\">Petr Pokorn\u00fd<\/a><\/div>\n<div><img decoding=\"async\" loading=\"lazy\" class=\"wp-image-86739 aligncenter\" src=\"http:\/\/www.infokuryr.cz\/n\/wp-content\/uploads\/2025\/08\/volby-program-211x300.png\" alt=\"\" width=\"726\" height=\"1032\" srcset=\"https:\/\/www.infokuryr.cz\/n\/wp-content\/uploads\/2025\/08\/volby-program-211x300.png 211w, https:\/\/www.infokuryr.cz\/n\/wp-content\/uploads\/2025\/08\/volby-program-721x1024.png 721w, https:\/\/www.infokuryr.cz\/n\/wp-content\/uploads\/2025\/08\/volby-program-768x1091.png 768w, https:\/\/www.infokuryr.cz\/n\/wp-content\/uploads\/2025\/08\/volby-program-1081x1536.png 1081w, https:\/\/www.infokuryr.cz\/n\/wp-content\/uploads\/2025\/08\/volby-program-1442x2048.png 1442w, https:\/\/www.infokuryr.cz\/n\/wp-content\/uploads\/2025\/08\/volby-program-1024x1455.png 1024w\" sizes=\"(max-width: 726px) 100vw, 726px\" \/><\/div>\n<\/div>\n<\/div>\n","protected":false},"excerpt":{"rendered":"<p>V\u00e1\u017een\u00ed pr\u00e1vn\u00edci, advok\u00e1ti a soudci: vysv\u011btlete to pros\u00edm ve\u0159ejnosti. Aby ne\u0161el Stanjura a Bla\u017eek do&#8230;<\/p>\n","protected":false},"author":2,"featured_media":88509,"comment_status":"closed","ping_status":"closed","sticky":false,"template":"","format":"standard","meta":[],"categories":[6],"tags":[9250,4758,45,2798],"_links":{"self":[{"href":"https:\/\/www.infokuryr.cz\/n\/wp-json\/wp\/v2\/posts\/88508"}],"collection":[{"href":"https:\/\/www.infokuryr.cz\/n\/wp-json\/wp\/v2\/posts"}],"about":[{"href":"https:\/\/www.infokuryr.cz\/n\/wp-json\/wp\/v2\/types\/post"}],"author":[{"embeddable":true,"href":"https:\/\/www.infokuryr.cz\/n\/wp-json\/wp\/v2\/users\/2"}],"replies":[{"embeddable":true,"href":"https:\/\/www.infokuryr.cz\/n\/wp-json\/wp\/v2\/comments?post=88508"}],"version-history":[{"count":1,"href":"https:\/\/www.infokuryr.cz\/n\/wp-json\/wp\/v2\/posts\/88508\/revisions"}],"predecessor-version":[{"id":88510,"href":"https:\/\/www.infokuryr.cz\/n\/wp-json\/wp\/v2\/posts\/88508\/revisions\/88510"}],"wp:featuredmedia":[{"embeddable":true,"href":"https:\/\/www.infokuryr.cz\/n\/wp-json\/wp\/v2\/media\/88509"}],"wp:attachment":[{"href":"https:\/\/www.infokuryr.cz\/n\/wp-json\/wp\/v2\/media?parent=88508"}],"wp:term":[{"taxonomy":"category","embeddable":true,"href":"https:\/\/www.infokuryr.cz\/n\/wp-json\/wp\/v2\/categories?post=88508"},{"taxonomy":"post_tag","embeddable":true,"href":"https:\/\/www.infokuryr.cz\/n\/wp-json\/wp\/v2\/tags?post=88508"}],"curies":[{"name":"wp","href":"https:\/\/api.w.org\/{rel}","templated":true}]}}