{"id":88479,"date":"2025-09-25T00:11:00","date_gmt":"2025-09-24T22:11:00","guid":{"rendered":"https:\/\/www.infokuryr.cz\/n\/?p=88479"},"modified":"2025-09-24T10:31:10","modified_gmt":"2025-09-24T08:31:10","slug":"thomas-roper-v-rusku-lide-s-neduverou-hledi-na-prudce-rostouci-kriminalitu-v-eu","status":"publish","type":"post","link":"https:\/\/www.infokuryr.cz\/n\/2025\/09\/25\/thomas-roper-v-rusku-lide-s-neduverou-hledi-na-prudce-rostouci-kriminalitu-v-eu\/","title":{"rendered":"Thomas R\u00f6per: V Rusku lid\u00e9 s ned\u016fv\u011brou hled\u00ed na prudce rostouc\u00ed kriminalitu v EU"},"content":{"rendered":"<div id=\"fb-root\"><\/div>\n<p><strong><span dir=\"auto\">V EU exploduje kriminalita a v Rusku, kde byla Evropa je\u0161t\u011b ned\u00e1vno pova\u017eov\u00e1na za synonymum prosperity a pr\u00e1va a po\u0159\u00e1dku, si lid\u00e9 nev\u011b\u0159\u00edcn\u011b mnou o\u010di.<\/span><\/strong><\/p>\n<p><span dir=\"auto\">Po 20 let bylo \u201eEU\u201c v Rusku synonymem prosperity, pr\u00e1va a po\u0159\u00e1dku. \u010cerstv\u011b zrekonstruovan\u00e9 byty se naz\u00fdvaly \u201eeuro-apartm\u00e1ny\u201c a existovalo mnoho dal\u0161\u00edch p\u0159\u00edklad\u016f, kdy se slovo \u201eEvropa\u201c v hovorov\u00e9 ru\u0161tin\u011b stalo obecn\u00fdm ozna\u010den\u00edm pro n\u011bco dobr\u00e9ho.<\/span><\/p>\n<p><span dir=\"auto\">O to v\u00edce \u0161okuje Rusy, kdy\u017e m\u00e9dia \u2013 a p\u0159\u00e1tel\u00e9 a p\u0159\u00edbuzn\u00ed, kte\u0159\u00ed emigrovali do Evropy \u2013 informuj\u00ed o sou\u010dasn\u00e9 situaci v Evrop\u011b. Explozivn\u011b rostouc\u00ed kriminalita, kter\u00e1 zahrnuje vra\u017edy no\u017eem v N\u011bmecku, v\u00e1lky gang\u016f a nekontrolovan\u00e1 p\u0159edm\u011bst\u00ed ve Francii, st\u0159elby a v\u00e1lky gang\u016f v kdysi idylick\u00e9m \u0160v\u00e9dsku, Brusel jako nejnebezpe\u010dn\u011bj\u0161\u00ed m\u011bsto v Evrop\u011b a tak d\u00e1le \u2013 to v\u0161e \u0161okuje a p\u0159ekvapuje Rusy.<\/span><\/p>\n<p><span dir=\"auto\">Je d\u016fle\u017eit\u00e9 si uv\u011bdomit, jak bezpe\u010dn\u00fd je dnes \u017eivot v Rusku. P\u0159edstava, \u017ee by se \u017eena m\u011bla b\u00e1t b\u00fdt v noci sama v metru, je v Rusku absurdn\u00ed, a kdy\u017e Rus\u016fm \u0159\u00edk\u00e1m, \u017ee polovina N\u011bmc\u016f se dnes boj\u00ed ve\u0159ejn\u00e9 dopravy, setk\u00e1v\u00e1m se s ned\u016fv\u011brou. V Rusku se \u017eeny mohou bez obav proch\u00e1zet jak\u00fdmkoli tmav\u00fdm parkem, i uprost\u0159ed noci (v\u00edm, o \u010dem mluv\u00edm, proto\u017ee se v noci \u010dasto proch\u00e1z\u00edm po parc\u00edch se psem a tak\u00e9 vid\u00edm \u017eeny na no\u010dn\u00edch proch\u00e1zk\u00e1ch).<\/span><\/p>\n<p><span dir=\"auto\">Nap\u0159\u00edklad kr\u00e1de\u017ee aut v Moskv\u011b prakticky neexistuj\u00ed, proto\u017ee komplexn\u00ed sledov\u00e1n\u00ed silni\u010dn\u00edho provozu pomoc\u00ed kamer znemo\u017enilo ukr\u00e1st auto a ujet s n\u00edm p\u0159\u00edli\u0161 daleko. Obecn\u011b je kriminalita na obyvatele v Rusku pouze \u0161estinov\u00e1 oproti N\u011bmecku, jak jsem\u00a0<\/span><a href=\"https:\/\/web.archive.org\/web\/20250212180703\/https:\/\/anti-spiegel.ru\/2024\/teil-3-ein-vergleich-der-kriminalitaet-in-deutschland-und-in-russland\/\"><span dir=\"auto\">zde<\/span><\/a><span dir=\"auto\">\u00a0uk\u00e1zal .<\/span><\/p>\n<p><span dir=\"auto\">P\u0159ekl\u00e1d\u00e1m\u00a0<\/span><a href=\"https:\/\/tass.ru\/mezhdunarodnaya-panorama\/25135883\"><span dir=\"auto\">shrnut\u00ed<\/span><\/a><span dir=\"auto\">\u00a0rusk\u00e9 tiskov\u00e9 agentury TASS o kriminalit\u011b v Evrop\u011b. To, co zde TASS sestavuje, zn\u00ed Rus\u016fm t\u00e9m\u011b\u0159 nadpozemsky, vzhledem k komplexn\u00ed bezpe\u010dnostn\u00ed situaci v Rusku dnes.<\/span><\/p>\n<p><em><strong><span dir=\"auto\">Za\u010d\u00e1tek p\u0159ekladu:<\/span><\/strong><\/em><\/p>\n<h2 class=\"wp-block-heading\"><span dir=\"auto\">St\u0159elby v centrech m\u011bst, n\u00e1bor mlad\u00fdch lid\u00ed: Jak v EU vzkv\u00e9t\u00e1 kriminalita<\/span><\/h2>\n<p><strong><span dir=\"auto\">St\u0159elby, v\u00fdbuchy a konflikty mezi drogov\u00fdmi gangy \u2013 to jsou probl\u00e9my, kter\u00fdm v posledn\u00edch letech \u010del\u00ed n\u011bkter\u00e1 m\u011bsta v EU. V tomto \u010dl\u00e1nku agentury TASS se dozv\u00edte, kde se v EU nach\u00e1zej\u00ed nejnebezpe\u010dn\u011bj\u0161\u00ed oblasti.<\/span><\/strong><\/p>\n<h4 class=\"wp-block-heading\"><span dir=\"auto\">\u201eKa\u017ed\u00e9ho obyvatele m\u011bsta m\u016f\u017ee zas\u00e1hnout zbloudil\u00e1 kulka\u201c<\/span><\/h4>\n<p><span dir=\"auto\">Brusel je pova\u017eov\u00e1n za jedno z nejnebezpe\u010dn\u011bj\u0161\u00edch m\u011bst v EU, kde se v posledn\u00edch letech v\u00fdrazn\u011b zhor\u0161ila kriminalita. P\u0159est\u0159elky mezi drogov\u00fdmi gangy se odehr\u00e1vaj\u00ed n\u011bkolikr\u00e1t t\u00fddn\u011b a kr\u00e1de\u017ee a n\u00e1siln\u00e9 \u010diny nejsou v ulic\u00edch neobvykl\u00e9. Jen za prvn\u00edch \u0161est t\u00fddn\u016f leto\u0161n\u00edho roku byli p\u0159i jeden\u00e1cti p\u0159est\u0159elk\u00e1ch zabiti dva lid\u00e9 a \u010dty\u0159i zran\u011bni.<\/span><\/p>\n<p><span dir=\"auto\">St\u0159elba v belgick\u00e9m hlavn\u00edm m\u011bst\u011b po\u0161kodila i auto polsk\u00e9ho europoslance Waldemara Budy, na kter\u00e9ho bylo 15. z\u00e1\u0159\u00ed zast\u0159eleno. V dob\u011b \u00fatoku se Buda v aut\u011b nenach\u00e1zel a podle n\u011bj bylo zasa\u017eeno \u201edev\u00edti p\u0159esn\u00fdmi v\u00fdst\u0159ely\u201c.<\/span><\/p>\n<p><span dir=\"auto\">Situace ve m\u011bst\u011b se v jednotliv\u00fdch okresech velmi li\u0161\u00ed. Nejnebezpe\u010dn\u011bj\u0161\u00edmi oblastmi jsou centrum m\u011bsta, obce Molenbeek (severoz\u00e1pad), Anderlecht (z\u00e1pad), oblast kolem severn\u00edho a ji\u017en\u00edho vlakov\u00e9ho n\u00e1dra\u017e\u00ed a n\u00e1kupn\u00ed ulice pod\u00e9l bruselsk\u00e9ho kan\u00e1lu. \u201eKa\u017ed\u00e9ho obyvatele Bruselu a ka\u017ed\u00e9ho obyvatele m\u011bsta m\u016f\u017ee zas\u00e1hnout zbloudil\u00e1 kulka,\u201c uvedl bruselsk\u00fd st\u00e1tn\u00ed z\u00e1stupce Julien Moinil.<\/span><\/p>\n<p><span dir=\"auto\">Vzhledem ke zhor\u0161uj\u00edc\u00ed se kriminalit\u011b budou ulice belgick\u00e9ho hlavn\u00edho m\u011bsta v budoucnu hl\u00eddkovat arm\u00e1da. \u201eNa\u0161e hlavn\u00ed m\u011bsto Brusel je z bezpe\u010dnostn\u00edho hlediska katastrofou. Mus\u00edme znovu z\u00edskat kontrolu nad m\u011bstem,\u201c prohl\u00e1sil ministr obrany Theo Francken.<\/span><\/p>\n<p><span dir=\"auto\">Ministerstvo vnitra nav\u00edc sl\u00edbilo vy\u010dlenit 20 milion\u016f eur na instalaci nov\u00fdch videokamer v nejproblemati\u010dt\u011bj\u0161\u00edch oblastech m\u011bsta, kde je nejaktivn\u011bj\u0161\u00ed obchod s drogami a zbran\u011bmi.<\/span><\/p>\n<h4 class=\"wp-block-heading\"><span dir=\"auto\">Zlo\u010dineck\u00e9 s\u00edt\u011b verbuj\u00ed nezletil\u00e9<\/span><\/h4>\n<p><span dir=\"auto\">I kdysi m\u00edrumilovn\u00e9 hlavn\u00ed m\u011bsto \u0160v\u00e9dska \u010del\u00ed bezpe\u010dnostn\u00edm probl\u00e9m\u016fm. Do srpna 2025 bylo ve Stockholmu hl\u00e1\u0161eno 55 st\u0159eleb, kter\u00e9 si vy\u017e\u00e1daly dev\u011bt ob\u011bt\u00ed.<\/span><\/p>\n<p><span dir=\"auto\">\u0160v\u00e9dsko obecn\u011b trp\u00ed zlo\u010dineck\u00fdmi s\u00edt\u011bmi, kter\u00e9 obchoduj\u00ed s drogami a zbran\u011bmi a p\u00e1chaj\u00ed podvody v oblasti soci\u00e1ln\u00edch d\u00e1vek. V zemi pravideln\u011b doch\u00e1z\u00ed ke st\u0159elb\u00e1m a v\u00fdbuch\u016fm.<\/span><\/p>\n<p><span dir=\"auto\">Podle policie v\u016fdci zlo\u010dineck\u00fdch s\u00edt\u00ed st\u00e1le \u010dast\u011bji operuj\u00ed ze zahrani\u010d\u00ed, organizuj\u00ed vra\u017edy a loupe\u017ee prost\u0159ednictv\u00edm soci\u00e1ln\u00edch s\u00edt\u00ed a k proveden\u00ed \u00fatok\u016f verbuj\u00ed nezletil\u00e9, kte\u0159\u00ed je\u0161t\u011b nedos\u00e1hli trestn\u00edho v\u011bku.<\/span><\/p>\n<p><span dir=\"auto\">Podle agentury Statista se \u0160v\u00e9dsko v roce 2022 um\u00edstilo na t\u0159et\u00edm m\u00edst\u011b v Evrop\u011b, pokud jde o po\u010det vra\u017ed sp\u00e1chan\u00fdch st\u0159eln\u00fdmi zbran\u011bmi na 100 000 obyvatel, p\u0159ed \u010cernou Horou a Alb\u00e1ni\u00ed. A zat\u00edmco po\u010det st\u0159eleb od t\u00e9 doby klesl, po\u010det v\u00fdbuch\u016f se zv\u00fd\u0161il.<\/span><\/p>\n<h4 class=\"wp-block-heading\"><span dir=\"auto\">\u201eSt\u00e1t nem\u00e1 b\u00fdt na co hrd\u00fd\u201c<\/span><\/h4>\n<p><span dir=\"auto\">Dal\u0161\u00edm m\u011bstem su\u017eovan\u00fdm drogov\u00fdmi v\u00e1lkami je francouzsk\u00e9 Marseille. V lo\u0148sk\u00e9m roce m\u011bstem ot\u0159\u00e1sly dv\u011b vra\u017edy teenager\u016f. V \u0159\u00edjnu \u010dtrn\u00e1ctilet\u00fd student zast\u0159elil \u0161estat\u0159icetilet\u00e9ho taxik\u00e1\u0159e, kter\u00fd v t\u00e9 dob\u011b \u0159\u00eddil. O dva dny d\u0159\u00edve byl zavra\u017ed\u011bn patn\u00e1ctilet\u00fd mlad\u00edk: byl 50kr\u00e1t pobod\u00e1n a pot\u00e9 za\u017eiva up\u00e1len.<\/span><\/p>\n<p><span dir=\"auto\">Oba zlo\u010diny spolu souvisely. Jak vysv\u011btlil marseillsk\u00fd prokur\u00e1tor Nicolas Besson, patn\u00e1ctilet\u00e9ho teenagera si najal t\u0159iadvacetilet\u00fd \u010dlen drogov\u00e9ho gangu ve v\u00fdkonu trestu odn\u011bt\u00ed svobody. M\u011bl za odm\u011bnu 2 000 eur zap\u00e1lit dve\u0159e \u010dlena jin\u00e9ho gangu. \u00dakol se mu ale nepoda\u0159ilo splnit, \u010dlenov\u00e9 tohoto gangu ho chytili a brut\u00e1ln\u011b s n\u00edm nalo\u017eili.<\/span><\/p>\n<p><span dir=\"auto\">\u010clen gangu, kter\u00fd si ho najal, pozd\u011bji \u010dtrn\u00e1ctilet\u00e9mu chlapci nab\u00eddl odm\u011bnu za vra\u017edu v\u016fdce konkuren\u010dn\u00edho gangu. Chlap jel na m\u00edsto \u010dinu tax\u00edkem, ale \u0159idi\u010d odm\u00edtl \u010dekat. Teenager ho pak st\u0159elil do hlavy a utekl.<\/span><\/p>\n<p><span dir=\"auto\">Podle nejnov\u011bj\u0161\u00edch \u00fadaj\u016f se po\u010det \u00famrt\u00ed p\u0159i st\u0159elb\u00e1ch, do kter\u00fdch je zapojena drogov\u00e1 mafie v Marseille, za posledn\u00ed rok v\u00fdrazn\u011b sn\u00ed\u017eil.<\/span><\/p>\n<p><span dir=\"auto\">\u201eTento v\u00fdrazn\u00fd pokles nen\u00ed zp\u016fsoben efektivitou policie a justice, ale (nepochybn\u011b do\u010dasn\u00fdm) ukon\u010den\u00edm v\u00e1lky mezi klanem Yoda a klanem DZ Mafia, kterou vyhr\u00e1l druh\u00fd jmenovan\u00fd. St\u00e1t proto nem\u00e1 d\u016fvod b\u00fdt hrd\u00fd,\u201c vysv\u011btlil expert Julien Sapori.<\/span><\/p>\n<h4 class=\"wp-block-heading\"><span dir=\"auto\">\u017d\u00e1dn\u00e9 st\u0159elby, ale v\u00fdbuchy<\/span><\/h4>\n<p><span dir=\"auto\">Amsterdam je v EU tak\u00e9 pova\u017eov\u00e1n za nebezpe\u010dnou z\u00f3nu, ale nejv\u011bt\u0161\u00edm probl\u00e9mem tam nejsou st\u0159elby, ale v\u00fdbuchy. To je typick\u00e9 pro Nizozemsko jako celek: V prvn\u00ed polovin\u011b leto\u0161n\u00edho roku vl\u00e1da zaznamenala t\u00e9m\u011b\u0159 700 takov\u00fdch p\u0159\u00edpad\u016f.<\/span><\/p>\n<p><span dir=\"auto\">Jak 3. z\u00e1\u0159\u00ed informovala televizn\u00ed stanice NOS, byl na amsterdamsk\u00e9 ulici zat\u010den teenager pot\u00e9, co se pokusil odp\u00e1lit v\u00fdbu\u0161n\u00e9 za\u0159\u00edzen\u00ed, kter\u00e9 v\u0161ak neexplodovalo. B\u011bhem zhruba t\u00fddne tam do\u0161lo ke t\u0159em exploz\u00edm.<\/span><\/p>\n<p><span dir=\"auto\">Po l\u00e9ta byla tato forma n\u00e1sil\u00ed typick\u00e1 pro konflikty mezi drogov\u00fdmi gangy, kter\u00e9 \u010dasto pou\u017e\u00edvaly ru\u010dn\u00ed gran\u00e1ty. Nyn\u00ed v\u0161ak podle policie tuto taktiku pou\u017e\u00edvaj\u00ed i dal\u0161\u00ed, v\u010detn\u011b soupe\u0159\u016f.<\/span><\/p>\n<p><em><strong><span dir=\"auto\">Konec p\u0159ekladu<\/span><\/strong><\/em><\/p>\n<p><a href=\"https:\/\/anti-spiegel.ru\/2025\/in-russland-schaut-man-unglaeubig-auf-die-explodierende-kriminalitaet-in-der-eu\/\">Thomas R\u00f6per<\/a><\/p>\n<p><img decoding=\"async\" loading=\"lazy\" class=\"alignnone  wp-image-22016\" src=\"http:\/\/www.infokuryr.cz\/n\/wp-content\/uploads\/2023\/01\/Thomas-Roper-298x300.jpg\" alt=\"\" width=\"123\" height=\"124\" srcset=\"https:\/\/www.infokuryr.cz\/n\/wp-content\/uploads\/2023\/01\/Thomas-Roper-298x300.jpg 298w, https:\/\/www.infokuryr.cz\/n\/wp-content\/uploads\/2023\/01\/Thomas-Roper-150x150.jpg 150w, https:\/\/www.infokuryr.cz\/n\/wp-content\/uploads\/2023\/01\/Thomas-Roper.jpg 596w\" sizes=\"(max-width: 123px) 100vw, 123px\" \/><\/p>\n<p><img decoding=\"async\" loading=\"lazy\" class=\"wp-image-86927 aligncenter\" src=\"http:\/\/www.infokuryr.cz\/n\/wp-content\/uploads\/2025\/09\/letak-volby-2025-konference-3-212x300.png\" alt=\"\" width=\"841\" height=\"1190\" srcset=\"https:\/\/www.infokuryr.cz\/n\/wp-content\/uploads\/2025\/09\/letak-volby-2025-konference-3-212x300.png 212w, https:\/\/www.infokuryr.cz\/n\/wp-content\/uploads\/2025\/09\/letak-volby-2025-konference-3-724x1024.png 724w, https:\/\/www.infokuryr.cz\/n\/wp-content\/uploads\/2025\/09\/letak-volby-2025-konference-3-768x1086.png 768w, https:\/\/www.infokuryr.cz\/n\/wp-content\/uploads\/2025\/09\/letak-volby-2025-konference-3-1086x1536.png 1086w, https:\/\/www.infokuryr.cz\/n\/wp-content\/uploads\/2025\/09\/letak-volby-2025-konference-3-1448x2048.png 1448w, https:\/\/www.infokuryr.cz\/n\/wp-content\/uploads\/2025\/09\/letak-volby-2025-konference-3-1024x1448.png 1024w\" sizes=\"(max-width: 841px) 100vw, 841px\" \/><\/p>\n","protected":false},"excerpt":{"rendered":"<p>V EU exploduje kriminalita a v Rusku, kde byla Evropa je\u0161t\u011b ned\u00e1vno pova\u017eov\u00e1na za synonymum&#8230;<\/p>\n","protected":false},"author":2,"featured_media":88480,"comment_status":"closed","ping_status":"closed","sticky":false,"template":"","format":"standard","meta":[],"categories":[7],"tags":[1042,41,369,805],"_links":{"self":[{"href":"https:\/\/www.infokuryr.cz\/n\/wp-json\/wp\/v2\/posts\/88479"}],"collection":[{"href":"https:\/\/www.infokuryr.cz\/n\/wp-json\/wp\/v2\/posts"}],"about":[{"href":"https:\/\/www.infokuryr.cz\/n\/wp-json\/wp\/v2\/types\/post"}],"author":[{"embeddable":true,"href":"https:\/\/www.infokuryr.cz\/n\/wp-json\/wp\/v2\/users\/2"}],"replies":[{"embeddable":true,"href":"https:\/\/www.infokuryr.cz\/n\/wp-json\/wp\/v2\/comments?post=88479"}],"version-history":[{"count":0,"href":"https:\/\/www.infokuryr.cz\/n\/wp-json\/wp\/v2\/posts\/88479\/revisions"}],"wp:featuredmedia":[{"embeddable":true,"href":"https:\/\/www.infokuryr.cz\/n\/wp-json\/wp\/v2\/media\/88480"}],"wp:attachment":[{"href":"https:\/\/www.infokuryr.cz\/n\/wp-json\/wp\/v2\/media?parent=88479"}],"wp:term":[{"taxonomy":"category","embeddable":true,"href":"https:\/\/www.infokuryr.cz\/n\/wp-json\/wp\/v2\/categories?post=88479"},{"taxonomy":"post_tag","embeddable":true,"href":"https:\/\/www.infokuryr.cz\/n\/wp-json\/wp\/v2\/tags?post=88479"}],"curies":[{"name":"wp","href":"https:\/\/api.w.org\/{rel}","templated":true}]}}