{"id":88435,"date":"2025-09-24T00:24:39","date_gmt":"2025-09-23T22:24:39","guid":{"rendered":"https:\/\/www.infokuryr.cz\/n\/?p=88435"},"modified":"2025-09-23T14:33:36","modified_gmt":"2025-09-23T12:33:36","slug":"hamas-popravuje-kolaboranty-zatimco-v-gaze-sili-izraelska-opozice","status":"publish","type":"post","link":"https:\/\/www.infokuryr.cz\/n\/2025\/09\/24\/hamas-popravuje-kolaboranty-zatimco-v-gaze-sili-izraelska-opozice\/","title":{"rendered":"Ham\u00e1s popravuje kolaboranty, zat\u00edmco v Gaze s\u00edl\u00ed izraelsk\u00e1 opozice"},"content":{"rendered":"<div id=\"fb-root\"><\/div>\n<p><strong><span dir=\"auto\">\u00da\u0159ady veden\u00e9 Ham\u00e1sem v p\u00e1smu Gazy popravily t\u0159i mu\u017ee obvin\u011bn\u00e9 ze spolupr\u00e1ce s Izraelem uprost\u0159ed zpr\u00e1v nazna\u010duj\u00edc\u00edch, \u017ee vznikaj\u00edc\u00ed palestinsk\u00e9 opozi\u010dn\u00ed ozbrojen\u00e9 skupiny v enkl\u00e1v\u011b za\u010daly dost\u00e1vat od Izraele v\u011bt\u0161\u00ed podporu.<\/span><\/strong><\/p>\n<p><span dir=\"auto\">Video z popravy se objevilo na internetu 21. z\u00e1\u0159\u00ed. Ukazuje maskovan\u00e9ho mu\u017ee, jak varuje \u201ev\u0161echny kolaboranty\u201c, ne\u017e jsou t\u0159i mu\u017ei, kle\u010d\u00edc\u00ed a se zav\u00e1zan\u00fdma o\u010dima, zkop\u00e1ni na b\u0159icho a zast\u0159eleni p\u0159ed davem.<\/span><\/p>\n<p><span dir=\"auto\">K poprav\u011b \u00fadajn\u011b do\u0161lo v Gaze, kde izraelsk\u00e1 arm\u00e1da v sou\u010dasn\u00e9 dob\u011b vede rozs\u00e1hlou ofenzivu proti Ham\u00e1su.<\/span><\/p>\n<p><span dir=\"auto\">Palestinsk\u00fd bezpe\u010dnostn\u00ed \u00fa\u0159edn\u00edk z vl\u00e1dy v Gaze ovl\u00e1dan\u00e9 Ham\u00e1sem, kter\u00fd hovo\u0159il s\u00a0<\/span><a href=\"https:\/\/www.reuters.com\/business\/media-telecom\/hamas-led-authorities-execute-alleged-collaborators-gaza-official-says-2025-09-22\/\"><span dir=\"auto\">agenturou Reuters,<\/span><\/a><span dir=\"auto\">\u00a0uvedl, \u017ee popravy provedla \u201eSpole\u010dn\u00e1 opera\u010dn\u00ed m\u00edstnost palestinsk\u00e9ho odboje\u201c.<\/span><\/p>\n<p><span dir=\"auto\">Videa ukazovala \u201erevolu\u010dn\u00ed rozhodnut\u00ed\u201c vyd\u00e1van\u00e1 proti lidem za bezpe\u010dnostn\u00ed spolupr\u00e1ci s Izraelem, uvedla organizace a dodala, \u017ee poprava byla \u201ejasn\u00fdm poselstv\u00edm a slou\u017e\u00ed jako odstra\u0161uj\u00edc\u00ed prost\u0159edek pro ka\u017ed\u00e9ho, kdo je v poku\u0161en\u00ed spolupracovat s okupac\u00ed\u201c.<\/span><\/p>\n<p><iframe loading=\"lazy\" src=\"https:\/\/s5.cdnstatic.space\/wp-content\/uploads\/2025\/09\/exec.mp4\" width=\"600\" height=\"338\" data-mce-fragment=\"1\"><\/iframe><\/p>\n<p><span dir=\"auto\">V dnech p\u0159edch\u00e1zej\u00edc\u00edch poprav\u011b n\u011bkolik zpr\u00e1v odhalilo, \u017ee v ji\u017en\u00ed Gaze za\u010dal s\u00edlit odpor v\u016f\u010di Ham\u00e1su s p\u0159\u00edmou podporou Izraele.<\/span><\/p>\n<p><span dir=\"auto\">J\u00e1sir Abu \u0160ab\u00e1b, obchodn\u00edk s lidmi, kter\u00fd b\u011bhem v\u00e1lky uprchl z v\u011bzen\u00ed Ham\u00e1su, ozn\u00e1mil, \u017ee jeho skupina Lidov\u00e9 s\u00edly dokon\u010dila v\u00fdcvik dal\u0161\u00ed skupiny bojovn\u00edk\u016f. Skupina se poprv\u00e9 objevila ve v\u00fdchodn\u00ed \u010d\u00e1sti oblasti Raf\u00e1h v kv\u011btnu lo\u0148sk\u00e9ho roku a od t\u00e9 doby je obvi\u0148ov\u00e1na z vazeb na ISIS a rabov\u00e1n\u00ed humanit\u00e1rn\u00edch konvoj\u016f.<\/span><\/p>\n<p><span dir=\"auto\">V \u010dervnu vydal bedu\u00edn Abu Shabab nahran\u00e9 prohl\u00e1\u0161en\u00ed, v n\u011bm\u017e tvrdil, \u017ee p\u016fsob\u00ed \u201epod legitimn\u00ed palestinskou samospr\u00e1vou\u201c s odkazem na Palestinskou samospr\u00e1vu (PA).<\/span><\/p>\n<p><span dir=\"auto\">Premi\u00e9r Benjamin Netanjahu ve stejn\u00e9m m\u011bs\u00edci ve\u0159ejn\u011b uznal, \u017ee Izrael vyzbrojuje kmeny, kter\u00e9 se stav\u00ed proti Ham\u00e1su, ani\u017e by uvedl jak\u00e9koli podrobnosti.<\/span><\/p>\n<div id=\"attachment_229831\" class=\"wp-caption aligncenter\" style=\"width: 605px;\">\n<p><a href=\"https:\/\/s5.cdnstatic.space\/wp-content\/uploads\/2025\/09\/G1R9GkiWEAAtvIR.jpg\" target=\"_blank\" rel=\"noopener\"><img decoding=\"async\" loading=\"lazy\" class=\"wp-image-229831\" title=\"Ham\u00e1s popravuje kolaboranty, zat\u00edmco v Gaze s\u00edl\u00ed izraelsk\u00e1 opozice\" src=\"https:\/\/s5.cdnstatic.space\/wp-content\/uploads\/2025\/09\/G1R9GkiWEAAtvIR-490x276.jpg\" sizes=\"(max-width: 600px) 100vw, 600px\" srcset=\"https:\/\/s5.cdnstatic.space\/wp-content\/uploads\/2025\/09\/G1R9GkiWEAAtvIR-490x276.jpg 490w, https:\/\/s5.cdnstatic.space\/wp-content\/uploads\/2025\/09\/G1R9GkiWEAAtvIR-1024x576.jpg 1024w, https:\/\/s5.cdnstatic.space\/wp-content\/uploads\/2025\/09\/G1R9GkiWEAAtvIR-768x432.jpg 768w, https:\/\/s5.cdnstatic.space\/wp-content\/uploads\/2025\/09\/G1R9GkiWEAAtvIR.jpg 1536w\" alt=\"Ham\u00e1s popravuje kolaboranty, zat\u00edmco v Gaze s\u00edl\u00ed izraelsk\u00e1 opozice\" width=\"605\" height=\"341\" aria-describedby=\"caption-attachment-229831\" \/><\/a><\/p>\n<p id=\"caption-attachment-229831\" class=\"wp-caption-text\"><span dir=\"auto\">Kliknut\u00edm zobraz\u00edte obr\u00e1zek v pln\u00e9 velikosti. (X)<\/span><\/p>\n<\/div>\n<p><span dir=\"auto\">Lidov\u00e9 s\u00edly nejsou jedinou skupinou, kter\u00e1 se stav\u00ed proti Ham\u00e1su a v sou\u010dasnosti operuje v ji\u017en\u00ed Gaze. Ned\u00e1vn\u00e1 zpr\u00e1va den\u00edku\u00a0<\/span><a href=\"https:\/\/www.timesofisrael.com\/in-southern-gaza-new-anti-hamas-enclave-emerges-under-militia-claiming-israeli-backing\/\"><span dir=\"auto\">The Times of Israel<\/span><\/a><span dir=\"auto\">\u00a0odhalila, \u017ee ve m\u011bst\u011b Kizan al-Najjar pobl\u00ed\u017e m\u011bsta Ch\u00e1n J\u00fanis byla b\u00fdval\u00fdm d\u016fstojn\u00edkem PA Hossamem al-Astalem vytvo\u0159ena druh\u00e1 skupina s n\u00e1zvem \u00dadern\u00e1 jednotka proti teroru.<\/span><\/p>\n<p><em><span dir=\"auto\">\u201eKdokoli \u017eije pod \u00fatlakem Ham\u00e1su, a\u0165 se obr\u00e1t\u00ed na n\u00e1s,\u201c \u0159ekl al-Astal izraelsk\u00e9 tiskov\u00e9 agentu\u0159e. \u201eDenn\u011b m\u011b kontaktuj\u00ed des\u00edtky rodin.\u201c<\/span><\/em><\/p>\n<p><span dir=\"auto\">Stejn\u011b jako Abu Shabab byl al-Astal v minulosti v\u011bzn\u011bn Ham\u00e1sem a palestinsk\u00e9 m\u00e9dia nazna\u010duj\u00ed, \u017ee byl obvin\u011bn ze zrady.<\/span><\/p>\n<p><span dir=\"auto\">V rozhovoru pro The Times of Israel se al-Astal velmi otev\u0159en\u011b vyjad\u0159oval k Izraeli, kter\u00fd podle n\u011bj z\u00e1soboval jeho skupinu. \u0158ekl tak\u00e9, \u017ee vojensk\u00e9 aktivity skupiny byly podporov\u00e1ny \u201eSpojen\u00fdmi st\u00e1ty, Evropou a arabsk\u00fdmi st\u00e1ty\u201c, kter\u00e9 odm\u00edtl jmenovat.<\/span><\/p>\n<div id=\"attachment_229832\" class=\"wp-caption aligncenter\" style=\"width: 605px;\">\n<p><a href=\"https:\/\/s5.cdnstatic.space\/wp-content\/uploads\/2025\/09\/husam-3-e1758473521106.jpg\" target=\"_blank\" rel=\"noopener\"><img decoding=\"async\" loading=\"lazy\" class=\"wp-image-229832\" title=\"Ham\u00e1s popravuje kolaboranty, zat\u00edmco v Gaze s\u00edl\u00ed izraelsk\u00e1 opozice\" src=\"https:\/\/s5.cdnstatic.space\/wp-content\/uploads\/2025\/09\/husam-3-e1758473521106-490x276.jpg\" sizes=\"auto, (max-width: 600px) 100vw, 600px\" srcset=\"https:\/\/s5.cdnstatic.space\/wp-content\/uploads\/2025\/09\/husam-3-e1758473521106-490x276.jpg 490w, https:\/\/s5.cdnstatic.space\/wp-content\/uploads\/2025\/09\/husam-3-e1758473521106-1024x576.jpg 1024w, https:\/\/s5.cdnstatic.space\/wp-content\/uploads\/2025\/09\/husam-3-e1758473521106-768x432.jpg 768w, https:\/\/s5.cdnstatic.space\/wp-content\/uploads\/2025\/09\/husam-3-e1758473521106.jpg 1180w\" alt=\"Ham\u00e1s popravuje kolaboranty, zat\u00edmco v Gaze s\u00edl\u00ed izraelsk\u00e1 opozice\" width=\"605\" height=\"341\" aria-describedby=\"caption-attachment-229832\" \/><\/a><\/p>\n<p id=\"caption-attachment-229832\" class=\"wp-caption-text\"><span dir=\"auto\">Kliknut\u00edm zobraz\u00edte obr\u00e1zek v pln\u00e9 velikosti. (Facebook)<\/span><\/p>\n<\/div>\n<p><span dir=\"auto\">Vysoce postaven\u00fd poru\u010d\u00edk Ab\u00fa \u0160ab\u00e1bu potvrdil listu The Times of Israel, \u017ee Lidov\u00e9 s\u00edly koordinuj\u00ed \u010dinnost s \u00dadernou jednotkou proti terorismu.<\/span><\/p>\n<p><em><span dir=\"auto\">\u201eV\u0161ichni jsme jedno,\u201c \u0159ekl velitel. Skupiny se spole\u010dn\u011b sna\u017e\u00ed vytvo\u0159it ochrann\u00fd \u201ep\u00e1s\u201c kontroly prost\u0159ednictv\u00edm Ch\u00e1n J\u00fanisa a Raf\u00e1hu, ve spolupr\u00e1ci s Izraelem, tvrdil.<\/span><\/em><\/p>\n<p><em><span dir=\"auto\">\u201ePom\u00e1haj\u00ed n\u00e1m roz\u0161i\u0159ovat se. C\u00edl je stejn\u00fd \u2013 aby lid\u00e9 \u017eili pod na\u0161\u00ed ochranou, ve shod\u011b s na\u0161imi sousedy,\u201c dodal velitel s odkazem na Izrael.<\/span><\/em><\/p>\n<p><span dir=\"auto\">Nejnov\u011bj\u0161\u00ed ve\u0159ejn\u00e1 poprava nazna\u010duje, \u017ee Ham\u00e1s m\u00e1 hlubok\u00e9 obavy z t\u011bchto vznikaj\u00edc\u00edch opozi\u010dn\u00edch skupin v ji\u017en\u00ed Gaze.<\/span><\/p>\n<p><span dir=\"auto\">Izrael by mohl brzy p\u0159edstavit tyto skupiny jako sou\u010d\u00e1st sv\u00e9ho pl\u00e1nu na \u201epozdn\u00ed\u201c pro Gazu. USA, Evropsk\u00e1 unie, arabsk\u00e9 st\u00e1ty, Palestinsk\u00e1 samospr\u00e1va a dokonce i mnoz\u00ed v samotn\u00e9m P\u00e1smu je pravd\u011bpodobn\u011b budou vn\u00edmat jako lep\u0161\u00ed alternativu k p\u0159\u00edm\u00e9 izraelsk\u00e9 okupaci. Nicm\u00e9n\u011b z dlouhodob\u00e9ho hlediska tyto skupiny pravd\u011bpodobn\u011b nakonec usnadn\u00ed \u00faplnou okupaci enkl\u00e1vy, podobn\u011b jako by n\u011bkte\u0159\u00ed tvrdili, \u017ee bezpe\u010dnostn\u00ed s\u00edly Palestinsk\u00e9 samospr\u00e1vy d\u011blaj\u00ed na okupovan\u00e9m Z\u00e1padn\u00edm b\u0159ehu Jord\u00e1nu.<\/span><\/p>\n<p><img decoding=\"async\" loading=\"lazy\" class=\"alignnone size-full wp-image-1185\" src=\"http:\/\/www.infokuryr.cz\/n\/wp-content\/uploads\/2021\/04\/kuryr-podpis.png\" alt=\"\" width=\"84\" height=\"24\" \/><\/p>\n<p><img decoding=\"async\" loading=\"lazy\" class=\"wp-image-86927 aligncenter\" src=\"http:\/\/www.infokuryr.cz\/n\/wp-content\/uploads\/2025\/09\/letak-volby-2025-konference-3-212x300.png\" alt=\"\" width=\"840\" height=\"1189\" srcset=\"https:\/\/www.infokuryr.cz\/n\/wp-content\/uploads\/2025\/09\/letak-volby-2025-konference-3-212x300.png 212w, https:\/\/www.infokuryr.cz\/n\/wp-content\/uploads\/2025\/09\/letak-volby-2025-konference-3-724x1024.png 724w, https:\/\/www.infokuryr.cz\/n\/wp-content\/uploads\/2025\/09\/letak-volby-2025-konference-3-768x1086.png 768w, https:\/\/www.infokuryr.cz\/n\/wp-content\/uploads\/2025\/09\/letak-volby-2025-konference-3-1086x1536.png 1086w, https:\/\/www.infokuryr.cz\/n\/wp-content\/uploads\/2025\/09\/letak-volby-2025-konference-3-1448x2048.png 1448w, https:\/\/www.infokuryr.cz\/n\/wp-content\/uploads\/2025\/09\/letak-volby-2025-konference-3-1024x1448.png 1024w\" sizes=\"(max-width: 840px) 100vw, 840px\" \/><\/p>\n","protected":false},"excerpt":{"rendered":"<p>\u00da\u0159ady veden\u00e9 Ham\u00e1sem v p\u00e1smu Gazy popravily t\u0159i mu\u017ee obvin\u011bn\u00e9 ze spolupr\u00e1ce s Izraelem uprost\u0159ed&#8230;<\/p>\n","protected":false},"author":2,"featured_media":88436,"comment_status":"closed","ping_status":"closed","sticky":false,"template":"","format":"standard","meta":[],"categories":[7],"tags":[347,107,993],"_links":{"self":[{"href":"https:\/\/www.infokuryr.cz\/n\/wp-json\/wp\/v2\/posts\/88435"}],"collection":[{"href":"https:\/\/www.infokuryr.cz\/n\/wp-json\/wp\/v2\/posts"}],"about":[{"href":"https:\/\/www.infokuryr.cz\/n\/wp-json\/wp\/v2\/types\/post"}],"author":[{"embeddable":true,"href":"https:\/\/www.infokuryr.cz\/n\/wp-json\/wp\/v2\/users\/2"}],"replies":[{"embeddable":true,"href":"https:\/\/www.infokuryr.cz\/n\/wp-json\/wp\/v2\/comments?post=88435"}],"version-history":[{"count":0,"href":"https:\/\/www.infokuryr.cz\/n\/wp-json\/wp\/v2\/posts\/88435\/revisions"}],"wp:featuredmedia":[{"embeddable":true,"href":"https:\/\/www.infokuryr.cz\/n\/wp-json\/wp\/v2\/media\/88436"}],"wp:attachment":[{"href":"https:\/\/www.infokuryr.cz\/n\/wp-json\/wp\/v2\/media?parent=88435"}],"wp:term":[{"taxonomy":"category","embeddable":true,"href":"https:\/\/www.infokuryr.cz\/n\/wp-json\/wp\/v2\/categories?post=88435"},{"taxonomy":"post_tag","embeddable":true,"href":"https:\/\/www.infokuryr.cz\/n\/wp-json\/wp\/v2\/tags?post=88435"}],"curies":[{"name":"wp","href":"https:\/\/api.w.org\/{rel}","templated":true}]}}