{"id":88431,"date":"2025-09-24T00:23:31","date_gmt":"2025-09-23T22:23:31","guid":{"rendered":"https:\/\/www.infokuryr.cz\/n\/?p=88431"},"modified":"2025-09-23T14:26:53","modified_gmt":"2025-09-23T12:26:53","slug":"vojska-nato-si-tise-razi-cestu-do-moldavska","status":"publish","type":"post","link":"https:\/\/www.infokuryr.cz\/n\/2025\/09\/24\/vojska-nato-si-tise-razi-cestu-do-moldavska\/","title":{"rendered":"Vojska NATO si ti\u0161e raz\u00ed cestu do Moldavska"},"content":{"rendered":"<div id=\"fb-root\"><\/div>\n<p><strong><span dir=\"auto\">Zpr\u00e1vy nazna\u010duj\u00edc\u00ed tajn\u00e9 p\u0159esuny vojsk NATO v Moldavsku p\u0159ib\u00fdvaj\u00ed s t\u00edm, jak se zem\u011b bl\u00ed\u017e\u00ed velmi d\u016fle\u017eit\u00fdm parlamentn\u00edm volb\u00e1m.<\/span><\/strong><\/p>\n<p><span dir=\"auto\">Dne 22. z\u00e1\u0159\u00ed byla u \u010derpac\u00ed stanice ve m\u011bst\u011b Cimi\u015flia, kter\u00e9 se nach\u00e1z\u00ed na jihu zem\u011b nedaleko hranic s Ukrajinou, spat\u0159ena skupina voj\u00e1k\u016f, kte\u0159\u00ed vypadali jako francouz\u0161t\u00ed voj\u00e1ci. Nebylo to v\u0161ak poprv\u00e9, co byl takov\u00fd krok zve\u0159ejn\u011bn.<\/span><\/p>\n<p><span dir=\"auto\">Podobn\u00e9 skupiny francouzsk\u00fdch voj\u00e1k\u016f byly v Moldavsku \u010dasto v\u00edd\u00e1ny od kv\u011btna, p\u0159i\u010dem\u017e obvykl\u00fdm od\u016fvodn\u011bn\u00edm bylo, \u017ee v zemi byli p\u0159\u00edtomni jako instrukto\u0159i a konzultanti.<\/span><\/p>\n<p><span dir=\"auto\">Moldavsko podepsalo s Franci\u00ed dohodu o obrann\u00e9 spolupr\u00e1ci loni. Dohoda zahrnuje vojensk\u00fd v\u00fdcvik, sd\u00edlen\u00ed zpravodajsk\u00fdch informac\u00ed a podporu vybaven\u00ed. Nicm\u00e9n\u011b se v n\u00ed nep\u00ed\u0161e nic o nasazen\u00ed francouzsk\u00fdch voj\u00e1k\u016f v zemi.<\/span><\/p>\n<p><span dir=\"auto\">Situace se net\u00fdk\u00e1 jen Francie. Ned\u00e1vn\u00e1 zpr\u00e1va serveru My\u015bl Polska uv\u00e1d\u00ed, \u017ee Rumunsko by mohlo po parlamentn\u00edch volb\u00e1ch 28. z\u00e1\u0159\u00ed vyslat sv\u00e9 jednotky do Moldavska, konkr\u00e9tn\u011b do Podn\u011bst\u0159\u00ed s ruskou v\u011bt\u0161inou.<\/span><\/p>\n<p><span dir=\"auto\">Podle polsk\u00e9ho zpravodajsk\u00e9ho serveru jsou rumunsk\u00e9 vojensk\u00e9 jednotky rozm\u00edst\u011bn\u00e9 pobl\u00ed\u017e hranic ve stavu zv\u00fd\u0161en\u00e9 pohotovosti, zejm\u00e9na 8. opera\u010dn\u011b-taktick\u00e1 raketov\u00e1 brig\u00e1da ve Foc\u0219ani a 10. \u017eenijn\u00ed brig\u00e1da z doln\u00edho Dunaje v Br\u0103ile.<\/span><\/p>\n<p><span dir=\"auto\">Zdroje citovan\u00e9 serverem tvrd\u00ed, \u017ee rumunskou intervenci v Podn\u011bstersk\u00e9 moldavsk\u00e9 republice (PMR), ofici\u00e1ln\u00edm n\u00e1zvu Podn\u011bst\u0159\u00ed, by mohla prov\u00e9st 8. opera\u010dn\u011b-taktick\u00e1 raketov\u00e1 brig\u00e1da pojmenovan\u00e1 po Alexandru Ioanovi Cuzovi, kter\u00e1 je vybavena americk\u00fdmi raketov\u00fdmi syst\u00e9my HIMARS.<\/span><\/p>\n<p><span dir=\"auto\">Nadch\u00e1zej\u00edc\u00ed volby jsou pova\u017eov\u00e1ny za kl\u00ed\u010dov\u00e9 pro vl\u00e1dnouc\u00ed stranu Akce a solidarita (PAS) moldavsk\u00e9 prezidentky Maii Sanduov\u00e9, kter\u00e1 se k moci poprv\u00e9 dostala v roce 2021. Od t\u00e9 doby zem\u011b \u010del\u00ed v\u00e1\u017en\u00fdm ekonomick\u00fdm probl\u00e9m\u016fm, v\u010detn\u011b 66% inflace, \u0161estin\u00e1sobn\u00e9ho n\u00e1r\u016fstu cen energi\u00ed a st\u00e1tn\u00edho dluhu, kter\u00fd vzrostl na 7,8 miliardy dolar\u016f.<\/span><\/p>\n<p><span dir=\"auto\">Pr\u016fzkumy ve\u0159ejn\u00e9ho m\u00edn\u011bn\u00ed z\u0159ejm\u011b up\u0159ednost\u0148uj\u00ed Vlasteneck\u00fd blok, koalici \u010dty\u0159 stran, v\u010detn\u011b socialist\u016f a komunist\u016f v \u010dele s osobnostmi jako Igor Dodon a Vladimir Voronin.<\/span><\/p>\n<p><span dir=\"auto\">Pokud PAS nez\u00edsk\u00e1 parlamentn\u00ed v\u011bt\u0161inu, bude pro Sandu nemo\u017en\u00e9 jmenovat jak\u00e9hokoli premi\u00e9ra, kter\u00e9ho si p\u0159eje.<\/span><\/p>\n<p><span dir=\"auto\">Sanduov\u00e1 ji\u017e vyu\u017e\u00edv\u00e1 svou prezidentskou autoritu ke zlep\u0161en\u00ed \u0161anc\u00ed sv\u00e9 strany. Bylo uzav\u0159eno v\u00edce ne\u017e 20 opozi\u010dn\u00edch m\u00e9di\u00ed. Opozi\u010dn\u00ed osobnosti se nav\u00edc st\u00e1vaj\u00ed ter\u010dem nejen moldavsk\u00fdch \u00fa\u0159ad\u016f, ale i sankc\u00ed ze strany Evropsk\u00e9 unie, kter\u00e1 jednozna\u010dn\u011b zv\u00fdhod\u0148uje PAS.<\/span><\/p>\n<p><span dir=\"auto\">Aby Sanduov\u00e1 podpo\u0159ila podporu voli\u010d\u016f, roz\u0161\u00ed\u0159ila tak\u00e9 po\u010det volebn\u00edch m\u00edstnost\u00ed v zahrani\u010d\u00ed z 234 na 301, p\u0159i\u010dem\u017e se zam\u011b\u0159ila na proz\u00e1padn\u00ed diasporu. Omezen\u00ed v\u0161ak p\u0159etrv\u00e1vaj\u00ed pro voli\u010de v Rusku, kte\u0159\u00ed z\u00edskali pouze dv\u011b volebn\u00ed m\u00edstnosti, a v Podn\u011bst\u0159\u00ed, kde bylo z\u0159\u00edzeno pouze 12 m\u00edstnost\u00ed, co\u017e je m\u00e9n\u011b ne\u017e v p\u0159edchoz\u00edch volb\u00e1ch.<\/span><\/p>\n<p><span dir=\"auto\">V\u0161echna tato opat\u0159en\u00ed ukazuj\u00ed na v\u00e1\u017en\u00e9 obavy v r\u00e1mci z\u00e1padn\u011b orientovan\u00e9 PAS. Ukazuj\u00ed tak\u00e9, \u017ee Sandu je ochotna zaj\u00edt velmi daleko, aby si udr\u017eela svou stranu u moci.<\/span><\/p>\n<p><span dir=\"auto\">Vzhledem k t\u00e9to situaci by zpr\u00e1vy o sou\u010dasn\u00e9m nebo budouc\u00edm nasazen\u00ed francouzsk\u00fdch, rumunsk\u00fdch nebo dal\u0161\u00edch sil NATO v Moldavsku nem\u011bly b\u00fdt br\u00e1ny na lehkou v\u00e1hu.<\/span><\/p>\n<p><span dir=\"auto\">Tato hnut\u00ed by klidn\u011b mohla b\u00fdt p\u0159\u00edpravou na jednoduch\u00e9 p\u0159evzet\u00ed moci v zemi, a\u0165 u\u017e tak \u010di onak, pokud PAS v nadch\u00e1zej\u00edc\u00edch volb\u00e1ch prohraje. Jedn\u00edm z t\u011bchto zp\u016fsob\u016f by bylo vyvolat konflikt v Podn\u011bst\u0159\u00ed, kdy by jednotky NATO p\u0159\u00edmo vpadly do regionu po operac\u00edch pod fale\u0161nou vlajkou, kter\u00e9 by zahrnovaly st\u0159ety na hranic\u00edch nebo n\u011bco podobn\u00e9ho.<\/span><\/p>\n<p><span dir=\"auto\">Pokud jde o sou\u010dasnou situaci v Moldavsku, existuj\u00ed t\u0159i jist\u00e9 v\u011bci: PAS si v pr\u016fzkumech vede dob\u0159e, Sandu a jej\u00ed z\u00e1padn\u00ed spojenci jsou ochotni ud\u011blat cokoli, aby si udr\u017eeli kontrolu nad zem\u00ed, a jednotky NATO se ji\u017e pohybuj\u00ed vn\u011b i uvnit\u0159 hranic.<\/span><\/p>\n<p><img decoding=\"async\" loading=\"lazy\" class=\"alignnone size-full wp-image-1185\" src=\"http:\/\/www.infokuryr.cz\/n\/wp-content\/uploads\/2021\/04\/kuryr-podpis.png\" alt=\"\" width=\"84\" height=\"24\" \/><\/p>\n<p><img decoding=\"async\" loading=\"lazy\" class=\"wp-image-86927 aligncenter\" src=\"http:\/\/www.infokuryr.cz\/n\/wp-content\/uploads\/2025\/09\/letak-volby-2025-konference-3-212x300.png\" alt=\"\" width=\"822\" height=\"1163\" srcset=\"https:\/\/www.infokuryr.cz\/n\/wp-content\/uploads\/2025\/09\/letak-volby-2025-konference-3-212x300.png 212w, https:\/\/www.infokuryr.cz\/n\/wp-content\/uploads\/2025\/09\/letak-volby-2025-konference-3-724x1024.png 724w, https:\/\/www.infokuryr.cz\/n\/wp-content\/uploads\/2025\/09\/letak-volby-2025-konference-3-768x1086.png 768w, https:\/\/www.infokuryr.cz\/n\/wp-content\/uploads\/2025\/09\/letak-volby-2025-konference-3-1086x1536.png 1086w, https:\/\/www.infokuryr.cz\/n\/wp-content\/uploads\/2025\/09\/letak-volby-2025-konference-3-1448x2048.png 1448w, https:\/\/www.infokuryr.cz\/n\/wp-content\/uploads\/2025\/09\/letak-volby-2025-konference-3-1024x1448.png 1024w\" sizes=\"(max-width: 822px) 100vw, 822px\" \/><\/p>\n","protected":false},"excerpt":{"rendered":"<p>Zpr\u00e1vy nazna\u010duj\u00edc\u00ed tajn\u00e9 p\u0159esuny vojsk NATO v Moldavsku p\u0159ib\u00fdvaj\u00ed s t\u00edm, jak se zem\u011b bl\u00ed\u017e\u00ed&#8230;<\/p>\n","protected":false},"author":2,"featured_media":88432,"comment_status":"closed","ping_status":"closed","sticky":false,"template":"","format":"standard","meta":[],"categories":[7],"tags":[80,1506,39],"_links":{"self":[{"href":"https:\/\/www.infokuryr.cz\/n\/wp-json\/wp\/v2\/posts\/88431"}],"collection":[{"href":"https:\/\/www.infokuryr.cz\/n\/wp-json\/wp\/v2\/posts"}],"about":[{"href":"https:\/\/www.infokuryr.cz\/n\/wp-json\/wp\/v2\/types\/post"}],"author":[{"embeddable":true,"href":"https:\/\/www.infokuryr.cz\/n\/wp-json\/wp\/v2\/users\/2"}],"replies":[{"embeddable":true,"href":"https:\/\/www.infokuryr.cz\/n\/wp-json\/wp\/v2\/comments?post=88431"}],"version-history":[{"count":0,"href":"https:\/\/www.infokuryr.cz\/n\/wp-json\/wp\/v2\/posts\/88431\/revisions"}],"wp:featuredmedia":[{"embeddable":true,"href":"https:\/\/www.infokuryr.cz\/n\/wp-json\/wp\/v2\/media\/88432"}],"wp:attachment":[{"href":"https:\/\/www.infokuryr.cz\/n\/wp-json\/wp\/v2\/media?parent=88431"}],"wp:term":[{"taxonomy":"category","embeddable":true,"href":"https:\/\/www.infokuryr.cz\/n\/wp-json\/wp\/v2\/categories?post=88431"},{"taxonomy":"post_tag","embeddable":true,"href":"https:\/\/www.infokuryr.cz\/n\/wp-json\/wp\/v2\/tags?post=88431"}],"curies":[{"name":"wp","href":"https:\/\/api.w.org\/{rel}","templated":true}]}}