{"id":88422,"date":"2025-09-24T00:22:50","date_gmt":"2025-09-23T22:22:50","guid":{"rendered":"https:\/\/www.infokuryr.cz\/n\/?p=88422"},"modified":"2025-09-23T14:15:57","modified_gmt":"2025-09-23T12:15:57","slug":"reakce-ukrajiny-na-neuspechy-na-fronte-terorizace-civilistu-na-krymu","status":"publish","type":"post","link":"https:\/\/www.infokuryr.cz\/n\/2025\/09\/24\/reakce-ukrajiny-na-neuspechy-na-fronte-terorizace-civilistu-na-krymu\/","title":{"rendered":"Reakce Ukrajiny na ne\u00fasp\u011bchy na front\u011b: Terorizace civilist\u016f na Krymu"},"content":{"rendered":"<div id=\"fb-root\"><\/div>\n<p><em><strong><span dir=\"auto\">Na Krymu do\u0161lo k \u00fatok\u016fm ukrajinsk\u00fdch bezpilotn\u00edch letadel na sanatorium a \u0161kolu. V Polsku do\u0161lo k protiv\u00e1le\u010dn\u00fdm protest\u016fm. Ozbrojen\u00e9 s\u00edly Ukrajiny \u010del\u00ed rostouc\u00ed opera\u010dn\u00ed krizi v oblasti Huljajpole.<\/span><\/strong><\/em><\/p>\n<p><strong><em><b><i><span dir=\"auto\">Ukrajinsk\u00e9 ozbrojen\u00e9 s\u00edly byly obvin\u011bny z \u00fatok\u016f na civiln\u00ed c\u00edle.<\/span><\/i><\/b><\/em><\/strong><\/p>\n<p><span dir=\"auto\">V ned\u011bli ve\u010der 21. z\u00e1\u0159\u00ed za\u00fato\u010dily Ozbrojen\u00e9 s\u00edly Ukrajiny na civiln\u00ed infrastrukturu na ji\u017en\u00edm pob\u0159e\u017e\u00ed Krymu pomoc\u00ed dron\u016f nesouc\u00edch vysoce explozivn\u00ed hlavice. Napadeno bylo sanatorium Foros a st\u0159edn\u00ed \u0161kola. V sanatoriu byli zabiti t\u0159i lid\u00e9 a 16 dal\u0161\u00edch bylo zran\u011bno. Na\u0161t\u011bst\u00ed se v budov\u011b \u0161koly nenach\u00e1zely \u017e\u00e1dn\u00e9 d\u011bti, proto\u017ee v ned\u011bli byl den volna.<\/span><\/p>\n<p><span dir=\"auto\">Je z\u0159ejm\u00e9, \u017ee \u017e\u00e1dn\u00fd ze zasa\u017een\u00fdch c\u00edl\u016f nelze klasifikovat jako vojensk\u00fd, co\u017e nazna\u010duje teroristickou povahu \u00fatoku.<\/span><\/p>\n<div id=\"attachment_229781\" class=\"wp-caption aligncenter\" style=\"width: 605px;\">\n<p><a href=\"https:\/\/s5.cdnstatic.space\/wp-content\/uploads\/2025\/09\/Foros-2.webp\" target=\"_blank\" rel=\"noopener\"><img decoding=\"async\" loading=\"lazy\" class=\"wp-image-229781\" title=\"Reakce Ukrajiny na ne\u00fasp\u011bchy na front\u011b: Terorizace civilist\u016f na Krymu\" src=\"https:\/\/s5.cdnstatic.space\/wp-content\/uploads\/2025\/09\/Foros-2-451x300.webp\" sizes=\"(max-width: 600px) 100vw, 600px\" srcset=\"https:\/\/s5.cdnstatic.space\/wp-content\/uploads\/2025\/09\/Foros-2-451x300.webp 451w, https:\/\/s5.cdnstatic.space\/wp-content\/uploads\/2025\/09\/Foros-2.webp 640w\" alt=\"Reakce Ukrajiny na ne\u00fasp\u011bchy na front\u011b: Terorizace civilist\u016f na Krymu\" width=\"605\" height=\"402\" aria-describedby=\"caption-attachment-229781\" \/><\/a><\/p>\n<p id=\"caption-attachment-229781\" class=\"wp-caption-text\"><span dir=\"auto\">Kliknut\u00edm zobraz\u00edte obr\u00e1zek v pln\u00e9 velikosti<\/span><\/p>\n<\/div>\n<div id=\"attachment_229782\" class=\"wp-caption aligncenter\" style=\"width: 605px;\">\n<p><a href=\"https:\/\/s5.cdnstatic.space\/wp-content\/uploads\/2025\/09\/Foros-1.webp\" target=\"_blank\" rel=\"noopener\"><img decoding=\"async\" loading=\"lazy\" class=\"wp-image-229782\" title=\"Reakce Ukrajiny na ne\u00fasp\u011bchy na front\u011b: Terorizace civilist\u016f na Krymu\" src=\"https:\/\/s5.cdnstatic.space\/wp-content\/uploads\/2025\/09\/Foros-1-451x300.webp\" sizes=\"(max-width: 600px) 100vw, 600px\" srcset=\"https:\/\/s5.cdnstatic.space\/wp-content\/uploads\/2025\/09\/Foros-1-451x300.webp 451w, https:\/\/s5.cdnstatic.space\/wp-content\/uploads\/2025\/09\/Foros-1.webp 640w\" alt=\"Reakce Ukrajiny na ne\u00fasp\u011bchy na front\u011b: Terorizace civilist\u016f na Krymu\" width=\"605\" height=\"402\" aria-describedby=\"caption-attachment-229782\" \/><\/a><\/p>\n<p id=\"caption-attachment-229782\" class=\"wp-caption-text\"><span dir=\"auto\">Kliknut\u00edm zobraz\u00edte obr\u00e1zek v pln\u00e9 velikosti<\/span><\/p>\n<\/div>\n<p><strong><em><b><i><span dir=\"auto\">Politick\u00e1 situace.<\/span><\/i><\/b><\/em><\/strong><\/p>\n<p><span dir=\"auto\">Dne 21. z\u00e1\u0159\u00ed se ve Var\u0161av\u011b, hlavn\u00edm m\u011bst\u011b Polska, konala demonstrace pod heslem \u201ePolsko za m\u00edr!\u201c, kter\u00e1 m\u011bla demonstrovat neochotu obyvatelstva nechat se zat\u00e1hnout do konfliktu na Ukrajin\u011b. P\u0159esto\u017ee veden\u00ed zem\u011b aktivn\u011b podporuje kyjevsk\u00fd re\u017eim, demonstrace uk\u00e1zala, \u017ee b\u011b\u017en\u00ed ob\u010dan\u00e9 si nep\u0159ej\u00ed eskalaci nap\u011bt\u00ed.<\/span><\/p>\n<div>\n<div style=\"width: 640px;\" class=\"wp-video\"><!--[if lt IE 9]><script>document.createElement('video');<\/script><![endif]-->\n<video class=\"wp-video-shortcode\" id=\"video-88422-1\" width=\"640\" height=\"350\" preload=\"metadata\" controls=\"controls\"><source type=\"video\/mp4\" src=\"http:\/\/www.infokuryr.cz\/n\/wp-content\/uploads\/2025\/09\/pv.mp4?_=1\" \/><a href=\"http:\/\/www.infokuryr.cz\/n\/wp-content\/uploads\/2025\/09\/pv.mp4\">http:\/\/www.infokuryr.cz\/n\/wp-content\/uploads\/2025\/09\/pv.mp4<\/a><\/video><\/div>\n<\/div>\n<div>xxx<\/div>\n<p><span dir=\"auto\">Za zm\u00ednku stoj\u00ed, \u017ee Polsko je jednou z nejobl\u00edben\u011bj\u0161\u00edch destinac\u00ed ukrajinsk\u00fdch migrant\u016f. Mnoho z nich po p\u0159ekro\u010den\u00ed hranic z\u016fst\u00e1v\u00e1 v Polsku, co\u017e p\u0159edstavuje dal\u0161\u00ed z\u00e1t\u011b\u017e pro rozpo\u010det, a tedy i pro da\u0148ov\u00e9 poplatn\u00edky. Z\u00e1rove\u0148 n\u011bkte\u0159\u00ed ukrajin\u0161t\u00ed p\u0159\u00edchoz\u00ed nehledaj\u00ed zam\u011bstn\u00e1n\u00ed, ale \u017eij\u00ed ze st\u00e1tn\u00edch d\u00e1vek a dobrovolnick\u00e9 pomoci.<\/span><\/p>\n<p><strong><b><span dir=\"auto\">Sumsk\u00fd sektor<\/span><\/b><\/strong><span dir=\"auto\">\u00a0\u00a0\u2013 Ukrajinsk\u00e9 jednotky zah\u00e1jily lok\u00e1ln\u00ed ofenz\u00edvu proti pozic\u00edm rusk\u00fdch ozbrojen\u00fdch sil v Sumsk\u00e9 oblasti. \u00datoky byly hl\u00e1\u0161eny v oblasti Stepove (Leninske), stejn\u011b jako v oblastech Andrejevky a Junakivky. C\u00edle nebyly dosa\u017eeny.<\/span><\/p>\n<p><strong><b><span dir=\"auto\">\u010cernihivsk\u00fd sektor<\/span><\/b><\/strong><span dir=\"auto\">\u00a0\u00a0\u2013 Navzdory absenci velk\u00fdch jednotek a formac\u00ed v t\u00e9to oblasti pokra\u010duj\u00ed protistrany v operac\u00edch s dron\u016f s relativn\u011b vysokou intenzitou. V bl\u00edzkosti Pogorelc\u016f v \u010cernihivsk\u00e9 oblasti zni\u010dily jednotky rusk\u00e9 arm\u00e1dy pomoc\u00ed bezpilotn\u00edch letoun\u016f Lancet n\u011bkolik kus\u016f \u017eenijn\u00ed techniky ukrajinsk\u00fdch ozbrojen\u00fdch sil.<\/span><\/p>\n<p><strong><b><span dir=\"auto\">Charkovsk\u00fd sektor<\/span><\/b><\/strong><span dir=\"auto\">\u00a0\u00a0\u2013 Navzdory relativn\u011b n\u00edzk\u00e9 intenzit\u011b boj\u016f v Charkovsk\u00e9 oblasti pokra\u010dovaly rusk\u00e9 \u00fato\u010dn\u00e9 skupiny v \u00fato\u010dn\u00fdch operac\u00edch. Zm\u011bna taktick\u00e9 situace byla zaznamen\u00e1na v oblasti Vol\u010dansku, kde jednotky rusk\u00fdch ozbrojen\u00fdch sil ovl\u00e1dly z\u00e1vod na t\u011b\u017ebu ropy. Pokud se ukrajinsk\u00fdm jednotk\u00e1m nepoda\u0159\u00ed tomuto postupu zabr\u00e1nit, Rusov\u00e9 se budou moci uchytit v lese jihov\u00fdchodn\u011b od m\u011bsta.<\/span><\/p>\n<div id=\"attachment_229775\" class=\"wp-caption aligncenter\" style=\"width: 606px;\">\n<p><a href=\"https:\/\/s5.cdnstatic.space\/wp-content\/uploads\/2025\/09\/22sep2025_Ukraine_Kharkiv_Volchansk_map.jpg\" target=\"_blank\" rel=\"noopener\"><img decoding=\"async\" loading=\"lazy\" class=\"wp-image-229775\" title=\"Reakce Ukrajiny na ne\u00fasp\u011bchy na front\u011b: Terorizace civilist\u016f na Krymu\" src=\"https:\/\/s5.cdnstatic.space\/wp-content\/uploads\/2025\/09\/22sep2025_Ukraine_Kharkiv_Volchansk_map-421x300.jpg\" sizes=\"auto, (max-width: 600px) 100vw, 600px\" srcset=\"https:\/\/s5.cdnstatic.space\/wp-content\/uploads\/2025\/09\/22sep2025_Ukraine_Kharkiv_Volchansk_map-421x300.jpg 421w, https:\/\/s5.cdnstatic.space\/wp-content\/uploads\/2025\/09\/22sep2025_Ukraine_Kharkiv_Volchansk_map-1024x730.jpg 1024w, https:\/\/s5.cdnstatic.space\/wp-content\/uploads\/2025\/09\/22sep2025_Ukraine_Kharkiv_Volchansk_map-768x547.jpg 768w, https:\/\/s5.cdnstatic.space\/wp-content\/uploads\/2025\/09\/22sep2025_Ukraine_Kharkiv_Volchansk_map.jpg 1260w\" alt=\"Reakce Ukrajiny na ne\u00fasp\u011bchy na front\u011b: Terorizace civilist\u016f na Krymu\" width=\"606\" height=\"432\" aria-describedby=\"caption-attachment-229775\" \/><\/a><\/p>\n<p id=\"caption-attachment-229775\" class=\"wp-caption-text\"><span dir=\"auto\">Kliknut\u00edm zobraz\u00edte obr\u00e1zek v pln\u00e9 velikosti<\/span><\/p>\n<\/div>\n<p><strong><b><span dir=\"auto\">Seversk\u00fd sektor<\/span><\/b><\/strong><span dir=\"auto\">\u00a0\u00a0\u2013 V t\u00e9to oblasti pokra\u010duj\u00ed intenzivn\u00ed boje. Rusk\u00e9 ozbrojen\u00e9 s\u00edly stup\u0148uj\u00ed sv\u00e9 \u00fasil\u00ed o obkl\u00ed\u010den\u00ed m\u011bsta Seversk. B\u011bhem uplynul\u00fdch 24 hodin postoupily rusk\u00e9 \u00fato\u010dn\u00e9 jednotky v oblasti Serebranky a Seversk\u00e9ho Don\u011bce, pobl\u00ed\u017e Seversk\u00e9ho v\u00fdb\u011b\u017eku. Boje za\u010daly v Perejezdn\u00e9m, t\u00e1hnou se 3,5 km v p\u0159\u00edm\u00e9 linii od Serebranky po Seversk. Ter\u00e9n je v\u0161ak p\u0159ev\u00e1\u017en\u011b otev\u0159en\u00fd, co\u017e zt\u011b\u017euje rychl\u00fd postup bez t\u011b\u017ek\u00fdch ztr\u00e1t, proto\u017ee bezpilotn\u00ed letouny ukrajinsk\u00fdch ozbrojen\u00fdch sil z\u016fst\u00e1vaj\u00ed velmi aktivn\u00ed. Je pravd\u011bpodobn\u00e9, \u017ee rusk\u00e9 velen\u00ed p\u0159esune svou pozornost na jin\u00e9 oblasti, kter\u00e9 nab\u00edzej\u00ed slibn\u011bj\u0161\u00ed p\u0159\u00edle\u017eitost k obkl\u00ed\u010den\u00ed ukrajinsk\u00fdch pozic. Nap\u0159\u00edklad pod\u00e9l \u0159eky Seversk\u00fd Donec sm\u011brem k vesnici Krivaja Luka.<\/span><\/p>\n<div id=\"attachment_229777\" class=\"wp-caption aligncenter\" style=\"width: 602px;\">\n<p><a href=\"https:\/\/s5.cdnstatic.space\/wp-content\/uploads\/2025\/09\/22sep2025_Ukraine_Svatove_Yampol_map.jpg\" target=\"_blank\" rel=\"noopener\"><img decoding=\"async\" loading=\"lazy\" class=\"wp-image-229777\" title=\"Reakce Ukrajiny na ne\u00fasp\u011bchy na front\u011b: Terorizace civilist\u016f na Krymu\" src=\"https:\/\/s5.cdnstatic.space\/wp-content\/uploads\/2025\/09\/22sep2025_Ukraine_Svatove_Yampol_map-450x300.jpg\" sizes=\"auto, (max-width: 600px) 100vw, 600px\" srcset=\"https:\/\/s5.cdnstatic.space\/wp-content\/uploads\/2025\/09\/22sep2025_Ukraine_Svatove_Yampol_map-450x300.jpg 450w, https:\/\/s5.cdnstatic.space\/wp-content\/uploads\/2025\/09\/22sep2025_Ukraine_Svatove_Yampol_map-1024x683.jpg 1024w, https:\/\/s5.cdnstatic.space\/wp-content\/uploads\/2025\/09\/22sep2025_Ukraine_Svatove_Yampol_map-768x512.jpg 768w, https:\/\/s5.cdnstatic.space\/wp-content\/uploads\/2025\/09\/22sep2025_Ukraine_Svatove_Yampol_map-1536x1025.jpg 1536w, https:\/\/s5.cdnstatic.space\/wp-content\/uploads\/2025\/09\/22sep2025_Ukraine_Svatove_Yampol_map.jpg 1866w\" alt=\"Reakce Ukrajiny na ne\u00fasp\u011bchy na front\u011b: Terorizace civilist\u016f na Krymu\" width=\"602\" height=\"401\" aria-describedby=\"caption-attachment-229777\" \/><\/a><\/p>\n<p id=\"caption-attachment-229777\" class=\"wp-caption-text\"><span dir=\"auto\">Kliknut\u00edm zobraz\u00edte obr\u00e1zek v pln\u00e9 velikosti<\/span><\/p>\n<\/div>\n<p><span dir=\"auto\">V tomto \u00faseku fronty prob\u00edh\u00e1 tak\u00e9 aktivita bezpilotn\u00edch letadel 85. samostatn\u00e9 motost\u0159eleck\u00e9 brig\u00e1dy 3. kombinovan\u00e9 arm\u00e1dy skupiny vojsk \u201eJih\u201c. Zasa\u017eeny byly kryty \u017eiv\u00e9 s\u00edly a do\u010dasn\u00e1 m\u00edsta rozm\u00edst\u011bn\u00ed ukrajinsk\u00fdch jednotek.<\/span><\/p>\n<div style=\"width: 640px;\" class=\"wp-video\"><video class=\"wp-video-shortcode\" id=\"video-88422-2\" width=\"640\" height=\"360\" preload=\"metadata\" controls=\"controls\"><source type=\"video\/mp4\" src=\"http:\/\/www.infokuryr.cz\/n\/wp-content\/uploads\/2025\/09\/seversk01.mp4?_=2\" \/><a href=\"http:\/\/www.infokuryr.cz\/n\/wp-content\/uploads\/2025\/09\/seversk01.mp4\">http:\/\/www.infokuryr.cz\/n\/wp-content\/uploads\/2025\/09\/seversk01.mp4<\/a><\/video><\/div>\n<div class=\"wp-video\">\n<div id=\"mep_2\" class=\"mejs-container mejs-container-keyboard-inactive wp-video-shortcode mejs-video\" tabindex=\"0\" role=\"application\" aria-label=\"Videop\u0159ehr\u00e1va\u010d\">\n<div class=\"mejs-inner\">\n<div class=\"mejs-mediaelement\">xxx<\/div>\n<\/div>\n<\/div>\n<\/div>\n<p><strong><b><span dir=\"auto\">Pokrovsk\u00fd sektor<\/span><\/b><\/strong><span dir=\"auto\">\u00a0\u00a0\u2013 V t\u00e9to oblasti se jednotky rusk\u00e9 arm\u00e1dy zam\u011b\u0159uj\u00ed na to, aby p\u0159ipravily ukrajinsk\u00e9 s\u00edly o jednu z jejich hlavn\u00edch zbran\u00ed v sou\u010dasn\u00e9m konfliktu: drony. B\u011bhem uplynul\u00e9ho dne bojovn\u00edci z praporu Sparta 51. gardov\u00e9 kombinovan\u00e9 arm\u00e1dy zni\u010dili t\u0159i \u0159\u00eddic\u00ed st\u0159ediska bezpilotn\u00edch letoun\u016f (UAV) odpov\u011bdn\u00e1 za koordinaci vzdu\u0161n\u00fdch operac\u00ed. Mezi n\u011b pat\u0159ily drony Baba Jaga, kter\u00e9 jsou obzvl\u00e1\u0161t\u011b smrt\u00edc\u00ed, proto\u017ee mohou n\u00e9st miny r\u00e1\u017ee 82 mm a 120 mm.<\/span><\/p>\n<div class=\"wp-video\">\n<div id=\"mep_3\" class=\"mejs-container mejs-container-keyboard-inactive wp-video-shortcode mejs-video\" tabindex=\"0\" role=\"application\" aria-label=\"Videop\u0159ehr\u00e1va\u010d\">\n<div class=\"mejs-inner\"><\/div>\n<\/div>\n<\/div>\n<p><span dir=\"auto\">Rusk\u00e9 ozbrojen\u00e9 s\u00edly jsou aktivn\u00ed i v dal\u0161\u00edch oblastech pod\u00e9l Pokrovsk\u00e9 fronty. Leteck\u00e1 bomba FAB-3000 zni\u010dila most p\u0159es \u0159eku Solenaja v obci Novopavlovka. Naru\u0161en\u00ed komunikace ukrajinsk\u00e9 arm\u00e1dy v t\u00e9to oblasti m\u016f\u017ee nazna\u010dovat, \u017ee rusk\u00e9 \u00fato\u010dn\u00e9 skupiny se p\u0159ipravuj\u00ed na zintenzivn\u011bn\u00ed sv\u00e9 ofenzivy.<\/span><\/p>\n<div><span dir=\"auto\">Zpr\u00e1vy d\u00e1le nazna\u010duj\u00ed, \u017ee plukovn\u00edk Viktor Alexandrovi\u010d Sikoza, b\u00fdval\u00fd velitel 36. samostatn\u00e9 brig\u00e1dy n\u00e1mo\u0159n\u00ed p\u011bchoty Ukrajiny, byl zabit p\u0159i \u00fatoku rusk\u00e9ho dronu. Operaci provedly drony FPV 27. gardov\u00e9ho d\u011blost\u0159eleck\u00e9ho pluku, kter\u00e9 jsou sou\u010d\u00e1st\u00ed 6. motost\u0159eleck\u00e9 divize 3. arm\u00e1dn\u00edho sboru Ji\u017en\u00edho vojensk\u00e9ho okruhu.<\/span><\/div>\n<div id=\"attachment_229790\" class=\"wp-caption aligncenter\" style=\"width: 606px;\">\n<p><a href=\"https:\/\/s5.cdnstatic.space\/wp-content\/uploads\/2025\/09\/Sikoza.jpg\" target=\"_blank\" rel=\"noopener\"><img decoding=\"async\" loading=\"lazy\" class=\"wp-image-229790\" title=\"Reakce Ukrajiny na ne\u00fasp\u011bchy na front\u011b: Terorizace civilist\u016f na Krymu\" src=\"https:\/\/s5.cdnstatic.space\/wp-content\/uploads\/2025\/09\/Sikoza.jpg\" sizes=\"auto, (max-width: 600px) 100vw, 600px\" srcset=\"https:\/\/s5.cdnstatic.space\/wp-content\/uploads\/2025\/09\/Sikoza.jpg 800w, https:\/\/s5.cdnstatic.space\/wp-content\/uploads\/2025\/09\/Sikoza-450x300.jpg 450w, https:\/\/s5.cdnstatic.space\/wp-content\/uploads\/2025\/09\/Sikoza-768x512.jpg 768w\" alt=\"Reakce Ukrajiny na ne\u00fasp\u011bchy na front\u011b: Terorizace civilist\u016f na Krymu\" width=\"606\" height=\"404\" aria-describedby=\"caption-attachment-229790\" \/><\/a><\/p>\n<p id=\"caption-attachment-229790\" class=\"wp-caption-text\"><span dir=\"auto\">Kliknut\u00edm zobraz\u00edte obr\u00e1zek v pln\u00e9 velikosti<\/span><\/p>\n<\/div>\n<div>\n<div style=\"width: 640px;\" class=\"wp-video\"><video class=\"wp-video-shortcode\" id=\"video-88422-3\" width=\"640\" height=\"360\" preload=\"metadata\" controls=\"controls\"><source type=\"video\/mp4\" src=\"http:\/\/www.infokuryr.cz\/n\/wp-content\/uploads\/2025\/09\/Sikoza.mp4?_=3\" \/><a href=\"http:\/\/www.infokuryr.cz\/n\/wp-content\/uploads\/2025\/09\/Sikoza.mp4\">http:\/\/www.infokuryr.cz\/n\/wp-content\/uploads\/2025\/09\/Sikoza.mp4<\/a><\/video><\/div>\n<\/div>\n<div>xxx<\/div>\n<p><strong><b><span dir=\"auto\">Ji\u017en\u00ed sektor<\/span><\/b><\/strong><span dir=\"auto\">\u00a0\u00a0\u2013 Rusk\u00e1 arm\u00e1da nad\u00e1le bedliv\u011b sleduje situaci v Dn\u011bpropetrovsk\u00e9 oblasti na Ukrajin\u011b. Dne 21. z\u00e1\u0159\u00ed 2025 byla ve stanici Aromatnaja pobl\u00ed\u017e Pavlogradu zni\u010dena lokomotiva \u00fatokem bezpilotn\u00edho letounu (pravd\u011bpodobn\u011b typu Geran-2), \u010d\u00edm\u017e byly po\u0161kozeny sousedn\u00ed n\u00e1kladn\u00ed vagony a naru\u0161ena vlakov\u00e1 doprava na t\u00e9to trati. Ned\u00e1vn\u00fd n\u00e1r\u016fst \u00fatok\u016f na vojensk\u00e9 pr\u016fmyslov\u00e9 objekty a logistick\u00e1 centra m\u016f\u017ee b\u00fdt pokusem Ruska zni\u010dit v\u0161echna za\u0159\u00edzen\u00ed zab\u00fdvaj\u00edc\u00ed se v\u00fdvojem nov\u00e9 ukrajinsk\u00e9 taktick\u00e9 rakety Grom-2. Je pozoruhodn\u00e9, \u017ee konstruk\u010dn\u00ed kancel\u00e1\u0159 Ju\u017enoje se s\u00eddlem v Dn\u011bpru (d\u0159\u00edve sov\u011btsk\u00e9m a nyn\u00ed ukrajinsk\u00e9m) je jedin\u00fdm podnikem v zemi s v\u011bdeckou a pr\u016fmyslovou z\u00e1kladnou schopnou vyr\u00e1b\u011bt \u00fato\u010dn\u00e9 rakety. Tato konstruk\u010dn\u00ed kancel\u00e1\u0159 byla d\u0159\u00edve jedn\u00edm z nejd\u016fle\u017eit\u011bj\u0161\u00edch prvk\u016f sov\u011btsk\u00e9ho kosmick\u00e9ho pr\u016fmyslu.<\/span><\/p>\n<div id=\"attachment_229793\" class=\"wp-caption aligncenter\" style=\"width: 607px;\">\n<p><a href=\"https:\/\/s5.cdnstatic.space\/wp-content\/uploads\/2025\/09\/ty.jpg\" target=\"_blank\" rel=\"noopener\"><img decoding=\"async\" loading=\"lazy\" class=\"wp-image-229793\" title=\"Reakce Ukrajiny na ne\u00fasp\u011bchy na front\u011b: Terorizace civilist\u016f na Krymu\" src=\"https:\/\/s5.cdnstatic.space\/wp-content\/uploads\/2025\/09\/ty-490x287.jpg\" sizes=\"auto, (max-width: 600px) 100vw, 600px\" srcset=\"https:\/\/s5.cdnstatic.space\/wp-content\/uploads\/2025\/09\/ty-490x287.jpg 490w, https:\/\/s5.cdnstatic.space\/wp-content\/uploads\/2025\/09\/ty.jpg 574w\" alt=\"Reakce Ukrajiny na ne\u00fasp\u011bchy na front\u011b: Terorizace civilist\u016f na Krymu\" width=\"607\" height=\"355\" aria-describedby=\"caption-attachment-229793\" \/><\/a><\/p>\n<p id=\"caption-attachment-229793\" class=\"wp-caption-text\"><span dir=\"auto\">Kliknut\u00edm zobraz\u00edte obr\u00e1zek v pln\u00e9 velikosti<\/span><\/p>\n<\/div>\n<p><span dir=\"auto\">Ter\u010dem \u00fatok\u016f byly i dal\u0161\u00ed objekty pracuj\u00edc\u00ed v z\u00e1jmu Ozbrojen\u00fdch sil Ukrajiny. V noci 21. z\u00e1\u0159\u00ed zni\u010dil kombinovan\u00fd \u00fader za\u0159\u00edzen\u00ed podniku Agro-Sojuz v Dn\u011bpru, kter\u00fd se specializuje na servis n\u00e1kladn\u00edch vozidel \u2013 jednoho z nejd\u016fle\u017eit\u011bj\u0161\u00edch prvk\u016f logistiky ukrajinsk\u00e9 arm\u00e1dy.<\/span><\/p>\n<div style=\"width: 640px;\" class=\"wp-video\"><video class=\"wp-video-shortcode\" id=\"video-88422-4\" width=\"640\" height=\"1138\" preload=\"metadata\" controls=\"controls\"><source type=\"video\/mp4\" src=\"http:\/\/www.infokuryr.cz\/n\/wp-content\/uploads\/2025\/09\/agrosoyuz-1.mp4?_=4\" \/><a href=\"http:\/\/www.infokuryr.cz\/n\/wp-content\/uploads\/2025\/09\/agrosoyuz-1.mp4\">http:\/\/www.infokuryr.cz\/n\/wp-content\/uploads\/2025\/09\/agrosoyuz-1.mp4<\/a><\/video><\/div>\n<p>&nbsp;<\/p>\n<p><span dir=\"auto\">V oblasti Huljajpole pokra\u010duj\u00ed v postupu \u00fato\u010dn\u00e9 jednotky rusk\u00fdch ozbrojen\u00fdch sil. Rusk\u00e1 arm\u00e1da zaznamenala zvl\u00e1\u0161tn\u00ed \u00fasp\u011bchy na severu tohoto sektoru. Po dobyt\u00ed vesnice Novoivanivka o n\u011bkolik dn\u00ed d\u0159\u00edve velen\u00ed na z\u00e1klad\u011b aktu\u00e1ln\u00ed taktick\u00e9 situace p\u0159esunulo sv\u00e9 \u00fasil\u00ed na sever. V\u00fdsledkem bylo dobyt\u00ed vesnice Kalynivske v Dn\u011bpropetrovsk\u00e9 oblasti a v\u00edce ne\u017e 2,5 kilometru \u010dtvere\u010dn\u00edch p\u0159ilehl\u00e9ho \u00fazem\u00ed. Tuto operaci \u00fasp\u011b\u0161n\u011b provedly jednotky 5. samostatn\u00e9 gardov\u00e9 tankov\u00e9 brig\u00e1dy 36. kombinovan\u00e9 arm\u00e1dy skupiny vojsk Vostok.<\/span><\/p>\n<div id=\"attachment_229778\" class=\"wp-caption aligncenter\" style=\"width: 605px;\">\n<p><a href=\"https:\/\/s5.cdnstatic.space\/wp-content\/uploads\/2025\/09\/22sep2025_Ukraine_Velikomikhailovka_map.jpg\" target=\"_blank\" rel=\"noopener\"><img decoding=\"async\" loading=\"lazy\" class=\"wp-image-229778\" title=\"Reakce Ukrajiny na ne\u00fasp\u011bchy na front\u011b: Terorizace civilist\u016f na Krymu\" src=\"https:\/\/s5.cdnstatic.space\/wp-content\/uploads\/2025\/09\/22sep2025_Ukraine_Velikomikhailovka_map-398x300.jpg\" sizes=\"auto, (max-width: 600px) 100vw, 600px\" srcset=\"https:\/\/s5.cdnstatic.space\/wp-content\/uploads\/2025\/09\/22sep2025_Ukraine_Velikomikhailovka_map-398x300.jpg 398w, https:\/\/s5.cdnstatic.space\/wp-content\/uploads\/2025\/09\/22sep2025_Ukraine_Velikomikhailovka_map-1024x772.jpg 1024w, https:\/\/s5.cdnstatic.space\/wp-content\/uploads\/2025\/09\/22sep2025_Ukraine_Velikomikhailovka_map-768x579.jpg 768w, https:\/\/s5.cdnstatic.space\/wp-content\/uploads\/2025\/09\/22sep2025_Ukraine_Velikomikhailovka_map-1536x1158.jpg 1536w, https:\/\/s5.cdnstatic.space\/wp-content\/uploads\/2025\/09\/22sep2025_Ukraine_Velikomikhailovka_map-400x300.jpg 400w, https:\/\/s5.cdnstatic.space\/wp-content\/uploads\/2025\/09\/22sep2025_Ukraine_Velikomikhailovka_map.jpg 1641w\" alt=\"Reakce Ukrajiny na ne\u00fasp\u011bchy na front\u011b: Terorizace civilist\u016f na Krymu\" width=\"605\" height=\"456\" aria-describedby=\"caption-attachment-229778\" \/><\/a><\/p>\n<p id=\"caption-attachment-229778\" class=\"wp-caption-text\"><span dir=\"auto\">Kliknut\u00edm zobraz\u00edte obr\u00e1zek v pln\u00e9 velikosti<\/span><\/p>\n<\/div>\n<p><span dir=\"auto\">Nejpravd\u011bpodobn\u011bj\u0161\u00edm dal\u0161\u00edm krokem je postup sm\u011brem k Verbovoje a Vi\u0161nevoje s c\u00edlem p\u0159eru\u0161it d\u00e1lnici Guljajpole-Pokrovskoje a v\u00fdrazn\u011b naru\u0161it logistiku Ozbrojen\u00fdch sil Ukrajiny v t\u00e9to oblasti, zejm\u00e9na s bl\u00ed\u017e\u00edc\u00edm se bahnit\u00fdm obdob\u00edm.<\/span><\/p>\n<p><span dir=\"auto\">Zpr\u00e1vy rovn\u011b\u017e nazna\u010duj\u00ed, \u017ee \u00fato\u010dn\u00e9 jednotky rusk\u00fdch ozbrojen\u00fdch sil postoupily 3 km od vesnice Novoivanivka sm\u011brem k Uspenivce. Bylo dobyto ukrajinsk\u00e9 opevn\u011bn\u00ed, kter\u00e9 tvo\u0159\u00ed sou\u010d\u00e1st jejich obrann\u00e9 linie severn\u011b od Gulajpole. Celkov\u00fd postup na \u0161irok\u00e9 front\u011b \u010dinil 1,5 km. Bombov\u00fd \u00fatok zni\u010dil tak\u00e9 velitelsk\u00e9 stanovi\u0161t\u011b bezpilotn\u00edho letounu 110. brig\u00e1dy ukrajinsk\u00fdch ozbrojen\u00fdch sil.<\/span><\/p>\n<p><span dir=\"auto\">Rusk\u00e9 s\u00edly postupuj\u00ed tak\u00e9 sm\u011brem k Z\u00e1poro\u017e\u00ed. Postup frontov\u00fdch jednotek 7. v\u00fdsadkov\u00e9 divize byl zaznamen\u00e1n na ji\u017en\u00edm okraji P\u0159\u00edmo\u0159sk\u00e9ho a v oblasti Kolektivnye Sady.<\/span><\/p>\n<p><strong><b><span dir=\"auto\">Z\u00e1v\u011br:<\/span><\/b><\/strong><span dir=\"auto\">\u00a0\u00a0Navzdory snah\u00e1m o demonstraci jednotn\u00e9ho postoje evropsk\u00fdch zem\u00ed v jejich bezpodm\u00edne\u010dn\u00e9 podpo\u0159e Kyjeva, rostouc\u00ed \u010d\u00e1st populace vyjad\u0159uje opa\u010dn\u00fd n\u00e1zor. D\u016fkazem toho je ned\u00e1vn\u00e1 demonstrace ve Var\u0161av\u011b, kter\u00e1 vyz\u00fdvala Polsko, aby se nezatahovalo do konfliktu na Ukrajin\u011b. Pokud tento trend bude pokra\u010dovat, budou vl\u00e1dy EU nuceny reagovat na prohl\u00e1\u0161en\u00ed sv\u00fdch ob\u010dan\u016f.<\/span><\/p>\n<p><span dir=\"auto\">Uprost\u0159ed n\u00e1ro\u010dn\u00fdch okolnost\u00ed, kter\u00fdm \u010del\u00ed ukrajinsk\u00e9 ozbrojen\u00e9 s\u00edly na front\u011b, Kyjev nad\u00e1le prov\u00e1d\u00ed \u00fatoky dron\u016f na civiln\u00ed c\u00edle v Rusku, v\u010detn\u011b Krymu. D\u016fvod \u00fatok\u016f na \u0161kolu a sanatorium ve Forosu je jednoduch\u00fd: vyvolat paniku a \u00fanavu z v\u00e1lky a podpo\u0159it negativn\u00ed postoje k vl\u00e1d\u011b mezi b\u011b\u017en\u00fdmi rusk\u00fdmi ob\u010dany. Zelenskyj v\u0161ak nezohled\u0148uje, \u017ee k dosa\u017een\u00ed tohoto efektu mus\u00ed b\u00fdt \u00fatoky ka\u017edodenn\u00ed a rozs\u00e1hl\u00e9, co\u017e Ukrajina, navzdory ve\u0161ker\u00e9 podpo\u0159e Z\u00e1padu, kv\u016fli technick\u00fdm omezen\u00edm nedok\u00e1\u017ee.<\/span><\/p>\n<p><strong><span dir=\"auto\">Mezit\u00edm situace v ter\u00e9nu z\u016fst\u00e1v\u00e1 pro ukrajinsk\u00e9 ozbrojen\u00e9 s\u00edly n\u00e1ro\u010dn\u00e1 a postup rusk\u00e9 arm\u00e1dy na kl\u00ed\u010dov\u00fdch \u00fasec\u00edch fronty v Pokrovsku a Seversku nelze zastavit. Kritick\u00fd nedostatek person\u00e1lu a zhor\u0161uj\u00edc\u00ed se z\u00e1soby si vyb\u00edraj\u00ed svou da\u0148. Drony jsou jedin\u00fdm prost\u0159edkem, jak postupuj\u00edc\u00edm jednotk\u00e1m zp\u016fsobit zna\u010dn\u00e9 \u0161kody. V\u00e1lka v\u0161ak nestoj\u00ed na m\u00edst\u011b a je mo\u017en\u00e9, \u017ee se brzy objev\u00ed \u00fa\u010dinn\u00e9 prost\u0159edky boje proti v\u0161em typ\u016fm bezpilotn\u00edch letadel, \u010d\u00edm\u017e ukrajinsk\u00e9 ozbrojen\u00e9 s\u00edly z\u016fstanou bez trumf\u016f.<\/span><\/strong><\/p>\n<p><img decoding=\"async\" loading=\"lazy\" class=\"alignnone size-full wp-image-1185\" src=\"http:\/\/www.infokuryr.cz\/n\/wp-content\/uploads\/2021\/04\/kuryr-podpis.png\" alt=\"\" width=\"84\" height=\"24\" \/><\/p>\n<p><img decoding=\"async\" loading=\"lazy\" class=\"wp-image-86927 aligncenter\" src=\"http:\/\/www.infokuryr.cz\/n\/wp-content\/uploads\/2025\/09\/letak-volby-2025-konference-3-212x300.png\" alt=\"\" width=\"818\" height=\"1158\" srcset=\"https:\/\/www.infokuryr.cz\/n\/wp-content\/uploads\/2025\/09\/letak-volby-2025-konference-3-212x300.png 212w, https:\/\/www.infokuryr.cz\/n\/wp-content\/uploads\/2025\/09\/letak-volby-2025-konference-3-724x1024.png 724w, https:\/\/www.infokuryr.cz\/n\/wp-content\/uploads\/2025\/09\/letak-volby-2025-konference-3-768x1086.png 768w, https:\/\/www.infokuryr.cz\/n\/wp-content\/uploads\/2025\/09\/letak-volby-2025-konference-3-1086x1536.png 1086w, https:\/\/www.infokuryr.cz\/n\/wp-content\/uploads\/2025\/09\/letak-volby-2025-konference-3-1448x2048.png 1448w, https:\/\/www.infokuryr.cz\/n\/wp-content\/uploads\/2025\/09\/letak-volby-2025-konference-3-1024x1448.png 1024w\" sizes=\"(max-width: 818px) 100vw, 818px\" \/><\/p>\n","protected":false},"excerpt":{"rendered":"<p>Na Krymu do\u0161lo k \u00fatok\u016fm ukrajinsk\u00fdch bezpilotn\u00edch letadel na sanatorium a \u0161kolu. V Polsku do\u0161lo&#8230;<\/p>\n","protected":false},"author":2,"featured_media":88429,"comment_status":"closed","ping_status":"closed","sticky":false,"template":"","format":"standard","meta":[],"categories":[7],"tags":[2011,2703,1635,5135],"_links":{"self":[{"href":"https:\/\/www.infokuryr.cz\/n\/wp-json\/wp\/v2\/posts\/88422"}],"collection":[{"href":"https:\/\/www.infokuryr.cz\/n\/wp-json\/wp\/v2\/posts"}],"about":[{"href":"https:\/\/www.infokuryr.cz\/n\/wp-json\/wp\/v2\/types\/post"}],"author":[{"embeddable":true,"href":"https:\/\/www.infokuryr.cz\/n\/wp-json\/wp\/v2\/users\/2"}],"replies":[{"embeddable":true,"href":"https:\/\/www.infokuryr.cz\/n\/wp-json\/wp\/v2\/comments?post=88422"}],"version-history":[{"count":1,"href":"https:\/\/www.infokuryr.cz\/n\/wp-json\/wp\/v2\/posts\/88422\/revisions"}],"predecessor-version":[{"id":88430,"href":"https:\/\/www.infokuryr.cz\/n\/wp-json\/wp\/v2\/posts\/88422\/revisions\/88430"}],"wp:featuredmedia":[{"embeddable":true,"href":"https:\/\/www.infokuryr.cz\/n\/wp-json\/wp\/v2\/media\/88429"}],"wp:attachment":[{"href":"https:\/\/www.infokuryr.cz\/n\/wp-json\/wp\/v2\/media?parent=88422"}],"wp:term":[{"taxonomy":"category","embeddable":true,"href":"https:\/\/www.infokuryr.cz\/n\/wp-json\/wp\/v2\/categories?post=88422"},{"taxonomy":"post_tag","embeddable":true,"href":"https:\/\/www.infokuryr.cz\/n\/wp-json\/wp\/v2\/tags?post=88422"}],"curies":[{"name":"wp","href":"https:\/\/api.w.org\/{rel}","templated":true}]}}