{"id":88420,"date":"2025-09-24T00:21:41","date_gmt":"2025-09-23T22:21:41","guid":{"rendered":"https:\/\/www.infokuryr.cz\/n\/?p=88420"},"modified":"2025-09-23T13:55:31","modified_gmt":"2025-09-23T11:55:31","slug":"seriovy-iracky-obtezovatel-v-nemeckych-drazdanech-neustale-obtezuje-zeny-a-je-neustale-propousten","status":"publish","type":"post","link":"https:\/\/www.infokuryr.cz\/n\/2025\/09\/24\/seriovy-iracky-obtezovatel-v-nemeckych-drazdanech-neustale-obtezuje-zeny-a-je-neustale-propousten\/","title":{"rendered":"S\u00e9riov\u00fd ir\u00e1ck\u00fd obt\u011b\u017eovatel v n\u011bmeck\u00fdch Dr\u00e1\u017e\u010fanech neust\u00e1le obt\u011b\u017euje \u017eeny a je neust\u00e1le propou\u0161t\u011bn"},"content":{"rendered":"<div id=\"fb-root\"><\/div>\n<h3 class=\"s-tagline fw-tagline\"><span dir=\"auto\">T\u0159iadvacetilet\u00fd Ir\u00e1\u010dan je ve skute\u010dnosti \u017eadatelem o azyl ve \u0160v\u00e9dsku, kter\u00fd byl v Dr\u00e1\u017e\u010fanech zat\u010den za osah\u00e1v\u00e1n\u00ed mnoha \u017een a dokonce i d\u00edt\u011bte, ale \u00fa\u0159ady ho dosud nedok\u00e1zaly zastavit<\/span><\/h3>\n<p><span dir=\"auto\">U zemsk\u00e9ho soudu v Dr\u00e1\u017e\u010fanech za\u010dal soudn\u00ed proces s 23let\u00fdm ir\u00e1ck\u00fdm migrantem, o kter\u00e9m st\u00e1tn\u00ed z\u00e1stupci v\u011b\u0159\u00ed, \u017ee po s\u00e9rii incident\u016f ohmat\u00e1v\u00e1n\u00ed zam\u011b\u0159en\u00fdch na \u017eeny a d\u011bti nen\u00ed schopen omezit sv\u00e9 sexu\u00e1ln\u00ed pudy.<\/span><\/p>\n<p><span dir=\"auto\">O\u010dek\u00e1v\u00e1 se, \u017ee mu\u017e bude po s\u00e9rii \u00fatok\u016f trvale um\u00edst\u011bn do zabezpe\u010den\u00e9ho psychiatrick\u00e9ho za\u0159\u00edzen\u00ed, pokud prosad\u00ed svou st\u00e1tn\u00ed z\u00e1stupce.<\/span><\/p>\n<p><span dir=\"auto\">V b\u0159eznu 2025 podle ob\u017ealoby st\u00e1tn\u00edho z\u00e1stupce sexu\u00e1ln\u011b obt\u011b\u017eoval n\u011bkolik \u017een a dokonce i jedno d\u00edt\u011b.<\/span><\/p>\n<p><span dir=\"auto\">Mezi incidenty chytil 22letou d\u00edvku za h\u00fd\u017ed\u011b p\u0159ed Frauenkirche (kostelem Panny Marie) a v Blasewitzu obt\u011b\u017eoval 17letou d\u00edvku. Ob\u011bma ob\u011btem se na\u0161t\u011bst\u00ed poda\u0159ilo sexu\u00e1ln\u00edmu napaden\u00ed cizince ubr\u00e1nit.<\/span><\/p>\n<p><span dir=\"auto\">Pot\u00e9 si v\u0161ak za c\u00edl vybral mlad\u0161\u00ed a men\u0161\u00ed ob\u011b\u0165, kdy\u017e pobl\u00ed\u017e \u0161koly napadl desetilet\u00e9 d\u00edt\u011b.<\/span><\/p>\n<p><span dir=\"auto\">Policii se poda\u0159ilo Ir\u00e1\u010dana zatknout, ale ve v\u0161ech p\u0159\u00edpadech byl rychle propu\u0161t\u011bn.<\/span><\/p>\n<p><span dir=\"auto\">Obvin\u011bn\u00fd nejprve po\u017e\u00e1dal o azyl ve \u0160v\u00e9dsku, ale r\u00e1d opakovan\u011b cestuje do N\u011bmecka. V \u00fanoru 2024 se trajektem v r\u00e1mci dublinsk\u00e9ho \u0159\u00edzen\u00ed vr\u00e1til do \u0161v\u00e9dsk\u00e9ho m\u011bsta Trelleborg. Kr\u00e1tce pot\u00e9, co byl vr\u00e1cen do \u0160v\u00e9dska, se v\u0161ak znovu objevil v Sasku-Anhaltsku.<\/span><\/p>\n<p><span dir=\"auto\">Soud nyn\u00ed zkoum\u00e1, zda Ir\u00e1\u010dan trp\u00ed schizofreni\u00ed a zda m\u016f\u017ee b\u00fdt trvale um\u00edst\u011bn do psychiatrick\u00e9 l\u00e9\u010debny.<\/span><\/p>\n<p><span dir=\"auto\">Policejn\u00ed zdroje z\u0159ejm\u011b uv\u00e1d\u011bj\u00ed, \u017ee existuje dohoda o deportaci mu\u017ee, ale nen\u00ed jasn\u00e9, kam by se to mohlo st\u00e1t. Jak ji\u017e bylo zm\u00edn\u011bno, po odesl\u00e1n\u00ed do \u0160v\u00e9dska se neust\u00e1le objevuje, co\u017e znamen\u00e1, \u017ee jak\u00e1koli deportace do t\u00e9to zem\u011b by byla nejen ne\u00fa\u010dinn\u00e1, ale tak\u00e9 by \u0160v\u00e9dsko zat\u00ed\u017eila recidivistou.<\/span><\/p>\n<p><span dir=\"auto\">\u201eIr\u00e1k je nejlep\u0161\u00ed. Pravd\u011bpodobn\u011b se bude vracet ze \u0160v\u00e9dska,\u201c \u0159ekl zdroj z \u0159ad zasv\u011bcen\u00fdch osob. Soudn\u00ed proces bude pokra\u010dovat za zav\u0159en\u00fdmi dve\u0159mi.<\/span><\/p>\n<p><span dir=\"auto\">Probl\u00e9m osah\u00e1v\u00e1n\u00ed, sexu\u00e1ln\u00edho napaden\u00ed a zn\u00e1siln\u011bn\u00ed ze strany zahrani\u010dn\u00edch obyvatel N\u011bmecka z\u016fst\u00e1v\u00e1 hlavn\u00edm t\u00e9matem zpr\u00e1v.<\/span><\/p>\n<p><span dir=\"auto\">Data zve\u0159ejn\u011bn\u00e1 letos ukazuj\u00ed, \u017ee\u00a0<\/span><a href=\"https:\/\/rmx.news\/article\/germany-65-of-sexual-assault-suspects-in-swimming-pools-were-foreigners-in-north-rhine-westphalia\/\"><span dir=\"auto\">65 procent podez\u0159el\u00fdch ze sexu\u00e1ln\u00edho napaden\u00ed v baz\u00e9nech<\/span><\/a><span dir=\"auto\">\u00a0ve spolkov\u00e9 zemi Severn\u00ed Por\u00fdn\u00ed-Vestf\u00e1lsko byli cizinci.<\/span><\/p>\n<p><span dir=\"auto\">Podle celost\u00e1tn\u00edch statistik je p\u0159ibli\u017en\u011b polovina v\u0161ech hromadn\u00fdch zn\u00e1siln\u011bn\u00ed sp\u00e1ch\u00e1na cizinci.<\/span><\/p>\n<p><span dir=\"auto\">Podle lo\u0148sk\u00fdch zpr\u00e1v serveru Remix News\u00a0<\/span><a href=\"https:\/\/rmx.news\/article\/germany-foreigners-commit-59-of-all-sexual-crimes-in-trains-and-train-stations-sexual-crimes-double-since-2019\/\"><span dir=\"auto\">jsou cizinci zodpov\u011bdn\u00ed za 59 procent sexu\u00e1ln\u00edch trestn\u00fdch \u010din\u016f na n\u011bmeck\u00fdch vlakov\u00fdch n\u00e1dra\u017e\u00edch a ve ve\u0159ejn\u00e9 doprav\u011b v zemi<\/span><\/a><span dir=\"auto\">\u00a0a obecn\u011b se po\u010det sexu\u00e1ln\u00edch trestn\u00fdch \u010din\u016f ve ve\u0159ejn\u00e9 doprav\u011b od roku 2019 zdvojn\u00e1sobil.<\/span><\/p>\n<p><span dir=\"auto\">To zahrnuje v\u0161e od\u00a0\u00a0<\/span><a href=\"https:\/\/rmx.news\/crime\/germany-afghan-migrant-masturbating-on-train-tracks-halts-rail-traffic-across-kassel-region\/\"><span dir=\"auto\">masturbace migrant\u016f na \u017eelezni\u010dn\u00edch trat\u00edch<\/span><\/a><span dir=\"auto\">\u00a0, co\u017e vede k uzav\u00edrk\u00e1m region\u00e1ln\u00edch dopravn\u00edch spoj\u016f, a\u017e po\u00a0\u00a0<\/span><a href=\"https:\/\/rmx.news\/article\/blood-insults-and-knives-german-train-system-turning-into-life-threatening-battlefield-due-to-violent-migrants-warns-head-of-regional-rail-union\/\"><span dir=\"auto\">terorizaci n\u011bmeck\u00fdch zam\u011bstnanc\u016f do t\u00e9 m\u00edry<\/span><\/a><span dir=\"auto\">\u00a0\u00a0, \u017ee se nedostavuj\u00ed do pr\u00e1ce, a to i kv\u016fli fyzick\u00fdm \u00fatok\u016fm a sexu\u00e1ln\u00edmu n\u00e1sil\u00ed. Nyn\u00ed dokonce existuje politika, kter\u00e1\u00a0\u00a0<\/span><a href=\"https:\/\/rmx.news\/article\/germany-deutsche-bahn-must-offer-third-gender-option-for-train-tickets-court-rules\/\"><span dir=\"auto\">nekontroluje vlakov\u00e9 j\u00edzdenky lidem, kte\u0159\u00ed vypadaj\u00ed jako cizinci,<\/span><\/a><span dir=\"auto\"> \u00a0ze strachu z napaden\u00ed.<\/span><\/p>\n<p><span dir=\"auto\">Za zm\u00ednku stoj\u00ed, \u017ee cizinci tvo\u0159\u00ed pouze p\u0159ibli\u017en\u011b 14 procent n\u011bmeck\u00e9 populace.<\/span><\/p>\n<p><span dir=\"auto\">I v rozd\u011blen\u00ed podle v\u011bku jsou mlad\u00ed cizinci v porovn\u00e1n\u00ed s n\u011bmeckou ml\u00e1de\u017e\u00ed stejn\u00e9ho v\u011bku v\u00fdrazn\u011b nadm\u011brn\u011b zastoupeni v sexu\u00e1ln\u00edch trestn\u00fdch \u010dinech a n\u00e1siln\u00fdch deliktech,\u00a0<\/span><a href=\"https:\/\/rmx.news\/article\/germany-government-report-reveals-astronomical-crime-rates-for-young-foreigners-compared-to-german-youth\/\"><span dir=\"auto\">ukazuj\u00ed letos zve\u0159ejn\u011bn\u00e1 data.<\/span><\/a><\/p>\n<p><img decoding=\"async\" loading=\"lazy\" class=\"alignnone size-full wp-image-1185\" src=\"http:\/\/www.infokuryr.cz\/n\/wp-content\/uploads\/2021\/04\/kuryr-podpis.png\" alt=\"\" width=\"84\" height=\"24\" \/><\/p>\n<p><img decoding=\"async\" loading=\"lazy\" class=\"wp-image-86927 aligncenter\" src=\"http:\/\/www.infokuryr.cz\/n\/wp-content\/uploads\/2025\/09\/letak-volby-2025-konference-3-212x300.png\" alt=\"\" width=\"833\" height=\"1179\" srcset=\"https:\/\/www.infokuryr.cz\/n\/wp-content\/uploads\/2025\/09\/letak-volby-2025-konference-3-212x300.png 212w, https:\/\/www.infokuryr.cz\/n\/wp-content\/uploads\/2025\/09\/letak-volby-2025-konference-3-724x1024.png 724w, https:\/\/www.infokuryr.cz\/n\/wp-content\/uploads\/2025\/09\/letak-volby-2025-konference-3-768x1086.png 768w, https:\/\/www.infokuryr.cz\/n\/wp-content\/uploads\/2025\/09\/letak-volby-2025-konference-3-1086x1536.png 1086w, https:\/\/www.infokuryr.cz\/n\/wp-content\/uploads\/2025\/09\/letak-volby-2025-konference-3-1448x2048.png 1448w, https:\/\/www.infokuryr.cz\/n\/wp-content\/uploads\/2025\/09\/letak-volby-2025-konference-3-1024x1448.png 1024w\" sizes=\"(max-width: 833px) 100vw, 833px\" \/><\/p>\n","protected":false},"excerpt":{"rendered":"<p>T\u0159iadvacetilet\u00fd Ir\u00e1\u010dan je ve skute\u010dnosti \u017eadatelem o azyl ve \u0160v\u00e9dsku, kter\u00fd byl v Dr\u00e1\u017e\u010fanech zat\u010den&#8230;<\/p>\n","protected":false},"author":2,"featured_media":88421,"comment_status":"closed","ping_status":"closed","sticky":false,"template":"","format":"standard","meta":[],"categories":[7],"tags":[551,369,84],"_links":{"self":[{"href":"https:\/\/www.infokuryr.cz\/n\/wp-json\/wp\/v2\/posts\/88420"}],"collection":[{"href":"https:\/\/www.infokuryr.cz\/n\/wp-json\/wp\/v2\/posts"}],"about":[{"href":"https:\/\/www.infokuryr.cz\/n\/wp-json\/wp\/v2\/types\/post"}],"author":[{"embeddable":true,"href":"https:\/\/www.infokuryr.cz\/n\/wp-json\/wp\/v2\/users\/2"}],"replies":[{"embeddable":true,"href":"https:\/\/www.infokuryr.cz\/n\/wp-json\/wp\/v2\/comments?post=88420"}],"version-history":[{"count":0,"href":"https:\/\/www.infokuryr.cz\/n\/wp-json\/wp\/v2\/posts\/88420\/revisions"}],"wp:featuredmedia":[{"embeddable":true,"href":"https:\/\/www.infokuryr.cz\/n\/wp-json\/wp\/v2\/media\/88421"}],"wp:attachment":[{"href":"https:\/\/www.infokuryr.cz\/n\/wp-json\/wp\/v2\/media?parent=88420"}],"wp:term":[{"taxonomy":"category","embeddable":true,"href":"https:\/\/www.infokuryr.cz\/n\/wp-json\/wp\/v2\/categories?post=88420"},{"taxonomy":"post_tag","embeddable":true,"href":"https:\/\/www.infokuryr.cz\/n\/wp-json\/wp\/v2\/tags?post=88420"}],"curies":[{"name":"wp","href":"https:\/\/api.w.org\/{rel}","templated":true}]}}