{"id":88418,"date":"2025-09-24T00:20:44","date_gmt":"2025-09-23T22:20:44","guid":{"rendered":"https:\/\/www.infokuryr.cz\/n\/?p=88418"},"modified":"2025-09-23T13:50:10","modified_gmt":"2025-09-23T11:50:10","slug":"polsky-ministr-zahranici-pod-palbou-kritiky-okrajovi-politici-dokonce-pozaduji-trestni-stihani-za-jeho-provalecny-postoj","status":"publish","type":"post","link":"https:\/\/www.infokuryr.cz\/n\/2025\/09\/24\/polsky-ministr-zahranici-pod-palbou-kritiky-okrajovi-politici-dokonce-pozaduji-trestni-stihani-za-jeho-provalecny-postoj\/","title":{"rendered":"Polsk\u00fd ministr zahrani\u010d\u00ed pod palbou kritiky, okrajov\u00ed politici dokonce po\u017eaduj\u00ed trestn\u00ed st\u00edh\u00e1n\u00ed za jeho prov\u00e1le\u010dn\u00fd postoj"},"content":{"rendered":"<div id=\"fb-root\"><\/div>\n<h3 class=\"s-tagline fw-tagline\"><span dir=\"auto\">V\u011bt\u0161ina Pol\u00e1k\u016f nazna\u010dila, \u017ee si nemysl\u00ed, \u017ee je Polsko p\u0159ipraveno na rusk\u00fd \u00fatok, a siln\u011b podporuje pos\u00edlen\u00ed v\u00fdchodn\u00ed fronty NATO<\/span><\/h3>\n<p><span dir=\"auto\">Polsk\u00fd ekonom, spisovatel a b\u00fdval\u00fd prezidentsk\u00fd kandid\u00e1t Artur Bartoszewicz byl dot\u00e1z\u00e1n na ministra zahrani\u010d\u00ed Radoslawa Sikorsk\u00e9ho a on k tomu nem\u011bl moc hezk\u00fdch slov.\u00a0<\/span><\/p>\n<p><span dir=\"auto\">\u201eNev\u00edm, kdo ho do t\u00e9to role dosadil, ale je to nebezpe\u010dn\u00fd mu\u017e,\u201c \u0159ekl. \u201eM\u011bl b\u00fdt d\u00e1vno odvol\u00e1n,\u201c \u0159ekl Bartoszewicz v rozhovoru na Youtube, uv\u00e1d\u00ed\u00a0<\/span><a href=\"https:\/\/dorzeczy.pl\/opinie\/782904\/bartoszewicz-sikorski-jak-minister-wojny-nie-dyplomacji.html\"><span dir=\"auto\">Do Rzeczy<\/span><\/a><span dir=\"auto\">\u00a0.<\/span><\/p>\n<p><span dir=\"auto\">Sikorski ned\u00e1vno otev\u0159en\u011b podpo\u0159il my\u0161lenku, \u017ee by Polsko pomohlo Ukrajin\u011b se sest\u0159elov\u00e1n\u00edm rusk\u00fdch raket a dron\u016f, a to i nad \u00fazem\u00edm Ukrajiny.\u00a0<\/span><\/p>\n<p><span dir=\"auto\">Zelenskyj s\u00e1m prohl\u00e1sil, \u017ee\u00a0<\/span><a href=\"https:\/\/dorzeczy.pl\/opinie\/588879\/zelenski-uwaza-ze-polska-powinna-zestrzeliwac-rosyjskie-rakiety.html\"><span dir=\"auto\">by Polsko m\u011blo sest\u0159elovat rusk\u00e9 rakety<\/span><\/a><span dir=\"auto\"> let\u00edc\u00ed sm\u011brem k Ukrajin\u011b, a dodal, \u017ee to nemus\u00ed nutn\u011b znamenat zapojen\u00ed NATO do v\u00e1lky.<\/span><\/p>\n<p><span dir=\"auto\">\u201eTohle je \u010dlov\u011bk odtr\u017een\u00fd od reality,\u201c pokra\u010doval Bartoszewicz ve sv\u00e9m koment\u00e1\u0159i o Sikorsk\u00e9m. \u201eTohle je pes, co \u0161t\u011bk\u00e1. Nev\u00edm, kdo ho do t\u00e9to role dosadil, ale je to tak nebezpe\u010dn\u00fd \u010dlov\u011bk. Je ministrem zahrani\u010dn\u00edch v\u011bc\u00ed a chov\u00e1 se, jako by byl ministrem v\u00e1lky.\u201c<\/span><\/p>\n<p><span dir=\"auto\">P\u0159ipomn\u011bl poslucha\u010d\u016fm, \u017ee jeho role diplomata znamen\u00e1 naj\u00edt zp\u016fsob, jak \u201ezm\u00edrnit konflikt\u201c, nikoli jej d\u00e1le rozdm\u00fdch\u00e1vat, a dodal: \u201eDiplomacie nen\u00ed o tom, ude\u0159it n\u011bkoho p\u011bst\u00ed do obli\u010deje, ale o hled\u00e1n\u00ed zp\u016fsobu (\u2026) jak spolu vych\u00e1zet.\u201c\u00a0<\/span><\/p>\n<p><span dir=\"auto\">\u201eZam\u011bnil si role. Nev\u00edm, v \u010d\u00edm z\u00e1jmu jedn\u00e1, ale sv\u00fdm narativem ohro\u017euje soci\u00e1ln\u00ed, ekonomick\u00e9 a politick\u00e9 z\u00e1jmy,\u201c \u0159ekl a dodal, \u017ee jeho koment\u00e1\u0159e nejen\u017ee riskuj\u00ed eskalaci v\u00e1lky, ale tak\u00e9 odrad\u00ed investory, kte\u0159\u00ed by jeho prohl\u00e1\u0161en\u00ed mohli snadno vn\u00edmat, jako by v Polsku u\u017e v\u00e1lka prob\u00edhala.<\/span><\/p>\n<p><span dir=\"auto\">Bartoszewicz se tak\u00e9 zam\u011b\u0159il na Sikorsk\u00e9ho man\u017eelku, americkou novin\u00e1\u0159ku Anne Applebaumovou, a prohl\u00e1sil, \u017ee je to \u201ezcela bezprecedentn\u00ed situace ve sv\u011bt\u011b, \u017ee man\u017eelka ministra zahrani\u010d\u00ed je ob\u010dankou jin\u00e9 zem\u011b\u201c.<\/span><\/p>\n<p><span dir=\"auto\">Takov\u00e9 jmenov\u00e1n\u00ed by m\u011blo b\u00fdt nemo\u017en\u00e9, proto\u017ee \u201enev\u00edte, pro koho pracuje\u201c.\u00a0<\/span><\/p>\n<p><span dir=\"auto\">D\u00e1le zpochybnil skute\u010dnost, \u017ee Sikorski d\u0159\u00edve m\u011bl britsk\u00e9 ob\u010danstv\u00ed, a\u010dkoli se ho vzdal v roce 2006, kdy\u017e se stal polsk\u00fdm ministrem obrany.\u00a0<\/span><\/p>\n<p><span dir=\"auto\">Nicm\u00e9n\u011b mnoho lid\u00ed pova\u017euje Sikorsk\u00e9ho za potenci\u00e1ln\u00edho \u201ezr\u00e1dce\u201c pot\u00e9, co Polsko br\u00e1n\u00ed sv\u016fj vzdu\u0161n\u00fd prostor p\u0159ed rusk\u00fdmi drony \u2013 i kdy\u017e je to postoj, kter\u00fd NATO pevn\u011b a hlasit\u011b h\u00e1j\u00ed. N\u011bkte\u0159\u00ed z nich dokonce cht\u011bj\u00ed proti ministrovi zahrani\u010d\u00ed podat trestn\u00ed ozn\u00e1men\u00ed.<\/span><\/p>\n<p><span dir=\"auto\">Na\u00a0<\/span><a href=\"https:\/\/dorzeczy.pl\/kraj\/781473\/jest-zawiadomienie-na-ministra-sikorskiego-do-prokuratury.html\"><span dir=\"auto\">p\u00e1te\u010dn\u00ed tiskov\u00e9 konferenci<\/span><\/a><span dir=\"auto\"> ozn\u00e1mili Janusz Korwin-Mikke, p\u0159edseda strany KORWiN, a Grzegorz Braun, prezident Konfederace polsk\u00e9 koruny, \u017ee podali st\u00e1tn\u00edmu zastupitelstv\u00ed ozn\u00e1men\u00ed o mo\u017en\u00e9m sp\u00e1ch\u00e1n\u00ed trestn\u00e9ho \u010dinu ze strany Sikorsk\u00e9ho.\u00a0<\/span><\/p>\n<p><span dir=\"auto\">\u201eVztahy pana Sikorsk\u00e9ho sahaj\u00ed a\u017e do star\u00fdch dob, kdy byl v\u00e1le\u010dn\u00fdm zpravodajem v Afgh\u00e1nist\u00e1nu. V t\u00e9 dob\u011b prob\u00edhaly boje se Sov\u011bty, tak\u017ee podle m\u00e9ho n\u00e1zoru jako britsk\u00fd agent neud\u011blal nic \u0161patn\u00e9ho, \u200b\u200bale te\u010f je to znepokojiv\u00e9, proto\u017ee z\u00e1jmy Velk\u00e9 Brit\u00e1nie se jasn\u011b li\u0161\u00ed od z\u00e1jm\u016f Polska,\u201c uvedl Korwin-Mikke.<\/span><\/p>\n<p><span dir=\"auto\">Korwin-Mikke \u0161el je\u0161t\u011b d\u00e1l a tvrdil, \u017ee drony, kter\u00e9 dorazily do Polska, maj\u00ed dolet 300 a\u017e 600 kilometr\u016f, tak\u017ee nemohly p\u0159ilet\u011bt z Ruska.<\/span><\/p>\n<p><span dir=\"auto\">\u201eTak\u00e9, d\u00e1my a p\u00e1nov\u00e9, polsk\u00e1 vl\u00e1da se na provokaci pod\u00edlela. Jsem si naprosto jist\u00fd, \u017ee si ji nevymysleli sami Ukrajinci. (\u2026) Ale bohu\u017eel, pokud n\u011bkdo spolupracuje s ciz\u00ed zem\u00ed, kter\u00e1 chce zat\u00e1hnout Polsko do v\u00e1lky, kter\u00e1 je pro tuto zemi v\u00fdhodn\u00e1, ale pro Polsko zjevn\u011b nev\u00fdhodn\u00e1, m\u011bla by se t\u00edm zab\u00fdvat st\u00e1tn\u00ed zastupitelstv\u00ed. A na to jsem se st\u00e1tn\u00edho zastupitelstv\u00ed ptal,\u201c \u0159ekl Korwin-Mikke.<\/span><\/p>\n<p><span dir=\"auto\">A\u010dkoli nen\u00ed \u017e\u00e1dn\u00fdm tajemstv\u00edm, \u017ee se experti zpravodajsk\u00fdch slu\u017eeb rozch\u00e1zej\u00ed v n\u00e1zoru na to, zda byly rusk\u00e9 vp\u00e1dy \u00famysln\u00e9, panuje v\u0161eobecn\u00e1 shoda v tom, \u017ee drony poch\u00e1zej\u00ed z Ruska, \u017ee p\u0159edstavuj\u00ed nebezpe\u010d\u00ed a skute\u010dn\u011b p\u0159edstavuj\u00ed zv\u00fd\u0161enou ruskou agresi. Po\u010det dron\u016f, kter\u00e9 Rusko vys\u00edl\u00e1 k \u00fatoku na Ukrajinu, jist\u011b existuje, i kdy\u017e nakonec nen\u00ed jasn\u00e9, zda drony, kter\u00e9 zas\u00e1hly Polsko, jednodu\u0161e odch\u00fdlily od kurzu, nebo zda je z kurzu odsunuly ukrajinsk\u00e9 elektronick\u00e9 protiletadlov\u00e9 metody.<\/span><\/p>\n<p><span dir=\"auto\">Pokud jde o Brauna, i ten vyj\u00e1d\u0159il n\u00e1zor, \u017ee vniknut\u00ed dron\u016f do polsk\u00e9ho vzdu\u0161n\u00e9ho prostoru 10. z\u00e1\u0159\u00ed bylo \u201emezin\u00e1rodn\u00ed provokac\u00ed\u201c s c\u00edlem \u201ezatla\u010dit Polsko hloub\u011bji\u201c do v\u00e1lky.\u00a0<\/span><\/p>\n<p><span dir=\"auto\">Do Rzeczy poznamen\u00e1v\u00e1, \u017ee Korwin-Mikke ji\u017e v listopadu 2024 apeloval\u00a0<\/span><a href=\"https:\/\/dorzeczy.pl\/kraj\/651649\/pilny-list-otwarty-korwin-mikkego-do-konfederacji.html\"><span dir=\"auto\">na co nejrychlej\u0161\u00ed odvol\u00e1n\u00ed Rados\u0142awa Sikorsk\u00e9ho<\/span><\/a><span dir=\"auto\">\u00a0z funkce \u0161\u00e9fa ministerstva zahrani\u010dn\u00edch v\u011bc\u00ed s od\u016fvodn\u011bn\u00edm, \u017ee ho zneu\u017e\u00edvaj\u00ed prov\u00e1le\u010dn\u00e9 kruhy.<\/span><\/p>\n<p><span dir=\"auto\">Pol\u00e1ci obecn\u011b docela podporuj\u00ed obrann\u00e9 \u00fasil\u00ed zem\u011b ve vztahu k Rusku.<\/span><\/p>\n<p><span dir=\"auto\">Pr\u016fzkum\u00a0<\/span><a href=\"https:\/\/www.polsatnews.pl\/wiadomosc\/2025-05-12\/sondaz-polacy-boja-sie-zagrozenia-wskazuja-na-obce-panstwo\/\"><span dir=\"auto\">IBRiS<\/span><\/a><span dir=\"auto\">\u00a0z kv\u011btna uk\u00e1zal, \u017ee 63,3 procenta respondent\u016f se domn\u00edv\u00e1, \u017ee Polsku hroz\u00ed invaze. V\u00fdsledky dal\u0161\u00edho\u00a0<\/span><a href=\"https:\/\/tvpworld.com\/87507537\/less-than-10-of-poles-think-country-ready-for-war-poll-shows\"><span dir=\"auto\">pr\u016fzkumu IBRiS pro Defence24<\/span><\/a><span dir=\"auto\">\u00a0zve\u0159ejn\u011bn\u00e9ho koncem \u010dervna uk\u00e1zaly, \u017ee ohromuj\u00edc\u00edch 75 procent se domn\u00edv\u00e1, \u017ee NATO mus\u00ed br\u00e1nit sv\u00e9 v\u00fdchodn\u00ed k\u0159\u00eddlo, a 50 procent podporuje zv\u00fd\u0161en\u00ed vojensk\u00fdch v\u00fddaj\u016f.\u00a0<\/span><\/p>\n<p><span dir=\"auto\">Mnoho Pol\u00e1k\u016f v\u0161ak nev\u011b\u0159\u00ed, \u017ee by rusk\u00fd \u00fatok mohl b\u00fdt pravd\u011bpodobn\u00fd, a to i p\u0159es medi\u00e1ln\u00ed humbuk.<\/span><\/p>\n<p><span dir=\"auto\">Je zaj\u00edmav\u00e9, \u017ee pouze 12 procent respondent\u016f v tomto pr\u016fzkumu pova\u017eovalo rusk\u00fd \u00fatok za pravd\u011bpodobn\u00fd, zat\u00edmco 15 procent pova\u017euje \u00fatok na pobaltsk\u00e9 st\u00e1ty za mo\u017en\u00fd. Pouh\u00fdch 8 procent se domn\u00edv\u00e1, \u017ee Polsko je p\u0159ipraveno na v\u00e1lku s Ruskem, co\u017e vysv\u011btluje vysok\u00e9 procento dot\u00e1zan\u00fdch, kte\u0159\u00ed jsou pro nav\u00fd\u0161en\u00ed rozpo\u010dtu v t\u00e9to oblasti.<\/span><\/p>\n<p><img decoding=\"async\" loading=\"lazy\" class=\"alignnone size-full wp-image-1185\" src=\"http:\/\/www.infokuryr.cz\/n\/wp-content\/uploads\/2021\/04\/kuryr-podpis.png\" alt=\"\" width=\"84\" height=\"24\" \/><\/p>\n<p><img decoding=\"async\" loading=\"lazy\" class=\"wp-image-86927 aligncenter\" src=\"http:\/\/www.infokuryr.cz\/n\/wp-content\/uploads\/2025\/09\/letak-volby-2025-konference-3-212x300.png\" alt=\"\" width=\"814\" height=\"1152\" srcset=\"https:\/\/www.infokuryr.cz\/n\/wp-content\/uploads\/2025\/09\/letak-volby-2025-konference-3-212x300.png 212w, https:\/\/www.infokuryr.cz\/n\/wp-content\/uploads\/2025\/09\/letak-volby-2025-konference-3-724x1024.png 724w, https:\/\/www.infokuryr.cz\/n\/wp-content\/uploads\/2025\/09\/letak-volby-2025-konference-3-768x1086.png 768w, https:\/\/www.infokuryr.cz\/n\/wp-content\/uploads\/2025\/09\/letak-volby-2025-konference-3-1086x1536.png 1086w, https:\/\/www.infokuryr.cz\/n\/wp-content\/uploads\/2025\/09\/letak-volby-2025-konference-3-1448x2048.png 1448w, https:\/\/www.infokuryr.cz\/n\/wp-content\/uploads\/2025\/09\/letak-volby-2025-konference-3-1024x1448.png 1024w\" sizes=\"(max-width: 814px) 100vw, 814px\" \/><\/p>\n","protected":false},"excerpt":{"rendered":"<p>V\u011bt\u0161ina Pol\u00e1k\u016f nazna\u010dila, \u017ee si nemysl\u00ed, \u017ee je Polsko p\u0159ipraveno na rusk\u00fd \u00fatok, a siln\u011b&#8230;<\/p>\n","protected":false},"author":2,"featured_media":88419,"comment_status":"closed","ping_status":"closed","sticky":false,"template":"","format":"standard","meta":[],"categories":[7],"tags":[458,31,1051],"_links":{"self":[{"href":"https:\/\/www.infokuryr.cz\/n\/wp-json\/wp\/v2\/posts\/88418"}],"collection":[{"href":"https:\/\/www.infokuryr.cz\/n\/wp-json\/wp\/v2\/posts"}],"about":[{"href":"https:\/\/www.infokuryr.cz\/n\/wp-json\/wp\/v2\/types\/post"}],"author":[{"embeddable":true,"href":"https:\/\/www.infokuryr.cz\/n\/wp-json\/wp\/v2\/users\/2"}],"replies":[{"embeddable":true,"href":"https:\/\/www.infokuryr.cz\/n\/wp-json\/wp\/v2\/comments?post=88418"}],"version-history":[{"count":0,"href":"https:\/\/www.infokuryr.cz\/n\/wp-json\/wp\/v2\/posts\/88418\/revisions"}],"wp:featuredmedia":[{"embeddable":true,"href":"https:\/\/www.infokuryr.cz\/n\/wp-json\/wp\/v2\/media\/88419"}],"wp:attachment":[{"href":"https:\/\/www.infokuryr.cz\/n\/wp-json\/wp\/v2\/media?parent=88418"}],"wp:term":[{"taxonomy":"category","embeddable":true,"href":"https:\/\/www.infokuryr.cz\/n\/wp-json\/wp\/v2\/categories?post=88418"},{"taxonomy":"post_tag","embeddable":true,"href":"https:\/\/www.infokuryr.cz\/n\/wp-json\/wp\/v2\/tags?post=88418"}],"curies":[{"name":"wp","href":"https:\/\/api.w.org\/{rel}","templated":true}]}}