{"id":88409,"date":"2025-09-24T00:15:10","date_gmt":"2025-09-23T22:15:10","guid":{"rendered":"https:\/\/www.infokuryr.cz\/n\/?p=88409"},"modified":"2025-09-23T13:28:55","modified_gmt":"2025-09-23T11:28:55","slug":"energie-12-bilionu-dolaru-fink-prosazuje-prostrednictvim-svetoveho-ekonomickeho-fora-agendu-nulovych-cistych-emisi","status":"publish","type":"post","link":"https:\/\/www.infokuryr.cz\/n\/2025\/09\/24\/energie-12-bilionu-dolaru-fink-prosazuje-prostrednictvim-svetoveho-ekonomickeho-fora-agendu-nulovych-cistych-emisi\/","title":{"rendered":"Energie 12 bilion\u016f dolar\u016f: Fink prosazuje prost\u0159ednictv\u00edm Sv\u011btov\u00e9ho ekonomick\u00e9ho f\u00f3ra agendu nulov\u00fdch \u010dist\u00fdch emis\u00ed"},"content":{"rendered":"<div id=\"fb-root\"><\/div>\n<p><strong><span dir=\"auto\">Larry Fink p\u0159eb\u00edr\u00e1 veden\u00ed WEF \u2013 \u0161\u00e9f BlackRocku se st\u00e1v\u00e1 glob\u00e1ln\u00edm architektem energetiky<\/span><\/strong><\/p>\n<p><span dir=\"auto\">S odchodem Klause Schwaba do d\u016fchodu skon\u010dila jedna \u00e9ra Sv\u011btov\u00e9ho ekonomick\u00e9ho f\u00f3ra (WEF). M\u00edsto oslaben\u00ed globalistick\u00e9 s\u00edt\u011b jsme v\u0161ak nyn\u00ed sv\u011bdky dal\u0161\u00edho kroku v jej\u00ed institucionalizaci:\u00a0<\/span><strong><span dir=\"auto\">Larry Fink<\/span><\/strong><span dir=\"auto\">\u00a0, gener\u00e1ln\u00ed \u0159editel spole\u010dnosti BlackRock, byl jmenov\u00e1n spolup\u0159edsedou WEF.<\/span><\/p>\n<p><span dir=\"auto\">P\u0159ejd\u011bte p\u0159\u00edmo k videu s\u00a0<\/span><a href=\"https:\/\/www.bitchute.com\/video\/pVhEOR5DesXa\" target=\"_blank\" rel=\"noreferrer noopener\" data-type=\"link\" data-id=\"https:\/\/www.bitchute.com\/video\/pVhEOR5DesXa\"><span dir=\"auto\">n\u011bmeck\u00fdmi titulky<\/span><\/a><span dir=\"auto\">\u00a0:<\/span><\/p>\n<p><iframe src=\"https:\/\/www.bitchute.com\/embed\/pVhEOR5DesXa\" frameborder=\"0\" scrolling=\"no\" allowfullscreen=\"allowfullscreen\" data-mce-fragment=\"1\"><\/iframe><\/p>\n<h3 class=\"wp-block-heading\"><span dir=\"auto\">12 bilion\u016f dolar\u016f jako p\u00e1kov\u00fd efekt<\/span><\/h3>\n<p><span dir=\"auto\">Fink vede nejv\u011bt\u0161\u00edho spr\u00e1vce aktiv na sv\u011bt\u011b. BlackRock ovl\u00e1d\u00e1 p\u0159es\u00a0<\/span><strong><span dir=\"auto\">12 bilion\u016f dolar\u016f<\/span><\/strong><span dir=\"auto\">\u00a0, v\u010detn\u011b penzijn\u00edch fond\u016f, bankovn\u00edch akci\u00ed, energetick\u00fdch a pr\u016fmyslov\u00fdch korporac\u00ed. Tato moc umo\u017e\u0148uje Finkovi\u00a0<\/span><strong><span dir=\"auto\">politicky \u0159\u00eddit cel\u00e1 odv\u011btv\u00ed<\/span><\/strong><span dir=\"auto\">\u00a0vyv\u00edjen\u00edm tlaku prost\u0159ednictv\u00edm kapit\u00e1lov\u00fdch tok\u016f. Ji\u017e v roce 2017 prohl\u00e1sil:\u00a0<\/span><em><span dir=\"auto\">\u201eV BlackRocku vynucujeme chov\u00e1n\u00ed.\u201c<\/span><\/em><span dir=\"auto\">\u00a0Nyn\u00ed se tento princip m\u00e1 prost\u0159ednictv\u00edm Sv\u011btov\u00e9ho ekonomick\u00e9ho f\u00f3ra (WEF) p\u0159en\u00e9st na glob\u00e1ln\u00ed \u00farove\u0148.<\/span><\/p>\n<h3 class=\"wp-block-heading\"><span dir=\"auto\">Net Zero jako povinn\u00fd program<\/span><\/h3>\n<p><span dir=\"auto\">Ve ve\u0159ejn\u00fdch vystoupen\u00edch Fink zd\u016fraz\u0148uje, \u017ee \u201ep\u0159echod na zelen\u00fd sv\u011bt\u201c spot\u0159ebuje\u00a0<\/span><strong><span dir=\"auto\">a\u017e 50 bilion\u016f dolar\u016f<\/span><\/strong><span dir=\"auto\">\u00a0\u2013 da\u0148ov\u00fdch p\u0159\u00edjm\u016f, kter\u00e9 maj\u00ed b\u00fdt sm\u011b\u0159ov\u00e1ny do agendy nulov\u00fdch \u010dist\u00fdch emis\u00ed. Kritici hovo\u0159\u00ed o gigantick\u00e9m p\u0159erozd\u011blen\u00ed bohatstv\u00ed ve prosp\u011bch finan\u010dn\u00ed elity, kter\u00e1 pod rou\u0161kou ochrany klimatu uvede cel\u00e9 spole\u010dnosti do z\u00e1vislosti.<\/span><\/p>\n<h3 class=\"wp-block-heading\"><span dir=\"auto\">Velk\u00fd reset 2.0<\/span><\/h3>\n<p><span dir=\"auto\">Finkovo \u200b\u200bjmenov\u00e1n\u00ed jasn\u011b ukazuje: WEF se nevol\u00ed k \u00fastupu, ale k eskalaci. Zat\u00edmco Schwab r\u00e9toricky prosazoval \u201eVelk\u00fd reset\u201c, Fink m\u00e1\u00a0<\/span><strong><span dir=\"auto\">konkr\u00e9tn\u00ed finan\u010dn\u00ed prost\u0159edky<\/span><\/strong><span dir=\"auto\">\u00a0k realizaci t\u00e9to agendy. F\u00faze glob\u00e1ln\u00ed finan\u010dn\u00ed moci a nadn\u00e1rodn\u00ed spr\u00e1vy pod z\u00e1\u0161titou WEF p\u0159edstavuje\u00a0<\/span><strong><span dir=\"auto\">novou \u00farove\u0148 hrozby pro n\u00e1rodn\u00ed suverenitu a demokratickou kontrolu<\/span><\/strong><span dir=\"auto\">\u00a0.<\/span><\/p>\n<h3 class=\"wp-block-heading\"><span dir=\"auto\">Z\u00e1v\u011br<\/span><\/h3>\n<p><span dir=\"auto\">Vzestup Larryho Finka na pozici spolup\u0159edsedy WEF ukazuje, \u017ee budoucnost glob\u00e1ln\u00ed politiky je st\u00e1le v\u00edce\u00a0<\/span><strong><span dir=\"auto\">ur\u010dov\u00e1na finan\u010dn\u00edmi korporacemi, nikoli rozhodnut\u00edmi voli\u010d\u016f<\/span><\/strong><span dir=\"auto\">\u00a0. U\u017e nejde jen o n\u00e1pady a vize, ale o hmatateln\u00e9 miliardy dolar\u016f, kter\u00e9 vynucuj\u00ed politick\u00e9 sm\u011b\u0159ov\u00e1n\u00ed. S BlackRockem v \u010dele WEF se sv\u011bt posouv\u00e1 o krok bl\u00ed\u017ee k realit\u011b technokratick\u00e9ho finan\u010dn\u00edho re\u017eimu.<\/span><\/p>\n<p><img decoding=\"async\" loading=\"lazy\" class=\"alignnone size-full wp-image-1185\" src=\"http:\/\/www.infokuryr.cz\/n\/wp-content\/uploads\/2021\/04\/kuryr-podpis.png\" alt=\"\" width=\"84\" height=\"24\" \/><\/p>\n<p><img decoding=\"async\" loading=\"lazy\" class=\"wp-image-86927 aligncenter\" src=\"http:\/\/www.infokuryr.cz\/n\/wp-content\/uploads\/2025\/09\/letak-volby-2025-konference-3-212x300.png\" alt=\"\" width=\"804\" height=\"1138\" srcset=\"https:\/\/www.infokuryr.cz\/n\/wp-content\/uploads\/2025\/09\/letak-volby-2025-konference-3-212x300.png 212w, https:\/\/www.infokuryr.cz\/n\/wp-content\/uploads\/2025\/09\/letak-volby-2025-konference-3-724x1024.png 724w, https:\/\/www.infokuryr.cz\/n\/wp-content\/uploads\/2025\/09\/letak-volby-2025-konference-3-768x1086.png 768w, https:\/\/www.infokuryr.cz\/n\/wp-content\/uploads\/2025\/09\/letak-volby-2025-konference-3-1086x1536.png 1086w, https:\/\/www.infokuryr.cz\/n\/wp-content\/uploads\/2025\/09\/letak-volby-2025-konference-3-1448x2048.png 1448w, https:\/\/www.infokuryr.cz\/n\/wp-content\/uploads\/2025\/09\/letak-volby-2025-konference-3-1024x1448.png 1024w\" sizes=\"(max-width: 804px) 100vw, 804px\" \/><\/p>\n","protected":false},"excerpt":{"rendered":"<p>Larry Fink p\u0159eb\u00edr\u00e1 veden\u00ed WEF \u2013 \u0161\u00e9f BlackRocku se st\u00e1v\u00e1 glob\u00e1ln\u00edm architektem energetiky S odchodem&#8230;<\/p>\n","protected":false},"author":2,"featured_media":88410,"comment_status":"closed","ping_status":"closed","sticky":false,"template":"","format":"standard","meta":[],"categories":[7],"tags":[634,279,613],"_links":{"self":[{"href":"https:\/\/www.infokuryr.cz\/n\/wp-json\/wp\/v2\/posts\/88409"}],"collection":[{"href":"https:\/\/www.infokuryr.cz\/n\/wp-json\/wp\/v2\/posts"}],"about":[{"href":"https:\/\/www.infokuryr.cz\/n\/wp-json\/wp\/v2\/types\/post"}],"author":[{"embeddable":true,"href":"https:\/\/www.infokuryr.cz\/n\/wp-json\/wp\/v2\/users\/2"}],"replies":[{"embeddable":true,"href":"https:\/\/www.infokuryr.cz\/n\/wp-json\/wp\/v2\/comments?post=88409"}],"version-history":[{"count":0,"href":"https:\/\/www.infokuryr.cz\/n\/wp-json\/wp\/v2\/posts\/88409\/revisions"}],"wp:featuredmedia":[{"embeddable":true,"href":"https:\/\/www.infokuryr.cz\/n\/wp-json\/wp\/v2\/media\/88410"}],"wp:attachment":[{"href":"https:\/\/www.infokuryr.cz\/n\/wp-json\/wp\/v2\/media?parent=88409"}],"wp:term":[{"taxonomy":"category","embeddable":true,"href":"https:\/\/www.infokuryr.cz\/n\/wp-json\/wp\/v2\/categories?post=88409"},{"taxonomy":"post_tag","embeddable":true,"href":"https:\/\/www.infokuryr.cz\/n\/wp-json\/wp\/v2\/tags?post=88409"}],"curies":[{"name":"wp","href":"https:\/\/api.w.org\/{rel}","templated":true}]}}