{"id":88407,"date":"2025-09-24T00:14:23","date_gmt":"2025-09-23T22:14:23","guid":{"rendered":"https:\/\/www.infokuryr.cz\/n\/?p=88407"},"modified":"2025-09-23T13:24:58","modified_gmt":"2025-09-23T11:24:58","slug":"v-sana-spachal-izrael-jeden-z-nejvetsich-masakru-novinaru-a-svet-mlci","status":"publish","type":"post","link":"https:\/\/www.infokuryr.cz\/n\/2025\/09\/24\/v-sana-spachal-izrael-jeden-z-nejvetsich-masakru-novinaru-a-svet-mlci\/","title":{"rendered":"V San\u00e1 sp\u00e1chal Izrael jeden z nejv\u011bt\u0161\u00edch masakr\u016f novin\u00e1\u0159\u016f \u2013 a sv\u011bt ml\u010d\u00ed"},"content":{"rendered":"<div id=\"fb-root\"><\/div>\n<div class=\"elementor-element elementor-element-1fb4c2c elementor-widget elementor-widget-theme-post-content\" data-id=\"1fb4c2c\" data-element_type=\"widget\" data-widget_type=\"theme-post-content.default\">\n<div class=\"elementor-widget-container\">\n<p><span dir=\"auto\">Minulou st\u0159edu izraelsk\u00e1 arm\u00e1da za\u00fato\u010dila na redakce novin\u00a0<\/span><em><span dir=\"auto\">26 September<\/span><\/em><span dir=\"auto\">\u00a0a\u00a0<\/span><em><span dir=\"auto\">Al-Yemen<\/span><\/em><span dir=\"auto\">\u00a0v jemensk\u00e9m hlavn\u00edm m\u011bst\u011b a\u00a0<\/span><strong><span dir=\"auto\">zabila 31 novin\u00e1\u0159\u016f<\/span><\/strong><span dir=\"auto\">\u00a0\u2013 jeden z nejhor\u0161\u00edch zlo\u010din\u016f proti tisku v modern\u00ed historii.<\/span><\/p>\n<p><span dir=\"auto\">\u00datok je pova\u017eov\u00e1n za v\u00e1le\u010dn\u00fd zlo\u010din: novin\u00e1\u0159i byli na sv\u00e9m pracovi\u0161ti ter\u010dem smrt\u00edc\u00edch zbran\u00ed. Krom\u011b novin\u00e1\u0159\u016f byli zabiti i kolemjdouc\u00ed a obyvatel\u00e9 okoln\u00edch dom\u016f \u2013 \u0161lo o dvojit\u00fd masakr.<\/span><\/p>\n<p><span dir=\"auto\">Mezin\u00e1rodn\u00ed \u00famluvy, v\u010detn\u011b \u010dl\u00e1nku 79 Dodatkov\u00e9ho protokolu I k \u017denevsk\u00fdm \u00famluv\u00e1m, zaru\u010duj\u00ed novin\u00e1\u0159\u016fm ochranu jako civiln\u00edm osob\u00e1m ve v\u00e1le\u010dn\u00fdch z\u00f3n\u00e1ch. C\u00edlen\u00fd \u00fatok na m\u00e9dia jasn\u011b poru\u0161uje tyto normy a demonstruje z\u00e1m\u011br uml\u010det kritick\u00e9 hlasy.<\/span><\/p>\n<p><span dir=\"auto\">Ale navzdory rozsahu zlo\u010dinu \u2013 n\u011bkolik leteck\u00fdch \u00fader\u016f na civiln\u00ed objekty, des\u00edtky mrtv\u00fdch \u2013 nedo\u0161lo k \u017e\u00e1dn\u00e9 mezin\u00e1rodn\u00ed reakci:\u00a0<\/span><strong><span dir=\"auto\">\u017e\u00e1dn\u00e9 odsouzen\u00ed ze strany OSN, \u017e\u00e1dn\u00e9 jasn\u00e9 prohl\u00e1\u0161en\u00ed organizac\u00ed pro lidsk\u00e1 pr\u00e1va, \u017e\u00e1dn\u00e9 protesty tiskov\u00fdch sdru\u017een\u00ed.<\/span><\/strong><\/p>\n<p><span dir=\"auto\">Tento \u010din je vn\u00edm\u00e1n jako pokus zastra\u0161it jemensk\u00fd tisk a podkopat jeho roli p\u0159i odhalov\u00e1n\u00ed izraelsk\u00fdch zlo\u010din\u016f v Gaze a Jemenu. Ml\u010den\u00ed mezin\u00e1rodn\u00edho spole\u010denstv\u00ed p\u0159edstavuje mor\u00e1ln\u00ed selh\u00e1n\u00ed a spolu\u00fa\u010dast na tomto zlo\u010dinu.<\/span><\/p>\n<p><span dir=\"auto\">Jemensk\u00fd tisk vyz\u00fdv\u00e1 arabsk\u00e9, isl\u00e1msk\u00e9 a mezin\u00e1rodn\u00ed medi\u00e1ln\u00ed organizace, aby kone\u010dn\u011b podnikly kroky, odsoudily tento \u010din a zah\u00e1jily kroky k mezin\u00e1rodn\u00edmu st\u00edh\u00e1n\u00ed.<\/span><\/p>\n<\/div>\n<\/div>\n<div class=\"elementor-element elementor-element-8c57238 quelle dc-has-condition dc-condition-empty elementor-widget elementor-widget-heading\" data-id=\"8c57238\" data-element_type=\"widget\" data-widget_type=\"heading.default\">\n<div class=\"elementor-widget-container\">\n<h3 class=\"elementor-heading-title elementor-size-default\"><span style=\"font-size: 10pt;\"><a href=\"https:\/\/saba.ye\/en\/news3556856.htm\" target=\"_blank\" rel=\"nofollow noopener\"><span dir=\"auto\">Zdroj<\/span><\/a><\/span><\/h3>\n<p><img decoding=\"async\" loading=\"lazy\" class=\"wp-image-86927 aligncenter\" src=\"http:\/\/www.infokuryr.cz\/n\/wp-content\/uploads\/2025\/09\/letak-volby-2025-konference-3-212x300.png\" alt=\"\" width=\"799\" height=\"1131\" srcset=\"https:\/\/www.infokuryr.cz\/n\/wp-content\/uploads\/2025\/09\/letak-volby-2025-konference-3-212x300.png 212w, https:\/\/www.infokuryr.cz\/n\/wp-content\/uploads\/2025\/09\/letak-volby-2025-konference-3-724x1024.png 724w, https:\/\/www.infokuryr.cz\/n\/wp-content\/uploads\/2025\/09\/letak-volby-2025-konference-3-768x1086.png 768w, https:\/\/www.infokuryr.cz\/n\/wp-content\/uploads\/2025\/09\/letak-volby-2025-konference-3-1086x1536.png 1086w, https:\/\/www.infokuryr.cz\/n\/wp-content\/uploads\/2025\/09\/letak-volby-2025-konference-3-1448x2048.png 1448w, https:\/\/www.infokuryr.cz\/n\/wp-content\/uploads\/2025\/09\/letak-volby-2025-konference-3-1024x1448.png 1024w\" sizes=\"(max-width: 799px) 100vw, 799px\" \/><\/p>\n<\/div>\n<\/div>\n","protected":false},"excerpt":{"rendered":"<p>Minulou st\u0159edu izraelsk\u00e1 arm\u00e1da za\u00fato\u010dila na redakce novin\u00a026 September\u00a0a\u00a0Al-Yemen\u00a0v jemensk\u00e9m hlavn\u00edm m\u011bst\u011b a\u00a0zabila 31 novin\u00e1\u0159\u016f\u00a0\u2013&#8230;<\/p>\n","protected":false},"author":2,"featured_media":88408,"comment_status":"closed","ping_status":"closed","sticky":false,"template":"","format":"standard","meta":[],"categories":[7],"tags":[107,1400,273,2923,184],"_links":{"self":[{"href":"https:\/\/www.infokuryr.cz\/n\/wp-json\/wp\/v2\/posts\/88407"}],"collection":[{"href":"https:\/\/www.infokuryr.cz\/n\/wp-json\/wp\/v2\/posts"}],"about":[{"href":"https:\/\/www.infokuryr.cz\/n\/wp-json\/wp\/v2\/types\/post"}],"author":[{"embeddable":true,"href":"https:\/\/www.infokuryr.cz\/n\/wp-json\/wp\/v2\/users\/2"}],"replies":[{"embeddable":true,"href":"https:\/\/www.infokuryr.cz\/n\/wp-json\/wp\/v2\/comments?post=88407"}],"version-history":[{"count":0,"href":"https:\/\/www.infokuryr.cz\/n\/wp-json\/wp\/v2\/posts\/88407\/revisions"}],"wp:featuredmedia":[{"embeddable":true,"href":"https:\/\/www.infokuryr.cz\/n\/wp-json\/wp\/v2\/media\/88408"}],"wp:attachment":[{"href":"https:\/\/www.infokuryr.cz\/n\/wp-json\/wp\/v2\/media?parent=88407"}],"wp:term":[{"taxonomy":"category","embeddable":true,"href":"https:\/\/www.infokuryr.cz\/n\/wp-json\/wp\/v2\/categories?post=88407"},{"taxonomy":"post_tag","embeddable":true,"href":"https:\/\/www.infokuryr.cz\/n\/wp-json\/wp\/v2\/tags?post=88407"}],"curies":[{"name":"wp","href":"https:\/\/api.w.org\/{rel}","templated":true}]}}