{"id":88406,"date":"2025-09-24T00:13:01","date_gmt":"2025-09-23T22:13:01","guid":{"rendered":"https:\/\/www.infokuryr.cz\/n\/?p=88406"},"modified":"2025-09-23T13:21:58","modified_gmt":"2025-09-23T11:21:58","slug":"svoboda-tisku-v-usa-klesla-na-historicke-minimum","status":"publish","type":"post","link":"https:\/\/www.infokuryr.cz\/n\/2025\/09\/24\/svoboda-tisku-v-usa-klesla-na-historicke-minimum\/","title":{"rendered":"Svoboda tisku v USA klesla na historick\u00e9 minimum"},"content":{"rendered":"<div id=\"fb-root\"><\/div>\n<div class=\"elementor-element elementor-element-1fb4c2c elementor-widget elementor-widget-theme-post-content\" data-id=\"1fb4c2c\" data-element_type=\"widget\" data-widget_type=\"theme-post-content.default\">\n<div class=\"elementor-widget-container\">\n<p><span dir=\"auto\">Svoboda tisku ve Spojen\u00fdch st\u00e1tech dos\u00e1hla rekordn\u011b n\u00edzk\u00e9 \u00farovn\u011b, uv\u00e1d\u00ed nejnov\u011bj\u0161\u00ed\u00a0<\/span><strong><span dir=\"auto\">Sv\u011btov\u00fd index svobody tisku<\/span><\/strong><span dir=\"auto\">\u00a0, kter\u00fd ka\u017edoro\u010dn\u011b zve\u0159ej\u0148uje organizace Report\u00e9\u0159i bez hranic.<\/span><\/p>\n<p><strong><span dir=\"auto\">Pro\u010d je to d\u016fle\u017eit\u00e9:<\/span><\/strong><span dir=\"auto\">\u00a0Po l\u00e9ta byla svoboda tisku ve Spojen\u00fdch st\u00e1tech podle standard\u016f organizace Report\u00e9\u0159i bez hranic pova\u017eov\u00e1na za \u201euspokojivou\u201c. Od lo\u0148sk\u00e9ho roku je v\u0161ak klasifikov\u00e1na jako \u201eproblematick\u00e1\u201c.<\/span><\/p>\n<ul>\n<li><span dir=\"auto\">Svoboda tisku ve Spojen\u00fdch st\u00e1tech je nyn\u00ed na stejn\u00e9 \u00farovni jako v rozvojov\u00fdch zem\u00edch, jako je\u00a0<\/span><strong><span dir=\"auto\">Gambie, Uruguay a Sierra Leone<\/span><\/strong><span dir=\"auto\">\u00a0.<\/span><\/li>\n<\/ul>\n<p><em><span dir=\"auto\">Trumpovi spojenci nyn\u00ed ovl\u00e1daj\u00ed X, Facebook, Instagram, WhatsApp a TikTok. Vlastn\u00ed Fox News, CBS, WaPo, WSJ a NY Post. Vlastn\u00ed Sinclair Broadcasting s 200 televizn\u00edmi stanicemi a m\u00edstn\u00edmi zpr\u00e1vami na 100 trz\u00edch. Trump a jeho miliard\u00e1\u0159\u0161t\u00ed kump\u00e1ni tomu nyn\u00ed \u0159\u00edkaj\u00ed \u201esvoboda projevu\u201c.<\/span><\/em><\/p>\n<div class=\"twitter-tweet twitter-tweet-rendered\"><iframe id=\"twitter-widget-0\" class=\"\" title=\"X Post\" src=\"https:\/\/platform.twitter.com\/embed\/Tweet.html?dnt=false&amp;embedId=twitter-widget-0&amp;features=eyJ0ZndfdGltZWxpbmVfbGlzdCI6eyJidWNrZXQiOltdLCJ2ZXJzaW9uIjpudWxsfSwidGZ3X2ZvbGxvd2VyX2NvdW50X3N1bnNldCI6eyJidWNrZXQiOnRydWUsInZlcnNpb24iOm51bGx9LCJ0ZndfdHdlZXRfZWRpdF9iYWNrZW5kIjp7ImJ1Y2tldCI6Im9uIiwidmVyc2lvbiI6bnVsbH0sInRmd19yZWZzcmNfc2Vzc2lvbiI6eyJidWNrZXQiOiJvbiIsInZlcnNpb24iOm51bGx9LCJ0ZndfZm9zbnJfc29mdF9pbnRlcnZlbnRpb25zX2VuYWJsZWQiOnsiYnVja2V0Ijoib24iLCJ2ZXJzaW9uIjpudWxsfSwidGZ3X21peGVkX21lZGlhXzE1ODk3Ijp7ImJ1Y2tldCI6InRyZWF0bWVudCIsInZlcnNpb24iOm51bGx9LCJ0ZndfZXhwZXJpbWVudHNfY29va2llX2V4cGlyYXRpb24iOnsiYnVja2V0IjoxMjA5NjAwLCJ2ZXJzaW9uIjpudWxsfSwidGZ3X3Nob3dfYmlyZHdhdGNoX3Bpdm90c19lbmFibGVkIjp7ImJ1Y2tldCI6Im9uIiwidmVyc2lvbiI6bnVsbH0sInRmd19kdXBsaWNhdGVfc2NyaWJlc190b19zZXR0aW5ncyI6eyJidWNrZXQiOiJvbiIsInZlcnNpb24iOm51bGx9LCJ0ZndfdXNlX3Byb2ZpbGVfaW1hZ2Vfc2hhcGVfZW5hYmxlZCI6eyJidWNrZXQiOiJvbiIsInZlcnNpb24iOm51bGx9LCJ0ZndfdmlkZW9faGxzX2R5bmFtaWNfbWFuaWZlc3RzXzE1MDgyIjp7ImJ1Y2tldCI6InRydWVfYml0cmF0ZSIsInZlcnNpb24iOm51bGx9LCJ0ZndfbGVnYWN5X3RpbWVsaW5lX3N1bnNldCI6eyJidWNrZXQiOnRydWUsInZlcnNpb24iOm51bGx9LCJ0ZndfdHdlZXRfZWRpdF9mcm9udGVuZCI6eyJidWNrZXQiOiJvbiIsInZlcnNpb24iOm51bGx9fQ%3D%3D&amp;frame=false&amp;hideCard=false&amp;hideThread=false&amp;id=1968638827020402690&amp;lang=cs&amp;origin=https%3A%2F%2Funcutnews.ch%2Fpressefreiheit-in-den-usa-faellt-auf-historischen-tiefstand%2F&amp;sessionId=e7485327a55203f20a9cccf28195050b4cd8d059&amp;theme=light&amp;widgetsVersion=2615f7e52b7e0%3A1702314776716&amp;width=550px\" frameborder=\"0\" scrolling=\"no\" allowfullscreen=\"allowfullscreen\" data-tweet-id=\"1968638827020402690\" data-mce-fragment=\"1\"><\/iframe><\/div>\n<h2 class=\"wp-block-heading\"><span dir=\"auto\">Celkov\u00fd obraz<\/span><\/h2>\n<p><span dir=\"auto\">Zat\u00edmco fyzick\u00e9 hrozby nam\u00ed\u0159en\u00e9 proti novin\u00e1\u0159\u016fm jsou \u010dasto jasn\u00fdm znakem poklesu svobody tisku, Report\u00e9\u0159i bez hranic poukazuj\u00ed na to, \u017ee\u00a0nejv\u011bt\u0161\u00ed hnac\u00ed silou poklesu jsou\u00a0<\/span><strong><span dir=\"auto\">ekonomick\u00e9 tlaky na m\u00e9dia po cel\u00e9m sv\u011bt\u011b .<\/span><\/strong><\/p>\n<ul>\n<li><span dir=\"auto\">Obzvl\u00e1\u0161t\u011b posti\u017eeny jsou autokratick\u00e9 st\u00e1ty jako\u00a0<\/span><strong><span dir=\"auto\">Nikaragua, B\u011blorusko a \u00cdr\u00e1n<\/span><\/strong><span dir=\"auto\">\u00a0, ale tak\u00e9 nestabiln\u00ed demokracie, jako je\u00a0<\/span><strong><span dir=\"auto\">Turecko a Ma\u010farsko<\/span><\/strong><span dir=\"auto\">\u00a0.<\/span><\/li>\n<\/ul>\n<h2 class=\"wp-block-heading\"><span dir=\"auto\">Mezi \u0159\u00e1dky<\/span><\/h2>\n<p><span dir=\"auto\">Ekonomick\u00fd tlak je st\u00e1le \u010dast\u011bji spojov\u00e1n s pokusy vl\u00e1d\u00a0<\/span><strong><span dir=\"auto\">finan\u010dn\u011b oslabit kritick\u00e1 nebo nez\u00e1visl\u00e1 m\u00e9dia<\/span><\/strong><span dir=\"auto\">\u00a0.<\/span><\/p>\n<ul>\n<li><span dir=\"auto\">Report\u00e9\u0159i bez hranic uv\u00e1d\u011bj\u00ed jako p\u0159\u00edklad pokusy Trumpovy administrativy\u00a0o omezen\u00ed financov\u00e1n\u00ed ve\u0159ejnopr\u00e1vn\u00edch vys\u00edlac\u00edch spole\u010dnost\u00ed, jako je\u00a0<\/span><strong><span dir=\"auto\">Hlas Ameriky<\/span><\/strong><span dir=\"auto\">\u00a0a\u00a0<\/span><strong><span dir=\"auto\">R\u00e1dio Svobodn\u00e1 Evropa\/R\u00e1dio Liberty .<\/span><\/strong><\/li>\n<li><span dir=\"auto\">Krom\u011b toho existuj\u00ed i \u200b\u200bnevl\u00e1dn\u00ed faktory, kter\u00e9 ohro\u017euj\u00ed \u017eurnalistiku \u2013 nap\u0159\u00edklad dominance velk\u00fdch internetov\u00fdch platforem v reklamn\u00edm pr\u016fmyslu.<\/span><\/li>\n<li><span dir=\"auto\">Tato omezen\u00ed vedla k\u00a0<\/span><strong><span dir=\"auto\">rekordn\u00ed koncentraci medi\u00e1ln\u00edch spole\u010dnost\u00ed<\/span><\/strong><span dir=\"auto\">\u00a0po cel\u00e9m sv\u011bt\u011b , p\u0159i\u010dem\u017e vlastnictv\u00ed m\u00e9di\u00ed se st\u00e1le v\u00edce koncentruje nebo je p\u0159\u00edmo kontrolov\u00e1no st\u00e1tem.<\/span><\/li>\n<\/ul>\n<h2 class=\"wp-block-heading\"><span dir=\"auto\">Alarmuj\u00edc\u00ed \u010d\u00edsla<\/span><\/h2>\n<p><span dir=\"auto\">Report\u00e9\u0159i bez hranic monitoruj\u00ed svobodu tisku po cel\u00e9m sv\u011bt\u011b ji\u017e v\u00edce ne\u017e deset let pomoc\u00ed p\u011bti ukazatel\u016f:\u00a0<\/span><strong><span dir=\"auto\">politick\u00fdch, pr\u00e1vn\u00edch, ekonomick\u00fdch, sociokulturn\u00edch a bezpe\u010dnostn\u00edch<\/span><\/strong><span dir=\"auto\">\u00a0.<\/span><\/p>\n<ul>\n<li><span dir=\"auto\">Ekonomick\u00fd\u00a0<\/span><strong><span dir=\"auto\">ukazatel<\/span><\/strong><span dir=\"auto\">\u00a0dos\u00e1hl celosv\u011btov\u011b nov\u00e9ho dna: Ve\u00a0<\/span><strong><span dir=\"auto\">160 ze 180 zem\u00ed<\/span><\/strong><span dir=\"auto\">\u00a0je \u201eobt\u00ed\u017en\u00e1\u201c nebo dokonce \u201e\u017e\u00e1dn\u00e1\u201c finan\u010dn\u00ed stabilita.<\/span><\/li>\n<li><span dir=\"auto\">V USA jsou obzvl\u00e1\u0161t\u011b posti\u017eeny\u00a0<\/span><strong><span dir=\"auto\">m\u00edstn\u00ed redakce<\/span><\/strong><span dir=\"auto\">\u00a0\u2013 co\u017e m\u00e1 za n\u00e1sledek neb\u00fdval\u00fd po\u010det takzvan\u00fdch\u00a0<\/span><strong><span dir=\"auto\">\u201ezpravodajsk\u00fdch pou\u0161t\u00ed\u201c<\/span><\/strong><span dir=\"auto\">\u00a0(region\u016f bez funguj\u00edc\u00edho m\u00edstn\u00edho zpravodajstv\u00ed) v zemi s takovou moc\u00ed.<\/span><\/li>\n<\/ul>\n<h2 class=\"wp-block-heading\"><span dir=\"auto\">Glob\u00e1ln\u00ed pohled<\/span><\/h2>\n<p><span dir=\"auto\">Zpr\u00e1va zve\u0159ejn\u011bn\u00e1 v p\u00e1tek, t\u011bsn\u011b p\u0159ed\u00a0<\/span><strong><span dir=\"auto\">Sv\u011btov\u00fdm dnem svobody tisku 3. kv\u011btna<\/span><\/strong><span dir=\"auto\">\u00a0, rovn\u011b\u017e zd\u016fraz\u0148uje, do jak\u00e9 m\u00edry\u00a0<\/span><strong><span dir=\"auto\">glob\u00e1ln\u00ed nestabilita ovliv\u0148uje kvalitu \u017eurnalistiky<\/span><\/strong><span dir=\"auto\">\u00a0.<\/span><\/p>\n<ul>\n<li><span dir=\"auto\">Zmi\u0148uj\u00ed se konflikty v regionech, jako je\u00a0<\/span><strong><span dir=\"auto\">Gaza<\/span><\/strong><span dir=\"auto\">\u00a0a\u00a0<\/span><strong><span dir=\"auto\">Haiti<\/span><\/strong><span dir=\"auto\">\u00a0, kde politick\u00e1 nestabilita uvrhla medi\u00e1ln\u00ed pr\u016fmysl do chaosu.<\/span><\/li>\n<li><span dir=\"auto\">Oslaben\u00ed\u00a0<\/span><strong><span dir=\"auto\">Agentury Spojen\u00fdch st\u00e1t\u016f pro mezin\u00e1rodn\u00ed rozvoj (USAID)<\/span><\/strong><span dir=\"auto\">\u00a0tak\u00e9 p\u0159ivedlo \u201estovky zpravodajsk\u00fdch organizac\u00ed do kritick\u00e9ho stavu ekonomick\u00e9 nestability\u201c a n\u011bkter\u00e9 z nich dokonce donutilo k uzav\u0159en\u00ed \u2013 zejm\u00e9na na\u00a0<\/span><strong><span dir=\"auto\">Ukrajin\u011b<\/span><\/strong><span dir=\"auto\">\u00a0.<\/span><\/li>\n<\/ul>\n<h2 class=\"wp-block-heading\"><span dir=\"auto\">Celkov\u00fd obraz<\/span><\/h2>\n<p><span dir=\"auto\">Podle indexu nyn\u00ed\u00a0v\u00edce ne\u017e\u00a0<\/span><strong><span dir=\"auto\">polovina sv\u011btov\u00e9 populace<\/span><\/strong><span dir=\"auto\">\u00a0\u017eije v zem\u00edch, kde\u00a0<\/span><strong><span dir=\"auto\">zcela chyb\u00ed<\/span><\/strong><span dir=\"auto\">\u00a0svoboda tisku a novin\u00e1\u0159sk\u00e1 pr\u00e1ce je pova\u017eov\u00e1na za\u00a0<\/span><strong><span dir=\"auto\">nebezpe\u010dnou .<\/span><\/strong><\/p>\n<ul>\n<li><span dir=\"auto\">Zem\u011b jako\u00a0<\/span><strong><span dir=\"auto\">\u010c\u00edna, Uganda a Etiopie<\/span><\/strong><span dir=\"auto\">\u00a0ji\u017e nejsou pova\u017eov\u00e1ny pouze za \u201eobt\u00ed\u017en\u00e9\u201c, ale za\u00a0<\/span><strong><span dir=\"auto\">\u201evelmi v\u00e1\u017en\u00e9\u201c,<\/span><\/strong><span dir=\"auto\">\u00a0pokud jde o hrozby pro svobodu tisku.<\/span><\/li>\n<\/ul>\n<\/div>\n<\/div>\n<div class=\"elementor-element elementor-element-8c57238 quelle dc-has-condition dc-condition-empty elementor-widget elementor-widget-heading\" data-id=\"8c57238\" data-element_type=\"widget\" data-widget_type=\"heading.default\">\n<div class=\"elementor-widget-container\">\n<h3 class=\"elementor-heading-title elementor-size-default\"><span style=\"font-size: 10pt;\"><a href=\"https:\/\/archive.is\/zpd0f#selection-362.0-362.1\" target=\"_blank\" rel=\"nofollow noopener\"><span dir=\"auto\">Zdroj<\/span><\/a><\/span><\/h3>\n<p><img decoding=\"async\" loading=\"lazy\" class=\"wp-image-86927 aligncenter\" src=\"http:\/\/www.infokuryr.cz\/n\/wp-content\/uploads\/2025\/09\/letak-volby-2025-konference-3-212x300.png\" alt=\"\" width=\"773\" height=\"1094\" srcset=\"https:\/\/www.infokuryr.cz\/n\/wp-content\/uploads\/2025\/09\/letak-volby-2025-konference-3-212x300.png 212w, https:\/\/www.infokuryr.cz\/n\/wp-content\/uploads\/2025\/09\/letak-volby-2025-konference-3-724x1024.png 724w, https:\/\/www.infokuryr.cz\/n\/wp-content\/uploads\/2025\/09\/letak-volby-2025-konference-3-768x1086.png 768w, https:\/\/www.infokuryr.cz\/n\/wp-content\/uploads\/2025\/09\/letak-volby-2025-konference-3-1086x1536.png 1086w, https:\/\/www.infokuryr.cz\/n\/wp-content\/uploads\/2025\/09\/letak-volby-2025-konference-3-1448x2048.png 1448w, https:\/\/www.infokuryr.cz\/n\/wp-content\/uploads\/2025\/09\/letak-volby-2025-konference-3-1024x1448.png 1024w\" sizes=\"(max-width: 773px) 100vw, 773px\" \/><\/p>\n<\/div>\n<\/div>\n","protected":false},"excerpt":{"rendered":"<p>Svoboda tisku ve Spojen\u00fdch st\u00e1tech dos\u00e1hla rekordn\u011b n\u00edzk\u00e9 \u00farovn\u011b, uv\u00e1d\u00ed nejnov\u011bj\u0161\u00ed\u00a0Sv\u011btov\u00fd index svobody tisku\u00a0, kter\u00fd&#8230;<\/p>\n","protected":false},"author":2,"featured_media":22966,"comment_status":"closed","ping_status":"closed","sticky":false,"template":"","format":"standard","meta":[],"categories":[7],"tags":[117,264,37],"_links":{"self":[{"href":"https:\/\/www.infokuryr.cz\/n\/wp-json\/wp\/v2\/posts\/88406"}],"collection":[{"href":"https:\/\/www.infokuryr.cz\/n\/wp-json\/wp\/v2\/posts"}],"about":[{"href":"https:\/\/www.infokuryr.cz\/n\/wp-json\/wp\/v2\/types\/post"}],"author":[{"embeddable":true,"href":"https:\/\/www.infokuryr.cz\/n\/wp-json\/wp\/v2\/users\/2"}],"replies":[{"embeddable":true,"href":"https:\/\/www.infokuryr.cz\/n\/wp-json\/wp\/v2\/comments?post=88406"}],"version-history":[{"count":0,"href":"https:\/\/www.infokuryr.cz\/n\/wp-json\/wp\/v2\/posts\/88406\/revisions"}],"wp:featuredmedia":[{"embeddable":true,"href":"https:\/\/www.infokuryr.cz\/n\/wp-json\/wp\/v2\/media\/22966"}],"wp:attachment":[{"href":"https:\/\/www.infokuryr.cz\/n\/wp-json\/wp\/v2\/media?parent=88406"}],"wp:term":[{"taxonomy":"category","embeddable":true,"href":"https:\/\/www.infokuryr.cz\/n\/wp-json\/wp\/v2\/categories?post=88406"},{"taxonomy":"post_tag","embeddable":true,"href":"https:\/\/www.infokuryr.cz\/n\/wp-json\/wp\/v2\/tags?post=88406"}],"curies":[{"name":"wp","href":"https:\/\/api.w.org\/{rel}","templated":true}]}}