{"id":88390,"date":"2025-09-23T05:26:38","date_gmt":"2025-09-23T03:26:38","guid":{"rendered":"https:\/\/www.infokuryr.cz\/n\/?p=88390"},"modified":"2025-09-23T05:26:38","modified_gmt":"2025-09-23T03:26:38","slug":"dalsi-dezinformace-eu-v-eskalacni-horecce-vabeni-svetove-valky","status":"publish","type":"post","link":"https:\/\/www.infokuryr.cz\/n\/2025\/09\/23\/dalsi-dezinformace-eu-v-eskalacni-horecce-vabeni-svetove-valky\/","title":{"rendered":"Dal\u0161\u00ed dezinformace: EU v eskala\u010dn\u00ed hore\u010dce \u2013 V\u00e1ben\u00ed sv\u011btov\u00e9 v\u00e1lky!"},"content":{"rendered":"<div id=\"fb-root\"><\/div>\n<p><strong><span dir=\"auto\">V\u00e1le\u010dn\u00e9 vol\u00e1n\u00ed z Bruselu a hlavn\u00edch m\u011bst s\u00edl\u00ed. Hromad\u00ed se vykonstruovan\u00e9 incidenty, kter\u00e9 podn\u011bcuj\u00ed protirusk\u00e9 n\u00e1lady. Nejprve \u00fadajn\u00fd \u00fatok ru\u0161i\u010dkou na letadlo Ursuly von der Leyenov\u00e9, kter\u00fd se uk\u00e1zal b\u00fdt fale\u0161n\u00fdm poplachem. Pak \u00fatok rusk\u00fdch dron\u016f na Polsko, kter\u00fd byl odhalen jako podvod. Nyn\u00ed jsou rusk\u00e9 letouny MiG-31 l\u00e9taj\u00edc\u00ed nad mo\u0159em prezentov\u00e1ny jako hrozba pro Tallinn. Co je poh\u00e1n\u011bno t\u00edmto podn\u011bcov\u00e1n\u00edm? Cht\u011bj\u00ed samozvan\u00e9 elity m\u00edrov\u00e1 jedn\u00e1n\u00ed, nebo tot\u00e1ln\u00ed v\u00e1lku?<\/span><\/strong><\/p>\n<p><span dir=\"auto\">Palba kritiky z evropsk\u00fdch m\u00e9di\u00ed a vl\u00e1dn\u00edch agentur s\u00edl\u00ed. Sleduje vzorec p\u0159ipom\u00ednaj\u00edc\u00ed star\u00e9 propagandistick\u00e9 triky. Vezm\u011bte si p\u0159\u00edpad letadla Ursuly von der Leyenov\u00e9. V srpnu 2025 zdroje informovaly o \u00fatoku ru\u0161en\u00ed GPS rusk\u00e9ho p\u016fvodu. Bulharsk\u00e9 \u00fa\u0159ady v\u0161ak\u00a0<\/span><a href=\"https:\/\/report24.news\/jamming-angriff-auf-von-der-leyen-von-wegen-gepfefferte-klarstellungen-aus-bulgarien\/\"><span dir=\"auto\">rychle objasnily<\/span><\/a><span dir=\"auto\">\u00a0, \u017ee se jednalo o technick\u00fd probl\u00e9m, nikoli o \u00famysln\u00fd sabot\u00e1\u017e. Nad\u0161en\u00ed opadlo stejn\u011b rychle, jako bylo p\u0159i\u017eivov\u00e1no.<\/span><\/p>\n<p><span dir=\"auto\">Takov\u00e9 epizody nejsou ur\u010deny k informa\u010dn\u00edm \u00fa\u010del\u016fm, ale sp\u00ed\u0161e k eskalaci. Podobn\u011b jako incident v Polsku za\u010d\u00e1tkem z\u00e1\u0159\u00ed 2025. Polsk\u00e9 ozbrojen\u00e9 s\u00edly ohl\u00e1sily \u00fatok rusk\u00e9ho dronu pobl\u00ed\u017e ukrajinsk\u00fdch hranic. Ve Var\u0161av\u011b a Bruselu se okam\u017eit\u011b rozezn\u011bly varovn\u00e9 sign\u00e1ly. Trysk\u00e1\u010de NATO vzl\u00e9tly a titulky novin varovaly p\u0159ed bezprost\u0159edn\u00ed hrozbou v\u00e1lky. Pozd\u011bji se uk\u00e1zalo, \u017ee\u00a0<\/span><a href=\"https:\/\/report24.news\/luftangriff-auf-polen-drohnen-hoax-entlarvt\/\"><span dir=\"auto\">v\u0161echno bylo \u00fapln\u011b jinak<\/span><\/a><span dir=\"auto\">\u00a0. Ofici\u00e1ln\u00ed polsk\u00e9 zdroje potvrdily, \u017ee se jednalo o dezinformaci.<\/span><\/p>\n<p><span dir=\"auto\">Tato fale\u0161n\u00e1 zpr\u00e1va m\u00e1 pouze pos\u00edlit protiruskou frontu. Posledn\u00ed vrchol nastal 19. z\u00e1\u0159\u00ed 2025.\u00a0<\/span><strong><span dir=\"auto\">Estonsk\u00e1 protivzdu\u0161n\u00e1 obrana hl\u00e1sila, \u017ee t\u0159i rusk\u00e9 letouny MiG-31 naru\u0161ily jej\u00ed vzdu\u0161n\u00fd prostor po dobu 12 minut a m\u00ed\u0159ily k Tallinnu.<\/span><\/strong><span dir=\"auto\">\u00a0Hlavn\u00ed m\u00e9dia dokonce hovo\u0159ila o MiGech, kter\u00e9 12 minut krou\u017eily nad estonsk\u00fdm hlavn\u00edm m\u011bstem. Ale i estonsk\u00e9 mapy a zpr\u00e1vy ukazovaly letovou dr\u00e1hu: Letadla let\u011bla\u00a0<\/span><a href=\"https:\/\/x.com\/mazzenilsson\/status\/1969735584798191630\" target=\"_blank\" rel=\"noreferrer noopener\"><span dir=\"auto\">rovnob\u011b\u017en\u011b s hranic\u00ed<\/span><\/a><span dir=\"auto\"> nad Finsk\u00fdm z\u00e1livem. Rusk\u00e9 ministerstvo obrany jak\u00e9koli poru\u0161en\u00ed pop\u0159elo a zd\u016fraznilo, \u017ee let se uskute\u010dnil nad neutr\u00e1ln\u00edmi vodami, daleko od estonsk\u00e9ho \u00fazem\u00ed.<\/span><\/p>\n<p><span dir=\"auto\">Estonsko si na z\u00e1klad\u011b \u010dl\u00e1nku 4 vyzvalo sv\u00e9 spojence v NATO a m\u00e9dia NATO informovala o v\u00e1\u017en\u00e9 provokaci. Geografie ale nel\u017ee:\u00a0<\/span><strong><span dir=\"auto\">I p\u0159i cestovn\u00ed rychlosti 950 km\/h by letouny dos\u00e1hly Tallinnu b\u011bhem n\u011bkolika minut, pokud by skute\u010dn\u011b provedly invazi. M\u00edsto toho krou\u017eily kolem mal\u00e9ho ostrova u pob\u0159e\u017e\u00ed.<\/span><\/strong><\/p>\n<p><span dir=\"auto\">Pro\u010d evropsk\u00e1 m\u00e9dia a politici pravideln\u011b mluv\u00ed o rusk\u00e9 agresi? Jak\u00fd je kone\u010dn\u00fd c\u00edl evropsk\u00e9 politiky? Dojednan\u00fd m\u00edr je jasn\u011b odm\u00edt\u00e1n a aktivn\u011b bojkotov\u00e1n. Tak\u017ee kone\u010dn\u00e9 v\u00edt\u011bzstv\u00ed nad Ruskem? Rusko je ale jadern\u00e1 supervelmoc s tis\u00edci hlavicemi. P\u0159\u00edm\u00fd konflikt by na evropsk\u00e9 p\u016fd\u011b rozpoutal t\u0159et\u00ed sv\u011btovou v\u00e1lku. Nep\u0159edstaviteln\u00e1 katastrofa. Mimochodem, USA by se toho ne\u00fa\u010dastnily, jak Trumpova administrativa opakovan\u011b jasn\u011b uvedla najevo. Evrop\u0161t\u00ed p\u0159\u00e1tel\u00e9 tot\u00e1ln\u00ed v\u00e1lky by byli odk\u00e1z\u00e1ni sami na sebe.<\/span><\/p>\n<p><span dir=\"auto\">Ob\u00e1v\u00e1m se, \u017ee \u00dast\u0159edn\u00ed v\u00fdbor EU a aliance v\u00e1le\u010dn\u00fdch \u0161tv\u00e1\u010d\u016f pod veden\u00edm vl\u00e1d v Bruselu, Berl\u00edn\u011b a Pa\u0159\u00ed\u017ei nemaj\u00ed v\u016fbec \u017e\u00e1dn\u00e9 jasn\u00e9 v\u00e1le\u010dn\u00e9 c\u00edle. Bl\u00e1bol\u00ed o \u201epodpo\u0159e Kyjeva\u201c, ani\u017e by jmenovali cenu: miliony mrtv\u00fdch, zni\u010denou infrastrukturu, radioaktivn\u00ed spad.\u00a0<\/span><strong><span dir=\"auto\">Ob\u011b\u0165mi by byli na\u0161i synov\u00e9 a dcery, nikoli synov\u00e9 a dcery na\u0161ich vl\u00e1dnouc\u00edch elit.<\/span><\/strong><span dir=\"auto\">\u00a0Pan\u00ed von der Leyenov\u00e1 se nemohla p\u0159estat sm\u00e1t, kdy\u017e se j\u00ed n\u011bkdo zeptal, zda by jej\u00ed d\u011bti narukovaly.<\/span><\/p>\n<p><span dir=\"auto\">Na\u0161i vl\u00e1dci zahnali sv\u00e9 zem\u011b k zemi \u2013 inflace, energetick\u00e1 krize, masov\u00e1 migrace, koronavir a klimatick\u00e9 \u0161\u00edlenstv\u00ed. V\u00e1lka proti vn\u011bj\u0161\u00edmu nep\u0159\u00edteli je obl\u00edbenou metodou, jak odv\u00e9st pozornost od vlastn\u00edch selh\u00e1n\u00ed. Zelenskyj pozastavil volby, aby se udr\u017eel u moci. Opravdu l\u00e1kav\u00fd p\u0159\u00edklad pro Macrona, Merze, von der Leyen a jejich kliky. Kv\u016fli zl\u00fdm Rus\u016fm by mohli pozastavit demokracii pod rou\u0161kou \u201en\u00e1rodn\u00ed bezpe\u010dnosti\u201c, nejl\u00e9pe na neur\u010dito.<\/span><\/p>\n<p><strong><span dir=\"auto\">Skute\u010dn\u00e9 nebezpe\u010d\u00ed zinscenovan\u00e9ho incidentu s \u201eGleiwitzov\u00fdm vys\u00edla\u010dem\u201c se nad n\u00e1mi ty\u010d\u00ed.<\/span><\/strong><span dir=\"auto\">\u00a0V roce 1939 poslou\u017eil fingovan\u00fd \u00fatok jako z\u00e1minka pro n\u011bmeckou invazi do Polska. Dnes by \u00fadajn\u00e9 drony nebo kybernetick\u00e9 \u00fatoky mohly b\u00fdt zneu\u017eity podobn\u011b. S nep\u0159edv\u00eddateln\u00fdmi d\u016fsledky. Zejm\u00e9na Rakousko jako neutr\u00e1ln\u00ed zem\u011b by m\u011blo prosazovat deeskalaci, po\u017eadovat rozhovory a prosazovat m\u00edrov\u00e1 jedn\u00e1n\u00ed. Ale s fanatiky NATO, jako je Meinl-Reisinger, jako ministryn\u00ed zahrani\u010d\u00ed, tento vlak opustil stanici. V\u00edde\u0148 slep\u011b n\u00e1sleduje kurz Bruselu.<\/span><\/p>\n<p><span dir=\"auto\">Je povinnost\u00ed obyvatelstva z\u016fstat ostra\u017eit\u00fdm. Ned\u016fv\u011b\u0159ovat propagand\u011b, kontrolovat v\u0161echny zdroje. V\u017edy naslouchat ob\u011bma stran\u00e1m. Odm\u00edtnout se \u00fa\u010dastnit tohoto \u0161\u00edlenstv\u00ed. \u017d\u00e1dn\u00ed dobrovoln\u00edci do prvn\u00ed linie, \u017e\u00e1dn\u00e9 pen\u00edze da\u0148ov\u00fdch poplatn\u00edk\u016f na eskalaci konfliktu. Proto\u017ee jedin\u00ed, kdo by zem\u0159eli, bychom byli my, ob\u010dan\u00e9, a na\u0161e d\u011bti. Von der Leyenovi tohoto sv\u011bta by sledovali masov\u00e9 \u00famrt\u00ed z bezpe\u010dn\u00e9 vzd\u00e1lenosti a u\u017e\u00edvali si v\u00e1le\u010dn\u00fdch dividend. A nakonec jedna zaj\u00edmavost:\u00a0<\/span><a href=\"https:\/\/www.sipri.org\/sites\/default\/files\/2025-04\/2504_fs_milex_2024.pdf\" target=\"_blank\" rel=\"noreferrer noopener\"><span dir=\"auto\">EU u\u017e te\u010f utr\u00e1c\u00ed za zbrojen\u00ed \u010dty\u0159ikr\u00e1t v\u00edce ne\u017e Rusko<\/span><\/a><span dir=\"auto\">\u00a0. Pro korporace jako Rheinmetall to zjevn\u011b nesta\u010d\u00ed. V\u00e1lka je pro n\u011bkter\u00e9 smrt a pro jin\u00e9 dobr\u00fd byznys.<\/span><\/p>\n<p><em><span dir=\"auto\">Koment\u00e1\u0159 <a href=\"https:\/\/report24.news\/naechste-desinformation-eu-im-eskalationsfieber-der-lockruf-des-weltkriegs\/\">Chrise Vebera<\/a><\/span><\/em><\/p>\n<p><img decoding=\"async\" loading=\"lazy\" class=\"wp-image-86927 aligncenter\" src=\"http:\/\/www.infokuryr.cz\/n\/wp-content\/uploads\/2025\/09\/letak-volby-2025-konference-3-212x300.png\" alt=\"\" width=\"777\" height=\"1099\" srcset=\"https:\/\/www.infokuryr.cz\/n\/wp-content\/uploads\/2025\/09\/letak-volby-2025-konference-3-212x300.png 212w, https:\/\/www.infokuryr.cz\/n\/wp-content\/uploads\/2025\/09\/letak-volby-2025-konference-3-724x1024.png 724w, https:\/\/www.infokuryr.cz\/n\/wp-content\/uploads\/2025\/09\/letak-volby-2025-konference-3-768x1086.png 768w, https:\/\/www.infokuryr.cz\/n\/wp-content\/uploads\/2025\/09\/letak-volby-2025-konference-3-1086x1536.png 1086w, https:\/\/www.infokuryr.cz\/n\/wp-content\/uploads\/2025\/09\/letak-volby-2025-konference-3-1448x2048.png 1448w, https:\/\/www.infokuryr.cz\/n\/wp-content\/uploads\/2025\/09\/letak-volby-2025-konference-3-1024x1448.png 1024w\" sizes=\"(max-width: 777px) 100vw, 777px\" \/><\/p>\n","protected":false},"excerpt":{"rendered":"<p>V\u00e1le\u010dn\u00e9 vol\u00e1n\u00ed z Bruselu a hlavn\u00edch m\u011bst s\u00edl\u00ed. Hromad\u00ed se vykonstruovan\u00e9 incidenty, kter\u00e9 podn\u011bcuj\u00ed protirusk\u00e9&#8230;<\/p>\n","protected":false},"author":2,"featured_media":88391,"comment_status":"closed","ping_status":"closed","sticky":false,"template":"","format":"standard","meta":[],"categories":[7],"tags":[640,1503,22,40],"_links":{"self":[{"href":"https:\/\/www.infokuryr.cz\/n\/wp-json\/wp\/v2\/posts\/88390"}],"collection":[{"href":"https:\/\/www.infokuryr.cz\/n\/wp-json\/wp\/v2\/posts"}],"about":[{"href":"https:\/\/www.infokuryr.cz\/n\/wp-json\/wp\/v2\/types\/post"}],"author":[{"embeddable":true,"href":"https:\/\/www.infokuryr.cz\/n\/wp-json\/wp\/v2\/users\/2"}],"replies":[{"embeddable":true,"href":"https:\/\/www.infokuryr.cz\/n\/wp-json\/wp\/v2\/comments?post=88390"}],"version-history":[{"count":0,"href":"https:\/\/www.infokuryr.cz\/n\/wp-json\/wp\/v2\/posts\/88390\/revisions"}],"wp:featuredmedia":[{"embeddable":true,"href":"https:\/\/www.infokuryr.cz\/n\/wp-json\/wp\/v2\/media\/88391"}],"wp:attachment":[{"href":"https:\/\/www.infokuryr.cz\/n\/wp-json\/wp\/v2\/media?parent=88390"}],"wp:term":[{"taxonomy":"category","embeddable":true,"href":"https:\/\/www.infokuryr.cz\/n\/wp-json\/wp\/v2\/categories?post=88390"},{"taxonomy":"post_tag","embeddable":true,"href":"https:\/\/www.infokuryr.cz\/n\/wp-json\/wp\/v2\/tags?post=88390"}],"curies":[{"name":"wp","href":"https:\/\/api.w.org\/{rel}","templated":true}]}}