{"id":88383,"date":"2025-09-23T00:19:32","date_gmt":"2025-09-22T22:19:32","guid":{"rendered":"https:\/\/www.infokuryr.cz\/n\/?p=88383"},"modified":"2025-09-22T12:14:08","modified_gmt":"2025-09-22T10:14:08","slug":"zbynek-fiala-at-plati-bohati","status":"publish","type":"post","link":"https:\/\/www.infokuryr.cz\/n\/2025\/09\/23\/zbynek-fiala-at-plati-bohati\/","title":{"rendered":"Zbyn\u011bk Fiala: A\u0165 plat\u00ed bohat\u00ed!"},"content":{"rendered":"<div id=\"fb-root\"><\/div>\n<p><strong>Francouzsk\u00fd st\u00e1tn\u00ed dluh u\u017e m\u00e1 stejnou \u00farokovou z\u00e1t\u011b\u017e jako italsk\u00fd a n\u00e1klady tohoto dluhu se mohou p\u0159ibl\u00ed\u017eit 5 procent\u016fm HDP, se kter\u00fdmi se hauz\u00edruje na obranu. M\u00e1 se to hojit \u0161krty ve zdravotnictv\u00ed, \u0161kolstv\u00ed nebo penzist\u016fm? Gabriel Zucman navrhuje m\u00edsto toho da\u0148 z velk\u00e9ho bohatstv\u00ed. Nejen ve Francii.<\/strong><\/p>\n<p style=\"font-weight: 400;\">Francouzsk\u00e1 velmocensk\u00e1 politika, pravideln\u00e9 svol\u00e1v\u00e1n\u00ed summit\u016f ochotn\u00fdch, kte\u0159\u00ed to Putinovi nat\u0159ou, stejn\u011b jako v\u00fdzvy k\u00a0drastick\u00e9mu zvy\u0161ov\u00e1n\u00ed v\u00fddaj\u016f na evropsk\u00e9 zbrojen\u00ed (p\u0159ichucen\u00e9 drobe\u010dky jadern\u00e9 moci \u017eabojed\u016f) jsou jen pozl\u00e1tkem dom\u00e1c\u00ed b\u00eddy. P\u0159\u00edslove\u010dn\u00fdm svrchn\u00edm huj, pod kter\u00fdm je fuj.<\/p>\n<p style=\"font-weight: 400;\">Francie na to nem\u00e1, je d\u011bsiv\u011b zadlu\u017een\u00e1. Zem\u011b pro\u017e\u00edv\u00e1 fisk\u00e1ln\u00ed krizi, kter\u00e1 je nejhor\u0161\u00ed od vzniku euroz\u00f3ny. St\u00e1tn\u00ed dluh se \u0161kr\u00e1be ke 115 procent\u016fm HDP a pokusy \u0159e\u0161it to \u0161krty penz\u00ed, zdravotnictv\u00ed a \u0161kolstv\u00ed vyhnaly ve \u010dtvrtek do ulic obrovsk\u00e9 protesty. Spojovalo je jednoduch\u00e9 heslo: A\u0165 plat\u00ed bohat\u00ed!<\/p>\n<p style=\"font-weight: 400;\">My\u0161lenka m\u00e1 konkr\u00e9tn\u00ed podobu n\u00e1vrhu dan\u011b z bohatstv\u00ed, kter\u00fd u\u017e l\u00e9ta prosazuje francouzsk\u00fd ekonom Gabriel Zucman. Podobn\u011b jako Thomas Piketti nebo Emmanuel Saez u\u010d\u00ed jak v\u00a0Pa\u0159\u00ed\u017ei, tak na Kalifornsk\u00e9 univerzit\u011b a rad\u00ed jak francouzsk\u00e9, tak americk\u00e9 levici.<\/p>\n<p style=\"font-weight: 400;\">Velk\u00fdm t\u00e9matem t\u00e9to skupiny vlivn\u00fdch ekonom\u016f je r\u016fst nerovnosti spolu s\u00a0pot\u00edr\u00e1n\u00edm iluz\u00ed, \u017ee je vykoupena produktivitou a konkurenceschopnost\u00ed. Ve skute\u010dnosti se odehr\u00e1v\u00e1 n\u011bco jin\u00e9ho, \u010demu dal Zucman (ve spolupr\u00e1ci s\u00a0doktorandsk\u00fdm \u0161kolitelem\u00a0Pikettim) korektn\u00ed n\u00e1zev Skryt\u00e9 bohatstv\u00ed n\u00e1rod\u016f (<em>The Hidden Wealth of Nations, 2013<\/em>). Podstatn\u00e1 \u010d\u00e1st n\u00e1rodn\u00edho bohatstv\u00ed je skryt\u00e1, proto\u017ee je odklon\u011bn\u00e1, drsn\u011bji \u0159e\u010deno ukraden\u00e1 malou skupinou t\u011bch nejbohat\u0161\u00edch, kte\u0159\u00ed odkopnou pot\u0159eby n\u00e1roda prost\u0159ednictv\u00edm da\u0148ov\u00fdch r\u00e1j\u016f a nejr\u016fzn\u011bj\u0161\u00edch finan\u010dn\u00edch trik\u016f.<\/p>\n<p style=\"font-weight: 400;\">Zucman te\u010f opr\u00e1\u0161il n\u00e1vrh, a\u0165 osoby s\u00a0majetkem nad 100 milion\u016f eur plat\u00ed zvl\u00e1\u0161tn\u00ed da\u0148 ze sv\u00e9ho bohatstv\u00ed ve v\u00fd\u0161i dvou procent ro\u010dn\u011b. A Sebastien Lecornu, nov\u00fd Macron\u016fv nominant na premi\u00e9ra, je v\u00a0kle\u0161t\u00edch, proto\u017ee socialistick\u00e1 levice, bez kter\u00e9 nebude m\u00edt dost hlas\u016f pro z\u00edsk\u00e1n\u00ed d\u016fv\u011bry v\u00a0N\u00e1rodn\u00edm shrom\u00e1\u017ed\u011bn\u00ed podmi\u0148uje svoji podporu p\u0159ijet\u00edm tohoto n\u00e1vrhu. Z\u00e1rove\u0148 v\u0161ak p\u0159ijde o hlasy \u010d\u00e1sti pravice, kter\u00e1 politicky obsluhuje nejmajetn\u011bj\u0161\u00ed vrstvy.<\/p>\n<p style=\"font-weight: 400;\">Do hry v\u0161ak mohou vstoupit i jin\u00e9 po\u010dty. Po ulic\u00edch b\u011bhaj\u00ed statis\u00edce lid\u00ed, kte\u0159\u00ed sice v\u00a0parlamentu nemaj\u00ed hlas, ale \u2013 jak historie u\u010d\u00ed \u2013 v\u00a0ur\u010dit\u00fdch chv\u00edl\u00edch jsou silou, kter\u00e1 rozhoduje. A tam m\u00e1 Zucmanova da\u0148 z\u00a0extr\u00e9mn\u00edho bohatstv\u00ed drtivou podporu. Na z\u00e1sadn\u00ed argument upozor\u0148uje den\u00edk Le Monde: Podle st\u00e1vaj\u00edc\u00edch pravidel je m\u00edra efektivn\u00edho zdan\u011bn\u00ed nejbohat\u0161\u00edch dvakr\u00e1t ni\u017e\u0161\u00ed ne\u017e m\u00edra zdan\u011bn\u00ed b\u011b\u017en\u00fdch pl\u00e1tc\u016f.<\/p>\n<p style=\"font-weight: 400;\"><a href=\"https:\/\/www.lemonde.fr\/en\/politics\/article\/2025\/09\/11\/economist-gabriel-zucman-france-s-new-pm-will-have-to-address-the-proposed-tax-on-the-ultra-rich_6745268_5.html\">https:\/\/www.lemonde.fr\/en\/politics\/article\/2025\/09\/11\/economist-gabriel-zucman-france-s-new-pm-will-have-to-address-the-proposed-tax-on-the-ultra-rich_6745268_5.html<\/a><\/p>\n<p style=\"font-weight: 400;\">Stejn\u00fd model se prob\u00edr\u00e1 i na mezin\u00e1rodn\u00ed sc\u00e9n\u011b. Zaslou\u017eila se o to skupina G20, kter\u00e1 se systematicky sna\u017e\u00ed o spravedliv\u011bj\u0161\u00ed p\u0159esun da\u0148ov\u00e9ho b\u0159emene od bezmocn\u00fdch \u0159adov\u00fdch pl\u00e1tc\u016f k\u00a0t\u011bm, kdo na to maj\u00ed. Te\u010f m\u00e1 tedy na stole Zucman\u016fv n\u00e1vrh koordinovan\u00e9ho \u0159e\u0161en\u00ed, jak prosadit mezin\u00e1rodn\u00ed standard alespo\u0148 minim\u00e1ln\u00edho efektivn\u00edho zdan\u011bn\u00ed t\u011bch nejbohat\u0161\u00edch. Studie\u00a0<em>A blueprint for a coordinated minimum effective taxation standard for ultra-high-net-worth individuals<\/em>\u00a0je k\u00a0p\u0159e\u010dten\u00ed na str\u00e1nk\u00e1ch Evropsk\u00e9 da\u0148ov\u00e9 observato\u0159e, kde jsou i dal\u0161\u00ed pr\u00e1ce z\u00a0t\u00e9to kuchyn\u011b.<\/p>\n<p style=\"font-weight: 400;\"><a href=\"https:\/\/www.taxobservatory.eu\/\">https:\/\/www.taxobservatory.eu\/<\/a><\/p>\n<p style=\"font-weight: 400;\">O stejn\u00fd princip se op\u00edr\u00e1 i aktu\u00e1ln\u00ed n\u00e1vrh pro Francii. Pokud by to v\u0161ak bylo toto zdan\u011bn\u00ed izolovan\u00e9 jen pro tuto zemi, bylo by fakticky dobrovoln\u00e9, proto\u017ee co se doma mus\u00ed, to se jinde nemus\u00ed. Proto Zucman klade takov\u00fd d\u016fraz na mezin\u00e1rodn\u00ed koordinaci.<\/p>\n<p style=\"font-weight: 400;\">Ve h\u0159e jsou tak\u00e9 r\u016fzn\u00e9 m\u00edry zdan\u011bn\u00ed pr\u00e1ce a kapit\u00e1lu. Nejb\u011b\u017en\u011bj\u0161\u00ed trik bohat\u00fdch pl\u00e1tc\u016f p\u0159\u00edjmov\u00e9 dan\u011b spo\u010d\u00edv\u00e1 v\u00a0tom, \u017ee zdaniteln\u00fd p\u0159\u00edjem je p\u0159eveden do sv\u011bta kapit\u00e1lu (t\u0159eba jako vklad do n\u011bjak\u00e9ho investi\u010dn\u00edho fondu nebo n\u00e1kupem akci\u00ed), a dos\u00e1hne tak n\u00e1roku na ni\u017e\u0161\u00ed sazby nebo nen\u00ed zdan\u011bn v\u016fbec. V\u00a0Zucmanov\u00fdch prac\u00edch se proto opakuje doporu\u010den\u00ed na sjednocen\u00ed da\u0148ov\u00fdch sazeb pro pracovn\u00ed p\u0159\u00edjmy a kapit\u00e1lov\u00e9 v\u00fdnosy.<\/p>\n<p style=\"font-weight: 400;\">Podstatn\u00e9 v\u0161ak je, \u017ee skryt\u00e9 p\u0159\u00edjmy mus\u00ed nakonec n\u011bkde skon\u010dit jako majetek, a tomu by m\u011bla odpov\u00eddat majetkov\u00e1 da\u0148.\u00a0\u00a0Ne z\u00a0ka\u017ed\u00e9 pastou\u0161ky, ale z\u00a0pal\u00e1c\u016f, z\u00a0t\u011bch nejv\u011bt\u0161\u00edch majetk\u016f. Zucman navrhuje hranici 100 milion\u016f euro, ale tohle \u010d\u00edslo u\u017e je v\u011bc\u00ed rozlo\u017een\u00ed politick\u00fdch sil a zdrav\u00e9ho rozumu.<\/p>\n<p style=\"font-weight: 400;\"><em>EU Tax Observatory<\/em>\u00a0pod Zucmanov\u00fdm veden\u00edm se zab\u00fdv\u00e1 \u0161irokou \u0161k\u00e1lou t\u00e9mat, na\u0161ept\u00e1v\u00e1 mi um\u011bl\u00e1 inteligence:<\/p>\n<ul>\n<li>Da\u0148ov\u00e9 \u00faniky a optimalizace nadn\u00e1rodn\u00edch spole\u010dnost\u00ed<\/li>\n<li>P\u0159esouv\u00e1n\u00ed zisk\u016f do da\u0148ov\u00fdch r\u00e1j\u016f<\/li>\n<li>M\u011b\u0159en\u00ed bohatstv\u00ed ukryt\u00e9ho v da\u0148ov\u00fdch r\u00e1j\u00edch<\/li>\n<li>Anal\u00fdza \u00fa\u010dinnosti r\u016fzn\u00fdch da\u0148ov\u00fdch reforem<\/li>\n<li>Hodnocen\u00ed dopad\u016f da\u0148ov\u00e9 konkurence mezi st\u00e1ty<\/li>\n<\/ul>\n<p style=\"font-weight: 400;\">Z\u00e1sadn\u00ed v\u00fdzkumn\u00e9 oblasti mimo da\u0148 bohat\u00fdch:<\/p>\n<p style=\"font-weight: 400;\"><strong>1.Da\u0148ov\u00e9 r\u00e1je a p\u0159esouv\u00e1n\u00ed zisk\u016f<\/strong><\/p>\n<p style=\"font-weight: 400;\"><strong><em>Zucman\u016fv v\u00fdzkum odhaluje, \u017ee 36% zisk\u016f nadn\u00e1rodn\u00edch spole\u010dnost\u00ed je p\u0159esunuto do da\u0148ov\u00fdch r\u00e1j\u016f glob\u00e1ln\u011b, p\u0159i\u010dem\u017e americk\u00e9 firmy p\u0159esouvaj\u00ed a\u017e 50% sv\u00fdch zisk\u016f.<\/em><\/strong> Tento v\u00fdzkum poskytuje podklady pro reformy korpor\u00e1tn\u00edho zdan\u011bn\u00ed.<\/p>\n<p style=\"font-weight: 400;\"><strong>2<\/strong>.<strong>Glob\u00e1ln\u00ed zdan\u011bn\u00ed a koordinace<\/strong><\/p>\n<p style=\"font-weight: 400;\">Zucman prosazuje koordinovanou mezin\u00e1rodn\u00ed da\u0148ovou politiku prost\u0159ednictv\u00edm iniciativ skupiny G20. Jeho &#8222;Blueprint for coordinated minimum taxation&#8220; obsahuje detailn\u00ed n\u00e1vrhy na harmonizaci da\u0148ov\u00fdch syst\u00e9m\u016f nap\u0159\u00ed\u010d zem\u011bmi.<\/p>\n<p style=\"font-weight: 400;\"><strong>3.Makroekonomick\u00e9 dopady da\u0148ov\u00e9 politiky<\/strong><\/p>\n<p style=\"font-weight: 400;\">Zucmanovy studie ukazuj\u00ed, jak da\u0148ov\u00e9 \u00faniky deformuj\u00ed makroekonomick\u00e9 ukazatele &#8211; nap\u0159\u00edklad pod\u00edl kapit\u00e1lu na p\u0159idan\u00e9 hodnot\u011b se ve vysokoda\u0148ov\u00fdch evropsk\u00fdch zem\u00edch zv\u00fd\u0161il o 4 procentn\u00ed body po zapo\u010d\u00edt\u00e1n\u00ed ukryt\u00fdch zisk\u016f.<\/p>\n<p style=\"font-weight: 400;\">Specifi\u010dnost francouzsk\u00e9ho kontextu:<\/p>\n<p style=\"font-weight: 400;\">Zucmanovy n\u00e1vrhy pro Francii nejsou sou\u010d\u00e1st\u00ed ucelen\u00e9 studie v\u011bnovan\u00e9 speci\u00e1ln\u011b francouzsk\u00e9 krizi, ale sp\u00ed\u0161e aplikac\u00ed jeho obecn\u00fdch princip\u016f na aktu\u00e1ln\u00ed francouzskou situaci. Jeho da\u0148 pro super bohat\u00e9 p\u0159edstavuje jen jeden n\u00e1stroj z \u0161ir\u0161\u00ed palety ekonomick\u00fdch reforem.<\/p>\n<p style=\"font-weight: 400;\">Ministerstvo financ\u00ed \u010cR ve sv\u00fdch p\u0159ehledech zd\u016fraz\u0148uje, \u017ee Zucmanovy n\u00e1vrhy vych\u00e1zej\u00ed z p\u0159edchoz\u00edch anal\u00fdz zdan\u011bn\u00ed fyzick\u00fdch osob a behavior\u00e1ln\u00edch aspekt\u016f zdan\u011bn\u00ed majetku, co\u017e potvrzuje, \u017ee jde o sou\u010d\u00e1st dlouhodob\u00e9ho v\u00fdzkumn\u00e9ho programu.<\/p>\n<p style=\"font-weight: 400;\">\u0160ir\u0161\u00ed kontext evropsk\u00e9 da\u0148ov\u00e9 politiky:<\/p>\n<p style=\"font-weight: 400;\">EU Tax Observatory publikuje pravideln\u00e9 anal\u00fdzy \u00fa\u010dinnosti da\u0148ov\u00fdch reforem v EU &#8211; nap\u0159\u00edklad zji\u0161t\u011bn\u00ed, \u017ee efektivn\u00ed da\u0148ov\u00e1 sazba nadn\u00e1rodn\u00edch spole\u010dnost\u00ed klesla v EU o 2,7 procentn\u00edho bodu mezi lety 2014-2022. Tyto studie poskytuj\u00ed z\u00e1klad pro komplexn\u011bj\u0161\u00ed reformy ne\u017e jen da\u0148 bohat\u00fdch.<\/p>\n<p style=\"font-weight: 400;\">Zucmanovy n\u00e1vrhy tak p\u0159edstavuj\u00ed syst\u00e9mov\u00fd p\u0159\u00edstup k da\u0148ov\u00e9 spravedlnosti a koordinaci, kde da\u0148 na superbohat\u00e9 je pouze jedn\u00edm z n\u00e1stroj\u016f \u0161ir\u0161\u00ed reformy mezin\u00e1rodn\u00edho da\u0148ov\u00e9ho syst\u00e9mu zam\u011b\u0159en\u00e9 na boj proti da\u0148ov\u00fdm \u00fanik\u016fm a zaji\u0161t\u011bn\u00ed spravedliv\u011bj\u0161\u00edho rozlo\u017een\u00ed da\u0148ov\u00e9ho b\u0159emene, na\u0161ept\u00e1v\u00e1 mi v\u00fdcuc toho neju\u010den\u011bj\u0161\u00edho na webu.<\/p>\n<p style=\"font-weight: 400;\">Pro Francii nen\u00ed majetkov\u00e1 da\u0148 nic nov\u00e9ho. Da\u0148 z\u00a0velk\u00fdch majetk\u016f se tam \u010das od \u010dasu v\u00a0n\u011bjak\u00e9 form\u011b objevuje, a po n\u011bjak\u00e9m \u010dase zase ru\u0161\u00ed. Poprv\u00e9 ji zavedl prezident Francois Mitterrand roku 1982. Jacques Chirac ji pak zru\u0161il, ale kdy\u017e se Mitterrand vr\u00e1til k\u00a0moci, obnovil ji jako da\u0148 solid\u00e1rn\u00ed. Tu pak zru\u0161il na za\u010d\u00e1tku sv\u00e9 vl\u00e1dy prezident Emmanuel Macron.<\/p>\n<p style=\"font-weight: 400;\">Co se majetkov\u00e9 dani vyt\u00fdk\u00e1:<\/p>\n<p style=\"font-weight: 400;\">V\u00fdnos nestoj\u00ed za tu n\u00e1mahu. Zucman by ve Francii o\u010dek\u00e1val v\u00fdnos 15 a\u017e 20 miliard eur, ale skupina sedmi ekonom\u016f mu oponuje v\u00a0Le Mondu a nev\u011b\u0159\u00ed ve v\u00edc ne\u017e 5 miliard eur.<\/p>\n<p style=\"font-weight: 400;\">Dejme tomu. Jen\u017ee dan\u011b tu nejsou jen pro pln\u011bn\u00ed st\u00e1tn\u00edho rozpo\u010dtu. Je to tak\u00e9 strategick\u00fd n\u00e1stroj pro vyrovn\u00e1v\u00e1n\u00ed soci\u00e1ln\u00edch nerovnost\u00ed. \u010c\u00e1ste\u010dn\u011b se to d\u011bje p\u0159erozd\u011blov\u00e1n\u00edm. Jin\u00e1 p\u00e1ka v\u0161ak m\u016f\u017ee b\u00fdt je\u0161t\u011b siln\u011bj\u0161\u00ed. Vysok\u00e9 zdan\u011bn\u00ed m\u016f\u017ee preventivn\u011b odradit p\u0159ed zvy\u0161ov\u00e1n\u00edm rozd\u00edl\u016f. Pokud byste m\u011bli platit da\u0148 z\u00a0majetku, t\u011b\u017eko ty dva miliony eur ze 100 najdete n\u011bkde po kaps\u00e1ch. Mus\u00edte n\u011bco prod\u00e1vat, a to je obt\u00ed\u017e. Bude rozumn\u00e9 udr\u017eovat majetek pod touto hranic\u00ed. L\u00edp se mi plat\u00ed dan\u011b, kdy\u017e bych o ty pen\u00edze stejn\u011b p\u0159i\u0161el.<\/p>\n<p style=\"font-weight: 400;\">Je tu v\u0161ak i jin\u00e1 mo\u017enost pro boh\u00e1\u010de. Mohou ze zem\u011b, kter\u00e1 je chce tak od\u00edrat, zmizet. Pravice to m\u016f\u017ee prezentovat jako drtiv\u00fd klacek na stoupence t\u00e9to dan\u011b, ale to se chytne opravdu jen hodn\u011b prvopl\u00e1nov\u011b. Majetek nejsou jen potenci\u00e1ln\u00ed dan\u011b, je to tak\u00e9 moc. Je to moc ve prosp\u011bch bohatstv\u00ed. Jestli p\u00e1r superbohat\u00fdch odejde, oslab\u00ed se tato moc. A to zn\u00ed docela nad\u011bjn\u011b. Pak se d\u00e1 v\u00edc v\u011bc\u00ed \u0159e\u0161it ve prosp\u011bch \u0159adov\u00fdch ob\u010dan\u016f.<\/p>\n<p style=\"font-weight: 400;\">Ve skute\u010dnosti jen o pen\u011bz\u00edch nen\u00ed ani progres\u00edvn\u00ed zdan\u011bn\u00ed p\u0159\u00edjm\u016f, zejm\u00e9na jeho nevy\u0161\u0161\u00ed sazby. Po v\u00e1lce byly v\u00a0Americe nejvy\u0161\u0161\u00ed p\u0159\u00edjmy zdan\u011bny natolik, \u017ee zv\u00fd\u0161it n\u011bkomu plat nad horn\u00ed hranici znamenalo v\u0161echny pen\u00edze nav\u00edc nacpat do kapes st\u00e1tu. Znamenalo to o\u017eebra\u010dit firmu pro nic. Tak\u017ee to ani nikdo nezkou\u0161el a b\u011b\u017en\u00fd rozptyl nejni\u017e\u0161\u00edch a nevy\u0161\u0161\u00edch mezd v\u00a0korporaci byl jedna ku deseti nebo dvaceti. Kdy\u017e se v\u0161ak za Ronalda Reagana tyto drastick\u00e9 nejvy\u0161\u0161\u00ed sazby zru\u0161ily, mzdy mana\u017eer\u016f let\u011bly nahoru ke ston\u00e1sobk\u016fm a v\u00edc. Funguje argument: Jinak n\u00e1m ho p\u0159eplat\u00ed konkurence. Firma krv\u00e1c\u00ed, proto\u017ee jedin\u00fd, kdo tady m\u016f\u017ee zas\u00e1hnout, je st\u00e1t. A ten se nechal uspat poh\u00e1dkou o voln\u00e9m trhu.<\/p>\n<p style=\"font-weight: 400;\">Nejde jen o podnik\u00e1n\u00ed. Sta\u010d\u00ed se rozhl\u00e9dnout, jak si \u017eij\u00ed na\u0161i nejvy\u0161\u0161\u00ed funkcion\u00e1\u0159i, nemluv\u011b o tom, za co ty zb\u011bsil\u00e9 prachy berou. Pro\u010d? Inu, lid je neprobudil\u00fd. Kdyby proz\u0159el a da\u0148ov\u011b p\u0159itvrdil u nejv\u011bt\u0161\u00edch bal\u00edk\u016f, jak by se u\u0161et\u0159ilo! A\u017e k\u00a0tomu si p\u0159i\u010dt\u011bte tu tro\u0161ku, kter\u00e1 se vybere.<\/p>\n<p><a href=\"https:\/\/vasevec.info\/komentare\/plati-bohati\">Zbyn\u011bk Fiala<\/a><\/p>\n<p><img decoding=\"async\" loading=\"lazy\" class=\"alignnone size-medium wp-image-18520\" src=\"http:\/\/www.infokuryr.cz\/n\/wp-content\/uploads\/2022\/11\/zbynek-fiala-300x208.jpg\" alt=\"\" width=\"300\" height=\"208\" srcset=\"https:\/\/www.infokuryr.cz\/n\/wp-content\/uploads\/2022\/11\/zbynek-fiala-300x208.jpg 300w, https:\/\/www.infokuryr.cz\/n\/wp-content\/uploads\/2022\/11\/zbynek-fiala.jpg 318w\" sizes=\"(max-width: 300px) 100vw, 300px\" \/><\/p>\n<p><img decoding=\"async\" loading=\"lazy\" class=\"wp-image-86739 aligncenter\" src=\"http:\/\/www.infokuryr.cz\/n\/wp-content\/uploads\/2025\/08\/volby-program-211x300.png\" alt=\"\" width=\"826\" height=\"1174\" srcset=\"https:\/\/www.infokuryr.cz\/n\/wp-content\/uploads\/2025\/08\/volby-program-211x300.png 211w, https:\/\/www.infokuryr.cz\/n\/wp-content\/uploads\/2025\/08\/volby-program-721x1024.png 721w, https:\/\/www.infokuryr.cz\/n\/wp-content\/uploads\/2025\/08\/volby-program-768x1091.png 768w, https:\/\/www.infokuryr.cz\/n\/wp-content\/uploads\/2025\/08\/volby-program-1081x1536.png 1081w, https:\/\/www.infokuryr.cz\/n\/wp-content\/uploads\/2025\/08\/volby-program-1442x2048.png 1442w, https:\/\/www.infokuryr.cz\/n\/wp-content\/uploads\/2025\/08\/volby-program-1024x1455.png 1024w\" sizes=\"(max-width: 826px) 100vw, 826px\" \/><\/p>\n","protected":false},"excerpt":{"rendered":"<p>Francouzsk\u00fd st\u00e1tn\u00ed dluh u\u017e m\u00e1 stejnou \u00farokovou z\u00e1t\u011b\u017e jako italsk\u00fd a n\u00e1klady tohoto dluhu se&#8230;<\/p>\n","protected":false},"author":2,"featured_media":43202,"comment_status":"closed","ping_status":"closed","sticky":false,"template":"","format":"standard","meta":[],"categories":[6],"tags":[1042,3776,236,59],"_links":{"self":[{"href":"https:\/\/www.infokuryr.cz\/n\/wp-json\/wp\/v2\/posts\/88383"}],"collection":[{"href":"https:\/\/www.infokuryr.cz\/n\/wp-json\/wp\/v2\/posts"}],"about":[{"href":"https:\/\/www.infokuryr.cz\/n\/wp-json\/wp\/v2\/types\/post"}],"author":[{"embeddable":true,"href":"https:\/\/www.infokuryr.cz\/n\/wp-json\/wp\/v2\/users\/2"}],"replies":[{"embeddable":true,"href":"https:\/\/www.infokuryr.cz\/n\/wp-json\/wp\/v2\/comments?post=88383"}],"version-history":[{"count":0,"href":"https:\/\/www.infokuryr.cz\/n\/wp-json\/wp\/v2\/posts\/88383\/revisions"}],"wp:featuredmedia":[{"embeddable":true,"href":"https:\/\/www.infokuryr.cz\/n\/wp-json\/wp\/v2\/media\/43202"}],"wp:attachment":[{"href":"https:\/\/www.infokuryr.cz\/n\/wp-json\/wp\/v2\/media?parent=88383"}],"wp:term":[{"taxonomy":"category","embeddable":true,"href":"https:\/\/www.infokuryr.cz\/n\/wp-json\/wp\/v2\/categories?post=88383"},{"taxonomy":"post_tag","embeddable":true,"href":"https:\/\/www.infokuryr.cz\/n\/wp-json\/wp\/v2\/tags?post=88383"}],"curies":[{"name":"wp","href":"https:\/\/api.w.org\/{rel}","templated":true}]}}