{"id":88379,"date":"2025-09-23T00:13:33","date_gmt":"2025-09-22T22:13:33","guid":{"rendered":"https:\/\/www.infokuryr.cz\/n\/?p=88379"},"modified":"2025-09-22T12:03:08","modified_gmt":"2025-09-22T10:03:08","slug":"erik-best-dva-kroky-od-valky","status":"publish","type":"post","link":"https:\/\/www.infokuryr.cz\/n\/2025\/09\/23\/erik-best-dva-kroky-od-valky\/","title":{"rendered":"Erik Best: Dva kroky od v\u00e1lky"},"content":{"rendered":"<div id=\"fb-root\"><\/div>\n<p>N\u00e1\u010deln\u00edk Gener\u00e1ln\u00edho \u0161t\u00e1bu A\u010cR Karel \u0158ehka v\u00a0sobotu na akci Dny NATO v\u00a0Ostrav\u011b pro\u00a0<a href=\"https:\/\/www.ceskatelevize.cz\/porady\/15265956620-dny-nato\/425231100262001\/\" target=\"_blank\" rel=\"noopener\">\u010ceskou televizi<\/a>\u00a0uvedl, \u017ee na \u0161k\u00e1le od jedn\u00e9 do deseti, kde jedni\u010dka p\u0159edstavuje pevn\u00fd m\u00edr a\u00a0des\u00edtka v\u00e1lku, se nyn\u00ed bl\u00ed\u017e\u00edme n\u011bkde k\u00a0osmi\u010dce.<\/p>\n<p>Trend je to podle n\u011bj dlouhodob\u00fd a\u00a0ned\u00e1vn\u00e9 incidenty s\u00a0drony v\u00a0Polsku a\u00a0st\u00edha\u010dkami MiG nad Estonskem nep\u0159inesly radik\u00e1ln\u00ed zm\u011bnu. Rusko n\u00e1s prost\u011b testuje a\u00a0mysl\u00ed si, \u017ee mu to m\u016f\u017ee proch\u00e1zet. Tak\u017ee to, kde se na stupnici mezi m\u00edrem a\u00a0v\u00e1lkou ocitneme, opravdu z\u00e1vis\u00ed na n\u00e1s.<\/p>\n<p>Prezident Petr Pavel o\u00a0n\u011bkolik minut pozd\u011bji \u010cesk\u00e9 televizi \u0159ekl, \u017ee ani jedna strana nechce, aby byl sest\u0159elen letoun, ale \u017ee ustupovat zlu nen\u00ed mo\u017en\u00e9 a\u00a0naru\u0161en\u00ed vzdu\u0161n\u00e9ho prostoru d\u016fvodem k\u00a0jeho sest\u0159elen\u00ed je.<\/p>\n<p>Premi\u00e9r Petr Fiala o\u00a0n\u011bkolik minut d\u0159\u00edve na\u00a0<a href=\"https:\/\/www.youtube.com\/watch?v=9-L3qyQvsaM&amp;t=248s\" target=\"_blank\" rel=\"noopener\">Nov\u011b<\/a>\u00a0prohl\u00e1sil, \u017ee jsme bl\u00edzko \u010derven\u00e9 linie, ale je\u0161t\u011b nejsme na n\u00ed. N\u00e1sledn\u011b vzal zp\u00e1te\u010dku s\u00a0t\u00edm, \u017ee ne\u0159\u00edk\u00e1, \u017ee p\u0159\u00edm\u00fd \u00fatok Ruska proti NATO je bl\u00edzko, ale \u017ee varuje p\u0159ed domn\u011bnkou, \u017ee nem\u016f\u017ee nastat. Zd\u00e1 se, \u017ee poselstv\u00ed je takov\u00e9, \u017ee posledn\u00ed dva kroky na stupnici v\u00e1lky mohou nastat kdykoli.<\/p>\n<p><a href=\"https:\/\/www.fsfinalword.cz\/?page=archive&amp;day=2025-09-22&amp;utm_source=utm_source%3Dnewsletter&amp;utm_medium=utm_medium%3De-mail&amp;utm_campaign=utm_campaign%3Dfinal_word_22.9.2025\">Erik Best<\/a><\/p>\n<p><img decoding=\"async\" loading=\"lazy\" class=\"alignnone  wp-image-1179\" src=\"http:\/\/www.infokuryr.cz\/n\/wp-content\/uploads\/2021\/04\/erik-best.jpg\" alt=\"\" width=\"120\" height=\"135\" \/><\/p>\n<p><img decoding=\"async\" loading=\"lazy\" class=\"wp-image-86739 aligncenter\" src=\"http:\/\/www.infokuryr.cz\/n\/wp-content\/uploads\/2025\/08\/volby-program-211x300.png\" alt=\"\" width=\"745\" height=\"1059\" srcset=\"https:\/\/www.infokuryr.cz\/n\/wp-content\/uploads\/2025\/08\/volby-program-211x300.png 211w, https:\/\/www.infokuryr.cz\/n\/wp-content\/uploads\/2025\/08\/volby-program-721x1024.png 721w, https:\/\/www.infokuryr.cz\/n\/wp-content\/uploads\/2025\/08\/volby-program-768x1091.png 768w, https:\/\/www.infokuryr.cz\/n\/wp-content\/uploads\/2025\/08\/volby-program-1081x1536.png 1081w, https:\/\/www.infokuryr.cz\/n\/wp-content\/uploads\/2025\/08\/volby-program-1442x2048.png 1442w, https:\/\/www.infokuryr.cz\/n\/wp-content\/uploads\/2025\/08\/volby-program-1024x1455.png 1024w\" sizes=\"(max-width: 745px) 100vw, 745px\" \/><\/p>\n","protected":false},"excerpt":{"rendered":"<p>N\u00e1\u010deln\u00edk Gener\u00e1ln\u00edho \u0161t\u00e1bu A\u010cR Karel \u0158ehka v\u00a0sobotu na akci Dny NATO v\u00a0Ostrav\u011b pro\u00a0\u010ceskou televizi\u00a0uvedl, \u017ee&#8230;<\/p>\n","protected":false},"author":2,"featured_media":23344,"comment_status":"closed","ping_status":"closed","sticky":false,"template":"","format":"standard","meta":[],"categories":[6],"tags":[1503,35,40],"_links":{"self":[{"href":"https:\/\/www.infokuryr.cz\/n\/wp-json\/wp\/v2\/posts\/88379"}],"collection":[{"href":"https:\/\/www.infokuryr.cz\/n\/wp-json\/wp\/v2\/posts"}],"about":[{"href":"https:\/\/www.infokuryr.cz\/n\/wp-json\/wp\/v2\/types\/post"}],"author":[{"embeddable":true,"href":"https:\/\/www.infokuryr.cz\/n\/wp-json\/wp\/v2\/users\/2"}],"replies":[{"embeddable":true,"href":"https:\/\/www.infokuryr.cz\/n\/wp-json\/wp\/v2\/comments?post=88379"}],"version-history":[{"count":0,"href":"https:\/\/www.infokuryr.cz\/n\/wp-json\/wp\/v2\/posts\/88379\/revisions"}],"wp:featuredmedia":[{"embeddable":true,"href":"https:\/\/www.infokuryr.cz\/n\/wp-json\/wp\/v2\/media\/23344"}],"wp:attachment":[{"href":"https:\/\/www.infokuryr.cz\/n\/wp-json\/wp\/v2\/media?parent=88379"}],"wp:term":[{"taxonomy":"category","embeddable":true,"href":"https:\/\/www.infokuryr.cz\/n\/wp-json\/wp\/v2\/categories?post=88379"},{"taxonomy":"post_tag","embeddable":true,"href":"https:\/\/www.infokuryr.cz\/n\/wp-json\/wp\/v2\/tags?post=88379"}],"curies":[{"name":"wp","href":"https:\/\/api.w.org\/{rel}","templated":true}]}}