{"id":88344,"date":"2025-09-22T07:41:44","date_gmt":"2025-09-22T05:41:44","guid":{"rendered":"https:\/\/www.infokuryr.cz\/n\/?p=88344"},"modified":"2025-09-22T07:41:44","modified_gmt":"2025-09-22T05:41:44","slug":"kim-cong-un-severni-korea-vyvinula-novou-tajnou-zbran","status":"publish","type":"post","link":"https:\/\/www.infokuryr.cz\/n\/2025\/09\/22\/kim-cong-un-severni-korea-vyvinula-novou-tajnou-zbran\/","title":{"rendered":"Kim \u010cong-un: Severn\u00ed Korea vyvinula novou tajnou zbra\u0148"},"content":{"rendered":"<div id=\"fb-root\"><\/div>\n<p class=\"lead\"><strong><span dir=\"auto\">Korejsk\u00e1 lidov\u011b demokratick\u00e1 republika z\u00edskala v r\u00e1mci budov\u00e1n\u00ed sv\u00e9 obrany tajnou zbra\u0148, uvedl v\u016fdce zem\u011b Kim \u010cong-un.<\/span><\/strong><\/p>\n<p><span dir=\"auto\">Jak informovala Korejsk\u00e1 \u00fast\u0159edn\u00ed tiskov\u00e1 agentura (\u00a0<\/span><a href=\"http:\/\/www.kcna.kp\/ru\/\" target=\"_blank\" rel=\"noopener\"><span dir=\"auto\">KCNA<\/span><\/a><span dir=\"auto\">\u00a0), p\u0159edseda u\u010dinil odpov\u00eddaj\u00edc\u00ed prohl\u00e1\u0161en\u00ed b\u011bhem sv\u00e9ho projevu na 13. zased\u00e1n\u00ed Lidov\u00e9ho shrom\u00e1\u017ed\u011bn\u00ed (parlamentu) KLDR \u010dtrn\u00e1ct\u00e9ho svol\u00e1n\u00ed.<\/span><\/p>\n<p><em><span dir=\"auto\">\u201eNa\u0161e zem\u011b a strana neust\u00e1le d\u011blaj\u00ed pokroky v posilov\u00e1n\u00ed na\u0161ich obrann\u00fdch schopnost\u00ed,\u201c<\/span><span class=\"after-quote\"><span dir=\"auto\"> \u2013 prohl\u00e1sil severokorejsk\u00fd v\u016fdce.<\/span><\/span><\/em><\/p>\n<p><span dir=\"auto\">P\u0159ipomn\u011bl tak\u00e9 stavbu nov\u00fdch torp\u00e9doborc\u016f, kter\u00e1 znamenala \u201eprvn\u00ed d\u016fle\u017eit\u00fd krok k vytvo\u0159en\u00ed n\u00e1mo\u0159n\u00ed mocnosti\u201c. V projevu byl rovn\u011b\u017e zd\u016frazn\u011bn \u201eneust\u00e1l\u00fd posilov\u00e1n\u00ed strategick\u00fdch sil\u201c a zlep\u0161ov\u00e1n\u00ed v\u00fdkonu s\u00e9riov\u011b vyr\u00e1b\u011bn\u00fdch zbran\u00ed.<\/span><\/p>\n<p><em><span dir=\"auto\">\u201eNav\u00edc jsme z\u00edskali novou tajnou zbra\u0148. V oblasti obrann\u00e9 v\u011bdy a v\u00fdzkumu bylo dosa\u017eeno v\u00fdznamn\u00e9ho pokroku, kter\u00fd v\u00fdznamn\u011b p\u0159isp\u011bje k dramatick\u00e9mu zv\u00fd\u0161en\u00ed bojov\u00e9ho potenci\u00e1lu.\u201c<\/span><span class=\"after-quote\"><span dir=\"auto\">\u00a0\u2014 uzav\u0159el \u0161\u00e9f KLDR.<\/span><\/span><\/em><\/p>\n<p><strong><span dir=\"auto\">M\u00e9dia<\/span><\/strong><span dir=\"auto\">\u00a0d\u0159\u00edve\u00a0informovala, \u017ee Severn\u00ed Korea <\/span><a href=\"https:\/\/eadaily.com\/ru\/news\/2025\/09\/19\/vam-i-ne-snilos-v-severnoy-koree-proshli-ispytaniya-noveyshih-bpla-foto\" target=\"_blank\" rel=\"noopener\"><span dir=\"auto\">testovala<\/span><\/a><span dir=\"auto\">\u00a0sv\u00e9 nejnov\u011bj\u0161\u00ed bezpilotn\u00ed letouny, p\u0159i\u010dem\u017e v\u016fdce Kim \u010cong-un sledoval jejich postup na testovac\u00edm polygonu. T\u00e9ho\u017e dne schv\u00e1lil pl\u00e1n na dal\u0161\u00ed roz\u0161\u00ed\u0159en\u00ed a pos\u00edlen\u00ed technologick\u00e9ho potenci\u00e1lu Komplexu pro bezpilotn\u00ed letadla.<\/span><\/p>\n<p><img decoding=\"async\" loading=\"lazy\" class=\"alignnone size-full wp-image-1185\" src=\"http:\/\/www.infokuryr.cz\/n\/wp-content\/uploads\/2021\/04\/kuryr-podpis.png\" alt=\"\" width=\"84\" height=\"24\" \/><\/p>\n<p><img decoding=\"async\" loading=\"lazy\" class=\"wp-image-86927 aligncenter\" src=\"http:\/\/www.infokuryr.cz\/n\/wp-content\/uploads\/2025\/09\/letak-volby-2025-konference-3-212x300.png\" alt=\"\" width=\"811\" height=\"1148\" srcset=\"https:\/\/www.infokuryr.cz\/n\/wp-content\/uploads\/2025\/09\/letak-volby-2025-konference-3-212x300.png 212w, https:\/\/www.infokuryr.cz\/n\/wp-content\/uploads\/2025\/09\/letak-volby-2025-konference-3-724x1024.png 724w, https:\/\/www.infokuryr.cz\/n\/wp-content\/uploads\/2025\/09\/letak-volby-2025-konference-3-768x1086.png 768w, https:\/\/www.infokuryr.cz\/n\/wp-content\/uploads\/2025\/09\/letak-volby-2025-konference-3-1086x1536.png 1086w, https:\/\/www.infokuryr.cz\/n\/wp-content\/uploads\/2025\/09\/letak-volby-2025-konference-3-1448x2048.png 1448w, https:\/\/www.infokuryr.cz\/n\/wp-content\/uploads\/2025\/09\/letak-volby-2025-konference-3-1024x1448.png 1024w\" sizes=\"(max-width: 811px) 100vw, 811px\" \/><\/p>\n","protected":false},"excerpt":{"rendered":"<p>Korejsk\u00e1 lidov\u011b demokratick\u00e1 republika z\u00edskala v r\u00e1mci budov\u00e1n\u00ed sv\u00e9 obrany tajnou zbra\u0148, uvedl v\u016fdce zem\u011b&#8230;<\/p>\n","protected":false},"author":2,"featured_media":77360,"comment_status":"closed","ping_status":"closed","sticky":false,"template":"","format":"standard","meta":[],"categories":[7],"tags":[1644,502,1335],"_links":{"self":[{"href":"https:\/\/www.infokuryr.cz\/n\/wp-json\/wp\/v2\/posts\/88344"}],"collection":[{"href":"https:\/\/www.infokuryr.cz\/n\/wp-json\/wp\/v2\/posts"}],"about":[{"href":"https:\/\/www.infokuryr.cz\/n\/wp-json\/wp\/v2\/types\/post"}],"author":[{"embeddable":true,"href":"https:\/\/www.infokuryr.cz\/n\/wp-json\/wp\/v2\/users\/2"}],"replies":[{"embeddable":true,"href":"https:\/\/www.infokuryr.cz\/n\/wp-json\/wp\/v2\/comments?post=88344"}],"version-history":[{"count":0,"href":"https:\/\/www.infokuryr.cz\/n\/wp-json\/wp\/v2\/posts\/88344\/revisions"}],"wp:featuredmedia":[{"embeddable":true,"href":"https:\/\/www.infokuryr.cz\/n\/wp-json\/wp\/v2\/media\/77360"}],"wp:attachment":[{"href":"https:\/\/www.infokuryr.cz\/n\/wp-json\/wp\/v2\/media?parent=88344"}],"wp:term":[{"taxonomy":"category","embeddable":true,"href":"https:\/\/www.infokuryr.cz\/n\/wp-json\/wp\/v2\/categories?post=88344"},{"taxonomy":"post_tag","embeddable":true,"href":"https:\/\/www.infokuryr.cz\/n\/wp-json\/wp\/v2\/tags?post=88344"}],"curies":[{"name":"wp","href":"https:\/\/api.w.org\/{rel}","templated":true}]}}